{"id":1051905,"date":"2026-02-27T15:52:21","date_gmt":"2026-02-27T12:52:21","guid":{"rendered":"https:\/\/darkamazi.info\/?p=1051905"},"modified":"2026-02-27T15:52:21","modified_gmt":"2026-02-27T12:52:21","slug":"abdullah-ocalan-ji-bo-entegrasyona-demokratik-pedivi-bi-qanunen-astiye-heye","status":"publish","type":"post","link":"https:\/\/darkamazi.info\/archives\/1051905","title":{"rendered":"Abdullah Ocalan: Ji bo entegrasyona demokrat\u00eek, p\u00eadiv\u00ee bi qan\u00fbn\u00ean a\u015ftiy\u00ea heye"},"content":{"rendered":"<h3 style=\"text-align: justify\"><span style=\"font-family: 'arial black', sans-serif\">R\u00eaber\u00ea PKK\u2019\u00ea Abdullah Ocalan bi boneya salvegera yekem a &#8220;Banga A\u015ft\u00ee \u00fb Civaka Demokrat\u00eek&#8221; peyameke n\u00fb we\u015fand. Ocalan di peyama xwe de bal ki\u015fand ser giringiya guhertina qonaxa siyas\u00ee \u00fb ragihand: &#8220;Ji bo entegrasyona demokrat\u00eek, p\u00eadiv\u00ee bi qan\u00fbn\u00ean a\u015ftiy\u00ea heye.&#8221;<\/span><\/h3>\n<h3 style=\"text-align: justify\"><span style=\"font-family: arial, helvetica, sans-serif\">Partiya Wekhev\u00ee \u00fb Demokrasiy\u00ea ya Gelan (DEM Part\u00ee) \u00fb endam\u00ean \u015eandeya \u00cemraliy\u00ea, bi boneya salvegera yekem\u00een a Banga A\u015ft\u00ee \u00fb Civaka Demokrat\u00eek a 27\u2019\u00ea Sibat\u00ea ya R\u00eaber\u00ea PKK\u00ea Abdullah Ocalan, li Enqerey\u00ea civ\u00eena \u00e7apemeniy\u00ea li dar xist. Di daxuyaniy\u00ea de peyama n\u00fb ya Abdullah Ocalan a t\u00eakildar\u00ee p\u00eavajoya hate xwendin. Peyam, bi ziman\u00ean Kurd\u00ee, Tirk\u00ee, Ereb\u00ee \u00fb Ingil\u00eez\u00ee hate parvekirin. Kurdiya daxuyaniy\u00ea ji Veys\u00ee Akta\u015f hat xwendin.\u00a0<\/span><\/h3>\n<h3 style=\"text-align: justify\"><span style=\"font-family: arial, helvetica, sans-serif\">Veys\u00ee Akta\u015f, got ku \u015eandeya \u00cemraliy\u00ea ya DEM Partiy\u00ea di 16\u2019\u00ea Sibata 2026\u2019an de li \u00cemraliy\u00ea hevd\u00eetinek p\u00eak an\u00ee \u00fb peyama Abdullah Ocalan a bi r\u00eaya \u015fandey\u00ea \u015fand\u00ee xwend.\u00a0<\/span><\/h3>\n<h3 style=\"text-align: justify\"><span style=\"font-family: 'arial black', sans-serif;color: #8c0707\">Peyama Abdullah Ocalan wiha ye:\u00a0<\/span><\/h3>\n<h3 style=\"text-align: justify\"><span style=\"font-family: arial, helvetica, sans-serif\">\u201cBanga me ya 27\u2019\u00ea Sibata 2025\u2019an, beyana w\u00ea ye ku li cih\u00ea ku siyaseta demokrat\u00eek bi cih dibe \u00e7ek wateya xwe winda dike \u00fb beyaneke e\u015fkere ye ku siyaset hatiye terc\u00eehkirin \u00fb temamkirina r\u00eagezan e. Me bi \u00eerade \u00fb prat\u00eeka yekal\u00ee bi awayek\u00ee bingeh\u00een serdema serhildana ney\u00een\u00ee derbas kir. P\u00eavajoya bih\u00fbr\u00ee \u015fiyan \u00fb h\u00eaza me ya dan\u00fbstandin\u00ea \u00eespat kiriye \u00fb em dikarin r\u00ea li ber veguhestina ji siyaseta tund\u00fbt\u00fbj\u00ee \u00fb par\u00e7ekirin\u00ea bo siyaseta demokrat\u00eek \u00fb entegrasyon\u00ea vekin. Bangewaz\u00ee, konferans \u00fb kongrey\u00ean me ji bo v\u00ea armanc\u00ea b\u00fbn. Biryar\u00ean r\u00eaxistin\u00ea y\u00ean ji bo fesix \u00fb bidaw\u00eekirina stratejiya t\u00eako\u015f\u00eena \u00e7ekdar\u00ee ne ten\u00ea redkirina ferm\u00ee \u00fb prat\u00eek\u00ee ya tund\u00fbt\u00fbjiy\u00ea, l\u00ea di heman dem\u00ea de veguher\u00eeneke der\u00fbn\u00ee ber bi r\u00eayeke siyas\u00ee ve j\u00ee n\u00ee\u015fan da. Ev yek di heman dem\u00ea de \u00eelankirina lihevhatina der\u00fbn\u00ee bi komar\u00ea re b\u00fb.<\/span><\/h3>\n<h3 style=\"text-align: justify\"><span style=\"font-family: 'arial black', sans-serif;color: #8c0707\">SIRRI SUREYYA ONDER BI HESRETEKE MEZIN BI B\u00ceR T\u00ceNIM<\/span><\/h3>\n<h3 style=\"text-align: justify\"><span style=\"font-family: arial, helvetica, sans-serif\">\u00a0Ez \u00eeradeya bir\u00eaz Erdogan, banga bir\u00eaz Bah\u00e7eli, tevkariya bir\u00eaz Ozel \u00fb hewldan\u00ean hem\u00fb kes \u00fb saziy\u00ean din \u00ean siyas\u00ee, civak\u00ee \u00fb siv\u00eel \u00ean ku sala bor\u00ee bi awayek\u00ee er\u00ean\u00ee be\u015fdar\u00ee p\u00eavajoy\u00ea b\u00fbne, gelek\u00ee gir\u00eeng dib\u00eenim. \u00db ez bi taybet\u00ee heval\u00ea me Sirri Sureyya careke din bi r\u00eaz \u00fb hesreteke mezin bi b\u00eer t\u00eenim.<\/span><\/h3>\n<h3 style=\"text-align: justify\"><span style=\"font-family: 'arial black', sans-serif;color: #8c0707\">\u00a0DIYALEKT\u00ceKA T\u00caKILIY\u00caN KURD \u00db TIRKAN<\/span><\/h3>\n<h3 style=\"text-align: justify\"><span style=\"font-family: arial, helvetica, sans-serif\">\u00a0Tirk b\u00eay\u00ee Kurd, Kurd j\u00ee b\u00eay\u00ee Tirk nabin. Ev diyalekt\u00eeka t\u00eakiliy\u00ea xwed\u00ee karektereke d\u00eerok\u00ee ya resen e. Niv\u00ees\u00ean bingeh\u00een \u00ean di p\u00eavajoya damezrandina Komar\u00ea de yekitiya Tirk \u00fb Kurdan n\u00ee\u015fan didan. Banga me ya 27\u2019\u00ea Sibat\u00ea hewldanek e ji bo vejandina w\u00ee ruh\u00ea yekitiy\u00ea \u00fb daxwaza Komara Demokrat\u00eek. Me armanc kir ku em mekan\u00eezmaya xw\u00een \u00fb pev\u00e7\u00fbn\u00ea bi\u015fik\u00eenin. Li \u015f\u00fbna ku em d\u00eerok\u00eeb\u00fbn, cid\u00eeb\u00fbn \u00fb r\u00eesk\u00ean potansiyel \u00ean pirsgir\u00eak\u00ea bib\u00eenin, ku em li gor\u00ee berjewendiy\u00ean siyas\u00ee y\u00ean demkurt \u00fb teng tevbigerin ev d\u00ea me hem\u00fbyan qels bike. Hewldana domandina \u00eenkar \u00fb serhildan\u00ea, hewldana domandina nelir\u00eatiya her\u00ee mezin e. Em astengiy\u00ean li p\u00ea\u015fiya yekitiy\u00ea ji hol\u00ea radikin ku di dused sal\u00ean daw\u00ee de hat xwestin ku ev yekit\u00ee b\u00ea berevaj\u00eekirin, em \u015fert\u00ean hiq\u00fbqa yekitiy\u00ea p\u00eak t\u00eenin. Em dixwazin n\u00eeqa\u015f bikin b\u00ea ka em \u00ea \u00e7awa b\u00ean cem hev \u00fb jiyana bi hev re ava bikin.<\/span><\/h3>\n<h3 style=\"text-align: justify\"><span style=\"font-family: 'arial black', sans-serif;color: #8c0707\">DIV\u00ca EM DERBAS\u00ce QONAXA ER\u00caN\u00ce BIBIN<\/span><\/h3>\n<h3 style=\"text-align: justify\"><span style=\"font-family: arial, helvetica, sans-serif\">Niha div\u00ea em ji qonaxa ney\u00een\u00ee derbas\u00ee qonaxa er\u00ean\u00ee ya avakirin\u00ea bibin. R\u00ea li ber serdem \u00fb stratejiyeke n\u00fb ya siyaset\u00ea vedibe. Armanca me ew e ku em serdema siyaseta tund\u00fbt\u00eejiy\u00ea bi daw\u00ee bikin \u00fb p\u00eavajoyek li ser bingeha civaka demokrat\u00eek \u00fb serweriya hiq\u00fbq\u00ea vekin. Em hem\u00fb be\u015f\u00ean civak\u00ea vedixw\u00eenin ku di v\u00ee war\u00ee de derfetan biafir\u00eenin \u00fb berpirsyariy\u00ea bigirin ser mil\u00ea xwe.<\/span><\/h3>\n<h3 style=\"text-align: justify\"><span style=\"font-family: 'arial black', sans-serif;color: #8c0707\">DIV\u00ca DEWLET BERSIV\u00ca BIDE VEGUHER\u00ceNA DEMOKRAT\u00ceK<\/span><\/h3>\n<h3 style=\"text-align: justify\"><span style=\"font-family: arial, helvetica, sans-serif\">Civaka demokrat\u00eek, lihevkirina demokrat\u00eek \u00fb entegrasyon bingeh\u00ean hi\u015fmendiya qonaxa er\u00ean\u00ee ne. Qonaxa er\u00ean\u00ee r\u00eabaz\u00ean t\u00eako\u015f\u00een\u00ea y\u00ean zor\u00ea \u00fb tund\u00fbt\u00fbj\u00ee veder dike. Armanca avakirina er\u00ean\u00ee, ne desteserkirina tu saz\u00ee yan avahiyek\u00ea ye, armanc ew e ku her kes di civak\u00ea de bikaribe berpirsyariy\u00ea bist\u00eene \u00fb be\u015fdar\u00ee avakirina civak\u00ee bibe. Armanc ew e ku avakirin bi hev re \u00fb di nav civak\u00ea de p\u00eak were. Kom\u00ean bindest, kom\u00ean etn\u00eek\u00ee, kom\u00ean ol\u00ee \u00fb \u00e7and\u00ee dikarin bi t\u00eako\u015f\u00eena demokrat\u00eek a domdar \u00fb r\u00eaxistinkir\u00ee xwed\u00ee li afir\u00een\u00ean xwe derkevin. Di v\u00ea p\u00eavajoy\u00ea de pir gir\u00eeng e ku dewlet bersiv\u00ea bide veguher\u00eena demokrat\u00eek.<\/span><\/h3>\n<h3 style=\"text-align: justify\"><span style=\"font-family: 'arial black', sans-serif;color: #8c0707\">\u00a0ENTEGRASYONA DEMOKRAT\u00ceK BI QAS\u00ce DESTP\u00caKA KOMAR\u00ca GIR\u00ceNG E\u00a0<\/span><\/h3>\n<h3 style=\"text-align: justify\"><span style=\"font-family: arial, helvetica, sans-serif\">\u00a0Entegrasyona demokrat\u00eek bi k\u00eaman\u00ee bi qas\u00ee destp\u00eaka Komar\u00ea gir\u00eeng e. Ew bangek e ku bi qas\u00ee w\u00ea wate, siberoj \u00fb bi potansiyela h\u00eaza xwe heb\u00fbn \u00fb dewlemendiy\u00ea dihew\u00eene. Di bingeha w\u00ea de modela civaka demokrat\u00eek heye. Ew alternat\u00eefek e ji bo r\u00eabaz\u00ean par\u00e7eker an j\u00ee r\u00eabaz\u00ean as\u00eem\u00eelasyon\u00eestiya berevaj\u00ee. Ji bo veguhestina bo entegrasyona demokrat\u00eek p\u00eadiv\u00ee bi qan\u00fbn\u00ean a\u015ftiy\u00ea heye. \u00c7areseriya civaka demokrat\u00eek, avakirina m\u00eemar\u00ee \u00fb hiq\u00fbqeke di \u00e7ar\u00e7oveya siyas\u00ee, civak\u00ee, abor\u00ee \u00fb \u00e7and\u00ee de p\u00ea\u015fb\u00een\u00ee dike.<\/span><\/h3>\n<h3 style=\"text-align: justify\"><span style=\"font-family: 'arial black', sans-serif;color: #8c0707\">EM \u00c7ARESERIYEKE HIQ\u00dbQ\u00ce DIPAR\u00caZIN<\/span><\/h3>\n<h3 style=\"text-align: justify\"><span style=\"font-family: arial, helvetica, sans-serif\">Gelek pirsgir\u00eak \u00fb kr\u00eez\u00ean ku em \u00eero p\u00ea re r\u00fb bi r\u00fb dim\u00eenin, ji ber neb\u00fbna hiq\u00fbqeke demokrat\u00eek derdikevin. Em di \u00e7ar\u00e7oveya siyaseta demokrat\u00eek de \u00e7areseriyeke hiq\u00fbq\u00ee dipar\u00eazin. P\u00eadiviya me bi n\u00eaz\u00eekatiyek\u00ea heye ku ji bo civaka demokrat\u00eek, ji bo demokrasiy\u00ea qad\u00ea \u00e7\u00eake \u00fb ji bo v\u00ea yek\u00ea j\u00ee garantiy\u00ean hiq\u00fbq\u00ee y\u00ean bih\u00eaz ava bike.<\/span><\/h3>\n<h3 style=\"text-align: justify\"><span style=\"font-family: 'arial black', sans-serif;color: #8c0707\">HEMWELAT\u00ceB\u00dbN DIV\u00ca NE LI SER A\u00ceDIYETA NETEWEYEK\u00ca BE<\/span><\/h3>\n<h3 style=\"text-align: justify\"><span style=\"font-family: arial, helvetica, sans-serif\">Hemwelat\u00eeb\u00fbn div\u00ea li ser bingeha gir\u00eadana bi dewlet\u00ea re \u00e7\u00eabe, ne li ser a\u00eediyeta neteweyek\u00ea. Em hemwelat\u00eeb\u00fbneke azad dipar\u00eazin ku azadiya ol, netewe \u00fb raman\u00ea dide p\u00ea\u015fiy\u00ea. \u00c7awa ku ol \u00fb ziman nay\u00ean ferzkirin, div\u00ea neteweb\u00fbn j\u00ee ney\u00ea ferzkirin. T\u00eakiliya hemwelat\u00eeb\u00fbn\u00ea ya qan\u00fbn\u00ee, di nav s\u00eenor\u00ean demokrat\u00eek de \u00fb li ser bingeha yekpar\u00e7eyiya dewlet\u00ea, maf\u00ea \u00eefadekirin \u00fb r\u00eaxistinkirina bi azad\u00ee ya nasnameya ol\u00ee, \u00eedeoloj\u00eek \u00fb netewey\u00ee dihew\u00eene.<\/span><\/h3>\n<h3 style=\"text-align: justify\"><span style=\"font-family: 'arial black', sans-serif;color: #8c0707\">EM MAF\u00ca HEB\u00dbN\u00ca Y\u00caN HEM\u00db KES\u00caN RAST\u00ce NEHEQIY\u00ca T\u00caN DIPAR\u00caZIN<\/span><\/h3>\n<h3 style=\"text-align: justify\"><span style=\"font-family: arial, helvetica, sans-serif\">\u00cero, tu s\u00eestemeke raman\u00ea b\u00eay\u00ee ku li ser demokrasiy\u00ea ava bibe nikare bij\u00ee. Sekn \u00fb rawestan, aloz\u00ee \u00fb kr\u00eez demk\u00ee ne; di dawiy\u00ea de demokras\u00ee d\u00ea bibe may\u00eende. Banga me armanc dike ku ne ten\u00ea li Tirkiyey\u00ea, di heman dem\u00ea de li Rojhilata Nav\u00een j\u00ee \u00e7areseriyan ji bo pirsgir\u00eaka jiyana hevbe\u015f \u00fb kr\u00eez\u00ean ku ji ber w\u00ea \u00e7\u00eadibin bib\u00eene. Em maf\u00ea heb\u00fbn \u00fb xwe\u00eefadekirina azad a hem\u00fb kes\u00ean ku rast\u00ee neheqiyan hatine dipar\u00eazin.<\/span><\/h3>\n<h3 style=\"text-align: justify\"><span style=\"font-family: 'arial black', sans-serif;color: #8c0707\">ROLA JINAN<\/span><\/h3>\n<h3 style=\"text-align: justify\"><span style=\"font-family: arial, helvetica, sans-serif\">Jin, h\u00eaz\u00ean civak\u00ee y\u00ean p\u00ea\u015feng in ku tu civak an dewlet wan li ber \u00e7avan negire nikare heb\u00fbna xwe bidom\u00eene. \u00cero, tundiya navmal\u00ee, ku\u015ftina jinan \u00fb zordariya baviksalar hem\u00fb, xuyang\u00ean hemdem \u00ean \u00eari\u015fa d\u00eerok\u00ee ne ku bi koletiya jinan dest p\u00ea kiriye. Ji ber v\u00ea yek\u00ea, jin p\u00eakhateya her\u00ee azad\u00eexwaz \u00fb h\u00eaza xurtkirin\u00ea ya entegrasyona demokrat\u00eek in.<\/span><\/h3>\n<h3 style=\"text-align: justify\"><span style=\"font-family: 'arial black', sans-serif;color: #8c0707\">DIV\u00ca ZIMAN\u00ca V\u00ca SERDEM\u00ca OTOR\u00ceTER NEBE<\/span><\/h3>\n<h3 style=\"text-align: justify\"><span style=\"font-family: arial, helvetica, sans-serif\">Ziman\u00ea v\u00ea serdem\u00ea div\u00ea serdest \u00fb otor\u00eeter nebe. Div\u00ea em derfet bidin her kesek\u00ee din ku bikaribe bi awayek\u00ee rast xwe \u00eefade bike, bi baldar\u00ee guhdar\u00ee bike \u00fb rastiy\u00ean xwe \u00eefade bike.<\/span><\/h3>\n<h3 style=\"text-align: justify\"><span style=\"font-family: arial, helvetica, sans-serif\">P\u00eakhatina van xis\u00fbsan tevan, hewceh\u00ee bi aqilek\u00ee hevpar \u00ea li dij\u00ee hev r\u00eazgir heye.\u00a0<\/span><\/h3>\n<h3 style=\"text-align: justify\"><span style=\"font-family: arial, helvetica, sans-serif\">Silav \u00fb r\u00eaz\u201d<\/span><\/h3>\n<h3 style=\"text-align: justify\">\u00a0<\/h3>\n","protected":false},"excerpt":{"rendered":"<p>R\u00eaber\u00ea PKK\u2019\u00ea Abdullah Ocalan bi boneya salvegera yekem a &#8220;Banga A\u015ft\u00ee \u00fb Civaka Demokrat\u00eek&#8221; peyameke n\u00fb we\u015fand. Ocalan di peyama xwe de bal ki\u015fand ser giringiya guhertina qonaxa siyas\u00ee \u00fb ragihand: &#8220;Ji bo entegrasyona demokrat\u00eek, p\u00eadiv\u00ee bi qan\u00fbn\u00ean a\u015ftiy\u00ea heye.&#8221; Partiya Wekhev\u00ee \u00fb Demokrasiy\u00ea ya Gelan (DEM Part\u00ee) \u00fb endam\u00ean \u015eandeya \u00cemraliy\u00ea, bi boneya salvegera [&hellip;]<\/p>\n","protected":false},"author":2,"featured_media":1051909,"comment_status":"closed","ping_status":"closed","sticky":false,"template":"","format":"standard","meta":{"footnotes":""},"categories":[29],"tags":[37],"class_list":["post-1051905","post","type-post","status-publish","format-standard","has-post-thumbnail","hentry","category-kurdistan","tag-sereke"],"blocksy_meta":[],"seo_head":"<!-- This site is optimized with the Yoast SEO plugin v27.5 - https:\/\/yoast.com\/product\/yoast-seo-wordpress\/ -->\n<title>Abdullah Ocalan: Ji bo entegrasyona demokrat\u00eek, p\u00eadiv\u00ee bi qan\u00fbn\u00ean a\u015ftiy\u00ea heye - Darka Maz\u00ee<\/title>\n<meta name=\"robots\" content=\"index, follow, max-snippet:-1, max-image-preview:large, max-video-preview:-1\" \/>\n<link rel=\"canonical\" href=\"https:\/\/darkamazi.info\/archives\/1051905\" \/>\n<meta property=\"og:locale\" content=\"en_US\" \/>\n<meta property=\"og:type\" content=\"article\" \/>\n<meta property=\"og:title\" content=\"Abdullah Ocalan: Ji bo entegrasyona demokrat\u00eek, p\u00eadiv\u00ee bi qan\u00fbn\u00ean a\u015ftiy\u00ea heye - Darka Maz\u00ee\" \/>\n<meta property=\"og:description\" content=\"R\u00eaber\u00ea PKK\u2019\u00ea Abdullah Ocalan bi boneya salvegera yekem a &#8220;Banga A\u015ft\u00ee \u00fb Civaka Demokrat\u00eek&#8221; peyameke n\u00fb we\u015fand. Ocalan di peyama xwe de bal ki\u015fand ser giringiya guhertina qonaxa siyas\u00ee \u00fb ragihand: &#8220;Ji bo entegrasyona demokrat\u00eek, p\u00eadiv\u00ee bi qan\u00fbn\u00ean a\u015ftiy\u00ea heye.&#8221; Partiya Wekhev\u00ee \u00fb Demokrasiy\u00ea ya Gelan (DEM Part\u00ee) \u00fb endam\u00ean \u015eandeya \u00cemraliy\u00ea, bi boneya salvegera [&hellip;]\" \/>\n<meta property=\"og:url\" content=\"https:\/\/darkamazi.info\/archives\/1051905\" \/>\n<meta property=\"og:site_name\" content=\"Darka Maz\u00ee\" \/>\n<meta property=\"article:publisher\" content=\"https:\/\/www.facebook.com\/DarMaziKurmanci\" \/>\n<meta property=\"article:published_time\" content=\"2026-02-27T12:52:21+00:00\" \/>\n<meta property=\"og:image\" content=\"https:\/\/darkamazi.info\/file\/2026\/02\/Ocalan-Peyam-27-2-2026-info.jpg\" \/>\n\t<meta property=\"og:image:width\" content=\"900\" \/>\n\t<meta property=\"og:image:height\" content=\"497\" \/>\n\t<meta property=\"og:image:type\" content=\"image\/jpeg\" \/>\n<meta name=\"author\" content=\"darka mazi\" \/>\n<meta name=\"twitter:card\" content=\"summary_large_image\" \/>\n<meta name=\"twitter:creator\" content=\"@DarkaMaziLatini\" \/>\n<meta name=\"twitter:site\" content=\"@DarkaMaziLatini\" \/>\n<meta name=\"twitter:label1\" content=\"Written by\" \/>\n\t<meta name=\"twitter:data1\" content=\"darka mazi\" \/>\n\t<meta name=\"twitter:label2\" content=\"Est. reading time\" \/>\n\t<meta name=\"twitter:data2\" content=\"5 minutes\" \/>\n<script type=\"application\/ld+json\" class=\"seo-schema-graph\">{\"@context\":\"https:\\\/\\\/schema.org\",\"@graph\":[{\"@type\":\"Article\",\"@id\":\"https:\\\/\\\/darkamazi.info\\\/archives\\\/1051905#article\",\"isPartOf\":{\"@id\":\"https:\\\/\\\/darkamazi.info\\\/archives\\\/1051905\"},\"author\":{\"name\":\"darka mazi\",\"@id\":\"https:\\\/\\\/darkamazi.info\\\/#\\\/schema\\\/person\\\/5ad3e24553a0567993fa8ed4bd0a776c\"},\"headline\":\"Abdullah Ocalan: Ji bo entegrasyona demokrat\u00eek, p\u00eadiv\u00ee bi qan\u00fbn\u00ean a\u015ftiy\u00ea heye\",\"datePublished\":\"2026-02-27T12:52:21+00:00\",\"mainEntityOfPage\":{\"@id\":\"https:\\\/\\\/darkamazi.info\\\/archives\\\/1051905\"},\"wordCount\":1296,\"publisher\":{\"@id\":\"https:\\\/\\\/darkamazi.info\\\/#organization\"},\"image\":{\"@id\":\"https:\\\/\\\/darkamazi.info\\\/archives\\\/1051905#primaryimage\"},\"thumbnailUrl\":\"https:\\\/\\\/darkamazi.info\\\/darka-content\\\/uploads\\\/2026\\\/02\\\/Ocalan-Peyam-27-2-2026-info.jpg\",\"keywords\":[\"sereke\"],\"articleSection\":[\"Kurdistan\"],\"inLanguage\":\"en-US\"},{\"@type\":\"WebPage\",\"@id\":\"https:\\\/\\\/darkamazi.info\\\/archives\\\/1051905\",\"url\":\"https:\\\/\\\/darkamazi.info\\\/archives\\\/1051905\",\"name\":\"Abdullah Ocalan: Ji bo entegrasyona demokrat\u00eek, p\u00eadiv\u00ee bi qan\u00fbn\u00ean a\u015ftiy\u00ea heye - Darka Maz\u00ee\",\"isPartOf\":{\"@id\":\"https:\\\/\\\/darkamazi.info\\\/#website\"},\"primaryImageOfPage\":{\"@id\":\"https:\\\/\\\/darkamazi.info\\\/archives\\\/1051905#primaryimage\"},\"image\":{\"@id\":\"https:\\\/\\\/darkamazi.info\\\/archives\\\/1051905#primaryimage\"},\"thumbnailUrl\":\"https:\\\/\\\/darkamazi.info\\\/darka-content\\\/uploads\\\/2026\\\/02\\\/Ocalan-Peyam-27-2-2026-info.jpg\",\"datePublished\":\"2026-02-27T12:52:21+00:00\",\"breadcrumb\":{\"@id\":\"https:\\\/\\\/darkamazi.info\\\/archives\\\/1051905#breadcrumb\"},\"inLanguage\":\"en-US\",\"potentialAction\":[{\"@type\":\"ReadAction\",\"target\":[\"https:\\\/\\\/darkamazi.info\\\/archives\\\/1051905\"]}]},{\"@type\":\"ImageObject\",\"inLanguage\":\"en-US\",\"@id\":\"https:\\\/\\\/darkamazi.info\\\/archives\\\/1051905#primaryimage\",\"url\":\"https:\\\/\\\/darkamazi.info\\\/darka-content\\\/uploads\\\/2026\\\/02\\\/Ocalan-Peyam-27-2-2026-info.jpg\",\"contentUrl\":\"https:\\\/\\\/darkamazi.info\\\/darka-content\\\/uploads\\\/2026\\\/02\\\/Ocalan-Peyam-27-2-2026-info.jpg\",\"width\":900,\"height\":497,\"caption\":\"Ocalan-Peyam-27-2-2026-info\"},{\"@type\":\"BreadcrumbList\",\"@id\":\"https:\\\/\\\/darkamazi.info\\\/archives\\\/1051905#breadcrumb\",\"itemListElement\":[{\"@type\":\"ListItem\",\"position\":1,\"name\":\"Home\",\"item\":\"https:\\\/\\\/darkamazi.info\\\/\"},{\"@type\":\"ListItem\",\"position\":2,\"name\":\"Abdullah Ocalan: Ji bo entegrasyona demokrat\u00eek, p\u00eadiv\u00ee bi qan\u00fbn\u00ean a\u015ftiy\u00ea heye\"}]},{\"@type\":\"WebSite\",\"@id\":\"https:\\\/\\\/darkamazi.info\\\/#website\",\"url\":\"https:\\\/\\\/darkamazi.info\\\/\",\"name\":\"Darka Maz\u00ee\",\"description\":\"P\u00eageha Zanyariy\u00ean Nebih\u00eest\u00ee\",\"publisher\":{\"@id\":\"https:\\\/\\\/darkamazi.info\\\/#organization\"},\"potentialAction\":[{\"@type\":\"SearchAction\",\"target\":{\"@type\":\"EntryPoint\",\"urlTemplate\":\"https:\\\/\\\/darkamazi.info\\\/?s={search_term_string}\"},\"query-input\":{\"@type\":\"PropertyValueSpecification\",\"valueRequired\":true,\"valueName\":\"search_term_string\"}}],\"inLanguage\":\"en-US\"},{\"@type\":\"Organization\",\"@id\":\"https:\\\/\\\/darkamazi.info\\\/#organization\",\"name\":\"Darka Maz\u00ee\",\"url\":\"https:\\\/\\\/darkamazi.info\\\/\",\"logo\":{\"@type\":\"ImageObject\",\"inLanguage\":\"en-US\",\"@id\":\"https:\\\/\\\/darkamazi.info\\\/#\\\/schema\\\/logo\\\/image\\\/\",\"url\":\"https:\\\/\\\/darkamazi.info\\\/darka-content\\\/uploads\\\/2017\\\/12\\\/darka-mazi-logo.png\",\"contentUrl\":\"https:\\\/\\\/darkamazi.info\\\/darka-content\\\/uploads\\\/2017\\\/12\\\/darka-mazi-logo.png\",\"width\":151,\"height\":75,\"caption\":\"Darka Maz\u00ee\"},\"image\":{\"@id\":\"https:\\\/\\\/darkamazi.info\\\/#\\\/schema\\\/logo\\\/image\\\/\"},\"sameAs\":[\"https:\\\/\\\/www.facebook.com\\\/DarMaziKurmanci\",\"https:\\\/\\\/x.com\\\/DarkaMaziLatini\",\"https:\\\/\\\/www.instagram.com\\\/darkamazi.kurmanci\\\/\",\"https:\\\/\\\/www.youtube.com\\\/channel\\\/UCa5HkTdmI8U1qCUFuTw8B2g\"]},{\"@type\":\"Person\",\"@id\":\"https:\\\/\\\/darkamazi.info\\\/#\\\/schema\\\/person\\\/5ad3e24553a0567993fa8ed4bd0a776c\",\"name\":\"darka mazi\",\"sameAs\":[\"https:\\\/\\\/darkamazi.info\\\/\"],\"url\":\"https:\\\/\\\/darkamazi.info\\\/archives\\\/author\\\/kurdi\"}]}<\/script>\n<!-- \/ Yoast SEO plugin. -->","seo_head_json":{"title":"Abdullah Ocalan: Ji bo entegrasyona demokrat\u00eek, p\u00eadiv\u00ee bi qan\u00fbn\u00ean a\u015ftiy\u00ea heye - Darka Maz\u00ee","robots":{"index":"index","follow":"follow","max-snippet":"max-snippet:-1","max-image-preview":"max-image-preview:large","max-video-preview":"max-video-preview:-1"},"canonical":"https:\/\/darkamazi.info\/archives\/1051905","og_locale":"en_US","og_type":"article","og_title":"Abdullah Ocalan: Ji bo entegrasyona demokrat\u00eek, p\u00eadiv\u00ee bi qan\u00fbn\u00ean a\u015ftiy\u00ea heye - Darka Maz\u00ee","og_description":"R\u00eaber\u00ea PKK\u2019\u00ea Abdullah Ocalan bi boneya salvegera yekem a &#8220;Banga A\u015ft\u00ee \u00fb Civaka Demokrat\u00eek&#8221; peyameke n\u00fb we\u015fand. Ocalan di peyama xwe de bal ki\u015fand ser giringiya guhertina qonaxa siyas\u00ee \u00fb ragihand: &#8220;Ji bo entegrasyona demokrat\u00eek, p\u00eadiv\u00ee bi qan\u00fbn\u00ean a\u015ftiy\u00ea heye.&#8221; Partiya Wekhev\u00ee \u00fb Demokrasiy\u00ea ya Gelan (DEM Part\u00ee) \u00fb endam\u00ean \u015eandeya \u00cemraliy\u00ea, bi boneya salvegera [&hellip;]","og_url":"https:\/\/darkamazi.info\/archives\/1051905","og_site_name":"Darka Maz\u00ee","article_publisher":"https:\/\/www.facebook.com\/DarMaziKurmanci","article_published_time":"2026-02-27T12:52:21+00:00","og_image":[{"width":900,"height":497,"url":"https:\/\/darkamazi.info\/file\/2026\/02\/Ocalan-Peyam-27-2-2026-info.jpg","type":"image\/jpeg"}],"author":"darka mazi","twitter_card":"summary_large_image","twitter_creator":"@DarkaMaziLatini","twitter_site":"@DarkaMaziLatini","twitter_misc":{"Written by":"darka mazi","Est. reading time":"5 minutes"},"schema":{"@context":"https:\/\/schema.org","@graph":[{"@type":"Article","@id":"https:\/\/darkamazi.info\/archives\/1051905#article","isPartOf":{"@id":"https:\/\/darkamazi.info\/archives\/1051905"},"author":{"name":"darka mazi","@id":"https:\/\/darkamazi.info\/#\/schema\/person\/5ad3e24553a0567993fa8ed4bd0a776c"},"headline":"Abdullah Ocalan: Ji bo entegrasyona demokrat\u00eek, p\u00eadiv\u00ee bi qan\u00fbn\u00ean a\u015ftiy\u00ea heye","datePublished":"2026-02-27T12:52:21+00:00","mainEntityOfPage":{"@id":"https:\/\/darkamazi.info\/archives\/1051905"},"wordCount":1296,"publisher":{"@id":"https:\/\/darkamazi.info\/#organization"},"image":{"@id":"https:\/\/darkamazi.info\/archives\/1051905#primaryimage"},"thumbnailUrl":"https:\/\/darkamazi.info\/file\/2026\/02\/Ocalan-Peyam-27-2-2026-info.jpg","keywords":["sereke"],"articleSection":["Kurdistan"],"inLanguage":"en-US"},{"@type":"WebPage","@id":"https:\/\/darkamazi.info\/archives\/1051905","url":"https:\/\/darkamazi.info\/archives\/1051905","name":"Abdullah Ocalan: Ji bo entegrasyona demokrat\u00eek, p\u00eadiv\u00ee bi qan\u00fbn\u00ean a\u015ftiy\u00ea heye - Darka Maz\u00ee","isPartOf":{"@id":"https:\/\/darkamazi.info\/#website"},"primaryImageOfPage":{"@id":"https:\/\/darkamazi.info\/archives\/1051905#primaryimage"},"image":{"@id":"https:\/\/darkamazi.info\/archives\/1051905#primaryimage"},"thumbnailUrl":"https:\/\/darkamazi.info\/file\/2026\/02\/Ocalan-Peyam-27-2-2026-info.jpg","datePublished":"2026-02-27T12:52:21+00:00","breadcrumb":{"@id":"https:\/\/darkamazi.info\/archives\/1051905#breadcrumb"},"inLanguage":"en-US","potentialAction":[{"@type":"ReadAction","target":["https:\/\/darkamazi.info\/archives\/1051905"]}]},{"@type":"ImageObject","inLanguage":"en-US","@id":"https:\/\/darkamazi.info\/archives\/1051905#primaryimage","url":"https:\/\/darkamazi.info\/file\/2026\/02\/Ocalan-Peyam-27-2-2026-info.jpg","contentUrl":"https:\/\/darkamazi.info\/file\/2026\/02\/Ocalan-Peyam-27-2-2026-info.jpg","width":900,"height":497,"caption":"Ocalan-Peyam-27-2-2026-info"},{"@type":"BreadcrumbList","@id":"https:\/\/darkamazi.info\/archives\/1051905#breadcrumb","itemListElement":[{"@type":"ListItem","position":1,"name":"Home","item":"https:\/\/darkamazi.info\/"},{"@type":"ListItem","position":2,"name":"Abdullah Ocalan: Ji bo entegrasyona demokrat\u00eek, p\u00eadiv\u00ee bi qan\u00fbn\u00ean a\u015ftiy\u00ea heye"}]},{"@type":"WebSite","@id":"https:\/\/darkamazi.info\/#website","url":"https:\/\/darkamazi.info\/","name":"Darka Maz\u00ee","description":"P\u00eageha Zanyariy\u00ean Nebih\u00eest\u00ee","publisher":{"@id":"https:\/\/darkamazi.info\/#organization"},"potentialAction":[{"@type":"SearchAction","target":{"@type":"EntryPoint","urlTemplate":"https:\/\/darkamazi.info\/?s={search_term_string}"},"query-input":{"@type":"PropertyValueSpecification","valueRequired":true,"valueName":"search_term_string"}}],"inLanguage":"en-US"},{"@type":"Organization","@id":"https:\/\/darkamazi.info\/#organization","name":"Darka Maz\u00ee","url":"https:\/\/darkamazi.info\/","logo":{"@type":"ImageObject","inLanguage":"en-US","@id":"https:\/\/darkamazi.info\/#\/schema\/logo\/image\/","url":"https:\/\/darkamazi.info\/file\/2017\/12\/darka-mazi-logo.png","contentUrl":"https:\/\/darkamazi.info\/file\/2017\/12\/darka-mazi-logo.png","width":151,"height":75,"caption":"Darka Maz\u00ee"},"image":{"@id":"https:\/\/darkamazi.info\/#\/schema\/logo\/image\/"},"sameAs":["https:\/\/www.facebook.com\/DarMaziKurmanci","https:\/\/x.com\/DarkaMaziLatini","https:\/\/www.instagram.com\/darkamazi.kurmanci\/","https:\/\/www.youtube.com\/channel\/UCa5HkTdmI8U1qCUFuTw8B2g"]},{"@type":"Person","@id":"https:\/\/darkamazi.info\/#\/schema\/person\/5ad3e24553a0567993fa8ed4bd0a776c","name":"darka mazi","sameAs":["https:\/\/darkamazi.info\/"],"url":"https:\/\/darkamazi.info\/archives\/author\/kurdi"}]}},"_links":{"self":[{"href":"https:\/\/darkamazi.info\/funavuv\/wp\/v2\/posts\/1051905","targetHints":{"allow":["GET"]}}],"collection":[{"href":"https:\/\/darkamazi.info\/funavuv\/wp\/v2\/posts"}],"about":[{"href":"https:\/\/darkamazi.info\/funavuv\/wp\/v2\/types\/post"}],"author":[{"embeddable":true,"href":"https:\/\/darkamazi.info\/funavuv\/wp\/v2\/users\/2"}],"replies":[{"embeddable":true,"href":"https:\/\/darkamazi.info\/funavuv\/wp\/v2\/comments?post=1051905"}],"version-history":[{"count":0,"href":"https:\/\/darkamazi.info\/funavuv\/wp\/v2\/posts\/1051905\/revisions"}],"wp:featuredmedia":[{"embeddable":true,"href":"https:\/\/darkamazi.info\/funavuv\/wp\/v2\/media\/1051909"}],"wp:attachment":[{"href":"https:\/\/darkamazi.info\/funavuv\/wp\/v2\/media?parent=1051905"}],"wp:term":[{"taxonomy":"category","embeddable":true,"href":"https:\/\/darkamazi.info\/funavuv\/wp\/v2\/categories?post=1051905"},{"taxonomy":"post_tag","embeddable":true,"href":"https:\/\/darkamazi.info\/funavuv\/wp\/v2\/tags?post=1051905"}],"curies":[{"name":"wp","href":"https:\/\/api.w.org\/{rel}","templated":true}]}}