{"id":1051906,"date":"2026-02-26T21:55:38","date_gmt":"2026-02-26T18:55:38","guid":{"rendered":"https:\/\/darkamazi.info\/?p=1051906"},"modified":"2026-02-26T21:55:38","modified_gmt":"2026-02-26T18:55:38","slug":"ji-bo-xizmeta-tirkiyeye-ocalan-sibe-de-bang-li-pkke-bike-ka-ci-hewceye-were-kirin","status":"publish","type":"post","link":"https:\/\/darkamazi.info\/archives\/1051906","title":{"rendered":"Ji bo xizmeta Tirkiyey\u00ea Ocalan sibe d\u00ea bang li PKK\u00ea bike ka \u00e7i hewceye were kirin"},"content":{"rendered":"<h3 style=\"text-align: justify\"><span style=\"font-family: 'arial black', sans-serif\">R\u00eaber\u00ea PKK\u00ea Abdullah Ocalan w\u00ea di 27\u00ea Sibat\u00ea de, salek pi\u015ft\u00ee banga xwe ya yekem, daxuyaniyek n\u00fb bide, da ku gir\u00eengiya bir\u00eavebirina projeya Tirkiyeya b\u00eateror n\u00ee\u015fan bide \u00fb bang li berpirs\u00ean PKK\u00ea bike ka di qonax\u00ean p\u00ea\u015f de \u00e7i hewce ye were kirin.<\/span><\/h3>\n<h3 style=\"text-align: justify\"><span style=\"font-family: arial, helvetica, sans-serif\">Li gor\u00ee rojnameya H\u00fcrriyet, daxuyaniya Ocalan d\u00ea ji aliy\u00ea rayedar\u00ean Partiya Wekhev\u00ee \u00fb Demokrasiy\u00ea ya Gelan (Partiya DEM) ve di konferansek\u00ea de li paytexta Tirkiyey\u00ea were e\u015fkerekirin. T\u00ea pay\u00een ku nameya Ocalan ji aliy\u00ea \u015fandeya \u00cemraliy\u00ea ya Partiya DEM ve ku ji parlamenter Mithat Sancar \u00fb Perv\u00een Buldan p\u00eak t\u00ea were xwendin.<\/span><\/h3>\n<h3 style=\"text-align: justify\"><span style=\"font-family: arial, helvetica, sans-serif\">T\u00ea pay\u00een ku nameya serok\u00ea PKK\u00ea p\u00ea\u015fketin\u00ean ji peyama w\u00ee ya yekem a sala 2025an vir ve binirx\u00eene \u00fb destn\u00ee\u015fan bike ku ew niha ketiye qonaxa duyem\u00een.<\/span><\/h3>\n<h3 style=\"text-align: justify\"><span style=\"font-family: arial, helvetica, sans-serif\">Ocalan, di peyama xwe ya yekem a sala 2025an de, bang li PKK\u00ea kir ku \u00e7ek\u00ean xwe deyne \u00fb daw\u00ee li t\u00eako\u015f\u00eena xwe ya \u00e7ekdar\u00ee ya li dij\u00ee Tirkiyey\u00ea b\u00eene.<\/span><\/h3>\n<h3 style=\"text-align: justify\"><span style=\"font-family: arial, helvetica, sans-serif\">Ocalan gotib\u00fb, &#8220;Wek\u00ee her civak \u00fb partiyek n\u00fbjen ku heb\u00fbna wan bi zor\u00ea nehatiye rakirin, h\u00fbn \u00ea bi dilxwaz\u00ee \u200b\u200b\u200b\u200bkongreya xwe biciv\u00eenin \u00fb biryarek\u00ea bidin; div\u00ea hem\u00fb kom \u00e7ek\u00ean xwe deynin \u00fb div\u00ea PKKe xwe fesix bike.&#8221;<\/span><\/h3>\n<h3 style=\"text-align: justify\"><span style=\"font-family: arial, helvetica, sans-serif\">Li gor\u00ee peyam\u00ea, PKK\u00ea di kongreyek ku di Gulana 2025an de li dar xist de biryar da ku xwe fesix bike. Koma yekem a endaman di T\u00eermeh\u00ea de bi e\u015fkerey\u00ee \u00e7ek\u00ean xwe \u015fewitandin, \u00fb PKK\u00ea pa\u015f\u00ea ragihand ku ew \u00ea di Cotmeh\u00ea de ji axa Tirkiyey\u00ea veki\u015fe.<\/span><\/h3>\n<h3 style=\"text-align: justify\"><span style=\"font-family: arial, helvetica, sans-serif\">Daxuyaniya duyem\u00een a Ocalan d\u00ea b\u00eatir li ser aliy\u00ean demokrat\u00eek \u00ean Tirkiyeya b\u00eateror bisekine.<\/span><\/h3>\n<h3 style=\"text-align: justify\"><span style=\"font-family: arial, helvetica, sans-serif\">Di v\u00ea navber\u00ea de, Wez\u00eer\u00ea Dad\u00ea Ak\u0131n G\u00fcrlek tekez kir ku hewldana Tirkiyeya b\u00eateror dikare bi hin guhertin\u00ean qan\u00fbn\u00ee, di nav de qan\u00fbna dij\u00ee teror\u00ea \u00fb qan\u00fbna li ser \u00eedamkirina cezayan, were xurt kirin.<\/span><\/h3>\n<h3 style=\"text-align: justify\"><span style=\"font-family: arial, helvetica, sans-serif\">&#8220;L\u00eabel\u00ea,&#8221; w\u00ee got, &#8220;P\u00eadiv\u00ee ye ku ber\u00ee p\u00eakan\u00eena van guhertinan gav\u00ean berbi\u00e7av ji r\u00eaxistina teror\u00eest werin d\u00eetin,&#8221; bi \u00ee\u015faret bi b\u00ea\u00e7ekkirina endam\u00ean PKK\u00ea.<\/span><\/h3>\n","protected":false},"excerpt":{"rendered":"<p>R\u00eaber\u00ea PKK\u00ea Abdullah Ocalan w\u00ea di 27\u00ea Sibat\u00ea de, salek pi\u015ft\u00ee banga xwe ya yekem, daxuyaniyek n\u00fb bide, da ku gir\u00eengiya bir\u00eavebirina projeya Tirkiyeya b\u00eateror n\u00ee\u015fan bide \u00fb bang li berpirs\u00ean PKK\u00ea bike ka di qonax\u00ean p\u00ea\u015f de \u00e7i hewce ye were kirin. Li gor\u00ee rojnameya H\u00fcrriyet, daxuyaniya Ocalan d\u00ea ji aliy\u00ea rayedar\u00ean Partiya Wekhev\u00ee [&hellip;]<\/p>\n","protected":false},"author":2,"featured_media":1051907,"comment_status":"closed","ping_status":"closed","sticky":false,"template":"","format":"standard","meta":{"footnotes":""},"categories":[29],"tags":[37],"class_list":["post-1051906","post","type-post","status-publish","format-standard","has-post-thumbnail","hentry","category-kurdistan","tag-sereke"],"blocksy_meta":[],"seo_head":"<!-- This site is optimized with the Yoast SEO plugin v27.5 - https:\/\/yoast.com\/product\/yoast-seo-wordpress\/ -->\n<title>Ji bo xizmeta Tirkiyey\u00ea Ocalan sibe d\u00ea bang li PKK\u00ea bike ka \u00e7i hewceye were kirin - Darka Maz\u00ee<\/title>\n<meta name=\"robots\" content=\"index, follow, max-snippet:-1, max-image-preview:large, max-video-preview:-1\" \/>\n<link rel=\"canonical\" href=\"https:\/\/darkamazi.info\/archives\/1051906\" \/>\n<meta property=\"og:locale\" content=\"en_US\" \/>\n<meta property=\"og:type\" content=\"article\" \/>\n<meta property=\"og:title\" content=\"Ji bo xizmeta Tirkiyey\u00ea Ocalan sibe d\u00ea bang li PKK\u00ea bike ka \u00e7i hewceye were kirin - Darka Maz\u00ee\" \/>\n<meta property=\"og:description\" content=\"R\u00eaber\u00ea PKK\u00ea Abdullah Ocalan w\u00ea di 27\u00ea Sibat\u00ea de, salek pi\u015ft\u00ee banga xwe ya yekem, daxuyaniyek n\u00fb bide, da ku gir\u00eengiya bir\u00eavebirina projeya Tirkiyeya b\u00eateror n\u00ee\u015fan bide \u00fb bang li berpirs\u00ean PKK\u00ea bike ka di qonax\u00ean p\u00ea\u015f de \u00e7i hewce ye were kirin. Li gor\u00ee rojnameya H\u00fcrriyet, daxuyaniya Ocalan d\u00ea ji aliy\u00ea rayedar\u00ean Partiya Wekhev\u00ee [&hellip;]\" \/>\n<meta property=\"og:url\" content=\"https:\/\/darkamazi.info\/archives\/1051906\" \/>\n<meta property=\"og:site_name\" content=\"Darka Maz\u00ee\" \/>\n<meta property=\"article:publisher\" content=\"https:\/\/www.facebook.com\/DarMaziKurmanci\" \/>\n<meta property=\"article:published_time\" content=\"2026-02-26T18:55:38+00:00\" \/>\n<meta property=\"og:image\" content=\"https:\/\/darkamazi.info\/file\/2026\/02\/ocalan-turkey-peyam-2-info.jpg\" \/>\n\t<meta property=\"og:image:width\" content=\"900\" \/>\n\t<meta property=\"og:image:height\" content=\"500\" \/>\n\t<meta property=\"og:image:type\" content=\"image\/jpeg\" \/>\n<meta name=\"author\" content=\"darka mazi\" \/>\n<meta name=\"twitter:card\" content=\"summary_large_image\" \/>\n<meta name=\"twitter:creator\" content=\"@DarkaMaziLatini\" \/>\n<meta name=\"twitter:site\" content=\"@DarkaMaziLatini\" \/>\n<meta name=\"twitter:label1\" content=\"Written by\" \/>\n\t<meta name=\"twitter:data1\" content=\"darka mazi\" \/>\n\t<meta name=\"twitter:label2\" content=\"Est. reading time\" \/>\n\t<meta name=\"twitter:data2\" content=\"2 minutes\" \/>\n<script type=\"application\/ld+json\" class=\"seo-schema-graph\">{\"@context\":\"https:\\\/\\\/schema.org\",\"@graph\":[{\"@type\":\"Article\",\"@id\":\"https:\\\/\\\/darkamazi.info\\\/archives\\\/1051906#article\",\"isPartOf\":{\"@id\":\"https:\\\/\\\/darkamazi.info\\\/archives\\\/1051906\"},\"author\":{\"name\":\"darka mazi\",\"@id\":\"https:\\\/\\\/darkamazi.info\\\/#\\\/schema\\\/person\\\/5ad3e24553a0567993fa8ed4bd0a776c\"},\"headline\":\"Ji bo xizmeta Tirkiyey\u00ea Ocalan sibe d\u00ea bang li PKK\u00ea bike ka \u00e7i hewceye were kirin\",\"datePublished\":\"2026-02-26T18:55:38+00:00\",\"mainEntityOfPage\":{\"@id\":\"https:\\\/\\\/darkamazi.info\\\/archives\\\/1051906\"},\"wordCount\":367,\"publisher\":{\"@id\":\"https:\\\/\\\/darkamazi.info\\\/#organization\"},\"image\":{\"@id\":\"https:\\\/\\\/darkamazi.info\\\/archives\\\/1051906#primaryimage\"},\"thumbnailUrl\":\"https:\\\/\\\/darkamazi.info\\\/darka-content\\\/uploads\\\/2026\\\/02\\\/ocalan-turkey-peyam-2-info.jpg\",\"keywords\":[\"sereke\"],\"articleSection\":[\"Kurdistan\"],\"inLanguage\":\"en-US\"},{\"@type\":\"WebPage\",\"@id\":\"https:\\\/\\\/darkamazi.info\\\/archives\\\/1051906\",\"url\":\"https:\\\/\\\/darkamazi.info\\\/archives\\\/1051906\",\"name\":\"Ji bo xizmeta Tirkiyey\u00ea Ocalan sibe d\u00ea bang li PKK\u00ea bike ka \u00e7i hewceye were kirin - Darka Maz\u00ee\",\"isPartOf\":{\"@id\":\"https:\\\/\\\/darkamazi.info\\\/#website\"},\"primaryImageOfPage\":{\"@id\":\"https:\\\/\\\/darkamazi.info\\\/archives\\\/1051906#primaryimage\"},\"image\":{\"@id\":\"https:\\\/\\\/darkamazi.info\\\/archives\\\/1051906#primaryimage\"},\"thumbnailUrl\":\"https:\\\/\\\/darkamazi.info\\\/darka-content\\\/uploads\\\/2026\\\/02\\\/ocalan-turkey-peyam-2-info.jpg\",\"datePublished\":\"2026-02-26T18:55:38+00:00\",\"breadcrumb\":{\"@id\":\"https:\\\/\\\/darkamazi.info\\\/archives\\\/1051906#breadcrumb\"},\"inLanguage\":\"en-US\",\"potentialAction\":[{\"@type\":\"ReadAction\",\"target\":[\"https:\\\/\\\/darkamazi.info\\\/archives\\\/1051906\"]}]},{\"@type\":\"ImageObject\",\"inLanguage\":\"en-US\",\"@id\":\"https:\\\/\\\/darkamazi.info\\\/archives\\\/1051906#primaryimage\",\"url\":\"https:\\\/\\\/darkamazi.info\\\/darka-content\\\/uploads\\\/2026\\\/02\\\/ocalan-turkey-peyam-2-info.jpg\",\"contentUrl\":\"https:\\\/\\\/darkamazi.info\\\/darka-content\\\/uploads\\\/2026\\\/02\\\/ocalan-turkey-peyam-2-info.jpg\",\"width\":900,\"height\":500,\"caption\":\"ocalan-turkey-peyam-2-net\"},{\"@type\":\"BreadcrumbList\",\"@id\":\"https:\\\/\\\/darkamazi.info\\\/archives\\\/1051906#breadcrumb\",\"itemListElement\":[{\"@type\":\"ListItem\",\"position\":1,\"name\":\"Home\",\"item\":\"https:\\\/\\\/darkamazi.info\\\/\"},{\"@type\":\"ListItem\",\"position\":2,\"name\":\"Ji bo xizmeta Tirkiyey\u00ea Ocalan sibe d\u00ea bang li PKK\u00ea bike ka \u00e7i hewceye were kirin\"}]},{\"@type\":\"WebSite\",\"@id\":\"https:\\\/\\\/darkamazi.info\\\/#website\",\"url\":\"https:\\\/\\\/darkamazi.info\\\/\",\"name\":\"Darka Maz\u00ee\",\"description\":\"P\u00eageha Zanyariy\u00ean Nebih\u00eest\u00ee\",\"publisher\":{\"@id\":\"https:\\\/\\\/darkamazi.info\\\/#organization\"},\"potentialAction\":[{\"@type\":\"SearchAction\",\"target\":{\"@type\":\"EntryPoint\",\"urlTemplate\":\"https:\\\/\\\/darkamazi.info\\\/?s={search_term_string}\"},\"query-input\":{\"@type\":\"PropertyValueSpecification\",\"valueRequired\":true,\"valueName\":\"search_term_string\"}}],\"inLanguage\":\"en-US\"},{\"@type\":\"Organization\",\"@id\":\"https:\\\/\\\/darkamazi.info\\\/#organization\",\"name\":\"Darka Maz\u00ee\",\"url\":\"https:\\\/\\\/darkamazi.info\\\/\",\"logo\":{\"@type\":\"ImageObject\",\"inLanguage\":\"en-US\",\"@id\":\"https:\\\/\\\/darkamazi.info\\\/#\\\/schema\\\/logo\\\/image\\\/\",\"url\":\"https:\\\/\\\/darkamazi.info\\\/darka-content\\\/uploads\\\/2017\\\/12\\\/darka-mazi-logo.png\",\"contentUrl\":\"https:\\\/\\\/darkamazi.info\\\/darka-content\\\/uploads\\\/2017\\\/12\\\/darka-mazi-logo.png\",\"width\":151,\"height\":75,\"caption\":\"Darka Maz\u00ee\"},\"image\":{\"@id\":\"https:\\\/\\\/darkamazi.info\\\/#\\\/schema\\\/logo\\\/image\\\/\"},\"sameAs\":[\"https:\\\/\\\/www.facebook.com\\\/DarMaziKurmanci\",\"https:\\\/\\\/x.com\\\/DarkaMaziLatini\",\"https:\\\/\\\/www.instagram.com\\\/darkamazi.kurmanci\\\/\",\"https:\\\/\\\/www.youtube.com\\\/channel\\\/UCa5HkTdmI8U1qCUFuTw8B2g\"]},{\"@type\":\"Person\",\"@id\":\"https:\\\/\\\/darkamazi.info\\\/#\\\/schema\\\/person\\\/5ad3e24553a0567993fa8ed4bd0a776c\",\"name\":\"darka mazi\",\"sameAs\":[\"https:\\\/\\\/darkamazi.info\\\/\"],\"url\":\"https:\\\/\\\/darkamazi.info\\\/archives\\\/author\\\/kurdi\"}]}<\/script>\n<!-- \/ Yoast SEO plugin. -->","seo_head_json":{"title":"Ji bo xizmeta Tirkiyey\u00ea Ocalan sibe d\u00ea bang li PKK\u00ea bike ka \u00e7i hewceye were kirin - Darka Maz\u00ee","robots":{"index":"index","follow":"follow","max-snippet":"max-snippet:-1","max-image-preview":"max-image-preview:large","max-video-preview":"max-video-preview:-1"},"canonical":"https:\/\/darkamazi.info\/archives\/1051906","og_locale":"en_US","og_type":"article","og_title":"Ji bo xizmeta Tirkiyey\u00ea Ocalan sibe d\u00ea bang li PKK\u00ea bike ka \u00e7i hewceye were kirin - Darka Maz\u00ee","og_description":"R\u00eaber\u00ea PKK\u00ea Abdullah Ocalan w\u00ea di 27\u00ea Sibat\u00ea de, salek pi\u015ft\u00ee banga xwe ya yekem, daxuyaniyek n\u00fb bide, da ku gir\u00eengiya bir\u00eavebirina projeya Tirkiyeya b\u00eateror n\u00ee\u015fan bide \u00fb bang li berpirs\u00ean PKK\u00ea bike ka di qonax\u00ean p\u00ea\u015f de \u00e7i hewce ye were kirin. Li gor\u00ee rojnameya H\u00fcrriyet, daxuyaniya Ocalan d\u00ea ji aliy\u00ea rayedar\u00ean Partiya Wekhev\u00ee [&hellip;]","og_url":"https:\/\/darkamazi.info\/archives\/1051906","og_site_name":"Darka Maz\u00ee","article_publisher":"https:\/\/www.facebook.com\/DarMaziKurmanci","article_published_time":"2026-02-26T18:55:38+00:00","og_image":[{"width":900,"height":500,"url":"https:\/\/darkamazi.info\/file\/2026\/02\/ocalan-turkey-peyam-2-info.jpg","type":"image\/jpeg"}],"author":"darka mazi","twitter_card":"summary_large_image","twitter_creator":"@DarkaMaziLatini","twitter_site":"@DarkaMaziLatini","twitter_misc":{"Written by":"darka mazi","Est. reading time":"2 minutes"},"schema":{"@context":"https:\/\/schema.org","@graph":[{"@type":"Article","@id":"https:\/\/darkamazi.info\/archives\/1051906#article","isPartOf":{"@id":"https:\/\/darkamazi.info\/archives\/1051906"},"author":{"name":"darka mazi","@id":"https:\/\/darkamazi.info\/#\/schema\/person\/5ad3e24553a0567993fa8ed4bd0a776c"},"headline":"Ji bo xizmeta Tirkiyey\u00ea Ocalan sibe d\u00ea bang li PKK\u00ea bike ka \u00e7i hewceye were kirin","datePublished":"2026-02-26T18:55:38+00:00","mainEntityOfPage":{"@id":"https:\/\/darkamazi.info\/archives\/1051906"},"wordCount":367,"publisher":{"@id":"https:\/\/darkamazi.info\/#organization"},"image":{"@id":"https:\/\/darkamazi.info\/archives\/1051906#primaryimage"},"thumbnailUrl":"https:\/\/darkamazi.info\/file\/2026\/02\/ocalan-turkey-peyam-2-info.jpg","keywords":["sereke"],"articleSection":["Kurdistan"],"inLanguage":"en-US"},{"@type":"WebPage","@id":"https:\/\/darkamazi.info\/archives\/1051906","url":"https:\/\/darkamazi.info\/archives\/1051906","name":"Ji bo xizmeta Tirkiyey\u00ea Ocalan sibe d\u00ea bang li PKK\u00ea bike ka \u00e7i hewceye were kirin - Darka Maz\u00ee","isPartOf":{"@id":"https:\/\/darkamazi.info\/#website"},"primaryImageOfPage":{"@id":"https:\/\/darkamazi.info\/archives\/1051906#primaryimage"},"image":{"@id":"https:\/\/darkamazi.info\/archives\/1051906#primaryimage"},"thumbnailUrl":"https:\/\/darkamazi.info\/file\/2026\/02\/ocalan-turkey-peyam-2-info.jpg","datePublished":"2026-02-26T18:55:38+00:00","breadcrumb":{"@id":"https:\/\/darkamazi.info\/archives\/1051906#breadcrumb"},"inLanguage":"en-US","potentialAction":[{"@type":"ReadAction","target":["https:\/\/darkamazi.info\/archives\/1051906"]}]},{"@type":"ImageObject","inLanguage":"en-US","@id":"https:\/\/darkamazi.info\/archives\/1051906#primaryimage","url":"https:\/\/darkamazi.info\/file\/2026\/02\/ocalan-turkey-peyam-2-info.jpg","contentUrl":"https:\/\/darkamazi.info\/file\/2026\/02\/ocalan-turkey-peyam-2-info.jpg","width":900,"height":500,"caption":"ocalan-turkey-peyam-2-net"},{"@type":"BreadcrumbList","@id":"https:\/\/darkamazi.info\/archives\/1051906#breadcrumb","itemListElement":[{"@type":"ListItem","position":1,"name":"Home","item":"https:\/\/darkamazi.info\/"},{"@type":"ListItem","position":2,"name":"Ji bo xizmeta Tirkiyey\u00ea Ocalan sibe d\u00ea bang li PKK\u00ea bike ka \u00e7i hewceye were kirin"}]},{"@type":"WebSite","@id":"https:\/\/darkamazi.info\/#website","url":"https:\/\/darkamazi.info\/","name":"Darka Maz\u00ee","description":"P\u00eageha Zanyariy\u00ean Nebih\u00eest\u00ee","publisher":{"@id":"https:\/\/darkamazi.info\/#organization"},"potentialAction":[{"@type":"SearchAction","target":{"@type":"EntryPoint","urlTemplate":"https:\/\/darkamazi.info\/?s={search_term_string}"},"query-input":{"@type":"PropertyValueSpecification","valueRequired":true,"valueName":"search_term_string"}}],"inLanguage":"en-US"},{"@type":"Organization","@id":"https:\/\/darkamazi.info\/#organization","name":"Darka Maz\u00ee","url":"https:\/\/darkamazi.info\/","logo":{"@type":"ImageObject","inLanguage":"en-US","@id":"https:\/\/darkamazi.info\/#\/schema\/logo\/image\/","url":"https:\/\/darkamazi.info\/file\/2017\/12\/darka-mazi-logo.png","contentUrl":"https:\/\/darkamazi.info\/file\/2017\/12\/darka-mazi-logo.png","width":151,"height":75,"caption":"Darka Maz\u00ee"},"image":{"@id":"https:\/\/darkamazi.info\/#\/schema\/logo\/image\/"},"sameAs":["https:\/\/www.facebook.com\/DarMaziKurmanci","https:\/\/x.com\/DarkaMaziLatini","https:\/\/www.instagram.com\/darkamazi.kurmanci\/","https:\/\/www.youtube.com\/channel\/UCa5HkTdmI8U1qCUFuTw8B2g"]},{"@type":"Person","@id":"https:\/\/darkamazi.info\/#\/schema\/person\/5ad3e24553a0567993fa8ed4bd0a776c","name":"darka mazi","sameAs":["https:\/\/darkamazi.info\/"],"url":"https:\/\/darkamazi.info\/archives\/author\/kurdi"}]}},"_links":{"self":[{"href":"https:\/\/darkamazi.info\/funavuv\/wp\/v2\/posts\/1051906","targetHints":{"allow":["GET"]}}],"collection":[{"href":"https:\/\/darkamazi.info\/funavuv\/wp\/v2\/posts"}],"about":[{"href":"https:\/\/darkamazi.info\/funavuv\/wp\/v2\/types\/post"}],"author":[{"embeddable":true,"href":"https:\/\/darkamazi.info\/funavuv\/wp\/v2\/users\/2"}],"replies":[{"embeddable":true,"href":"https:\/\/darkamazi.info\/funavuv\/wp\/v2\/comments?post=1051906"}],"version-history":[{"count":0,"href":"https:\/\/darkamazi.info\/funavuv\/wp\/v2\/posts\/1051906\/revisions"}],"wp:featuredmedia":[{"embeddable":true,"href":"https:\/\/darkamazi.info\/funavuv\/wp\/v2\/media\/1051907"}],"wp:attachment":[{"href":"https:\/\/darkamazi.info\/funavuv\/wp\/v2\/media?parent=1051906"}],"wp:term":[{"taxonomy":"category","embeddable":true,"href":"https:\/\/darkamazi.info\/funavuv\/wp\/v2\/categories?post=1051906"},{"taxonomy":"post_tag","embeddable":true,"href":"https:\/\/darkamazi.info\/funavuv\/wp\/v2\/tags?post=1051906"}],"curies":[{"name":"wp","href":"https:\/\/api.w.org\/{rel}","templated":true}]}}