{"id":1051914,"date":"2026-02-28T12:50:17","date_gmt":"2026-02-28T09:50:17","guid":{"rendered":"https:\/\/darkamazi.info\/?p=1051914"},"modified":"2026-02-28T12:50:17","modified_gmt":"2026-02-28T09:50:17","slug":"denge-teqinan-li-kuweyt-mename-u-ebuzebiye-hat-bihistin","status":"publish","type":"post","link":"https:\/\/darkamazi.info\/archives\/1051914","title":{"rendered":"Deng\u00ea teq\u00eenan li Kuweyt, Mename \u00fb Eb\u00fbzebiy\u00ea hat bih\u00eestin"},"content":{"rendered":"<h3 style=\"text-align: justify\"><span style=\"font-family: 'arial black', sans-serif\">Pi\u015ft\u00ee destp\u00eakirina \u00ear\u00ee\u015fa \u00cesra\u00eel \u00fb Amer\u00eekay\u00ea li ser \u00ceran\u00ea, \u00eero (\u015eem\u00ee, 28\u00ea Sibata 2026\u00ea) li bajar\u00ean Kuweyt, Mename \u00fb Eb\u00fbzebiy\u00ea deng\u00ea teq\u00eenan hat bih\u00eestin.<\/span><\/h3>\n<h3 style=\"text-align: justify\">Wez\u00eer\u00ea Berevaniy\u00ea y\u00ea \u00cesra\u00eel\u00ea Israel Katz ragihand: Me li ser\u00ea sibeha \u00eero (\u015eem\u00ee, 28\u00ea Sibata 2026\u00ea) \u00ear\u00ee\u015feke p\u00ea\u015fwext li dij\u00ee \u00ceran\u00ea da destp\u00eakirin \u00fb me gelek cih\u00ean serbaz\u00ee \u00fb dezgeh\u00ean hik\u00fbmet\u00ea kirine armanc.<\/h3>\n<h3 style=\"text-align: justify\">Her \u00e7end Serok\u00ea Amer\u00eekay\u00ea Donald Trump h\u00een bi rengek\u00ea ferm\u00ee ranegihandiye ka ew ew tevl\u00ee w\u00ea \u00ear\u00ee\u015f\u00ea b\u00fbne an na, l\u00ea hejmareke berpirs\u00ean Wa\u015finton\u00ea ji medyaya welat\u00ea xwe re ragihandiye ku, ew \u00ear\u00ee\u015f bi hevpar\u00ee di navbera \u00cesra\u00eel \u00fb Amer\u00eekay\u00ea de t\u00ean kirin.<\/h3>\n<h3 style=\"text-align: justify\">Li gor\u00ee medyaya \u00ceran\u00ea, ji sibeha \u00eero (\u015eem\u00ee, 28\u00ea Sibata 2026\u00ea) ve gelek cih\u00ean le\u015fker\u00ee \u00fb siv\u00eel li Tehrana paytext \u00fb bajar\u00ean Esfehan, Qum, Kerec \u00fb Tebr\u00eez\u00ea hatine armanckirin. Behsa w\u00ea yek\u00ea j\u00ee t\u00ea kirin ku, Balafirxaneya Navnetewey\u00ee ya Tehran\u00ea j\u00ee hatiye bombebarankirin.<\/h3>\n<h3 style=\"text-align: justify\">Li gor\u00ee \u00e7avkaniy\u00ean medyay\u00ea, heta niha gelek berpirs\u00ean payebilind \u00ean le\u015fker\u00ean art\u00ea\u015fa Pasdaran hatine armanckirin, l\u00ea \u00ceran\u00ea bi rengek\u00ea ferm\u00ee ku\u015ftina tu berpirs \u00fb fermandar\u00ean xwe y\u00ean le\u015fker\u00ee ranegihandiye.<\/h3>\n<h3 style=\"text-align: justify\">Di bersiva wan \u00ear\u00ee\u015fan de, \u00ceran\u00ea asman\u00ea xwe bi tevah\u00ee li ber ge\u015ft\u00ean asman\u00ee daxist \u00fb Borseya Tehran\u00ea j\u00ee hatiye daxistin.<\/h3>\n<h3 style=\"text-align: justify\">Berpirsek\u00ee \u00ceran\u00ea j\u00ee ji ajansa Reuters\u00ea ya n\u00fb\u00e7eyan re ragihandiye ku, \u00ceran ji bo bersiveke w\u00earanker xwe amade dike \u00fb ten\u00ea ew d\u00ea ser biqed\u00eenin.<\/h3>\n<h3 style=\"text-align: justify\">Herwesa medyaya \u00cesra\u00eel\u00ea j\u00ee ragihandiye ku, tevahiya asman\u00ea w\u00ee welat\u00ee hatiye daxistin \u00fb hem\u00ee ge\u015ft\u00ean asman\u00ee y\u00ean \u00e7\u00fbn \u00fb hatin\u00ea ji bo \u00cesra\u00eel\u00ea hatine hilwe\u015fandin. Berpirs\u00ean w\u00ee welat\u00ee j\u00ee rew\u015fa awarte ragihandiye \u00fb dewama hik\u00fbmet\u00ea, navend\u00ean xwendin\u00ea daxistine \u00fb ji welatiyan xwestiye ku ji mal\u00ean xwe dernekevin.<\/h3>\n<h3 style=\"text-align: justify\">Li gor\u00ee medyaya \u00cesra\u00eel\u00ea, ew \u00ear\u00ee\u015f ku li ser\u00ea sibeha \u00eero li dij\u00ee \u00ceran\u00ea hatine kirin qonaxa yek\u00ea b\u00fb \u00fb \u00ear\u00ee\u015f\u00ean asman\u00ee d\u00ea bi \u00e7end qonax\u00ean din berdewam bin \u00fb t\u00ea pay\u00een ku ji bo dema 48 saetan berdewam bin.<\/h3>\n","protected":false},"excerpt":{"rendered":"<p>Pi\u015ft\u00ee destp\u00eakirina \u00ear\u00ee\u015fa \u00cesra\u00eel \u00fb Amer\u00eekay\u00ea li ser \u00ceran\u00ea, \u00eero (\u015eem\u00ee, 28\u00ea Sibata 2026\u00ea) li bajar\u00ean Kuweyt, Mename \u00fb Eb\u00fbzebiy\u00ea deng\u00ea teq\u00eenan hat bih\u00eestin. Wez\u00eer\u00ea Berevaniy\u00ea y\u00ea \u00cesra\u00eel\u00ea Israel Katz ragihand: Me li ser\u00ea sibeha \u00eero (\u015eem\u00ee, 28\u00ea Sibata 2026\u00ea) \u00ear\u00ee\u015feke p\u00ea\u015fwext li dij\u00ee \u00ceran\u00ea da destp\u00eakirin \u00fb me gelek cih\u00ean serbaz\u00ee \u00fb dezgeh\u00ean hik\u00fbmet\u00ea [&hellip;]<\/p>\n","protected":false},"author":2,"featured_media":1051915,"comment_status":"closed","ping_status":"closed","sticky":false,"template":"","format":"standard","meta":{"footnotes":""},"categories":[29],"tags":[37],"class_list":["post-1051914","post","type-post","status-publish","format-standard","has-post-thumbnail","hentry","category-kurdistan","tag-sereke"],"blocksy_meta":[],"seo_head":"<!-- This site is optimized with the Yoast SEO plugin v27.5 - https:\/\/yoast.com\/product\/yoast-seo-wordpress\/ -->\n<title>Deng\u00ea teq\u00eenan li Kuweyt, Mename \u00fb Eb\u00fbzebiy\u00ea hat bih\u00eestin - Darka Maz\u00ee<\/title>\n<meta name=\"robots\" content=\"index, follow, max-snippet:-1, max-image-preview:large, max-video-preview:-1\" \/>\n<link rel=\"canonical\" href=\"https:\/\/darkamazi.info\/archives\/1051914\" \/>\n<meta property=\"og:locale\" content=\"en_US\" \/>\n<meta property=\"og:type\" content=\"article\" \/>\n<meta property=\"og:title\" content=\"Deng\u00ea teq\u00eenan li Kuweyt, Mename \u00fb Eb\u00fbzebiy\u00ea hat bih\u00eestin - Darka Maz\u00ee\" \/>\n<meta property=\"og:description\" content=\"Pi\u015ft\u00ee destp\u00eakirina \u00ear\u00ee\u015fa \u00cesra\u00eel \u00fb Amer\u00eekay\u00ea li ser \u00ceran\u00ea, \u00eero (\u015eem\u00ee, 28\u00ea Sibata 2026\u00ea) li bajar\u00ean Kuweyt, Mename \u00fb Eb\u00fbzebiy\u00ea deng\u00ea teq\u00eenan hat bih\u00eestin. Wez\u00eer\u00ea Berevaniy\u00ea y\u00ea \u00cesra\u00eel\u00ea Israel Katz ragihand: Me li ser\u00ea sibeha \u00eero (\u015eem\u00ee, 28\u00ea Sibata 2026\u00ea) \u00ear\u00ee\u015feke p\u00ea\u015fwext li dij\u00ee \u00ceran\u00ea da destp\u00eakirin \u00fb me gelek cih\u00ean serbaz\u00ee \u00fb dezgeh\u00ean hik\u00fbmet\u00ea [&hellip;]\" \/>\n<meta property=\"og:url\" content=\"https:\/\/darkamazi.info\/archives\/1051914\" \/>\n<meta property=\"og:site_name\" content=\"Darka Maz\u00ee\" \/>\n<meta property=\"article:publisher\" content=\"https:\/\/www.facebook.com\/DarMaziKurmanci\" \/>\n<meta property=\"article:published_time\" content=\"2026-02-28T09:50:17+00:00\" \/>\n<meta property=\"og:image\" content=\"https:\/\/darkamazi.info\/file\/2026\/02\/iran-israil-amerika.jpg\" \/>\n\t<meta property=\"og:image:width\" content=\"900\" \/>\n\t<meta property=\"og:image:height\" content=\"497\" \/>\n\t<meta property=\"og:image:type\" content=\"image\/jpeg\" \/>\n<meta name=\"author\" content=\"darka mazi\" \/>\n<meta name=\"twitter:card\" content=\"summary_large_image\" \/>\n<meta name=\"twitter:creator\" content=\"@DarkaMaziLatini\" \/>\n<meta name=\"twitter:site\" content=\"@DarkaMaziLatini\" \/>\n<meta name=\"twitter:label1\" content=\"Written by\" \/>\n\t<meta name=\"twitter:data1\" content=\"darka mazi\" \/>\n\t<meta name=\"twitter:label2\" content=\"Est. reading time\" \/>\n\t<meta name=\"twitter:data2\" content=\"2 minutes\" \/>\n<script type=\"application\/ld+json\" class=\"seo-schema-graph\">{\"@context\":\"https:\\\/\\\/schema.org\",\"@graph\":[{\"@type\":\"Article\",\"@id\":\"https:\\\/\\\/darkamazi.info\\\/archives\\\/1051914#article\",\"isPartOf\":{\"@id\":\"https:\\\/\\\/darkamazi.info\\\/archives\\\/1051914\"},\"author\":{\"name\":\"darka mazi\",\"@id\":\"https:\\\/\\\/darkamazi.info\\\/#\\\/schema\\\/person\\\/5ad3e24553a0567993fa8ed4bd0a776c\"},\"headline\":\"Deng\u00ea teq\u00eenan li Kuweyt, Mename \u00fb Eb\u00fbzebiy\u00ea hat bih\u00eestin\",\"datePublished\":\"2026-02-28T09:50:17+00:00\",\"mainEntityOfPage\":{\"@id\":\"https:\\\/\\\/darkamazi.info\\\/archives\\\/1051914\"},\"wordCount\":352,\"publisher\":{\"@id\":\"https:\\\/\\\/darkamazi.info\\\/#organization\"},\"image\":{\"@id\":\"https:\\\/\\\/darkamazi.info\\\/archives\\\/1051914#primaryimage\"},\"thumbnailUrl\":\"https:\\\/\\\/darkamazi.info\\\/darka-content\\\/uploads\\\/2026\\\/02\\\/iran-israil-amerika.jpg\",\"keywords\":[\"sereke\"],\"articleSection\":[\"Kurdistan\"],\"inLanguage\":\"en-US\"},{\"@type\":\"WebPage\",\"@id\":\"https:\\\/\\\/darkamazi.info\\\/archives\\\/1051914\",\"url\":\"https:\\\/\\\/darkamazi.info\\\/archives\\\/1051914\",\"name\":\"Deng\u00ea teq\u00eenan li Kuweyt, Mename \u00fb Eb\u00fbzebiy\u00ea hat bih\u00eestin - Darka Maz\u00ee\",\"isPartOf\":{\"@id\":\"https:\\\/\\\/darkamazi.info\\\/#website\"},\"primaryImageOfPage\":{\"@id\":\"https:\\\/\\\/darkamazi.info\\\/archives\\\/1051914#primaryimage\"},\"image\":{\"@id\":\"https:\\\/\\\/darkamazi.info\\\/archives\\\/1051914#primaryimage\"},\"thumbnailUrl\":\"https:\\\/\\\/darkamazi.info\\\/darka-content\\\/uploads\\\/2026\\\/02\\\/iran-israil-amerika.jpg\",\"datePublished\":\"2026-02-28T09:50:17+00:00\",\"breadcrumb\":{\"@id\":\"https:\\\/\\\/darkamazi.info\\\/archives\\\/1051914#breadcrumb\"},\"inLanguage\":\"en-US\",\"potentialAction\":[{\"@type\":\"ReadAction\",\"target\":[\"https:\\\/\\\/darkamazi.info\\\/archives\\\/1051914\"]}]},{\"@type\":\"ImageObject\",\"inLanguage\":\"en-US\",\"@id\":\"https:\\\/\\\/darkamazi.info\\\/archives\\\/1051914#primaryimage\",\"url\":\"https:\\\/\\\/darkamazi.info\\\/darka-content\\\/uploads\\\/2026\\\/02\\\/iran-israil-amerika.jpg\",\"contentUrl\":\"https:\\\/\\\/darkamazi.info\\\/darka-content\\\/uploads\\\/2026\\\/02\\\/iran-israil-amerika.jpg\",\"width\":900,\"height\":497,\"caption\":\"Deng\u00ea teq\u00eenan li Kuweyt, Mename \u00fb Eb\u00fbzebiy\u00ea hat bih\u00eestin\"},{\"@type\":\"BreadcrumbList\",\"@id\":\"https:\\\/\\\/darkamazi.info\\\/archives\\\/1051914#breadcrumb\",\"itemListElement\":[{\"@type\":\"ListItem\",\"position\":1,\"name\":\"Home\",\"item\":\"https:\\\/\\\/darkamazi.info\\\/\"},{\"@type\":\"ListItem\",\"position\":2,\"name\":\"Deng\u00ea teq\u00eenan li Kuweyt, Mename \u00fb Eb\u00fbzebiy\u00ea hat bih\u00eestin\"}]},{\"@type\":\"WebSite\",\"@id\":\"https:\\\/\\\/darkamazi.info\\\/#website\",\"url\":\"https:\\\/\\\/darkamazi.info\\\/\",\"name\":\"Darka Maz\u00ee\",\"description\":\"P\u00eageha Zanyariy\u00ean Nebih\u00eest\u00ee\",\"publisher\":{\"@id\":\"https:\\\/\\\/darkamazi.info\\\/#organization\"},\"potentialAction\":[{\"@type\":\"SearchAction\",\"target\":{\"@type\":\"EntryPoint\",\"urlTemplate\":\"https:\\\/\\\/darkamazi.info\\\/?s={search_term_string}\"},\"query-input\":{\"@type\":\"PropertyValueSpecification\",\"valueRequired\":true,\"valueName\":\"search_term_string\"}}],\"inLanguage\":\"en-US\"},{\"@type\":\"Organization\",\"@id\":\"https:\\\/\\\/darkamazi.info\\\/#organization\",\"name\":\"Darka Maz\u00ee\",\"url\":\"https:\\\/\\\/darkamazi.info\\\/\",\"logo\":{\"@type\":\"ImageObject\",\"inLanguage\":\"en-US\",\"@id\":\"https:\\\/\\\/darkamazi.info\\\/#\\\/schema\\\/logo\\\/image\\\/\",\"url\":\"https:\\\/\\\/darkamazi.info\\\/darka-content\\\/uploads\\\/2017\\\/12\\\/darka-mazi-logo.png\",\"contentUrl\":\"https:\\\/\\\/darkamazi.info\\\/darka-content\\\/uploads\\\/2017\\\/12\\\/darka-mazi-logo.png\",\"width\":151,\"height\":75,\"caption\":\"Darka Maz\u00ee\"},\"image\":{\"@id\":\"https:\\\/\\\/darkamazi.info\\\/#\\\/schema\\\/logo\\\/image\\\/\"},\"sameAs\":[\"https:\\\/\\\/www.facebook.com\\\/DarMaziKurmanci\",\"https:\\\/\\\/x.com\\\/DarkaMaziLatini\",\"https:\\\/\\\/www.instagram.com\\\/darkamazi.kurmanci\\\/\",\"https:\\\/\\\/www.youtube.com\\\/channel\\\/UCa5HkTdmI8U1qCUFuTw8B2g\"]},{\"@type\":\"Person\",\"@id\":\"https:\\\/\\\/darkamazi.info\\\/#\\\/schema\\\/person\\\/5ad3e24553a0567993fa8ed4bd0a776c\",\"name\":\"darka mazi\",\"sameAs\":[\"https:\\\/\\\/darkamazi.info\\\/\"],\"url\":\"https:\\\/\\\/darkamazi.info\\\/archives\\\/author\\\/kurdi\"}]}<\/script>\n<!-- \/ Yoast SEO plugin. -->","seo_head_json":{"title":"Deng\u00ea teq\u00eenan li Kuweyt, Mename \u00fb Eb\u00fbzebiy\u00ea hat bih\u00eestin - Darka Maz\u00ee","robots":{"index":"index","follow":"follow","max-snippet":"max-snippet:-1","max-image-preview":"max-image-preview:large","max-video-preview":"max-video-preview:-1"},"canonical":"https:\/\/darkamazi.info\/archives\/1051914","og_locale":"en_US","og_type":"article","og_title":"Deng\u00ea teq\u00eenan li Kuweyt, Mename \u00fb Eb\u00fbzebiy\u00ea hat bih\u00eestin - Darka Maz\u00ee","og_description":"Pi\u015ft\u00ee destp\u00eakirina \u00ear\u00ee\u015fa \u00cesra\u00eel \u00fb Amer\u00eekay\u00ea li ser \u00ceran\u00ea, \u00eero (\u015eem\u00ee, 28\u00ea Sibata 2026\u00ea) li bajar\u00ean Kuweyt, Mename \u00fb Eb\u00fbzebiy\u00ea deng\u00ea teq\u00eenan hat bih\u00eestin. Wez\u00eer\u00ea Berevaniy\u00ea y\u00ea \u00cesra\u00eel\u00ea Israel Katz ragihand: Me li ser\u00ea sibeha \u00eero (\u015eem\u00ee, 28\u00ea Sibata 2026\u00ea) \u00ear\u00ee\u015feke p\u00ea\u015fwext li dij\u00ee \u00ceran\u00ea da destp\u00eakirin \u00fb me gelek cih\u00ean serbaz\u00ee \u00fb dezgeh\u00ean hik\u00fbmet\u00ea [&hellip;]","og_url":"https:\/\/darkamazi.info\/archives\/1051914","og_site_name":"Darka Maz\u00ee","article_publisher":"https:\/\/www.facebook.com\/DarMaziKurmanci","article_published_time":"2026-02-28T09:50:17+00:00","og_image":[{"width":900,"height":497,"url":"https:\/\/darkamazi.info\/file\/2026\/02\/iran-israil-amerika.jpg","type":"image\/jpeg"}],"author":"darka mazi","twitter_card":"summary_large_image","twitter_creator":"@DarkaMaziLatini","twitter_site":"@DarkaMaziLatini","twitter_misc":{"Written by":"darka mazi","Est. reading time":"2 minutes"},"schema":{"@context":"https:\/\/schema.org","@graph":[{"@type":"Article","@id":"https:\/\/darkamazi.info\/archives\/1051914#article","isPartOf":{"@id":"https:\/\/darkamazi.info\/archives\/1051914"},"author":{"name":"darka mazi","@id":"https:\/\/darkamazi.info\/#\/schema\/person\/5ad3e24553a0567993fa8ed4bd0a776c"},"headline":"Deng\u00ea teq\u00eenan li Kuweyt, Mename \u00fb Eb\u00fbzebiy\u00ea hat bih\u00eestin","datePublished":"2026-02-28T09:50:17+00:00","mainEntityOfPage":{"@id":"https:\/\/darkamazi.info\/archives\/1051914"},"wordCount":352,"publisher":{"@id":"https:\/\/darkamazi.info\/#organization"},"image":{"@id":"https:\/\/darkamazi.info\/archives\/1051914#primaryimage"},"thumbnailUrl":"https:\/\/darkamazi.info\/file\/2026\/02\/iran-israil-amerika.jpg","keywords":["sereke"],"articleSection":["Kurdistan"],"inLanguage":"en-US"},{"@type":"WebPage","@id":"https:\/\/darkamazi.info\/archives\/1051914","url":"https:\/\/darkamazi.info\/archives\/1051914","name":"Deng\u00ea teq\u00eenan li Kuweyt, Mename \u00fb Eb\u00fbzebiy\u00ea hat bih\u00eestin - Darka Maz\u00ee","isPartOf":{"@id":"https:\/\/darkamazi.info\/#website"},"primaryImageOfPage":{"@id":"https:\/\/darkamazi.info\/archives\/1051914#primaryimage"},"image":{"@id":"https:\/\/darkamazi.info\/archives\/1051914#primaryimage"},"thumbnailUrl":"https:\/\/darkamazi.info\/file\/2026\/02\/iran-israil-amerika.jpg","datePublished":"2026-02-28T09:50:17+00:00","breadcrumb":{"@id":"https:\/\/darkamazi.info\/archives\/1051914#breadcrumb"},"inLanguage":"en-US","potentialAction":[{"@type":"ReadAction","target":["https:\/\/darkamazi.info\/archives\/1051914"]}]},{"@type":"ImageObject","inLanguage":"en-US","@id":"https:\/\/darkamazi.info\/archives\/1051914#primaryimage","url":"https:\/\/darkamazi.info\/file\/2026\/02\/iran-israil-amerika.jpg","contentUrl":"https:\/\/darkamazi.info\/file\/2026\/02\/iran-israil-amerika.jpg","width":900,"height":497,"caption":"Deng\u00ea teq\u00eenan li Kuweyt, Mename \u00fb Eb\u00fbzebiy\u00ea hat bih\u00eestin"},{"@type":"BreadcrumbList","@id":"https:\/\/darkamazi.info\/archives\/1051914#breadcrumb","itemListElement":[{"@type":"ListItem","position":1,"name":"Home","item":"https:\/\/darkamazi.info\/"},{"@type":"ListItem","position":2,"name":"Deng\u00ea teq\u00eenan li Kuweyt, Mename \u00fb Eb\u00fbzebiy\u00ea hat bih\u00eestin"}]},{"@type":"WebSite","@id":"https:\/\/darkamazi.info\/#website","url":"https:\/\/darkamazi.info\/","name":"Darka Maz\u00ee","description":"P\u00eageha Zanyariy\u00ean Nebih\u00eest\u00ee","publisher":{"@id":"https:\/\/darkamazi.info\/#organization"},"potentialAction":[{"@type":"SearchAction","target":{"@type":"EntryPoint","urlTemplate":"https:\/\/darkamazi.info\/?s={search_term_string}"},"query-input":{"@type":"PropertyValueSpecification","valueRequired":true,"valueName":"search_term_string"}}],"inLanguage":"en-US"},{"@type":"Organization","@id":"https:\/\/darkamazi.info\/#organization","name":"Darka Maz\u00ee","url":"https:\/\/darkamazi.info\/","logo":{"@type":"ImageObject","inLanguage":"en-US","@id":"https:\/\/darkamazi.info\/#\/schema\/logo\/image\/","url":"https:\/\/darkamazi.info\/file\/2017\/12\/darka-mazi-logo.png","contentUrl":"https:\/\/darkamazi.info\/file\/2017\/12\/darka-mazi-logo.png","width":151,"height":75,"caption":"Darka Maz\u00ee"},"image":{"@id":"https:\/\/darkamazi.info\/#\/schema\/logo\/image\/"},"sameAs":["https:\/\/www.facebook.com\/DarMaziKurmanci","https:\/\/x.com\/DarkaMaziLatini","https:\/\/www.instagram.com\/darkamazi.kurmanci\/","https:\/\/www.youtube.com\/channel\/UCa5HkTdmI8U1qCUFuTw8B2g"]},{"@type":"Person","@id":"https:\/\/darkamazi.info\/#\/schema\/person\/5ad3e24553a0567993fa8ed4bd0a776c","name":"darka mazi","sameAs":["https:\/\/darkamazi.info\/"],"url":"https:\/\/darkamazi.info\/archives\/author\/kurdi"}]}},"_links":{"self":[{"href":"https:\/\/darkamazi.info\/funavuv\/wp\/v2\/posts\/1051914","targetHints":{"allow":["GET"]}}],"collection":[{"href":"https:\/\/darkamazi.info\/funavuv\/wp\/v2\/posts"}],"about":[{"href":"https:\/\/darkamazi.info\/funavuv\/wp\/v2\/types\/post"}],"author":[{"embeddable":true,"href":"https:\/\/darkamazi.info\/funavuv\/wp\/v2\/users\/2"}],"replies":[{"embeddable":true,"href":"https:\/\/darkamazi.info\/funavuv\/wp\/v2\/comments?post=1051914"}],"version-history":[{"count":0,"href":"https:\/\/darkamazi.info\/funavuv\/wp\/v2\/posts\/1051914\/revisions"}],"wp:featuredmedia":[{"embeddable":true,"href":"https:\/\/darkamazi.info\/funavuv\/wp\/v2\/media\/1051915"}],"wp:attachment":[{"href":"https:\/\/darkamazi.info\/funavuv\/wp\/v2\/media?parent=1051914"}],"wp:term":[{"taxonomy":"category","embeddable":true,"href":"https:\/\/darkamazi.info\/funavuv\/wp\/v2\/categories?post=1051914"},{"taxonomy":"post_tag","embeddable":true,"href":"https:\/\/darkamazi.info\/funavuv\/wp\/v2\/tags?post=1051914"}],"curies":[{"name":"wp","href":"https:\/\/api.w.org\/{rel}","templated":true}]}}