{"id":1051924,"date":"2026-03-01T12:33:57","date_gmt":"2026-03-01T09:33:57","guid":{"rendered":"https:\/\/darkamazi.info\/?p=1051924"},"modified":"2026-03-01T12:33:57","modified_gmt":"2026-03-01T09:33:57","slug":"rebere-nemir-mela-mistefa-barzani-47-salan-pes-niha-koca-dawi-kir","status":"publish","type":"post","link":"https:\/\/darkamazi.info\/archives\/1051924","title":{"rendered":"R\u00eaber\u00ea nemir Mela Mistefa Barzan\u00ee 47 salan p\u00ea\u015f niha ko\u00e7a daw\u00ee kir"},"content":{"rendered":"<h3 style=\"text-align: justify\"><strong>R\u00eaber\u00ea bizava rizgar\u00ee ya gel\u00ea kurd Mela Mistefa Barzan\u00ee, 47 sal ber\u00ea \u00fb di rojek\u00ee wek \u00eero de wefat kir.<\/strong><\/h3>\n<h3 style=\"text-align: justify\">\u00cero roja 1\u00ea Adar\u00ea ye, 47em\u00een salvegera wefata r\u00eaber\u00ea mezin y\u00ea kurd \u00fb p\u00ea\u015feng\u00ea bizava rizgar\u00ee ya gel\u00ea kurd Mela Mistefa Barzan\u00ee ye.<\/h3>\n<h3 style=\"text-align: justify\">Mela Mistefa Barzan\u00ee kur\u00ea \u015f\u00eax Mihemed Barzan\u00ee ye, 14\u00ea Adara sala 1903 li gund\u00ea Barzan ji day\u00eek b\u00fbye. Di temen\u00ea 3 sal\u00ee de dikeve ber xezeba Osmaniyan \u00fb bi day\u00eek \u00fb biray\u00ea xwe y\u00ea mezin \u015e\u00eax Ebdulselam dikeve z\u00eendan\u00ea \u00fb 9 mehan di z\u00eendan\u00ea de dim\u00eene.<\/h3>\n<h3 style=\"text-align: justify\">Mela Mistefa Barzan\u00ee sala 1919 be\u015fdar\u00ee \u015fore\u015fa \u015e\u00eax Mehm\u00fbd\u00ea Hef\u00eed dike \u00fb dibe berpirs\u00ea h\u00eazeke 300 kes\u00ee. Sala 1920 \u015e\u00eax Ehmed Barzan\u00ee Mela Mistefa di\u015f\u00eene ba \u015e\u00eax Se\u00eed\u00ea P\u00eeran li Kurdistana Bak\u00fbr ji bona ku hemahengiyek di navbera \u015fore\u015fa \u015e\u00eax Se\u00eed \u00fb \u015fore\u015fa \u015e\u00eax Mehm\u00fbd\u00ea Hef\u00eed b\u00ea kirin.<\/h3>\n<h3 style=\"text-align: justify\">Mela Mistefa di sal\u00ean 1931-32 de, li devera Barzan \u00fb li gund\u00ean M\u00eargesor \u00fb \u015e\u00earwan fermandehiya p\u00ea\u015fmergey\u00ean ku \u015fer\u00ea \u00cengil\u00eez dikirin, dikir. J\u00eerb\u00fbna Mela Mistefa di war\u00ea serbaz\u00ee \u00fb \u015ferkeriy\u00ea de li wir e\u015fkere b\u00fb.<\/h3>\n<h3 style=\"text-align: justify\">Sala 1932y\u00ea dema hik\u00fbmeta w\u00ea dem\u00ea ya Iraq\u00ea bi al\u00eekariya Br\u00eetanya \u00eari\u015f\u00ee h\u00eaz\u00ean kurd kir, \u015e\u00eax Ehmed Barzan\u00ee t\u00ea girtin ji ber w\u00ea j\u00ee Mela Mistefa dest bi r\u00eabert\u00ee \u00fb r\u00eaxistina h\u00eaz\u00ean kurd dike.<\/h3>\n<h3 style=\"text-align: justify\">Hik\u00fbmeta Iraq\u00ea salek\u00ee pi\u015ft\u00ee w\u00ee \u015fer\u00ee l\u00eabor\u00een\u00ea bo h\u00eaz\u00ean P\u00ea\u015fmerge \u00fb malbat\u00ean Barzan\u00ee derdixe ji ber w\u00ea j\u00ee ji sala 1936 heta 1943 \u00e7alakiy\u00ean serbaz\u00ee ji aliy\u00ea P\u00ea\u015fmerge ve t\u00ea sekinandin. Sala 1943 d\u00eesa xebata p\u00ea\u015fmergetiy\u00ea \u00fb bizava kurd\u00ee ji aliy\u00ea Mela Mistefa Barzan\u00ee ve dest p\u00ea dike.<\/h3>\n<h3 style=\"text-align: justify\">Mela Mistefa Barzan\u00ee kar\u00ee \u015fert \u00fb merc\u00ean w\u00ea dem\u00ea, ku \u015fer\u00ea c\u00eehan\u00ea y\u00ea duyem heb\u00fb, her wiha k\u00fbdetaya ku li dij\u00ee hik\u00fbmeta w\u00ea dem\u00ea ya Iraq\u00ea hat kirin, bi s\u00fbda kurdan bikar b\u00eene \u00fb cardin vegere z\u00eada xwe li devera Barzan. Tevahiya peywendiy\u00ean xwe bi hik\u00fbmeta Iraq\u00ea re qedand \u00fb daxwaza hik\u00fbmeta lawaz ya Iraq\u00ea red kir. Hik\u00fbmeta Iraq\u00ea daxwaz kirib\u00fb P\u00ea\u015fmerge \u015fer bide sekinandin.<\/h3>\n<h3 style=\"text-align: justify\">Pi\u015ft\u00ee ku Mela Mistefa Barzan\u00ee kar\u00ee h\u00eazeke 2500 kes\u00ee kom bike \u00fb xwe bih\u00eaz bike l\u00ea pi\u015ft\u00ee sal \u00fb n\u00eev\u00ea, hik\u00fbmeta Iraq\u00ea bi h\u00eazeke mezin \u00eari\u015f\u00ee devera Barzan kir. H\u00eaz\u00ean P\u00ea\u015fmerge bi fermandehiya Mela Mistefa \u015ferek\u00ee mezin kirin l\u00ea pa\u015f\u00ea veki\u015fiyan devera Kan\u00ee Re\u015f\u00ea li ser s\u00eenor\u00ea Tirkiy\u00ea.<\/h3>\n<h3 style=\"text-align: justify\">Pi\u015ft\u00ee w\u00ee \u015fer\u00ee Mela Mistefa bi heval \u00fb p\u00ea\u015fmergey\u00ean xwe ve derbas\u00ee Kurdistana Rojhilat \u00fb bajar\u00ea Mehabad\u00ea dibe. Roja ragihandina Komara Kurdistan\u00ea, 22 Mijdara 1946, Mela Mistefa wek fermandey\u00ea art\u00ea\u015fa Komara Kurdistan\u00ea li k\u00ealeka rast\u00ea ya P\u00ea\u015fewa Qaz\u00ee Mihemed cih digire \u00fb pileya &#8220;general\u201d werdigire.<\/h3>\n<h3 style=\"text-align: justify\">Pi\u015ft\u00ee ku Komara Kurdistan\u00ea hilwe\u015fiya, Mela Mistefa Barzan\u00ee bi p\u00ea\u015fmergey\u00ean xwe ve derbas\u00ee Sovyet\u00ea dibe l\u00ea li ser r\u00ea rast\u00ee \u00eari\u015fa h\u00eaz\u00ean \u00ceran\u00ea t\u00ean \u00fb pi\u015ft\u00ee \u015ferek\u00ee m\u00earxasane derbas\u00ee Sovyet\u00ea dibin. 12 salan li Sovyet\u00ea dim\u00eene \u00fb roja 26 Cotmeha 1958 vegeriya Iraq\u00ea. Hik\u00fbmeta w\u00ea dem\u00ea ya Iraq\u00ea hinek soz dab\u00fbn kurdan l\u00ea dema Mela Mistefa d\u00eet hik\u00fbmet\u00ea soz\u00ean bic\u00eeh nehan\u00ee, \u00celona 1961 d\u00eesa dest bi \u015fore\u015f \u00fb xebat\u00ea kir, w\u00ee \u015fer\u00ee heta 11 Adara 1970 dir\u00eaj kir.<\/h3>\n<h3 style=\"text-align: justify\">Sala 1968 partiya Beis k\u00fbdetayek li dij\u00ee hik\u00fbmeta Iraq\u00ea kir. \u015eert \u00fb merc hatin guhertin \u00fb Mela Mistefa Barzan\u00ee bi hik\u00fbmet\u00ea re dest bi muzaker\u00ea kir. Berhema w\u00ea muzaker\u00ea r\u00eakeftina 11 Adara 1970 b\u00fb. Li gor\u00ee w\u00ea r\u00eakeftin\u00ea, kurd dibe \u015fir\u00eek\u00ea hik\u00fbmeta Iraq\u00ea \u00fb ziman\u00ea kurd\u00ee dibe ziman\u00ea ferm\u00ee \u00fb Kurdistan j\u00ee dibe her\u00eamek xweser. L\u00ea pa\u015f\u00ea hik\u00fbmeta Iraq\u00ea xwe ji w\u00ea r\u00eakeftin\u00ea diz\u00ee \u00fb sala 1975 bi \u00ceran\u00ea re li Cezayir\u00ea r\u00eakeftinek \u00eemze kir.<\/h3>\n<h3 style=\"text-align: justify\">Roja 29 \u00celona 1971 hik\u00fbmeta Iraq\u00ea hewl da Mela Mistefa t\u00eeror bike. Li ser w\u00ea b\u00fbyer\u00ea rojnamevan\u00ea Iraq\u00ee Seyf D\u00fbr\u00ee dib\u00eaje, sal \u00fb n\u00eev\u00ea pi\u015ft\u00ee r\u00eakeftina Adar\u00ea, berpirs\u00ea asayi\u015fa gi\u015ft\u00ee ya Iraq\u00ea Nazim Gizaz hewl da Mela Mistefa t\u00eeror bike l\u00ea nekar\u00ee.<\/h3>\n<h3 style=\"text-align: justify\">Plana t\u00eerorkirina Mela Mistefa Barzan\u00ee bi v\u00ee reng\u00ee b\u00fb: 10 mela ji Bexday\u00ea \u00e7\u00fbb\u00fbn serdana Mela Mistefa ji bona ku navbeynkariy\u00ea di navbera kurdan \u00fb hik\u00fbmeta Iraq\u00ea de bikin bo sekinandina \u015fer. Otomob\u00eel\u00ean w\u00ea \u015fanda Bexday\u00ea saet 16:45 digih\u00ean devera Hac\u00ee Omeran\u00ea.\u00a0 Yek ji wan endam\u00ean \u015fand\u00ea c\u00eehazek p\u00ea re b\u00fbye ku di nav c\u00eehaz\u00ea de bombe hatiye dan\u00een. Berpirs\u00ea asayi\u015fa gi\u015ft\u00ee ya Iraq\u00ea ji w\u00ee re gotiye, dema Mela Mistefa Barzan\u00ee axiv\u00ee tu bi v\u00ea c\u00eehaz\u00ea deng\u00ee w\u00ee qeyd bike. Dema ew mela dest\u00ea xwe dide dugmeya tomarkirin, c\u00eehaz diteqe l\u00ea ti\u015ftek bi Barzan\u00ee nay\u00ea \u00fb bi v\u00ee reng\u00ee pilana t\u00eerorkirina w\u00ee bi ser nakeve.<\/h3>\n<h3 style=\"text-align: justify\">Mela Mistefa Barzan\u00ee d\u00fbmah\u00eeka sala 1975 nexwe\u015f dikeve ji ber w\u00ea j\u00ee di\u00e7e Amer\u00eeka. Roja 1 Adara Sala 1979 li Amer\u00eeka wefat dike. Term\u00ea w\u00ee bi awayek\u00ee demk\u00ee li bajar\u00ea \u015eino y\u00ea Rojhilat\u00ea Kurdistan\u00ea t\u00ea ve\u015fartin, pi\u015ft\u00ee Raper\u00een\u00ea term\u00ea w\u00ee li devera Barzan t\u00ea ve\u015fartin.<\/h3>\n","protected":false},"excerpt":{"rendered":"<p>R\u00eaber\u00ea bizava rizgar\u00ee ya gel\u00ea kurd Mela Mistefa Barzan\u00ee, 47 sal ber\u00ea \u00fb di rojek\u00ee wek \u00eero de wefat kir. \u00cero roja 1\u00ea Adar\u00ea ye, 47em\u00een salvegera wefata r\u00eaber\u00ea mezin y\u00ea kurd \u00fb p\u00ea\u015feng\u00ea bizava rizgar\u00ee ya gel\u00ea kurd Mela Mistefa Barzan\u00ee ye. Mela Mistefa Barzan\u00ee kur\u00ea \u015f\u00eax Mihemed Barzan\u00ee ye, 14\u00ea Adara sala 1903 [&hellip;]<\/p>\n","protected":false},"author":2,"featured_media":1051925,"comment_status":"closed","ping_status":"closed","sticky":false,"template":"","format":"standard","meta":{"footnotes":""},"categories":[29],"tags":[37],"class_list":["post-1051924","post","type-post","status-publish","format-standard","has-post-thumbnail","hentry","category-kurdistan","tag-sereke"],"blocksy_meta":[],"seo_head":"<!-- This site is optimized with the Yoast SEO plugin v27.5 - https:\/\/yoast.com\/product\/yoast-seo-wordpress\/ -->\n<title>R\u00eaber\u00ea nemir Mela Mistefa Barzan\u00ee 47 salan p\u00ea\u015f niha ko\u00e7a daw\u00ee kir - Darka Maz\u00ee<\/title>\n<meta name=\"robots\" content=\"index, follow, max-snippet:-1, max-image-preview:large, max-video-preview:-1\" \/>\n<link rel=\"canonical\" href=\"https:\/\/darkamazi.info\/archives\/1051924\" \/>\n<meta property=\"og:locale\" content=\"en_US\" \/>\n<meta property=\"og:type\" content=\"article\" \/>\n<meta property=\"og:title\" content=\"R\u00eaber\u00ea nemir Mela Mistefa Barzan\u00ee 47 salan p\u00ea\u015f niha ko\u00e7a daw\u00ee kir - Darka Maz\u00ee\" \/>\n<meta property=\"og:description\" content=\"R\u00eaber\u00ea bizava rizgar\u00ee ya gel\u00ea kurd Mela Mistefa Barzan\u00ee, 47 sal ber\u00ea \u00fb di rojek\u00ee wek \u00eero de wefat kir. \u00cero roja 1\u00ea Adar\u00ea ye, 47em\u00een salvegera wefata r\u00eaber\u00ea mezin y\u00ea kurd \u00fb p\u00ea\u015feng\u00ea bizava rizgar\u00ee ya gel\u00ea kurd Mela Mistefa Barzan\u00ee ye. Mela Mistefa Barzan\u00ee kur\u00ea \u015f\u00eax Mihemed Barzan\u00ee ye, 14\u00ea Adara sala 1903 [&hellip;]\" \/>\n<meta property=\"og:url\" content=\"https:\/\/darkamazi.info\/archives\/1051924\" \/>\n<meta property=\"og:site_name\" content=\"Darka Maz\u00ee\" \/>\n<meta property=\"article:publisher\" content=\"https:\/\/www.facebook.com\/DarMaziKurmanci\" \/>\n<meta property=\"article:published_time\" content=\"2026-03-01T09:33:57+00:00\" \/>\n<meta property=\"og:image\" content=\"https:\/\/darkamazi.info\/file\/2026\/03\/mustefa-barzani.jpg\" \/>\n\t<meta property=\"og:image:width\" content=\"900\" \/>\n\t<meta property=\"og:image:height\" content=\"497\" \/>\n\t<meta property=\"og:image:type\" content=\"image\/jpeg\" \/>\n<meta name=\"author\" content=\"darka mazi\" \/>\n<meta name=\"twitter:card\" content=\"summary_large_image\" \/>\n<meta name=\"twitter:creator\" content=\"@DarkaMaziLatini\" \/>\n<meta name=\"twitter:site\" content=\"@DarkaMaziLatini\" \/>\n<meta name=\"twitter:label1\" content=\"Written by\" \/>\n\t<meta name=\"twitter:data1\" content=\"darka mazi\" \/>\n\t<meta name=\"twitter:label2\" content=\"Est. reading time\" \/>\n\t<meta name=\"twitter:data2\" content=\"4 minutes\" \/>\n<script type=\"application\/ld+json\" class=\"seo-schema-graph\">{\"@context\":\"https:\\\/\\\/schema.org\",\"@graph\":[{\"@type\":\"Article\",\"@id\":\"https:\\\/\\\/darkamazi.info\\\/archives\\\/1051924#article\",\"isPartOf\":{\"@id\":\"https:\\\/\\\/darkamazi.info\\\/archives\\\/1051924\"},\"author\":{\"name\":\"darka mazi\",\"@id\":\"https:\\\/\\\/darkamazi.info\\\/#\\\/schema\\\/person\\\/5ad3e24553a0567993fa8ed4bd0a776c\"},\"headline\":\"R\u00eaber\u00ea nemir Mela Mistefa Barzan\u00ee 47 salan p\u00ea\u015f niha ko\u00e7a daw\u00ee kir\",\"datePublished\":\"2026-03-01T09:33:57+00:00\",\"mainEntityOfPage\":{\"@id\":\"https:\\\/\\\/darkamazi.info\\\/archives\\\/1051924\"},\"wordCount\":858,\"publisher\":{\"@id\":\"https:\\\/\\\/darkamazi.info\\\/#organization\"},\"image\":{\"@id\":\"https:\\\/\\\/darkamazi.info\\\/archives\\\/1051924#primaryimage\"},\"thumbnailUrl\":\"https:\\\/\\\/darkamazi.info\\\/darka-content\\\/uploads\\\/2026\\\/03\\\/mustefa-barzani.jpg\",\"keywords\":[\"sereke\"],\"articleSection\":[\"Kurdistan\"],\"inLanguage\":\"en-US\"},{\"@type\":\"WebPage\",\"@id\":\"https:\\\/\\\/darkamazi.info\\\/archives\\\/1051924\",\"url\":\"https:\\\/\\\/darkamazi.info\\\/archives\\\/1051924\",\"name\":\"R\u00eaber\u00ea nemir Mela Mistefa Barzan\u00ee 47 salan p\u00ea\u015f niha ko\u00e7a daw\u00ee kir - Darka Maz\u00ee\",\"isPartOf\":{\"@id\":\"https:\\\/\\\/darkamazi.info\\\/#website\"},\"primaryImageOfPage\":{\"@id\":\"https:\\\/\\\/darkamazi.info\\\/archives\\\/1051924#primaryimage\"},\"image\":{\"@id\":\"https:\\\/\\\/darkamazi.info\\\/archives\\\/1051924#primaryimage\"},\"thumbnailUrl\":\"https:\\\/\\\/darkamazi.info\\\/darka-content\\\/uploads\\\/2026\\\/03\\\/mustefa-barzani.jpg\",\"datePublished\":\"2026-03-01T09:33:57+00:00\",\"breadcrumb\":{\"@id\":\"https:\\\/\\\/darkamazi.info\\\/archives\\\/1051924#breadcrumb\"},\"inLanguage\":\"en-US\",\"potentialAction\":[{\"@type\":\"ReadAction\",\"target\":[\"https:\\\/\\\/darkamazi.info\\\/archives\\\/1051924\"]}]},{\"@type\":\"ImageObject\",\"inLanguage\":\"en-US\",\"@id\":\"https:\\\/\\\/darkamazi.info\\\/archives\\\/1051924#primaryimage\",\"url\":\"https:\\\/\\\/darkamazi.info\\\/darka-content\\\/uploads\\\/2026\\\/03\\\/mustefa-barzani.jpg\",\"contentUrl\":\"https:\\\/\\\/darkamazi.info\\\/darka-content\\\/uploads\\\/2026\\\/03\\\/mustefa-barzani.jpg\",\"width\":900,\"height\":497,\"caption\":\"R\u00eaber\u00ea nemir Mela Mistefa Barzan\u00ee 47 salan p\u00ea\u015f niha ko\u00e7a daw\u00ee kir\"},{\"@type\":\"BreadcrumbList\",\"@id\":\"https:\\\/\\\/darkamazi.info\\\/archives\\\/1051924#breadcrumb\",\"itemListElement\":[{\"@type\":\"ListItem\",\"position\":1,\"name\":\"Home\",\"item\":\"https:\\\/\\\/darkamazi.info\\\/\"},{\"@type\":\"ListItem\",\"position\":2,\"name\":\"R\u00eaber\u00ea nemir Mela Mistefa Barzan\u00ee 47 salan p\u00ea\u015f niha ko\u00e7a daw\u00ee kir\"}]},{\"@type\":\"WebSite\",\"@id\":\"https:\\\/\\\/darkamazi.info\\\/#website\",\"url\":\"https:\\\/\\\/darkamazi.info\\\/\",\"name\":\"Darka Maz\u00ee\",\"description\":\"P\u00eageha Zanyariy\u00ean Nebih\u00eest\u00ee\",\"publisher\":{\"@id\":\"https:\\\/\\\/darkamazi.info\\\/#organization\"},\"potentialAction\":[{\"@type\":\"SearchAction\",\"target\":{\"@type\":\"EntryPoint\",\"urlTemplate\":\"https:\\\/\\\/darkamazi.info\\\/?s={search_term_string}\"},\"query-input\":{\"@type\":\"PropertyValueSpecification\",\"valueRequired\":true,\"valueName\":\"search_term_string\"}}],\"inLanguage\":\"en-US\"},{\"@type\":\"Organization\",\"@id\":\"https:\\\/\\\/darkamazi.info\\\/#organization\",\"name\":\"Darka Maz\u00ee\",\"url\":\"https:\\\/\\\/darkamazi.info\\\/\",\"logo\":{\"@type\":\"ImageObject\",\"inLanguage\":\"en-US\",\"@id\":\"https:\\\/\\\/darkamazi.info\\\/#\\\/schema\\\/logo\\\/image\\\/\",\"url\":\"https:\\\/\\\/darkamazi.info\\\/darka-content\\\/uploads\\\/2017\\\/12\\\/darka-mazi-logo.png\",\"contentUrl\":\"https:\\\/\\\/darkamazi.info\\\/darka-content\\\/uploads\\\/2017\\\/12\\\/darka-mazi-logo.png\",\"width\":151,\"height\":75,\"caption\":\"Darka Maz\u00ee\"},\"image\":{\"@id\":\"https:\\\/\\\/darkamazi.info\\\/#\\\/schema\\\/logo\\\/image\\\/\"},\"sameAs\":[\"https:\\\/\\\/www.facebook.com\\\/DarMaziKurmanci\",\"https:\\\/\\\/x.com\\\/DarkaMaziLatini\",\"https:\\\/\\\/www.instagram.com\\\/darkamazi.kurmanci\\\/\",\"https:\\\/\\\/www.youtube.com\\\/channel\\\/UCa5HkTdmI8U1qCUFuTw8B2g\"]},{\"@type\":\"Person\",\"@id\":\"https:\\\/\\\/darkamazi.info\\\/#\\\/schema\\\/person\\\/5ad3e24553a0567993fa8ed4bd0a776c\",\"name\":\"darka mazi\",\"sameAs\":[\"https:\\\/\\\/darkamazi.info\\\/\"],\"url\":\"https:\\\/\\\/darkamazi.info\\\/archives\\\/author\\\/kurdi\"}]}<\/script>\n<!-- \/ Yoast SEO plugin. -->","seo_head_json":{"title":"R\u00eaber\u00ea nemir Mela Mistefa Barzan\u00ee 47 salan p\u00ea\u015f niha ko\u00e7a daw\u00ee kir - Darka Maz\u00ee","robots":{"index":"index","follow":"follow","max-snippet":"max-snippet:-1","max-image-preview":"max-image-preview:large","max-video-preview":"max-video-preview:-1"},"canonical":"https:\/\/darkamazi.info\/archives\/1051924","og_locale":"en_US","og_type":"article","og_title":"R\u00eaber\u00ea nemir Mela Mistefa Barzan\u00ee 47 salan p\u00ea\u015f niha ko\u00e7a daw\u00ee kir - Darka Maz\u00ee","og_description":"R\u00eaber\u00ea bizava rizgar\u00ee ya gel\u00ea kurd Mela Mistefa Barzan\u00ee, 47 sal ber\u00ea \u00fb di rojek\u00ee wek \u00eero de wefat kir. \u00cero roja 1\u00ea Adar\u00ea ye, 47em\u00een salvegera wefata r\u00eaber\u00ea mezin y\u00ea kurd \u00fb p\u00ea\u015feng\u00ea bizava rizgar\u00ee ya gel\u00ea kurd Mela Mistefa Barzan\u00ee ye. Mela Mistefa Barzan\u00ee kur\u00ea \u015f\u00eax Mihemed Barzan\u00ee ye, 14\u00ea Adara sala 1903 [&hellip;]","og_url":"https:\/\/darkamazi.info\/archives\/1051924","og_site_name":"Darka Maz\u00ee","article_publisher":"https:\/\/www.facebook.com\/DarMaziKurmanci","article_published_time":"2026-03-01T09:33:57+00:00","og_image":[{"width":900,"height":497,"url":"https:\/\/darkamazi.info\/file\/2026\/03\/mustefa-barzani.jpg","type":"image\/jpeg"}],"author":"darka mazi","twitter_card":"summary_large_image","twitter_creator":"@DarkaMaziLatini","twitter_site":"@DarkaMaziLatini","twitter_misc":{"Written by":"darka mazi","Est. reading time":"4 minutes"},"schema":{"@context":"https:\/\/schema.org","@graph":[{"@type":"Article","@id":"https:\/\/darkamazi.info\/archives\/1051924#article","isPartOf":{"@id":"https:\/\/darkamazi.info\/archives\/1051924"},"author":{"name":"darka mazi","@id":"https:\/\/darkamazi.info\/#\/schema\/person\/5ad3e24553a0567993fa8ed4bd0a776c"},"headline":"R\u00eaber\u00ea nemir Mela Mistefa Barzan\u00ee 47 salan p\u00ea\u015f niha ko\u00e7a daw\u00ee kir","datePublished":"2026-03-01T09:33:57+00:00","mainEntityOfPage":{"@id":"https:\/\/darkamazi.info\/archives\/1051924"},"wordCount":858,"publisher":{"@id":"https:\/\/darkamazi.info\/#organization"},"image":{"@id":"https:\/\/darkamazi.info\/archives\/1051924#primaryimage"},"thumbnailUrl":"https:\/\/darkamazi.info\/file\/2026\/03\/mustefa-barzani.jpg","keywords":["sereke"],"articleSection":["Kurdistan"],"inLanguage":"en-US"},{"@type":"WebPage","@id":"https:\/\/darkamazi.info\/archives\/1051924","url":"https:\/\/darkamazi.info\/archives\/1051924","name":"R\u00eaber\u00ea nemir Mela Mistefa Barzan\u00ee 47 salan p\u00ea\u015f niha ko\u00e7a daw\u00ee kir - Darka Maz\u00ee","isPartOf":{"@id":"https:\/\/darkamazi.info\/#website"},"primaryImageOfPage":{"@id":"https:\/\/darkamazi.info\/archives\/1051924#primaryimage"},"image":{"@id":"https:\/\/darkamazi.info\/archives\/1051924#primaryimage"},"thumbnailUrl":"https:\/\/darkamazi.info\/file\/2026\/03\/mustefa-barzani.jpg","datePublished":"2026-03-01T09:33:57+00:00","breadcrumb":{"@id":"https:\/\/darkamazi.info\/archives\/1051924#breadcrumb"},"inLanguage":"en-US","potentialAction":[{"@type":"ReadAction","target":["https:\/\/darkamazi.info\/archives\/1051924"]}]},{"@type":"ImageObject","inLanguage":"en-US","@id":"https:\/\/darkamazi.info\/archives\/1051924#primaryimage","url":"https:\/\/darkamazi.info\/file\/2026\/03\/mustefa-barzani.jpg","contentUrl":"https:\/\/darkamazi.info\/file\/2026\/03\/mustefa-barzani.jpg","width":900,"height":497,"caption":"R\u00eaber\u00ea nemir Mela Mistefa Barzan\u00ee 47 salan p\u00ea\u015f niha ko\u00e7a daw\u00ee kir"},{"@type":"BreadcrumbList","@id":"https:\/\/darkamazi.info\/archives\/1051924#breadcrumb","itemListElement":[{"@type":"ListItem","position":1,"name":"Home","item":"https:\/\/darkamazi.info\/"},{"@type":"ListItem","position":2,"name":"R\u00eaber\u00ea nemir Mela Mistefa Barzan\u00ee 47 salan p\u00ea\u015f niha ko\u00e7a daw\u00ee kir"}]},{"@type":"WebSite","@id":"https:\/\/darkamazi.info\/#website","url":"https:\/\/darkamazi.info\/","name":"Darka Maz\u00ee","description":"P\u00eageha Zanyariy\u00ean Nebih\u00eest\u00ee","publisher":{"@id":"https:\/\/darkamazi.info\/#organization"},"potentialAction":[{"@type":"SearchAction","target":{"@type":"EntryPoint","urlTemplate":"https:\/\/darkamazi.info\/?s={search_term_string}"},"query-input":{"@type":"PropertyValueSpecification","valueRequired":true,"valueName":"search_term_string"}}],"inLanguage":"en-US"},{"@type":"Organization","@id":"https:\/\/darkamazi.info\/#organization","name":"Darka Maz\u00ee","url":"https:\/\/darkamazi.info\/","logo":{"@type":"ImageObject","inLanguage":"en-US","@id":"https:\/\/darkamazi.info\/#\/schema\/logo\/image\/","url":"https:\/\/darkamazi.info\/file\/2017\/12\/darka-mazi-logo.png","contentUrl":"https:\/\/darkamazi.info\/file\/2017\/12\/darka-mazi-logo.png","width":151,"height":75,"caption":"Darka Maz\u00ee"},"image":{"@id":"https:\/\/darkamazi.info\/#\/schema\/logo\/image\/"},"sameAs":["https:\/\/www.facebook.com\/DarMaziKurmanci","https:\/\/x.com\/DarkaMaziLatini","https:\/\/www.instagram.com\/darkamazi.kurmanci\/","https:\/\/www.youtube.com\/channel\/UCa5HkTdmI8U1qCUFuTw8B2g"]},{"@type":"Person","@id":"https:\/\/darkamazi.info\/#\/schema\/person\/5ad3e24553a0567993fa8ed4bd0a776c","name":"darka mazi","sameAs":["https:\/\/darkamazi.info\/"],"url":"https:\/\/darkamazi.info\/archives\/author\/kurdi"}]}},"_links":{"self":[{"href":"https:\/\/darkamazi.info\/funavuv\/wp\/v2\/posts\/1051924","targetHints":{"allow":["GET"]}}],"collection":[{"href":"https:\/\/darkamazi.info\/funavuv\/wp\/v2\/posts"}],"about":[{"href":"https:\/\/darkamazi.info\/funavuv\/wp\/v2\/types\/post"}],"author":[{"embeddable":true,"href":"https:\/\/darkamazi.info\/funavuv\/wp\/v2\/users\/2"}],"replies":[{"embeddable":true,"href":"https:\/\/darkamazi.info\/funavuv\/wp\/v2\/comments?post=1051924"}],"version-history":[{"count":0,"href":"https:\/\/darkamazi.info\/funavuv\/wp\/v2\/posts\/1051924\/revisions"}],"wp:featuredmedia":[{"embeddable":true,"href":"https:\/\/darkamazi.info\/funavuv\/wp\/v2\/media\/1051925"}],"wp:attachment":[{"href":"https:\/\/darkamazi.info\/funavuv\/wp\/v2\/media?parent=1051924"}],"wp:term":[{"taxonomy":"category","embeddable":true,"href":"https:\/\/darkamazi.info\/funavuv\/wp\/v2\/categories?post=1051924"},{"taxonomy":"post_tag","embeddable":true,"href":"https:\/\/darkamazi.info\/funavuv\/wp\/v2\/tags?post=1051924"}],"curies":[{"name":"wp","href":"https:\/\/api.w.org\/{rel}","templated":true}]}}