{"id":1051941,"date":"2026-03-03T11:55:05","date_gmt":"2026-03-03T08:55:05","guid":{"rendered":"https:\/\/darkamazi.info\/?p=1051941"},"modified":"2026-03-03T11:55:05","modified_gmt":"2026-03-03T08:55:05","slug":"wezareta-pesmerge-ti-eris-li-ser-hezen-me-nehatine-kirin","status":"publish","type":"post","link":"https:\/\/darkamazi.info\/archives\/1051941","title":{"rendered":"Wezareta P\u00ea\u015fmerge: Ti \u00ear\u00ee\u015f li ser h\u00eaz\u00ean me nehatine kirin"},"content":{"rendered":"<h3 style=\"text-align: justify\"><span style=\"font-family: 'arial black', sans-serif\">J\u00eaderek\u00ee ji Wezareta P\u00ea\u015fmerge ragihand, ti \u00ear\u00ee\u015fek li ser h\u00eaz\u00ean P\u00ea\u015fmerge nehatiye kirin \u00fb n\u00fb\u00e7ey\u00ean di v\u00ea bar\u00ea de ne rast in.<\/span><\/h3>\n<h3 style=\"text-align: justify\"><span style=\"font-family: arial, helvetica, sans-serif\">J\u00eaderek\u00ee ji Wezareta P\u00ea\u015fmerge \u00eero 3\u00ea Adar\u00ea ji Kurdistan24\u00ea re e\u015fkere kir ku &#8220;ti \u00ear\u00ee\u015f li ser h\u00eaz\u00ean P\u00ea\u015fmerge nehatine kirin.&#8221;<\/span><\/h3>\n<h3 style=\"text-align: justify\"><span style=\"font-family: 'arial black', sans-serif\">\u00car\u00ee\u015fa li Pird\u00ea ne li dij\u00ee P\u00ea\u015fmerge b\u00fb<\/span><\/h3>\n<h3 style=\"text-align: justify\"><span style=\"font-family: arial, helvetica, sans-serif\">Heman j\u00eader\u00ee bal ki\u015fand ser \u00ear\u00ee\u015fa duh a li devera Pird\u00ea \u00fb got: &#8220;Ten\u00ea duh li Pird\u00ea \u00ear\u00ee\u015fek (teq\u00eenek) \u00e7\u00eab\u00fb, l\u00ea ew ne li dij\u00ee h\u00eaz\u00ean P\u00ea\u015fmerge b\u00fb. Ew \u00ear\u00ee\u015f li her\u00eameke vala ketiye, lewma em nikarin bib\u00eajin ku armanca w\u00ea h\u00eaz\u00ean P\u00ea\u015fmerge b\u00fb.&#8221;<\/span><\/h3>\n<h3 style=\"text-align: justify\"><span style=\"font-family: arial, helvetica, sans-serif\">Ev daxuyan\u00ee di demek\u00ea de t\u00ea, ji ber rage\u015fiy\u00ean le\u015fker\u00ee y\u00ean li her\u00eam\u00ea, gelek n\u00fb\u00e7ey\u00ean derbar\u00ea \u00ear\u00ee\u015f\u00ean ser binkey\u00ean le\u015fker\u00ee de t\u00ean belavkirin, l\u00ea Wezareta P\u00ea\u015fmerge aram\u00ee \u00fb silametiya h\u00eaz\u00ean xwe li hem\u00fb eniyan pi\u015ftrast dike.<\/span><\/h3>\n","protected":false},"excerpt":{"rendered":"<p>J\u00eaderek\u00ee ji Wezareta P\u00ea\u015fmerge ragihand, ti \u00ear\u00ee\u015fek li ser h\u00eaz\u00ean P\u00ea\u015fmerge nehatiye kirin \u00fb n\u00fb\u00e7ey\u00ean di v\u00ea bar\u00ea de ne rast in. J\u00eaderek\u00ee ji Wezareta P\u00ea\u015fmerge \u00eero 3\u00ea Adar\u00ea ji Kurdistan24\u00ea re e\u015fkere kir ku &#8220;ti \u00ear\u00ee\u015f li ser h\u00eaz\u00ean P\u00ea\u015fmerge nehatine kirin.&#8221; \u00car\u00ee\u015fa li Pird\u00ea ne li dij\u00ee P\u00ea\u015fmerge b\u00fb Heman j\u00eader\u00ee bal ki\u015fand [&hellip;]<\/p>\n","protected":false},"author":2,"featured_media":1036533,"comment_status":"closed","ping_status":"closed","sticky":false,"template":"","format":"standard","meta":{"footnotes":""},"categories":[29],"tags":[37],"class_list":["post-1051941","post","type-post","status-publish","format-standard","has-post-thumbnail","hentry","category-kurdistan","tag-sereke"],"blocksy_meta":[],"seo_head":"<!-- This site is optimized with the Yoast SEO plugin v27.5 - https:\/\/yoast.com\/product\/yoast-seo-wordpress\/ -->\n<title>Wezareta P\u00ea\u015fmerge: Ti \u00ear\u00ee\u015f li ser h\u00eaz\u00ean me nehatine kirin - Darka Maz\u00ee<\/title>\n<meta name=\"robots\" content=\"index, follow, max-snippet:-1, max-image-preview:large, max-video-preview:-1\" \/>\n<link rel=\"canonical\" href=\"https:\/\/darkamazi.info\/archives\/1051941\" \/>\n<meta property=\"og:locale\" content=\"en_US\" \/>\n<meta property=\"og:type\" content=\"article\" \/>\n<meta property=\"og:title\" content=\"Wezareta P\u00ea\u015fmerge: Ti \u00ear\u00ee\u015f li ser h\u00eaz\u00ean me nehatine kirin - Darka Maz\u00ee\" \/>\n<meta property=\"og:description\" content=\"J\u00eaderek\u00ee ji Wezareta P\u00ea\u015fmerge ragihand, ti \u00ear\u00ee\u015fek li ser h\u00eaz\u00ean P\u00ea\u015fmerge nehatiye kirin \u00fb n\u00fb\u00e7ey\u00ean di v\u00ea bar\u00ea de ne rast in. J\u00eaderek\u00ee ji Wezareta P\u00ea\u015fmerge \u00eero 3\u00ea Adar\u00ea ji Kurdistan24\u00ea re e\u015fkere kir ku &#8220;ti \u00ear\u00ee\u015f li ser h\u00eaz\u00ean P\u00ea\u015fmerge nehatine kirin.&#8221; \u00car\u00ee\u015fa li Pird\u00ea ne li dij\u00ee P\u00ea\u015fmerge b\u00fb Heman j\u00eader\u00ee bal ki\u015fand [&hellip;]\" \/>\n<meta property=\"og:url\" content=\"https:\/\/darkamazi.info\/archives\/1051941\" \/>\n<meta property=\"og:site_name\" content=\"Darka Maz\u00ee\" \/>\n<meta property=\"article:publisher\" content=\"https:\/\/www.facebook.com\/DarMaziKurmanci\" \/>\n<meta property=\"article:published_time\" content=\"2026-03-03T08:55:05+00:00\" \/>\n<meta property=\"og:image\" content=\"https:\/\/darkamazi.info\/file\/2023\/05\/peshmarga-1.jpg\" \/>\n\t<meta property=\"og:image:width\" content=\"710\" \/>\n\t<meta property=\"og:image:height\" content=\"392\" \/>\n\t<meta property=\"og:image:type\" content=\"image\/jpeg\" \/>\n<meta name=\"author\" content=\"darka mazi\" \/>\n<meta name=\"twitter:card\" content=\"summary_large_image\" \/>\n<meta name=\"twitter:creator\" content=\"@DarkaMaziLatini\" \/>\n<meta name=\"twitter:site\" content=\"@DarkaMaziLatini\" \/>\n<meta name=\"twitter:label1\" content=\"Written by\" \/>\n\t<meta name=\"twitter:data1\" content=\"darka mazi\" \/>\n\t<meta name=\"twitter:label2\" content=\"Est. reading time\" \/>\n\t<meta name=\"twitter:data2\" content=\"1 minute\" \/>\n<script type=\"application\/ld+json\" class=\"seo-schema-graph\">{\"@context\":\"https:\\\/\\\/schema.org\",\"@graph\":[{\"@type\":\"Article\",\"@id\":\"https:\\\/\\\/darkamazi.info\\\/archives\\\/1051941#article\",\"isPartOf\":{\"@id\":\"https:\\\/\\\/darkamazi.info\\\/archives\\\/1051941\"},\"author\":{\"name\":\"darka mazi\",\"@id\":\"https:\\\/\\\/darkamazi.info\\\/#\\\/schema\\\/person\\\/5ad3e24553a0567993fa8ed4bd0a776c\"},\"headline\":\"Wezareta P\u00ea\u015fmerge: Ti \u00ear\u00ee\u015f li ser h\u00eaz\u00ean me nehatine kirin\",\"datePublished\":\"2026-03-03T08:55:05+00:00\",\"mainEntityOfPage\":{\"@id\":\"https:\\\/\\\/darkamazi.info\\\/archives\\\/1051941\"},\"wordCount\":184,\"publisher\":{\"@id\":\"https:\\\/\\\/darkamazi.info\\\/#organization\"},\"image\":{\"@id\":\"https:\\\/\\\/darkamazi.info\\\/archives\\\/1051941#primaryimage\"},\"thumbnailUrl\":\"https:\\\/\\\/darkamazi.info\\\/darka-content\\\/uploads\\\/2023\\\/05\\\/peshmarga-1.jpg\",\"keywords\":[\"sereke\"],\"articleSection\":[\"Kurdistan\"],\"inLanguage\":\"en-US\"},{\"@type\":\"WebPage\",\"@id\":\"https:\\\/\\\/darkamazi.info\\\/archives\\\/1051941\",\"url\":\"https:\\\/\\\/darkamazi.info\\\/archives\\\/1051941\",\"name\":\"Wezareta P\u00ea\u015fmerge: Ti \u00ear\u00ee\u015f li ser h\u00eaz\u00ean me nehatine kirin - Darka Maz\u00ee\",\"isPartOf\":{\"@id\":\"https:\\\/\\\/darkamazi.info\\\/#website\"},\"primaryImageOfPage\":{\"@id\":\"https:\\\/\\\/darkamazi.info\\\/archives\\\/1051941#primaryimage\"},\"image\":{\"@id\":\"https:\\\/\\\/darkamazi.info\\\/archives\\\/1051941#primaryimage\"},\"thumbnailUrl\":\"https:\\\/\\\/darkamazi.info\\\/darka-content\\\/uploads\\\/2023\\\/05\\\/peshmarga-1.jpg\",\"datePublished\":\"2026-03-03T08:55:05+00:00\",\"breadcrumb\":{\"@id\":\"https:\\\/\\\/darkamazi.info\\\/archives\\\/1051941#breadcrumb\"},\"inLanguage\":\"en-US\",\"potentialAction\":[{\"@type\":\"ReadAction\",\"target\":[\"https:\\\/\\\/darkamazi.info\\\/archives\\\/1051941\"]}]},{\"@type\":\"ImageObject\",\"inLanguage\":\"en-US\",\"@id\":\"https:\\\/\\\/darkamazi.info\\\/archives\\\/1051941#primaryimage\",\"url\":\"https:\\\/\\\/darkamazi.info\\\/darka-content\\\/uploads\\\/2023\\\/05\\\/peshmarga-1.jpg\",\"contentUrl\":\"https:\\\/\\\/darkamazi.info\\\/darka-content\\\/uploads\\\/2023\\\/05\\\/peshmarga-1.jpg\",\"width\":710,\"height\":392,\"caption\":\"Wezareta P\u00ea\u015fmerge: Ti \u00ear\u00ee\u015f li ser h\u00eaz\u00ean me nehatine kirin J\u00eaderek\u00ee ji Wezareta P\u00ea\u015fmerge ragihand, ti \u00ear\u00ee\u015fek li ser h\u00eaz\u00ean P\u00ea\u015fmerge nehatiye kirin \u00fb n\u00fb\u00e7ey\u00ean di v\u00ea bar\u00ea de ne rast in. J\u00eaderek\u00ee ji Wezareta P\u00ea\u015fmerge \u00eero 3\u00ea Adar\u00ea ji Kurdistan24\u00ea re e\u015fkere kir ku \\\"ti \u00ear\u00ee\u015f li ser h\u00eaz\u00ean P\u00ea\u015fmerge nehatine kirin.\\\" \u00car\u00ee\u015fa li Pird\u00ea ne li dij\u00ee P\u00ea\u015fmerge b\u00fb Heman j\u00eader\u00ee bal ki\u015fand ser \u00ear\u00ee\u015fa duh a li devera Pird\u00ea \u00fb got: \\\"Ten\u00ea duh li Pird\u00ea \u00ear\u00ee\u015fek (teq\u00eenek) \u00e7\u00eab\u00fb, l\u00ea ew ne li dij\u00ee h\u00eaz\u00ean P\u00ea\u015fmerge b\u00fb. Ew \u00ear\u00ee\u015f li her\u00eameke vala ketiye, lewma em nikarin bib\u00eajin ku armanca w\u00ea h\u00eaz\u00ean P\u00ea\u015fmerge b\u00fb.\\\" Ev daxuyan\u00ee di demek\u00ea de t\u00ea, ji ber rage\u015fiy\u00ean le\u015fker\u00ee y\u00ean li her\u00eam\u00ea, gelek n\u00fb\u00e7ey\u00ean derbar\u00ea \u00ear\u00ee\u015f\u00ean ser binkey\u00ean le\u015fker\u00ee de t\u00ean belavkirin, l\u00ea Wezareta P\u00ea\u015fmerge aram\u00ee \u00fb silametiya h\u00eaz\u00ean xwe li hem\u00fb eniyan pi\u015ftrast dike.\"},{\"@type\":\"BreadcrumbList\",\"@id\":\"https:\\\/\\\/darkamazi.info\\\/archives\\\/1051941#breadcrumb\",\"itemListElement\":[{\"@type\":\"ListItem\",\"position\":1,\"name\":\"Home\",\"item\":\"https:\\\/\\\/darkamazi.info\\\/\"},{\"@type\":\"ListItem\",\"position\":2,\"name\":\"Wezareta P\u00ea\u015fmerge: Ti \u00ear\u00ee\u015f li ser h\u00eaz\u00ean me nehatine kirin\"}]},{\"@type\":\"WebSite\",\"@id\":\"https:\\\/\\\/darkamazi.info\\\/#website\",\"url\":\"https:\\\/\\\/darkamazi.info\\\/\",\"name\":\"Darka Maz\u00ee\",\"description\":\"P\u00eageha Zanyariy\u00ean Nebih\u00eest\u00ee\",\"publisher\":{\"@id\":\"https:\\\/\\\/darkamazi.info\\\/#organization\"},\"potentialAction\":[{\"@type\":\"SearchAction\",\"target\":{\"@type\":\"EntryPoint\",\"urlTemplate\":\"https:\\\/\\\/darkamazi.info\\\/?s={search_term_string}\"},\"query-input\":{\"@type\":\"PropertyValueSpecification\",\"valueRequired\":true,\"valueName\":\"search_term_string\"}}],\"inLanguage\":\"en-US\"},{\"@type\":\"Organization\",\"@id\":\"https:\\\/\\\/darkamazi.info\\\/#organization\",\"name\":\"Darka Maz\u00ee\",\"url\":\"https:\\\/\\\/darkamazi.info\\\/\",\"logo\":{\"@type\":\"ImageObject\",\"inLanguage\":\"en-US\",\"@id\":\"https:\\\/\\\/darkamazi.info\\\/#\\\/schema\\\/logo\\\/image\\\/\",\"url\":\"https:\\\/\\\/darkamazi.info\\\/darka-content\\\/uploads\\\/2017\\\/12\\\/darka-mazi-logo.png\",\"contentUrl\":\"https:\\\/\\\/darkamazi.info\\\/darka-content\\\/uploads\\\/2017\\\/12\\\/darka-mazi-logo.png\",\"width\":151,\"height\":75,\"caption\":\"Darka Maz\u00ee\"},\"image\":{\"@id\":\"https:\\\/\\\/darkamazi.info\\\/#\\\/schema\\\/logo\\\/image\\\/\"},\"sameAs\":[\"https:\\\/\\\/www.facebook.com\\\/DarMaziKurmanci\",\"https:\\\/\\\/x.com\\\/DarkaMaziLatini\",\"https:\\\/\\\/www.instagram.com\\\/darkamazi.kurmanci\\\/\",\"https:\\\/\\\/www.youtube.com\\\/channel\\\/UCa5HkTdmI8U1qCUFuTw8B2g\"]},{\"@type\":\"Person\",\"@id\":\"https:\\\/\\\/darkamazi.info\\\/#\\\/schema\\\/person\\\/5ad3e24553a0567993fa8ed4bd0a776c\",\"name\":\"darka mazi\",\"sameAs\":[\"https:\\\/\\\/darkamazi.info\\\/\"],\"url\":\"https:\\\/\\\/darkamazi.info\\\/archives\\\/author\\\/kurdi\"}]}<\/script>\n<!-- \/ Yoast SEO plugin. -->","seo_head_json":{"title":"Wezareta P\u00ea\u015fmerge: Ti \u00ear\u00ee\u015f li ser h\u00eaz\u00ean me nehatine kirin - Darka Maz\u00ee","robots":{"index":"index","follow":"follow","max-snippet":"max-snippet:-1","max-image-preview":"max-image-preview:large","max-video-preview":"max-video-preview:-1"},"canonical":"https:\/\/darkamazi.info\/archives\/1051941","og_locale":"en_US","og_type":"article","og_title":"Wezareta P\u00ea\u015fmerge: Ti \u00ear\u00ee\u015f li ser h\u00eaz\u00ean me nehatine kirin - Darka Maz\u00ee","og_description":"J\u00eaderek\u00ee ji Wezareta P\u00ea\u015fmerge ragihand, ti \u00ear\u00ee\u015fek li ser h\u00eaz\u00ean P\u00ea\u015fmerge nehatiye kirin \u00fb n\u00fb\u00e7ey\u00ean di v\u00ea bar\u00ea de ne rast in. J\u00eaderek\u00ee ji Wezareta P\u00ea\u015fmerge \u00eero 3\u00ea Adar\u00ea ji Kurdistan24\u00ea re e\u015fkere kir ku &#8220;ti \u00ear\u00ee\u015f li ser h\u00eaz\u00ean P\u00ea\u015fmerge nehatine kirin.&#8221; \u00car\u00ee\u015fa li Pird\u00ea ne li dij\u00ee P\u00ea\u015fmerge b\u00fb Heman j\u00eader\u00ee bal ki\u015fand [&hellip;]","og_url":"https:\/\/darkamazi.info\/archives\/1051941","og_site_name":"Darka Maz\u00ee","article_publisher":"https:\/\/www.facebook.com\/DarMaziKurmanci","article_published_time":"2026-03-03T08:55:05+00:00","og_image":[{"width":710,"height":392,"url":"https:\/\/darkamazi.info\/file\/2023\/05\/peshmarga-1.jpg","type":"image\/jpeg"}],"author":"darka mazi","twitter_card":"summary_large_image","twitter_creator":"@DarkaMaziLatini","twitter_site":"@DarkaMaziLatini","twitter_misc":{"Written by":"darka mazi","Est. reading time":"1 minute"},"schema":{"@context":"https:\/\/schema.org","@graph":[{"@type":"Article","@id":"https:\/\/darkamazi.info\/archives\/1051941#article","isPartOf":{"@id":"https:\/\/darkamazi.info\/archives\/1051941"},"author":{"name":"darka mazi","@id":"https:\/\/darkamazi.info\/#\/schema\/person\/5ad3e24553a0567993fa8ed4bd0a776c"},"headline":"Wezareta P\u00ea\u015fmerge: Ti \u00ear\u00ee\u015f li ser h\u00eaz\u00ean me nehatine kirin","datePublished":"2026-03-03T08:55:05+00:00","mainEntityOfPage":{"@id":"https:\/\/darkamazi.info\/archives\/1051941"},"wordCount":184,"publisher":{"@id":"https:\/\/darkamazi.info\/#organization"},"image":{"@id":"https:\/\/darkamazi.info\/archives\/1051941#primaryimage"},"thumbnailUrl":"https:\/\/darkamazi.info\/file\/2023\/05\/peshmarga-1.jpg","keywords":["sereke"],"articleSection":["Kurdistan"],"inLanguage":"en-US"},{"@type":"WebPage","@id":"https:\/\/darkamazi.info\/archives\/1051941","url":"https:\/\/darkamazi.info\/archives\/1051941","name":"Wezareta P\u00ea\u015fmerge: Ti \u00ear\u00ee\u015f li ser h\u00eaz\u00ean me nehatine kirin - Darka Maz\u00ee","isPartOf":{"@id":"https:\/\/darkamazi.info\/#website"},"primaryImageOfPage":{"@id":"https:\/\/darkamazi.info\/archives\/1051941#primaryimage"},"image":{"@id":"https:\/\/darkamazi.info\/archives\/1051941#primaryimage"},"thumbnailUrl":"https:\/\/darkamazi.info\/file\/2023\/05\/peshmarga-1.jpg","datePublished":"2026-03-03T08:55:05+00:00","breadcrumb":{"@id":"https:\/\/darkamazi.info\/archives\/1051941#breadcrumb"},"inLanguage":"en-US","potentialAction":[{"@type":"ReadAction","target":["https:\/\/darkamazi.info\/archives\/1051941"]}]},{"@type":"ImageObject","inLanguage":"en-US","@id":"https:\/\/darkamazi.info\/archives\/1051941#primaryimage","url":"https:\/\/darkamazi.info\/file\/2023\/05\/peshmarga-1.jpg","contentUrl":"https:\/\/darkamazi.info\/file\/2023\/05\/peshmarga-1.jpg","width":710,"height":392,"caption":"Wezareta P\u00ea\u015fmerge: Ti \u00ear\u00ee\u015f li ser h\u00eaz\u00ean me nehatine kirin J\u00eaderek\u00ee ji Wezareta P\u00ea\u015fmerge ragihand, ti \u00ear\u00ee\u015fek li ser h\u00eaz\u00ean P\u00ea\u015fmerge nehatiye kirin \u00fb n\u00fb\u00e7ey\u00ean di v\u00ea bar\u00ea de ne rast in. J\u00eaderek\u00ee ji Wezareta P\u00ea\u015fmerge \u00eero 3\u00ea Adar\u00ea ji Kurdistan24\u00ea re e\u015fkere kir ku \"ti \u00ear\u00ee\u015f li ser h\u00eaz\u00ean P\u00ea\u015fmerge nehatine kirin.\" \u00car\u00ee\u015fa li Pird\u00ea ne li dij\u00ee P\u00ea\u015fmerge b\u00fb Heman j\u00eader\u00ee bal ki\u015fand ser \u00ear\u00ee\u015fa duh a li devera Pird\u00ea \u00fb got: \"Ten\u00ea duh li Pird\u00ea \u00ear\u00ee\u015fek (teq\u00eenek) \u00e7\u00eab\u00fb, l\u00ea ew ne li dij\u00ee h\u00eaz\u00ean P\u00ea\u015fmerge b\u00fb. Ew \u00ear\u00ee\u015f li her\u00eameke vala ketiye, lewma em nikarin bib\u00eajin ku armanca w\u00ea h\u00eaz\u00ean P\u00ea\u015fmerge b\u00fb.\" Ev daxuyan\u00ee di demek\u00ea de t\u00ea, ji ber rage\u015fiy\u00ean le\u015fker\u00ee y\u00ean li her\u00eam\u00ea, gelek n\u00fb\u00e7ey\u00ean derbar\u00ea \u00ear\u00ee\u015f\u00ean ser binkey\u00ean le\u015fker\u00ee de t\u00ean belavkirin, l\u00ea Wezareta P\u00ea\u015fmerge aram\u00ee \u00fb silametiya h\u00eaz\u00ean xwe li hem\u00fb eniyan pi\u015ftrast dike."},{"@type":"BreadcrumbList","@id":"https:\/\/darkamazi.info\/archives\/1051941#breadcrumb","itemListElement":[{"@type":"ListItem","position":1,"name":"Home","item":"https:\/\/darkamazi.info\/"},{"@type":"ListItem","position":2,"name":"Wezareta P\u00ea\u015fmerge: Ti \u00ear\u00ee\u015f li ser h\u00eaz\u00ean me nehatine kirin"}]},{"@type":"WebSite","@id":"https:\/\/darkamazi.info\/#website","url":"https:\/\/darkamazi.info\/","name":"Darka Maz\u00ee","description":"P\u00eageha Zanyariy\u00ean Nebih\u00eest\u00ee","publisher":{"@id":"https:\/\/darkamazi.info\/#organization"},"potentialAction":[{"@type":"SearchAction","target":{"@type":"EntryPoint","urlTemplate":"https:\/\/darkamazi.info\/?s={search_term_string}"},"query-input":{"@type":"PropertyValueSpecification","valueRequired":true,"valueName":"search_term_string"}}],"inLanguage":"en-US"},{"@type":"Organization","@id":"https:\/\/darkamazi.info\/#organization","name":"Darka Maz\u00ee","url":"https:\/\/darkamazi.info\/","logo":{"@type":"ImageObject","inLanguage":"en-US","@id":"https:\/\/darkamazi.info\/#\/schema\/logo\/image\/","url":"https:\/\/darkamazi.info\/file\/2017\/12\/darka-mazi-logo.png","contentUrl":"https:\/\/darkamazi.info\/file\/2017\/12\/darka-mazi-logo.png","width":151,"height":75,"caption":"Darka Maz\u00ee"},"image":{"@id":"https:\/\/darkamazi.info\/#\/schema\/logo\/image\/"},"sameAs":["https:\/\/www.facebook.com\/DarMaziKurmanci","https:\/\/x.com\/DarkaMaziLatini","https:\/\/www.instagram.com\/darkamazi.kurmanci\/","https:\/\/www.youtube.com\/channel\/UCa5HkTdmI8U1qCUFuTw8B2g"]},{"@type":"Person","@id":"https:\/\/darkamazi.info\/#\/schema\/person\/5ad3e24553a0567993fa8ed4bd0a776c","name":"darka mazi","sameAs":["https:\/\/darkamazi.info\/"],"url":"https:\/\/darkamazi.info\/archives\/author\/kurdi"}]}},"_links":{"self":[{"href":"https:\/\/darkamazi.info\/funavuv\/wp\/v2\/posts\/1051941","targetHints":{"allow":["GET"]}}],"collection":[{"href":"https:\/\/darkamazi.info\/funavuv\/wp\/v2\/posts"}],"about":[{"href":"https:\/\/darkamazi.info\/funavuv\/wp\/v2\/types\/post"}],"author":[{"embeddable":true,"href":"https:\/\/darkamazi.info\/funavuv\/wp\/v2\/users\/2"}],"replies":[{"embeddable":true,"href":"https:\/\/darkamazi.info\/funavuv\/wp\/v2\/comments?post=1051941"}],"version-history":[{"count":0,"href":"https:\/\/darkamazi.info\/funavuv\/wp\/v2\/posts\/1051941\/revisions"}],"wp:featuredmedia":[{"embeddable":true,"href":"https:\/\/darkamazi.info\/funavuv\/wp\/v2\/media\/1036533"}],"wp:attachment":[{"href":"https:\/\/darkamazi.info\/funavuv\/wp\/v2\/media?parent=1051941"}],"wp:term":[{"taxonomy":"category","embeddable":true,"href":"https:\/\/darkamazi.info\/funavuv\/wp\/v2\/categories?post=1051941"},{"taxonomy":"post_tag","embeddable":true,"href":"https:\/\/darkamazi.info\/funavuv\/wp\/v2\/tags?post=1051941"}],"curies":[{"name":"wp","href":"https:\/\/api.w.org\/{rel}","templated":true}]}}