{"id":1051949,"date":"2026-03-03T16:54:11","date_gmt":"2026-03-03T13:54:11","guid":{"rendered":"https:\/\/darkamazi.info\/?p=1051949"},"modified":"2026-03-03T16:54:11","modified_gmt":"2026-03-03T13:54:11","slug":"tevgera-soresgeren-ararate-peyameke-ji-gele-rojhilat-re-disine","status":"publish","type":"post","link":"https:\/\/darkamazi.info\/archives\/1051949","title":{"rendered":"Tevgera \u015eore\u015fger\u00ean Ararat\u00ea peyamek\u00ea ji gel\u00ea Rojhilat re di\u015f\u00eene"},"content":{"rendered":"<h3 style=\"text-align: justify\"><span style=\"font-family: 'arial black', sans-serif\">Tevgera \u015eore\u015fger\u00ean Ararat\u00ea di derbar\u00ea rew\u015fa \u00ceran \u00fb Rojhilat\u00ea Kurdistan\u00ea de daxuyaniyek ji bo raya gi\u015ft\u00ee parve kir \u00fb t\u00ea de ragihand, &#8220;PJAK ne partiyeke Rojhilat\u00ea Kurdistan\u00ea ye loma rej\u00eema \u00ceran\u00ea dixwaze bajar \u00fb gund\u00ean Rojhilat\u00ea Kurdistan\u00ea radest\u00ee PJAK \u015faxeya PKK\u2019\u00ea bike, heta ku partiy\u00ean resen\u00ean Rojhilat \u00ead\u00ee li her\u00eam\u00ea serdest nebin.&#8221;<\/span><\/h3>\n<h3 style=\"text-align: justify\">Daxuyaniya niv\u00eesk\u00ee ya Tevgera \u015eore\u015fger\u00ean Kurdistan\u00ea ku w\u00eaneyek j\u00ea ji boy r\u00fbpela Darka Maz\u00ee \u015fandiye bi v\u00ee awa ye:<\/h3>\n<h3 style=\"text-align: justify\"><span style=\"font-family: 'arial black', sans-serif\">Peyam ji bo Xelk\u00ea Rojhilat\u00ea Kurdistan\u00ea .<\/span><\/h3>\n<h3 style=\"text-align: justify\">Hilwe\u015f\u00eena rej\u00eema d\u00eektator\u00ee ya \u00ceran\u00ea n\u00eaz\u00eek e.<\/h3>\n<h3 style=\"text-align: justify\">Rej\u00eema \u00ceran\u00ea dixwaze bajar \u00fb gund\u00ean rojhilat\u00ea Kurdistan\u00ea radest\u00ee PJAK \u015eaxeya PKK\u00ea bike.<\/h3>\n<h3 style=\"text-align: justify\">Heta ku partiy\u00ean resen\u00ean Rojhilat \u00ead\u00ee li her\u00eam\u00ea serdest nebin.<\/h3>\n<h3 style=\"text-align: justify\">L\u00ea mixabin, \u00e7ar part\u00eey\u00ean Rojhilat\u00ea Kurdistan\u00ea bi koma PJAK re eniyeke hevpar ava kirine.<\/h3>\n<h3 style=\"text-align: justify\">Van partiyan hem\u00fbyan t\u00eako\u015f\u00eeneke \u015fore\u015fger\u00ee \u00fb d\u00eerok\u00ee dane. P\u00eaw\u00eest\u00ee bi w\u00ea yek\u00ea tuneb\u00fb ku ew di heman eniy\u00ea de bi koma PJAK re bin.<\/h3>\n<h3 style=\"text-align: justify\">Ji ber sedema j\u00ear\u00een :<\/h3>\n<h3 style=\"text-align: justify\">1-PJAK ne partiyek\u00ee Rojhilat\u00ea Kurdistan\u00ea ye, ew \u015faxeke PKK\u00ea ye \u00fb ji aliy\u00ea rej\u00eema \u00ceran\u00ea ve hatiye damezrandin.<\/h3>\n<h3 style=\"text-align: justify\">2- PJAK baweriya xwe bi pirsgir\u00eaka Kurd nayne \u00fb heta li dij\u00ee v\u00ea yek\u00ea derdikeve.<\/h3>\n<h3 style=\"text-align: justify\">3- PJAK heta niha bi sedan zarok\u00ean di bin temen\u00ea 18 sal\u00ee de revandine \u00fb ji bo ku\u015ftin\u00ea \u015fandine eniya \u015fer.<\/h3>\n<h3 style=\"text-align: justify\">4-PJAK li ser s\u00eenor\u00ean Kurdistan\u00ea qa\u00e7ax\u00e7\u00eeyek mirovan \u00fb madey\u00ean hi\u015fber e, ne partiyek siyas\u00ee ye.<\/h3>\n<h3 style=\"text-align: justify\">5-PJAK xwed\u00ee raman \u00fb \u00eedeolojiyeke Apoizm\u00ea ye. K\u00een \u00fb dijminatiya v\u00ea li dij\u00ee hik\u00fbmeta Tirkiy\u00ea ye, ne li dij\u00ee hik\u00fbmeta \u00ceran\u00ea.<\/h3>\n<h3 style=\"text-align: justify\">Em ji xelk\u00ea h\u00eaja y\u00ea Rojhilat\u00ea Kurdistan\u00ea dixwazin ku bi dir\u00fb\u015fmey\u00ean vala y\u00ean v\u00ea kom\u00ea ney\u00ean xapandin, Da ku \u00e7aren\u00fbsa me ne m\u00eena ya Rojava be.<\/h3>\n<h3 style=\"text-align: justify\">Hik\u00fbmeta Tirkiyey\u00ea dixwaze v\u00ea kom\u00ea b\u00ea\u00e7ek \u00fb bilav bike, wek\u00ee m\u00eena Rojava \u00ear\u00ee\u015f\u00ee wan bike \u00fb em \u00ea Xelk\u00ea Rojhilat\u00ea di agir\u00ea wan de bi\u015fewitin.<\/h3>\n<h3 style=\"text-align: justify\"><span style=\"font-family: 'arial black', sans-serif\">TEVGERA \u015eORE\u015eGER\u00caN ARARAT\u00ca<\/span><\/h3>\n<h3 style=\"text-align: justify\"><span style=\"font-family: 'arial black', sans-serif\">Roja 3\u00ea Adar\u00ea 2026 an<\/span><\/h3>\n","protected":false},"excerpt":{"rendered":"<p>Tevgera \u015eore\u015fger\u00ean Ararat\u00ea di derbar\u00ea rew\u015fa \u00ceran \u00fb Rojhilat\u00ea Kurdistan\u00ea de daxuyaniyek ji bo raya gi\u015ft\u00ee parve kir \u00fb t\u00ea de ragihand, &#8220;PJAK ne partiyeke Rojhilat\u00ea Kurdistan\u00ea ye loma rej\u00eema \u00ceran\u00ea dixwaze bajar \u00fb gund\u00ean Rojhilat\u00ea Kurdistan\u00ea radest\u00ee PJAK \u015faxeya PKK\u2019\u00ea bike, heta ku partiy\u00ean resen\u00ean Rojhilat \u00ead\u00ee li her\u00eam\u00ea serdest nebin.&#8221; Daxuyaniya niv\u00eesk\u00ee ya [&hellip;]<\/p>\n","protected":false},"author":2,"featured_media":1051950,"comment_status":"closed","ping_status":"closed","sticky":false,"template":"","format":"standard","meta":{"footnotes":""},"categories":[29],"tags":[37],"class_list":["post-1051949","post","type-post","status-publish","format-standard","has-post-thumbnail","hentry","category-kurdistan","tag-sereke"],"blocksy_meta":[],"seo_head":"<!-- This site is optimized with the Yoast SEO plugin v27.5 - https:\/\/yoast.com\/product\/yoast-seo-wordpress\/ -->\n<title>Tevgera \u015eore\u015fger\u00ean Ararat\u00ea peyamek\u00ea ji gel\u00ea Rojhilat re di\u015f\u00eene - Darka Maz\u00ee<\/title>\n<meta name=\"robots\" content=\"index, follow, max-snippet:-1, max-image-preview:large, max-video-preview:-1\" \/>\n<link rel=\"canonical\" href=\"https:\/\/darkamazi.info\/archives\/1051949\" \/>\n<meta property=\"og:locale\" content=\"en_US\" \/>\n<meta property=\"og:type\" content=\"article\" \/>\n<meta property=\"og:title\" content=\"Tevgera \u015eore\u015fger\u00ean Ararat\u00ea peyamek\u00ea ji gel\u00ea Rojhilat re di\u015f\u00eene - Darka Maz\u00ee\" \/>\n<meta property=\"og:description\" content=\"Tevgera \u015eore\u015fger\u00ean Ararat\u00ea di derbar\u00ea rew\u015fa \u00ceran \u00fb Rojhilat\u00ea Kurdistan\u00ea de daxuyaniyek ji bo raya gi\u015ft\u00ee parve kir \u00fb t\u00ea de ragihand, &#8220;PJAK ne partiyeke Rojhilat\u00ea Kurdistan\u00ea ye loma rej\u00eema \u00ceran\u00ea dixwaze bajar \u00fb gund\u00ean Rojhilat\u00ea Kurdistan\u00ea radest\u00ee PJAK \u015faxeya PKK\u2019\u00ea bike, heta ku partiy\u00ean resen\u00ean Rojhilat \u00ead\u00ee li her\u00eam\u00ea serdest nebin.&#8221; Daxuyaniya niv\u00eesk\u00ee ya [&hellip;]\" \/>\n<meta property=\"og:url\" content=\"https:\/\/darkamazi.info\/archives\/1051949\" \/>\n<meta property=\"og:site_name\" content=\"Darka Maz\u00ee\" \/>\n<meta property=\"article:publisher\" content=\"https:\/\/www.facebook.com\/DarMaziKurmanci\" \/>\n<meta property=\"article:published_time\" content=\"2026-03-03T13:54:11+00:00\" \/>\n<meta property=\"og:image\" content=\"https:\/\/darkamazi.info\/file\/2026\/03\/Tevgera_Soresgeren_Ararate.jpg\" \/>\n\t<meta property=\"og:image:width\" content=\"900\" \/>\n\t<meta property=\"og:image:height\" content=\"497\" \/>\n\t<meta property=\"og:image:type\" content=\"image\/jpeg\" \/>\n<meta name=\"author\" content=\"darka mazi\" \/>\n<meta name=\"twitter:card\" content=\"summary_large_image\" \/>\n<meta name=\"twitter:creator\" content=\"@DarkaMaziLatini\" \/>\n<meta name=\"twitter:site\" content=\"@DarkaMaziLatini\" \/>\n<meta name=\"twitter:label1\" content=\"Written by\" \/>\n\t<meta name=\"twitter:data1\" content=\"darka mazi\" \/>\n\t<meta name=\"twitter:label2\" content=\"Est. reading time\" \/>\n\t<meta name=\"twitter:data2\" content=\"2 minutes\" \/>\n<script type=\"application\/ld+json\" class=\"seo-schema-graph\">{\"@context\":\"https:\\\/\\\/schema.org\",\"@graph\":[{\"@type\":\"Article\",\"@id\":\"https:\\\/\\\/darkamazi.info\\\/archives\\\/1051949#article\",\"isPartOf\":{\"@id\":\"https:\\\/\\\/darkamazi.info\\\/archives\\\/1051949\"},\"author\":{\"name\":\"darka mazi\",\"@id\":\"https:\\\/\\\/darkamazi.info\\\/#\\\/schema\\\/person\\\/5ad3e24553a0567993fa8ed4bd0a776c\"},\"headline\":\"Tevgera \u015eore\u015fger\u00ean Ararat\u00ea peyamek\u00ea ji gel\u00ea Rojhilat re di\u015f\u00eene\",\"datePublished\":\"2026-03-03T13:54:11+00:00\",\"mainEntityOfPage\":{\"@id\":\"https:\\\/\\\/darkamazi.info\\\/archives\\\/1051949\"},\"wordCount\":354,\"publisher\":{\"@id\":\"https:\\\/\\\/darkamazi.info\\\/#organization\"},\"image\":{\"@id\":\"https:\\\/\\\/darkamazi.info\\\/archives\\\/1051949#primaryimage\"},\"thumbnailUrl\":\"https:\\\/\\\/darkamazi.info\\\/darka-content\\\/uploads\\\/2026\\\/03\\\/Tevgera_Soresgeren_Ararate.jpg\",\"keywords\":[\"sereke\"],\"articleSection\":[\"Kurdistan\"],\"inLanguage\":\"en-US\"},{\"@type\":\"WebPage\",\"@id\":\"https:\\\/\\\/darkamazi.info\\\/archives\\\/1051949\",\"url\":\"https:\\\/\\\/darkamazi.info\\\/archives\\\/1051949\",\"name\":\"Tevgera \u015eore\u015fger\u00ean Ararat\u00ea peyamek\u00ea ji gel\u00ea Rojhilat re di\u015f\u00eene - Darka Maz\u00ee\",\"isPartOf\":{\"@id\":\"https:\\\/\\\/darkamazi.info\\\/#website\"},\"primaryImageOfPage\":{\"@id\":\"https:\\\/\\\/darkamazi.info\\\/archives\\\/1051949#primaryimage\"},\"image\":{\"@id\":\"https:\\\/\\\/darkamazi.info\\\/archives\\\/1051949#primaryimage\"},\"thumbnailUrl\":\"https:\\\/\\\/darkamazi.info\\\/darka-content\\\/uploads\\\/2026\\\/03\\\/Tevgera_Soresgeren_Ararate.jpg\",\"datePublished\":\"2026-03-03T13:54:11+00:00\",\"breadcrumb\":{\"@id\":\"https:\\\/\\\/darkamazi.info\\\/archives\\\/1051949#breadcrumb\"},\"inLanguage\":\"en-US\",\"potentialAction\":[{\"@type\":\"ReadAction\",\"target\":[\"https:\\\/\\\/darkamazi.info\\\/archives\\\/1051949\"]}]},{\"@type\":\"ImageObject\",\"inLanguage\":\"en-US\",\"@id\":\"https:\\\/\\\/darkamazi.info\\\/archives\\\/1051949#primaryimage\",\"url\":\"https:\\\/\\\/darkamazi.info\\\/darka-content\\\/uploads\\\/2026\\\/03\\\/Tevgera_Soresgeren_Ararate.jpg\",\"contentUrl\":\"https:\\\/\\\/darkamazi.info\\\/darka-content\\\/uploads\\\/2026\\\/03\\\/Tevgera_Soresgeren_Ararate.jpg\",\"width\":900,\"height\":497,\"caption\":\"Tevgera \u015eore\u015fger\u00ean Ararat\u00ea peyamek\u00ea ji gel\u00ea Rojhilat re di\u015f\u00eene\"},{\"@type\":\"BreadcrumbList\",\"@id\":\"https:\\\/\\\/darkamazi.info\\\/archives\\\/1051949#breadcrumb\",\"itemListElement\":[{\"@type\":\"ListItem\",\"position\":1,\"name\":\"Home\",\"item\":\"https:\\\/\\\/darkamazi.info\\\/\"},{\"@type\":\"ListItem\",\"position\":2,\"name\":\"Tevgera \u015eore\u015fger\u00ean Ararat\u00ea peyamek\u00ea ji gel\u00ea Rojhilat re di\u015f\u00eene\"}]},{\"@type\":\"WebSite\",\"@id\":\"https:\\\/\\\/darkamazi.info\\\/#website\",\"url\":\"https:\\\/\\\/darkamazi.info\\\/\",\"name\":\"Darka Maz\u00ee\",\"description\":\"P\u00eageha Zanyariy\u00ean Nebih\u00eest\u00ee\",\"publisher\":{\"@id\":\"https:\\\/\\\/darkamazi.info\\\/#organization\"},\"potentialAction\":[{\"@type\":\"SearchAction\",\"target\":{\"@type\":\"EntryPoint\",\"urlTemplate\":\"https:\\\/\\\/darkamazi.info\\\/?s={search_term_string}\"},\"query-input\":{\"@type\":\"PropertyValueSpecification\",\"valueRequired\":true,\"valueName\":\"search_term_string\"}}],\"inLanguage\":\"en-US\"},{\"@type\":\"Organization\",\"@id\":\"https:\\\/\\\/darkamazi.info\\\/#organization\",\"name\":\"Darka Maz\u00ee\",\"url\":\"https:\\\/\\\/darkamazi.info\\\/\",\"logo\":{\"@type\":\"ImageObject\",\"inLanguage\":\"en-US\",\"@id\":\"https:\\\/\\\/darkamazi.info\\\/#\\\/schema\\\/logo\\\/image\\\/\",\"url\":\"https:\\\/\\\/darkamazi.info\\\/darka-content\\\/uploads\\\/2017\\\/12\\\/darka-mazi-logo.png\",\"contentUrl\":\"https:\\\/\\\/darkamazi.info\\\/darka-content\\\/uploads\\\/2017\\\/12\\\/darka-mazi-logo.png\",\"width\":151,\"height\":75,\"caption\":\"Darka Maz\u00ee\"},\"image\":{\"@id\":\"https:\\\/\\\/darkamazi.info\\\/#\\\/schema\\\/logo\\\/image\\\/\"},\"sameAs\":[\"https:\\\/\\\/www.facebook.com\\\/DarMaziKurmanci\",\"https:\\\/\\\/x.com\\\/DarkaMaziLatini\",\"https:\\\/\\\/www.instagram.com\\\/darkamazi.kurmanci\\\/\",\"https:\\\/\\\/www.youtube.com\\\/channel\\\/UCa5HkTdmI8U1qCUFuTw8B2g\"]},{\"@type\":\"Person\",\"@id\":\"https:\\\/\\\/darkamazi.info\\\/#\\\/schema\\\/person\\\/5ad3e24553a0567993fa8ed4bd0a776c\",\"name\":\"darka mazi\",\"sameAs\":[\"https:\\\/\\\/darkamazi.info\\\/\"],\"url\":\"https:\\\/\\\/darkamazi.info\\\/archives\\\/author\\\/kurdi\"}]}<\/script>\n<!-- \/ Yoast SEO plugin. -->","seo_head_json":{"title":"Tevgera \u015eore\u015fger\u00ean Ararat\u00ea peyamek\u00ea ji gel\u00ea Rojhilat re di\u015f\u00eene - Darka Maz\u00ee","robots":{"index":"index","follow":"follow","max-snippet":"max-snippet:-1","max-image-preview":"max-image-preview:large","max-video-preview":"max-video-preview:-1"},"canonical":"https:\/\/darkamazi.info\/archives\/1051949","og_locale":"en_US","og_type":"article","og_title":"Tevgera \u015eore\u015fger\u00ean Ararat\u00ea peyamek\u00ea ji gel\u00ea Rojhilat re di\u015f\u00eene - Darka Maz\u00ee","og_description":"Tevgera \u015eore\u015fger\u00ean Ararat\u00ea di derbar\u00ea rew\u015fa \u00ceran \u00fb Rojhilat\u00ea Kurdistan\u00ea de daxuyaniyek ji bo raya gi\u015ft\u00ee parve kir \u00fb t\u00ea de ragihand, &#8220;PJAK ne partiyeke Rojhilat\u00ea Kurdistan\u00ea ye loma rej\u00eema \u00ceran\u00ea dixwaze bajar \u00fb gund\u00ean Rojhilat\u00ea Kurdistan\u00ea radest\u00ee PJAK \u015faxeya PKK\u2019\u00ea bike, heta ku partiy\u00ean resen\u00ean Rojhilat \u00ead\u00ee li her\u00eam\u00ea serdest nebin.&#8221; Daxuyaniya niv\u00eesk\u00ee ya [&hellip;]","og_url":"https:\/\/darkamazi.info\/archives\/1051949","og_site_name":"Darka Maz\u00ee","article_publisher":"https:\/\/www.facebook.com\/DarMaziKurmanci","article_published_time":"2026-03-03T13:54:11+00:00","og_image":[{"width":900,"height":497,"url":"https:\/\/darkamazi.info\/file\/2026\/03\/Tevgera_Soresgeren_Ararate.jpg","type":"image\/jpeg"}],"author":"darka mazi","twitter_card":"summary_large_image","twitter_creator":"@DarkaMaziLatini","twitter_site":"@DarkaMaziLatini","twitter_misc":{"Written by":"darka mazi","Est. reading time":"2 minutes"},"schema":{"@context":"https:\/\/schema.org","@graph":[{"@type":"Article","@id":"https:\/\/darkamazi.info\/archives\/1051949#article","isPartOf":{"@id":"https:\/\/darkamazi.info\/archives\/1051949"},"author":{"name":"darka mazi","@id":"https:\/\/darkamazi.info\/#\/schema\/person\/5ad3e24553a0567993fa8ed4bd0a776c"},"headline":"Tevgera \u015eore\u015fger\u00ean Ararat\u00ea peyamek\u00ea ji gel\u00ea Rojhilat re di\u015f\u00eene","datePublished":"2026-03-03T13:54:11+00:00","mainEntityOfPage":{"@id":"https:\/\/darkamazi.info\/archives\/1051949"},"wordCount":354,"publisher":{"@id":"https:\/\/darkamazi.info\/#organization"},"image":{"@id":"https:\/\/darkamazi.info\/archives\/1051949#primaryimage"},"thumbnailUrl":"https:\/\/darkamazi.info\/file\/2026\/03\/Tevgera_Soresgeren_Ararate.jpg","keywords":["sereke"],"articleSection":["Kurdistan"],"inLanguage":"en-US"},{"@type":"WebPage","@id":"https:\/\/darkamazi.info\/archives\/1051949","url":"https:\/\/darkamazi.info\/archives\/1051949","name":"Tevgera \u015eore\u015fger\u00ean Ararat\u00ea peyamek\u00ea ji gel\u00ea Rojhilat re di\u015f\u00eene - Darka Maz\u00ee","isPartOf":{"@id":"https:\/\/darkamazi.info\/#website"},"primaryImageOfPage":{"@id":"https:\/\/darkamazi.info\/archives\/1051949#primaryimage"},"image":{"@id":"https:\/\/darkamazi.info\/archives\/1051949#primaryimage"},"thumbnailUrl":"https:\/\/darkamazi.info\/file\/2026\/03\/Tevgera_Soresgeren_Ararate.jpg","datePublished":"2026-03-03T13:54:11+00:00","breadcrumb":{"@id":"https:\/\/darkamazi.info\/archives\/1051949#breadcrumb"},"inLanguage":"en-US","potentialAction":[{"@type":"ReadAction","target":["https:\/\/darkamazi.info\/archives\/1051949"]}]},{"@type":"ImageObject","inLanguage":"en-US","@id":"https:\/\/darkamazi.info\/archives\/1051949#primaryimage","url":"https:\/\/darkamazi.info\/file\/2026\/03\/Tevgera_Soresgeren_Ararate.jpg","contentUrl":"https:\/\/darkamazi.info\/file\/2026\/03\/Tevgera_Soresgeren_Ararate.jpg","width":900,"height":497,"caption":"Tevgera \u015eore\u015fger\u00ean Ararat\u00ea peyamek\u00ea ji gel\u00ea Rojhilat re di\u015f\u00eene"},{"@type":"BreadcrumbList","@id":"https:\/\/darkamazi.info\/archives\/1051949#breadcrumb","itemListElement":[{"@type":"ListItem","position":1,"name":"Home","item":"https:\/\/darkamazi.info\/"},{"@type":"ListItem","position":2,"name":"Tevgera \u015eore\u015fger\u00ean Ararat\u00ea peyamek\u00ea ji gel\u00ea Rojhilat re di\u015f\u00eene"}]},{"@type":"WebSite","@id":"https:\/\/darkamazi.info\/#website","url":"https:\/\/darkamazi.info\/","name":"Darka Maz\u00ee","description":"P\u00eageha Zanyariy\u00ean Nebih\u00eest\u00ee","publisher":{"@id":"https:\/\/darkamazi.info\/#organization"},"potentialAction":[{"@type":"SearchAction","target":{"@type":"EntryPoint","urlTemplate":"https:\/\/darkamazi.info\/?s={search_term_string}"},"query-input":{"@type":"PropertyValueSpecification","valueRequired":true,"valueName":"search_term_string"}}],"inLanguage":"en-US"},{"@type":"Organization","@id":"https:\/\/darkamazi.info\/#organization","name":"Darka Maz\u00ee","url":"https:\/\/darkamazi.info\/","logo":{"@type":"ImageObject","inLanguage":"en-US","@id":"https:\/\/darkamazi.info\/#\/schema\/logo\/image\/","url":"https:\/\/darkamazi.info\/file\/2017\/12\/darka-mazi-logo.png","contentUrl":"https:\/\/darkamazi.info\/file\/2017\/12\/darka-mazi-logo.png","width":151,"height":75,"caption":"Darka Maz\u00ee"},"image":{"@id":"https:\/\/darkamazi.info\/#\/schema\/logo\/image\/"},"sameAs":["https:\/\/www.facebook.com\/DarMaziKurmanci","https:\/\/x.com\/DarkaMaziLatini","https:\/\/www.instagram.com\/darkamazi.kurmanci\/","https:\/\/www.youtube.com\/channel\/UCa5HkTdmI8U1qCUFuTw8B2g"]},{"@type":"Person","@id":"https:\/\/darkamazi.info\/#\/schema\/person\/5ad3e24553a0567993fa8ed4bd0a776c","name":"darka mazi","sameAs":["https:\/\/darkamazi.info\/"],"url":"https:\/\/darkamazi.info\/archives\/author\/kurdi"}]}},"_links":{"self":[{"href":"https:\/\/darkamazi.info\/funavuv\/wp\/v2\/posts\/1051949","targetHints":{"allow":["GET"]}}],"collection":[{"href":"https:\/\/darkamazi.info\/funavuv\/wp\/v2\/posts"}],"about":[{"href":"https:\/\/darkamazi.info\/funavuv\/wp\/v2\/types\/post"}],"author":[{"embeddable":true,"href":"https:\/\/darkamazi.info\/funavuv\/wp\/v2\/users\/2"}],"replies":[{"embeddable":true,"href":"https:\/\/darkamazi.info\/funavuv\/wp\/v2\/comments?post=1051949"}],"version-history":[{"count":0,"href":"https:\/\/darkamazi.info\/funavuv\/wp\/v2\/posts\/1051949\/revisions"}],"wp:featuredmedia":[{"embeddable":true,"href":"https:\/\/darkamazi.info\/funavuv\/wp\/v2\/media\/1051950"}],"wp:attachment":[{"href":"https:\/\/darkamazi.info\/funavuv\/wp\/v2\/media?parent=1051949"}],"wp:term":[{"taxonomy":"category","embeddable":true,"href":"https:\/\/darkamazi.info\/funavuv\/wp\/v2\/categories?post=1051949"},{"taxonomy":"post_tag","embeddable":true,"href":"https:\/\/darkamazi.info\/funavuv\/wp\/v2\/tags?post=1051949"}],"curies":[{"name":"wp","href":"https:\/\/api.w.org\/{rel}","templated":true}]}}