{"id":1051952,"date":"2026-03-04T11:33:18","date_gmt":"2026-03-04T08:33:18","guid":{"rendered":"https:\/\/darkamazi.info\/?p=1051952"},"modified":"2026-03-04T11:33:18","modified_gmt":"2026-03-04T08:33:18","slug":"fransa-hevsozi-u-pistgiriya-xwe-bo-herema-kurdistane-ya-li-hemberi-erisan-tekz-dike","status":"publish","type":"post","link":"https:\/\/darkamazi.info\/archives\/1051952","title":{"rendered":"Fransa hevsoz\u00ee \u00fb pi\u015ftgiriya xwe bo Her\u00eama Kurdistan\u00ea ya li hember\u00ee \u00ear\u00ee\u015fan tekz dike"},"content":{"rendered":"<h3 style=\"text-align: justify\"><span style=\"font-family: 'arial black', sans-serif\">Serok\u00ea Her\u00eama Kurdistan\u00ea N\u00ea\u00e7\u00eervan Barzan\u00ee \u00fb Wez\u00eer\u00ea Derve y\u00ea Fransay\u00ea Jean-Noel Barrot rew\u015fa her\u00eam\u00ea got\u00fbb\u00eaj kirin.<\/span><\/h3>\n<h3 style=\"text-align: justify\"><span style=\"font-family: arial, helvetica, sans-serif\">Serokatiya Her\u00eama Kurdistan\u00ea belav kir, derenga \u015feva bih\u00fbr\u00ee, 03.03.2026 Serok\u00ea Her\u00eama Kurdistan\u00ea N\u00ea\u00e7\u00eervan Barzan\u00ee peywendiyeke telefoniy\u00ea ji Wez\u00eer\u00ea Derve y\u00ea Fransay\u00ea Jean-Noel Barrot wergirt.<\/span><\/h3>\n<h3 style=\"text-align: justify\"><span style=\"font-family: arial, helvetica, sans-serif\">Di peywendiy\u00ea de, Wez\u00eer\u00ea Derve y\u00ea Fransay\u00ea hevsoz\u00ee \u00fb pi\u015ftgiriya welat\u00ea xwe ji bo Her\u00eama Kurdistan\u00ea ji ber \u00ear\u00ee\u015f\u00ean li ser Her\u00eama Kurdistan\u00ea hatine kirin, dupat kir.<\/span><\/h3>\n<h3 style=\"text-align: justify\"><span style=\"font-family: arial, helvetica, sans-serif\">Herdu aliyan p\u00ea\u015fhat\u00ean berdewam y\u00ean dever\u00ea \u00fb asoy\u00ean \u00e7areserkirina pirsgir\u00eakan got\u00fbb\u00eaj kirin \u00fb li ser berdewamiya hemahengiya n\u00eaz\u00eek a di navbera wan de ji bo parastina aram\u00ee \u00fb ewlehiy\u00ea hevn\u00ear\u00een b\u00fbn.<\/span><\/h3>\n<h3 style=\"text-align: justify\"><span style=\"font-family: arial, helvetica, sans-serif\">N\u00ea\u00e7\u00eervan Barzan\u00ee j\u00ee ji aliy\u00ea xwe ve spasiya pi\u015ftgiriya berdewam a Fransay\u00ea ji bo Her\u00eama Kurdistan\u00ea kir \u00fb tekez li ser gir\u00eengiya rola Fransa \u00fb civaka navdewlet\u00ee di aramb\u00fbna aloziyan \u00fb d\u00fbrxistina her\u00eam\u00ea ji metirsiy\u00ean \u015fer de kir.<\/span><\/h3>\n","protected":false},"excerpt":{"rendered":"<p>Serok\u00ea Her\u00eama Kurdistan\u00ea N\u00ea\u00e7\u00eervan Barzan\u00ee \u00fb Wez\u00eer\u00ea Derve y\u00ea Fransay\u00ea Jean-Noel Barrot rew\u015fa her\u00eam\u00ea got\u00fbb\u00eaj kirin. Serokatiya Her\u00eama Kurdistan\u00ea belav kir, derenga \u015feva bih\u00fbr\u00ee, 03.03.2026 Serok\u00ea Her\u00eama Kurdistan\u00ea N\u00ea\u00e7\u00eervan Barzan\u00ee peywendiyeke telefoniy\u00ea ji Wez\u00eer\u00ea Derve y\u00ea Fransay\u00ea Jean-Noel Barrot wergirt. Di peywendiy\u00ea de, Wez\u00eer\u00ea Derve y\u00ea Fransay\u00ea hevsoz\u00ee \u00fb pi\u015ftgiriya welat\u00ea xwe ji bo Her\u00eama [&hellip;]<\/p>\n","protected":false},"author":2,"featured_media":1051953,"comment_status":"closed","ping_status":"closed","sticky":false,"template":"","format":"standard","meta":{"footnotes":""},"categories":[29],"tags":[37],"class_list":["post-1051952","post","type-post","status-publish","format-standard","has-post-thumbnail","hentry","category-kurdistan","tag-sereke"],"blocksy_meta":[],"seo_head":"<!-- This site is optimized with the Yoast SEO plugin v27.5 - https:\/\/yoast.com\/product\/yoast-seo-wordpress\/ -->\n<title>Fransa hevsoz\u00ee \u00fb pi\u015ftgiriya xwe bo Her\u00eama Kurdistan\u00ea ya li hember\u00ee \u00ear\u00ee\u015fan tekz dike - Darka Maz\u00ee<\/title>\n<meta name=\"robots\" content=\"index, follow, max-snippet:-1, max-image-preview:large, max-video-preview:-1\" \/>\n<link rel=\"canonical\" href=\"https:\/\/darkamazi.info\/archives\/1051952\" \/>\n<meta property=\"og:locale\" content=\"en_US\" \/>\n<meta property=\"og:type\" content=\"article\" \/>\n<meta property=\"og:title\" content=\"Fransa hevsoz\u00ee \u00fb pi\u015ftgiriya xwe bo Her\u00eama Kurdistan\u00ea ya li hember\u00ee \u00ear\u00ee\u015fan tekz dike - Darka Maz\u00ee\" \/>\n<meta property=\"og:description\" content=\"Serok\u00ea Her\u00eama Kurdistan\u00ea N\u00ea\u00e7\u00eervan Barzan\u00ee \u00fb Wez\u00eer\u00ea Derve y\u00ea Fransay\u00ea Jean-Noel Barrot rew\u015fa her\u00eam\u00ea got\u00fbb\u00eaj kirin. Serokatiya Her\u00eama Kurdistan\u00ea belav kir, derenga \u015feva bih\u00fbr\u00ee, 03.03.2026 Serok\u00ea Her\u00eama Kurdistan\u00ea N\u00ea\u00e7\u00eervan Barzan\u00ee peywendiyeke telefoniy\u00ea ji Wez\u00eer\u00ea Derve y\u00ea Fransay\u00ea Jean-Noel Barrot wergirt. Di peywendiy\u00ea de, Wez\u00eer\u00ea Derve y\u00ea Fransay\u00ea hevsoz\u00ee \u00fb pi\u015ftgiriya welat\u00ea xwe ji bo Her\u00eama [&hellip;]\" \/>\n<meta property=\"og:url\" content=\"https:\/\/darkamazi.info\/archives\/1051952\" \/>\n<meta property=\"og:site_name\" content=\"Darka Maz\u00ee\" \/>\n<meta property=\"article:publisher\" content=\"https:\/\/www.facebook.com\/DarMaziKurmanci\" \/>\n<meta property=\"article:published_time\" content=\"2026-03-04T08:33:18+00:00\" \/>\n<meta property=\"og:image\" content=\"https:\/\/darkamazi.info\/file\/2026\/03\/France-NB.jpg\" \/>\n\t<meta property=\"og:image:width\" content=\"900\" \/>\n\t<meta property=\"og:image:height\" content=\"500\" \/>\n\t<meta property=\"og:image:type\" content=\"image\/jpeg\" \/>\n<meta name=\"author\" content=\"darka mazi\" \/>\n<meta name=\"twitter:card\" content=\"summary_large_image\" \/>\n<meta name=\"twitter:creator\" content=\"@DarkaMaziLatini\" \/>\n<meta name=\"twitter:site\" content=\"@DarkaMaziLatini\" \/>\n<meta name=\"twitter:label1\" content=\"Written by\" \/>\n\t<meta name=\"twitter:data1\" content=\"darka mazi\" \/>\n\t<meta name=\"twitter:label2\" content=\"Est. reading time\" \/>\n\t<meta name=\"twitter:data2\" content=\"1 minute\" \/>\n<script type=\"application\/ld+json\" class=\"seo-schema-graph\">{\"@context\":\"https:\\\/\\\/schema.org\",\"@graph\":[{\"@type\":\"Article\",\"@id\":\"https:\\\/\\\/darkamazi.info\\\/archives\\\/1051952#article\",\"isPartOf\":{\"@id\":\"https:\\\/\\\/darkamazi.info\\\/archives\\\/1051952\"},\"author\":{\"name\":\"darka mazi\",\"@id\":\"https:\\\/\\\/darkamazi.info\\\/#\\\/schema\\\/person\\\/5ad3e24553a0567993fa8ed4bd0a776c\"},\"headline\":\"Fransa hevsoz\u00ee \u00fb pi\u015ftgiriya xwe bo Her\u00eama Kurdistan\u00ea ya li hember\u00ee \u00ear\u00ee\u015fan tekz dike\",\"datePublished\":\"2026-03-04T08:33:18+00:00\",\"mainEntityOfPage\":{\"@id\":\"https:\\\/\\\/darkamazi.info\\\/archives\\\/1051952\"},\"wordCount\":180,\"publisher\":{\"@id\":\"https:\\\/\\\/darkamazi.info\\\/#organization\"},\"image\":{\"@id\":\"https:\\\/\\\/darkamazi.info\\\/archives\\\/1051952#primaryimage\"},\"thumbnailUrl\":\"https:\\\/\\\/darkamazi.info\\\/darka-content\\\/uploads\\\/2026\\\/03\\\/France-NB.jpg\",\"keywords\":[\"sereke\"],\"articleSection\":[\"Kurdistan\"],\"inLanguage\":\"en-US\"},{\"@type\":\"WebPage\",\"@id\":\"https:\\\/\\\/darkamazi.info\\\/archives\\\/1051952\",\"url\":\"https:\\\/\\\/darkamazi.info\\\/archives\\\/1051952\",\"name\":\"Fransa hevsoz\u00ee \u00fb pi\u015ftgiriya xwe bo Her\u00eama Kurdistan\u00ea ya li hember\u00ee \u00ear\u00ee\u015fan tekz dike - Darka Maz\u00ee\",\"isPartOf\":{\"@id\":\"https:\\\/\\\/darkamazi.info\\\/#website\"},\"primaryImageOfPage\":{\"@id\":\"https:\\\/\\\/darkamazi.info\\\/archives\\\/1051952#primaryimage\"},\"image\":{\"@id\":\"https:\\\/\\\/darkamazi.info\\\/archives\\\/1051952#primaryimage\"},\"thumbnailUrl\":\"https:\\\/\\\/darkamazi.info\\\/darka-content\\\/uploads\\\/2026\\\/03\\\/France-NB.jpg\",\"datePublished\":\"2026-03-04T08:33:18+00:00\",\"breadcrumb\":{\"@id\":\"https:\\\/\\\/darkamazi.info\\\/archives\\\/1051952#breadcrumb\"},\"inLanguage\":\"en-US\",\"potentialAction\":[{\"@type\":\"ReadAction\",\"target\":[\"https:\\\/\\\/darkamazi.info\\\/archives\\\/1051952\"]}]},{\"@type\":\"ImageObject\",\"inLanguage\":\"en-US\",\"@id\":\"https:\\\/\\\/darkamazi.info\\\/archives\\\/1051952#primaryimage\",\"url\":\"https:\\\/\\\/darkamazi.info\\\/darka-content\\\/uploads\\\/2026\\\/03\\\/France-NB.jpg\",\"contentUrl\":\"https:\\\/\\\/darkamazi.info\\\/darka-content\\\/uploads\\\/2026\\\/03\\\/France-NB.jpg\",\"width\":900,\"height\":500,\"caption\":\"France-NB\"},{\"@type\":\"BreadcrumbList\",\"@id\":\"https:\\\/\\\/darkamazi.info\\\/archives\\\/1051952#breadcrumb\",\"itemListElement\":[{\"@type\":\"ListItem\",\"position\":1,\"name\":\"Home\",\"item\":\"https:\\\/\\\/darkamazi.info\\\/\"},{\"@type\":\"ListItem\",\"position\":2,\"name\":\"Fransa hevsoz\u00ee \u00fb pi\u015ftgiriya xwe bo Her\u00eama Kurdistan\u00ea ya li hember\u00ee \u00ear\u00ee\u015fan tekz dike\"}]},{\"@type\":\"WebSite\",\"@id\":\"https:\\\/\\\/darkamazi.info\\\/#website\",\"url\":\"https:\\\/\\\/darkamazi.info\\\/\",\"name\":\"Darka Maz\u00ee\",\"description\":\"P\u00eageha Zanyariy\u00ean Nebih\u00eest\u00ee\",\"publisher\":{\"@id\":\"https:\\\/\\\/darkamazi.info\\\/#organization\"},\"potentialAction\":[{\"@type\":\"SearchAction\",\"target\":{\"@type\":\"EntryPoint\",\"urlTemplate\":\"https:\\\/\\\/darkamazi.info\\\/?s={search_term_string}\"},\"query-input\":{\"@type\":\"PropertyValueSpecification\",\"valueRequired\":true,\"valueName\":\"search_term_string\"}}],\"inLanguage\":\"en-US\"},{\"@type\":\"Organization\",\"@id\":\"https:\\\/\\\/darkamazi.info\\\/#organization\",\"name\":\"Darka Maz\u00ee\",\"url\":\"https:\\\/\\\/darkamazi.info\\\/\",\"logo\":{\"@type\":\"ImageObject\",\"inLanguage\":\"en-US\",\"@id\":\"https:\\\/\\\/darkamazi.info\\\/#\\\/schema\\\/logo\\\/image\\\/\",\"url\":\"https:\\\/\\\/darkamazi.info\\\/darka-content\\\/uploads\\\/2017\\\/12\\\/darka-mazi-logo.png\",\"contentUrl\":\"https:\\\/\\\/darkamazi.info\\\/darka-content\\\/uploads\\\/2017\\\/12\\\/darka-mazi-logo.png\",\"width\":151,\"height\":75,\"caption\":\"Darka Maz\u00ee\"},\"image\":{\"@id\":\"https:\\\/\\\/darkamazi.info\\\/#\\\/schema\\\/logo\\\/image\\\/\"},\"sameAs\":[\"https:\\\/\\\/www.facebook.com\\\/DarMaziKurmanci\",\"https:\\\/\\\/x.com\\\/DarkaMaziLatini\",\"https:\\\/\\\/www.instagram.com\\\/darkamazi.kurmanci\\\/\",\"https:\\\/\\\/www.youtube.com\\\/channel\\\/UCa5HkTdmI8U1qCUFuTw8B2g\"]},{\"@type\":\"Person\",\"@id\":\"https:\\\/\\\/darkamazi.info\\\/#\\\/schema\\\/person\\\/5ad3e24553a0567993fa8ed4bd0a776c\",\"name\":\"darka mazi\",\"sameAs\":[\"https:\\\/\\\/darkamazi.info\\\/\"],\"url\":\"https:\\\/\\\/darkamazi.info\\\/archives\\\/author\\\/kurdi\"}]}<\/script>\n<!-- \/ Yoast SEO plugin. -->","seo_head_json":{"title":"Fransa hevsoz\u00ee \u00fb pi\u015ftgiriya xwe bo Her\u00eama Kurdistan\u00ea ya li hember\u00ee \u00ear\u00ee\u015fan tekz dike - Darka Maz\u00ee","robots":{"index":"index","follow":"follow","max-snippet":"max-snippet:-1","max-image-preview":"max-image-preview:large","max-video-preview":"max-video-preview:-1"},"canonical":"https:\/\/darkamazi.info\/archives\/1051952","og_locale":"en_US","og_type":"article","og_title":"Fransa hevsoz\u00ee \u00fb pi\u015ftgiriya xwe bo Her\u00eama Kurdistan\u00ea ya li hember\u00ee \u00ear\u00ee\u015fan tekz dike - Darka Maz\u00ee","og_description":"Serok\u00ea Her\u00eama Kurdistan\u00ea N\u00ea\u00e7\u00eervan Barzan\u00ee \u00fb Wez\u00eer\u00ea Derve y\u00ea Fransay\u00ea Jean-Noel Barrot rew\u015fa her\u00eam\u00ea got\u00fbb\u00eaj kirin. Serokatiya Her\u00eama Kurdistan\u00ea belav kir, derenga \u015feva bih\u00fbr\u00ee, 03.03.2026 Serok\u00ea Her\u00eama Kurdistan\u00ea N\u00ea\u00e7\u00eervan Barzan\u00ee peywendiyeke telefoniy\u00ea ji Wez\u00eer\u00ea Derve y\u00ea Fransay\u00ea Jean-Noel Barrot wergirt. Di peywendiy\u00ea de, Wez\u00eer\u00ea Derve y\u00ea Fransay\u00ea hevsoz\u00ee \u00fb pi\u015ftgiriya welat\u00ea xwe ji bo Her\u00eama [&hellip;]","og_url":"https:\/\/darkamazi.info\/archives\/1051952","og_site_name":"Darka Maz\u00ee","article_publisher":"https:\/\/www.facebook.com\/DarMaziKurmanci","article_published_time":"2026-03-04T08:33:18+00:00","og_image":[{"width":900,"height":500,"url":"https:\/\/darkamazi.info\/file\/2026\/03\/France-NB.jpg","type":"image\/jpeg"}],"author":"darka mazi","twitter_card":"summary_large_image","twitter_creator":"@DarkaMaziLatini","twitter_site":"@DarkaMaziLatini","twitter_misc":{"Written by":"darka mazi","Est. reading time":"1 minute"},"schema":{"@context":"https:\/\/schema.org","@graph":[{"@type":"Article","@id":"https:\/\/darkamazi.info\/archives\/1051952#article","isPartOf":{"@id":"https:\/\/darkamazi.info\/archives\/1051952"},"author":{"name":"darka mazi","@id":"https:\/\/darkamazi.info\/#\/schema\/person\/5ad3e24553a0567993fa8ed4bd0a776c"},"headline":"Fransa hevsoz\u00ee \u00fb pi\u015ftgiriya xwe bo Her\u00eama Kurdistan\u00ea ya li hember\u00ee \u00ear\u00ee\u015fan tekz dike","datePublished":"2026-03-04T08:33:18+00:00","mainEntityOfPage":{"@id":"https:\/\/darkamazi.info\/archives\/1051952"},"wordCount":180,"publisher":{"@id":"https:\/\/darkamazi.info\/#organization"},"image":{"@id":"https:\/\/darkamazi.info\/archives\/1051952#primaryimage"},"thumbnailUrl":"https:\/\/darkamazi.info\/file\/2026\/03\/France-NB.jpg","keywords":["sereke"],"articleSection":["Kurdistan"],"inLanguage":"en-US"},{"@type":"WebPage","@id":"https:\/\/darkamazi.info\/archives\/1051952","url":"https:\/\/darkamazi.info\/archives\/1051952","name":"Fransa hevsoz\u00ee \u00fb pi\u015ftgiriya xwe bo Her\u00eama Kurdistan\u00ea ya li hember\u00ee \u00ear\u00ee\u015fan tekz dike - Darka Maz\u00ee","isPartOf":{"@id":"https:\/\/darkamazi.info\/#website"},"primaryImageOfPage":{"@id":"https:\/\/darkamazi.info\/archives\/1051952#primaryimage"},"image":{"@id":"https:\/\/darkamazi.info\/archives\/1051952#primaryimage"},"thumbnailUrl":"https:\/\/darkamazi.info\/file\/2026\/03\/France-NB.jpg","datePublished":"2026-03-04T08:33:18+00:00","breadcrumb":{"@id":"https:\/\/darkamazi.info\/archives\/1051952#breadcrumb"},"inLanguage":"en-US","potentialAction":[{"@type":"ReadAction","target":["https:\/\/darkamazi.info\/archives\/1051952"]}]},{"@type":"ImageObject","inLanguage":"en-US","@id":"https:\/\/darkamazi.info\/archives\/1051952#primaryimage","url":"https:\/\/darkamazi.info\/file\/2026\/03\/France-NB.jpg","contentUrl":"https:\/\/darkamazi.info\/file\/2026\/03\/France-NB.jpg","width":900,"height":500,"caption":"France-NB"},{"@type":"BreadcrumbList","@id":"https:\/\/darkamazi.info\/archives\/1051952#breadcrumb","itemListElement":[{"@type":"ListItem","position":1,"name":"Home","item":"https:\/\/darkamazi.info\/"},{"@type":"ListItem","position":2,"name":"Fransa hevsoz\u00ee \u00fb pi\u015ftgiriya xwe bo Her\u00eama Kurdistan\u00ea ya li hember\u00ee \u00ear\u00ee\u015fan tekz dike"}]},{"@type":"WebSite","@id":"https:\/\/darkamazi.info\/#website","url":"https:\/\/darkamazi.info\/","name":"Darka Maz\u00ee","description":"P\u00eageha Zanyariy\u00ean Nebih\u00eest\u00ee","publisher":{"@id":"https:\/\/darkamazi.info\/#organization"},"potentialAction":[{"@type":"SearchAction","target":{"@type":"EntryPoint","urlTemplate":"https:\/\/darkamazi.info\/?s={search_term_string}"},"query-input":{"@type":"PropertyValueSpecification","valueRequired":true,"valueName":"search_term_string"}}],"inLanguage":"en-US"},{"@type":"Organization","@id":"https:\/\/darkamazi.info\/#organization","name":"Darka Maz\u00ee","url":"https:\/\/darkamazi.info\/","logo":{"@type":"ImageObject","inLanguage":"en-US","@id":"https:\/\/darkamazi.info\/#\/schema\/logo\/image\/","url":"https:\/\/darkamazi.info\/file\/2017\/12\/darka-mazi-logo.png","contentUrl":"https:\/\/darkamazi.info\/file\/2017\/12\/darka-mazi-logo.png","width":151,"height":75,"caption":"Darka Maz\u00ee"},"image":{"@id":"https:\/\/darkamazi.info\/#\/schema\/logo\/image\/"},"sameAs":["https:\/\/www.facebook.com\/DarMaziKurmanci","https:\/\/x.com\/DarkaMaziLatini","https:\/\/www.instagram.com\/darkamazi.kurmanci\/","https:\/\/www.youtube.com\/channel\/UCa5HkTdmI8U1qCUFuTw8B2g"]},{"@type":"Person","@id":"https:\/\/darkamazi.info\/#\/schema\/person\/5ad3e24553a0567993fa8ed4bd0a776c","name":"darka mazi","sameAs":["https:\/\/darkamazi.info\/"],"url":"https:\/\/darkamazi.info\/archives\/author\/kurdi"}]}},"_links":{"self":[{"href":"https:\/\/darkamazi.info\/funavuv\/wp\/v2\/posts\/1051952","targetHints":{"allow":["GET"]}}],"collection":[{"href":"https:\/\/darkamazi.info\/funavuv\/wp\/v2\/posts"}],"about":[{"href":"https:\/\/darkamazi.info\/funavuv\/wp\/v2\/types\/post"}],"author":[{"embeddable":true,"href":"https:\/\/darkamazi.info\/funavuv\/wp\/v2\/users\/2"}],"replies":[{"embeddable":true,"href":"https:\/\/darkamazi.info\/funavuv\/wp\/v2\/comments?post=1051952"}],"version-history":[{"count":0,"href":"https:\/\/darkamazi.info\/funavuv\/wp\/v2\/posts\/1051952\/revisions"}],"wp:featuredmedia":[{"embeddable":true,"href":"https:\/\/darkamazi.info\/funavuv\/wp\/v2\/media\/1051953"}],"wp:attachment":[{"href":"https:\/\/darkamazi.info\/funavuv\/wp\/v2\/media?parent=1051952"}],"wp:term":[{"taxonomy":"category","embeddable":true,"href":"https:\/\/darkamazi.info\/funavuv\/wp\/v2\/categories?post=1051952"},{"taxonomy":"post_tag","embeddable":true,"href":"https:\/\/darkamazi.info\/funavuv\/wp\/v2\/tags?post=1051952"}],"curies":[{"name":"wp","href":"https:\/\/api.w.org\/{rel}","templated":true}]}}