{"id":1051955,"date":"2026-03-04T12:28:25","date_gmt":"2026-03-04T09:28:25","guid":{"rendered":"https:\/\/darkamazi.info\/?p=1051955"},"modified":"2026-03-04T12:28:25","modified_gmt":"2026-03-04T09:28:25","slug":"amerikaye-daxwaze-ji-welatiyen-xwe-dike-di-zutirin-dem-ji-iraqe-derkevin","status":"publish","type":"post","link":"https:\/\/darkamazi.info\/archives\/1051955","title":{"rendered":"Amer\u00eekay\u00ea daxwaz\u00ea ji welatiy\u00ean xwe dike di z\u00fbtir\u00een dem ji Iraq\u00ea derkevin"},"content":{"rendered":"<h3 style=\"text-align: justify\"><span style=\"font-family: 'arial black', sans-serif\"><strong>Balyozxaneya Amer\u00eekay\u00ea li Bexday\u00ea hi\u015fyariyeke lezg\u00een arastey\u00ee welatiy\u00ean xwe kir \u00fb daxwaz kir ku bi z\u00fbtir\u00een dem ji Iraq\u00ea derkevin.<\/strong><\/span><\/h3>\n<h3 style=\"text-align: justify\"><span style=\"font-family: arial, helvetica, sans-serif\">Balyozxaneya Amer\u00eekay\u00ea ya li Bexday\u00ea \u00eero 4\u00ea Adar\u00ea li ser hesab\u00ea xwe y\u00ea tora civak\u00ee &#8220;X&#8221; peyameke ewlehiy\u00ea belav kir \u00fb bang li hem\u00fb welatiy\u00ean Amer\u00eek\u00ee y\u00ean li Iraq\u00ea kir ku &#8220;di k\u00ealiya rew\u015fa ewlehiy\u00ea ba\u015ftir bibe&#8221;, div\u00ea bi z\u00fbtir\u00een dem ji Iraq\u00ea derkevin \u00fb vegerin welat\u00ea xwe.<\/span><\/h3>\n<h3 style=\"text-align: justify\"><span style=\"font-family: arial, helvetica, sans-serif\">Di daxuyaniy\u00ea de hat diyarkirin, rew\u015fa asman\u00ee ya Iraq\u00ea ne aram e. Balyozxaney\u00ea hi\u015fyar\u00ee da ku dibe ku deselatdar\u00ean Iraq\u00ea di nava demeke pir kurt de asman\u00ea welat li r\u00fby\u00ea ge\u015ftan vekin \u00fb d\u00eesa bigirin.\u00a0<\/span><\/h3>\n<h3 style=\"text-align: justify\"><span style=\"font-family: arial, helvetica, sans-serif\">Hat destn\u00ee\u015fankirin ku ev biryar\u00ean girtin\u00ea dibe ku &#8220;b\u00eay\u00ee agahdarkirina p\u00ea\u015fwext&#8221; werin girtin, lewma metirsiya as\u00eaman\u00ea li firokxaneyan heye.<\/span><\/h3>\n","protected":false},"excerpt":{"rendered":"<p>Balyozxaneya Amer\u00eekay\u00ea li Bexday\u00ea hi\u015fyariyeke lezg\u00een arastey\u00ee welatiy\u00ean xwe kir \u00fb daxwaz kir ku bi z\u00fbtir\u00een dem ji Iraq\u00ea derkevin. Balyozxaneya Amer\u00eekay\u00ea ya li Bexday\u00ea \u00eero 4\u00ea Adar\u00ea li ser hesab\u00ea xwe y\u00ea tora civak\u00ee &#8220;X&#8221; peyameke ewlehiy\u00ea belav kir \u00fb bang li hem\u00fb welatiy\u00ean Amer\u00eek\u00ee y\u00ean li Iraq\u00ea kir ku &#8220;di k\u00ealiya rew\u015fa ewlehiy\u00ea [&hellip;]<\/p>\n","protected":false},"author":2,"featured_media":1051956,"comment_status":"closed","ping_status":"closed","sticky":false,"template":"","format":"standard","meta":{"footnotes":""},"categories":[31],"tags":[37],"class_list":["post-1051955","post","type-post","status-publish","format-standard","has-post-thumbnail","hentry","category-rojhelata-navin","tag-sereke"],"blocksy_meta":[],"seo_head":"<!-- This site is optimized with the Yoast SEO plugin v27.5 - https:\/\/yoast.com\/product\/yoast-seo-wordpress\/ -->\n<title>Amer\u00eekay\u00ea daxwaz\u00ea ji welatiy\u00ean xwe dike di z\u00fbtir\u00een dem ji Iraq\u00ea derkevin - Darka Maz\u00ee<\/title>\n<meta name=\"robots\" content=\"index, follow, max-snippet:-1, max-image-preview:large, max-video-preview:-1\" \/>\n<link rel=\"canonical\" href=\"https:\/\/darkamazi.info\/archives\/1051955\" \/>\n<meta property=\"og:locale\" content=\"en_US\" \/>\n<meta property=\"og:type\" content=\"article\" \/>\n<meta property=\"og:title\" content=\"Amer\u00eekay\u00ea daxwaz\u00ea ji welatiy\u00ean xwe dike di z\u00fbtir\u00een dem ji Iraq\u00ea derkevin - Darka Maz\u00ee\" \/>\n<meta property=\"og:description\" content=\"Balyozxaneya Amer\u00eekay\u00ea li Bexday\u00ea hi\u015fyariyeke lezg\u00een arastey\u00ee welatiy\u00ean xwe kir \u00fb daxwaz kir ku bi z\u00fbtir\u00een dem ji Iraq\u00ea derkevin. Balyozxaneya Amer\u00eekay\u00ea ya li Bexday\u00ea \u00eero 4\u00ea Adar\u00ea li ser hesab\u00ea xwe y\u00ea tora civak\u00ee &#8220;X&#8221; peyameke ewlehiy\u00ea belav kir \u00fb bang li hem\u00fb welatiy\u00ean Amer\u00eek\u00ee y\u00ean li Iraq\u00ea kir ku &#8220;di k\u00ealiya rew\u015fa ewlehiy\u00ea [&hellip;]\" \/>\n<meta property=\"og:url\" content=\"https:\/\/darkamazi.info\/archives\/1051955\" \/>\n<meta property=\"og:site_name\" content=\"Darka Maz\u00ee\" \/>\n<meta property=\"article:publisher\" content=\"https:\/\/www.facebook.com\/DarMaziKurmanci\" \/>\n<meta property=\"article:published_time\" content=\"2026-03-04T09:28:25+00:00\" \/>\n<meta property=\"og:image\" content=\"https:\/\/darkamazi.info\/file\/2026\/03\/US-Embssy.jpg\" \/>\n\t<meta property=\"og:image:width\" content=\"900\" \/>\n\t<meta property=\"og:image:height\" content=\"500\" \/>\n\t<meta property=\"og:image:type\" content=\"image\/jpeg\" \/>\n<meta name=\"author\" content=\"darka mazi\" \/>\n<meta name=\"twitter:card\" content=\"summary_large_image\" \/>\n<meta name=\"twitter:creator\" content=\"@DarkaMaziLatini\" \/>\n<meta name=\"twitter:site\" content=\"@DarkaMaziLatini\" \/>\n<meta name=\"twitter:label1\" content=\"Written by\" \/>\n\t<meta name=\"twitter:data1\" content=\"darka mazi\" \/>\n\t<meta name=\"twitter:label2\" content=\"Est. reading time\" \/>\n\t<meta name=\"twitter:data2\" content=\"1 minute\" \/>\n<script type=\"application\/ld+json\" class=\"seo-schema-graph\">{\"@context\":\"https:\\\/\\\/schema.org\",\"@graph\":[{\"@type\":\"Article\",\"@id\":\"https:\\\/\\\/darkamazi.info\\\/archives\\\/1051955#article\",\"isPartOf\":{\"@id\":\"https:\\\/\\\/darkamazi.info\\\/archives\\\/1051955\"},\"author\":{\"name\":\"darka mazi\",\"@id\":\"https:\\\/\\\/darkamazi.info\\\/#\\\/schema\\\/person\\\/5ad3e24553a0567993fa8ed4bd0a776c\"},\"headline\":\"Amer\u00eekay\u00ea daxwaz\u00ea ji welatiy\u00ean xwe dike di z\u00fbtir\u00een dem ji Iraq\u00ea derkevin\",\"datePublished\":\"2026-03-04T09:28:25+00:00\",\"mainEntityOfPage\":{\"@id\":\"https:\\\/\\\/darkamazi.info\\\/archives\\\/1051955\"},\"wordCount\":159,\"publisher\":{\"@id\":\"https:\\\/\\\/darkamazi.info\\\/#organization\"},\"image\":{\"@id\":\"https:\\\/\\\/darkamazi.info\\\/archives\\\/1051955#primaryimage\"},\"thumbnailUrl\":\"https:\\\/\\\/darkamazi.info\\\/darka-content\\\/uploads\\\/2026\\\/03\\\/US-Embssy.jpg\",\"keywords\":[\"sereke\"],\"articleSection\":[\"Rojhelata nav\u00een\"],\"inLanguage\":\"en-US\"},{\"@type\":\"WebPage\",\"@id\":\"https:\\\/\\\/darkamazi.info\\\/archives\\\/1051955\",\"url\":\"https:\\\/\\\/darkamazi.info\\\/archives\\\/1051955\",\"name\":\"Amer\u00eekay\u00ea daxwaz\u00ea ji welatiy\u00ean xwe dike di z\u00fbtir\u00een dem ji Iraq\u00ea derkevin - Darka Maz\u00ee\",\"isPartOf\":{\"@id\":\"https:\\\/\\\/darkamazi.info\\\/#website\"},\"primaryImageOfPage\":{\"@id\":\"https:\\\/\\\/darkamazi.info\\\/archives\\\/1051955#primaryimage\"},\"image\":{\"@id\":\"https:\\\/\\\/darkamazi.info\\\/archives\\\/1051955#primaryimage\"},\"thumbnailUrl\":\"https:\\\/\\\/darkamazi.info\\\/darka-content\\\/uploads\\\/2026\\\/03\\\/US-Embssy.jpg\",\"datePublished\":\"2026-03-04T09:28:25+00:00\",\"breadcrumb\":{\"@id\":\"https:\\\/\\\/darkamazi.info\\\/archives\\\/1051955#breadcrumb\"},\"inLanguage\":\"en-US\",\"potentialAction\":[{\"@type\":\"ReadAction\",\"target\":[\"https:\\\/\\\/darkamazi.info\\\/archives\\\/1051955\"]}]},{\"@type\":\"ImageObject\",\"inLanguage\":\"en-US\",\"@id\":\"https:\\\/\\\/darkamazi.info\\\/archives\\\/1051955#primaryimage\",\"url\":\"https:\\\/\\\/darkamazi.info\\\/darka-content\\\/uploads\\\/2026\\\/03\\\/US-Embssy.jpg\",\"contentUrl\":\"https:\\\/\\\/darkamazi.info\\\/darka-content\\\/uploads\\\/2026\\\/03\\\/US-Embssy.jpg\",\"width\":900,\"height\":500,\"caption\":\"US-Embssy\"},{\"@type\":\"BreadcrumbList\",\"@id\":\"https:\\\/\\\/darkamazi.info\\\/archives\\\/1051955#breadcrumb\",\"itemListElement\":[{\"@type\":\"ListItem\",\"position\":1,\"name\":\"Home\",\"item\":\"https:\\\/\\\/darkamazi.info\\\/\"},{\"@type\":\"ListItem\",\"position\":2,\"name\":\"Amer\u00eekay\u00ea daxwaz\u00ea ji welatiy\u00ean xwe dike di z\u00fbtir\u00een dem ji Iraq\u00ea derkevin\"}]},{\"@type\":\"WebSite\",\"@id\":\"https:\\\/\\\/darkamazi.info\\\/#website\",\"url\":\"https:\\\/\\\/darkamazi.info\\\/\",\"name\":\"Darka Maz\u00ee\",\"description\":\"P\u00eageha Zanyariy\u00ean Nebih\u00eest\u00ee\",\"publisher\":{\"@id\":\"https:\\\/\\\/darkamazi.info\\\/#organization\"},\"potentialAction\":[{\"@type\":\"SearchAction\",\"target\":{\"@type\":\"EntryPoint\",\"urlTemplate\":\"https:\\\/\\\/darkamazi.info\\\/?s={search_term_string}\"},\"query-input\":{\"@type\":\"PropertyValueSpecification\",\"valueRequired\":true,\"valueName\":\"search_term_string\"}}],\"inLanguage\":\"en-US\"},{\"@type\":\"Organization\",\"@id\":\"https:\\\/\\\/darkamazi.info\\\/#organization\",\"name\":\"Darka Maz\u00ee\",\"url\":\"https:\\\/\\\/darkamazi.info\\\/\",\"logo\":{\"@type\":\"ImageObject\",\"inLanguage\":\"en-US\",\"@id\":\"https:\\\/\\\/darkamazi.info\\\/#\\\/schema\\\/logo\\\/image\\\/\",\"url\":\"https:\\\/\\\/darkamazi.info\\\/darka-content\\\/uploads\\\/2017\\\/12\\\/darka-mazi-logo.png\",\"contentUrl\":\"https:\\\/\\\/darkamazi.info\\\/darka-content\\\/uploads\\\/2017\\\/12\\\/darka-mazi-logo.png\",\"width\":151,\"height\":75,\"caption\":\"Darka Maz\u00ee\"},\"image\":{\"@id\":\"https:\\\/\\\/darkamazi.info\\\/#\\\/schema\\\/logo\\\/image\\\/\"},\"sameAs\":[\"https:\\\/\\\/www.facebook.com\\\/DarMaziKurmanci\",\"https:\\\/\\\/x.com\\\/DarkaMaziLatini\",\"https:\\\/\\\/www.instagram.com\\\/darkamazi.kurmanci\\\/\",\"https:\\\/\\\/www.youtube.com\\\/channel\\\/UCa5HkTdmI8U1qCUFuTw8B2g\"]},{\"@type\":\"Person\",\"@id\":\"https:\\\/\\\/darkamazi.info\\\/#\\\/schema\\\/person\\\/5ad3e24553a0567993fa8ed4bd0a776c\",\"name\":\"darka mazi\",\"sameAs\":[\"https:\\\/\\\/darkamazi.info\\\/\"],\"url\":\"https:\\\/\\\/darkamazi.info\\\/archives\\\/author\\\/kurdi\"}]}<\/script>\n<!-- \/ Yoast SEO plugin. -->","seo_head_json":{"title":"Amer\u00eekay\u00ea daxwaz\u00ea ji welatiy\u00ean xwe dike di z\u00fbtir\u00een dem ji Iraq\u00ea derkevin - Darka Maz\u00ee","robots":{"index":"index","follow":"follow","max-snippet":"max-snippet:-1","max-image-preview":"max-image-preview:large","max-video-preview":"max-video-preview:-1"},"canonical":"https:\/\/darkamazi.info\/archives\/1051955","og_locale":"en_US","og_type":"article","og_title":"Amer\u00eekay\u00ea daxwaz\u00ea ji welatiy\u00ean xwe dike di z\u00fbtir\u00een dem ji Iraq\u00ea derkevin - Darka Maz\u00ee","og_description":"Balyozxaneya Amer\u00eekay\u00ea li Bexday\u00ea hi\u015fyariyeke lezg\u00een arastey\u00ee welatiy\u00ean xwe kir \u00fb daxwaz kir ku bi z\u00fbtir\u00een dem ji Iraq\u00ea derkevin. Balyozxaneya Amer\u00eekay\u00ea ya li Bexday\u00ea \u00eero 4\u00ea Adar\u00ea li ser hesab\u00ea xwe y\u00ea tora civak\u00ee &#8220;X&#8221; peyameke ewlehiy\u00ea belav kir \u00fb bang li hem\u00fb welatiy\u00ean Amer\u00eek\u00ee y\u00ean li Iraq\u00ea kir ku &#8220;di k\u00ealiya rew\u015fa ewlehiy\u00ea [&hellip;]","og_url":"https:\/\/darkamazi.info\/archives\/1051955","og_site_name":"Darka Maz\u00ee","article_publisher":"https:\/\/www.facebook.com\/DarMaziKurmanci","article_published_time":"2026-03-04T09:28:25+00:00","og_image":[{"width":900,"height":500,"url":"https:\/\/darkamazi.info\/file\/2026\/03\/US-Embssy.jpg","type":"image\/jpeg"}],"author":"darka mazi","twitter_card":"summary_large_image","twitter_creator":"@DarkaMaziLatini","twitter_site":"@DarkaMaziLatini","twitter_misc":{"Written by":"darka mazi","Est. reading time":"1 minute"},"schema":{"@context":"https:\/\/schema.org","@graph":[{"@type":"Article","@id":"https:\/\/darkamazi.info\/archives\/1051955#article","isPartOf":{"@id":"https:\/\/darkamazi.info\/archives\/1051955"},"author":{"name":"darka mazi","@id":"https:\/\/darkamazi.info\/#\/schema\/person\/5ad3e24553a0567993fa8ed4bd0a776c"},"headline":"Amer\u00eekay\u00ea daxwaz\u00ea ji welatiy\u00ean xwe dike di z\u00fbtir\u00een dem ji Iraq\u00ea derkevin","datePublished":"2026-03-04T09:28:25+00:00","mainEntityOfPage":{"@id":"https:\/\/darkamazi.info\/archives\/1051955"},"wordCount":159,"publisher":{"@id":"https:\/\/darkamazi.info\/#organization"},"image":{"@id":"https:\/\/darkamazi.info\/archives\/1051955#primaryimage"},"thumbnailUrl":"https:\/\/darkamazi.info\/file\/2026\/03\/US-Embssy.jpg","keywords":["sereke"],"articleSection":["Rojhelata nav\u00een"],"inLanguage":"en-US"},{"@type":"WebPage","@id":"https:\/\/darkamazi.info\/archives\/1051955","url":"https:\/\/darkamazi.info\/archives\/1051955","name":"Amer\u00eekay\u00ea daxwaz\u00ea ji welatiy\u00ean xwe dike di z\u00fbtir\u00een dem ji Iraq\u00ea derkevin - Darka Maz\u00ee","isPartOf":{"@id":"https:\/\/darkamazi.info\/#website"},"primaryImageOfPage":{"@id":"https:\/\/darkamazi.info\/archives\/1051955#primaryimage"},"image":{"@id":"https:\/\/darkamazi.info\/archives\/1051955#primaryimage"},"thumbnailUrl":"https:\/\/darkamazi.info\/file\/2026\/03\/US-Embssy.jpg","datePublished":"2026-03-04T09:28:25+00:00","breadcrumb":{"@id":"https:\/\/darkamazi.info\/archives\/1051955#breadcrumb"},"inLanguage":"en-US","potentialAction":[{"@type":"ReadAction","target":["https:\/\/darkamazi.info\/archives\/1051955"]}]},{"@type":"ImageObject","inLanguage":"en-US","@id":"https:\/\/darkamazi.info\/archives\/1051955#primaryimage","url":"https:\/\/darkamazi.info\/file\/2026\/03\/US-Embssy.jpg","contentUrl":"https:\/\/darkamazi.info\/file\/2026\/03\/US-Embssy.jpg","width":900,"height":500,"caption":"US-Embssy"},{"@type":"BreadcrumbList","@id":"https:\/\/darkamazi.info\/archives\/1051955#breadcrumb","itemListElement":[{"@type":"ListItem","position":1,"name":"Home","item":"https:\/\/darkamazi.info\/"},{"@type":"ListItem","position":2,"name":"Amer\u00eekay\u00ea daxwaz\u00ea ji welatiy\u00ean xwe dike di z\u00fbtir\u00een dem ji Iraq\u00ea derkevin"}]},{"@type":"WebSite","@id":"https:\/\/darkamazi.info\/#website","url":"https:\/\/darkamazi.info\/","name":"Darka Maz\u00ee","description":"P\u00eageha Zanyariy\u00ean Nebih\u00eest\u00ee","publisher":{"@id":"https:\/\/darkamazi.info\/#organization"},"potentialAction":[{"@type":"SearchAction","target":{"@type":"EntryPoint","urlTemplate":"https:\/\/darkamazi.info\/?s={search_term_string}"},"query-input":{"@type":"PropertyValueSpecification","valueRequired":true,"valueName":"search_term_string"}}],"inLanguage":"en-US"},{"@type":"Organization","@id":"https:\/\/darkamazi.info\/#organization","name":"Darka Maz\u00ee","url":"https:\/\/darkamazi.info\/","logo":{"@type":"ImageObject","inLanguage":"en-US","@id":"https:\/\/darkamazi.info\/#\/schema\/logo\/image\/","url":"https:\/\/darkamazi.info\/file\/2017\/12\/darka-mazi-logo.png","contentUrl":"https:\/\/darkamazi.info\/file\/2017\/12\/darka-mazi-logo.png","width":151,"height":75,"caption":"Darka Maz\u00ee"},"image":{"@id":"https:\/\/darkamazi.info\/#\/schema\/logo\/image\/"},"sameAs":["https:\/\/www.facebook.com\/DarMaziKurmanci","https:\/\/x.com\/DarkaMaziLatini","https:\/\/www.instagram.com\/darkamazi.kurmanci\/","https:\/\/www.youtube.com\/channel\/UCa5HkTdmI8U1qCUFuTw8B2g"]},{"@type":"Person","@id":"https:\/\/darkamazi.info\/#\/schema\/person\/5ad3e24553a0567993fa8ed4bd0a776c","name":"darka mazi","sameAs":["https:\/\/darkamazi.info\/"],"url":"https:\/\/darkamazi.info\/archives\/author\/kurdi"}]}},"_links":{"self":[{"href":"https:\/\/darkamazi.info\/funavuv\/wp\/v2\/posts\/1051955","targetHints":{"allow":["GET"]}}],"collection":[{"href":"https:\/\/darkamazi.info\/funavuv\/wp\/v2\/posts"}],"about":[{"href":"https:\/\/darkamazi.info\/funavuv\/wp\/v2\/types\/post"}],"author":[{"embeddable":true,"href":"https:\/\/darkamazi.info\/funavuv\/wp\/v2\/users\/2"}],"replies":[{"embeddable":true,"href":"https:\/\/darkamazi.info\/funavuv\/wp\/v2\/comments?post=1051955"}],"version-history":[{"count":0,"href":"https:\/\/darkamazi.info\/funavuv\/wp\/v2\/posts\/1051955\/revisions"}],"wp:featuredmedia":[{"embeddable":true,"href":"https:\/\/darkamazi.info\/funavuv\/wp\/v2\/media\/1051956"}],"wp:attachment":[{"href":"https:\/\/darkamazi.info\/funavuv\/wp\/v2\/media?parent=1051955"}],"wp:term":[{"taxonomy":"category","embeddable":true,"href":"https:\/\/darkamazi.info\/funavuv\/wp\/v2\/categories?post=1051955"},{"taxonomy":"post_tag","embeddable":true,"href":"https:\/\/darkamazi.info\/funavuv\/wp\/v2\/tags?post=1051955"}],"curies":[{"name":"wp","href":"https:\/\/api.w.org\/{rel}","templated":true}]}}