{"id":1051961,"date":"2026-03-04T17:32:05","date_gmt":"2026-03-04T14:32:05","guid":{"rendered":"https:\/\/darkamazi.info\/?p=1051961"},"modified":"2026-03-04T17:32:05","modified_gmt":"2026-03-04T14:32:05","slug":"deme-qeyume-merdine-du-mehen-din-hate-direjkirin","status":"publish","type":"post","link":"https:\/\/darkamazi.info\/archives\/1051961","title":{"rendered":"Dem\u00ea Qey\u00fbm\u00ea M\u00eard\u00een\u00ea du meh\u00ean din hate dir\u00eajkirin"},"content":{"rendered":"<h3 style=\"text-align: justify\"><span style=\"font-family: 'arial black', sans-serif\">Dem\u00ea r\u00eavebir\u00ea weke Qey\u00fbma li Merd\u00een\u00ea hat\u00ee erkdarkirin di \u015earedariya Bajar\u00ea Mezin a M\u00eard\u00een\u00ea de du meh\u00ean din hate direjkirin.<\/span><\/h3>\n<h3 style=\"text-align: justify\">Pi\u015ft\u00ee ku \u015earedar\u00ea Bajar\u00ea Mezin Ahmet Turk di 4\u00ea Mijdara 2024an de, di \u00e7ar\u00e7oveya l\u00eapirs\u00een \u00fb dozgeriya teror\u00ea de ji kar hate d\u00fbrxistin, Waliy\u00ea M\u00eard\u00een\u00ea Tuncay Akkoyun ji h\u00eala Wezaret\u00ea ve wek\u00ee r\u00eavebir hate erkdarkirin. Dem\u00ea erkdarkirin\u00ea ku her du mehan carek\u00ea t\u00ea n\u00fbkirin.<\/h3>\n<h3 style=\"text-align: justify\">Li gor\u00ee biryara Wezareta Kar\u00ean Navxwe ya Tirk\u00eeyey\u00ea ji 4\u00ea Adara 2026an p\u00ea ve ji n\u00fb ve hate nirxandin \u00fb du meh\u00ean din hate dir\u00eajkirin. Di v\u00ea \u00e7ar\u00e7ovey\u00ea de qey\u00fbm\u00ea li \u015earedariya Bajar\u00ea Mezin a M\u00eard\u00een\u00ea d\u00ea erk\u00ean xwe y\u00ean hey\u00ee bidom\u00eene.<\/h3>\n<h3 style=\"text-align: justify\">Ev j\u00ee di demek\u00ea de ye ku, Dem Partiy\u00ea li roja P\u00eanc\u015fem\u00ea, 26\u00ea Sibata 2026\u00ea, bi tevl\u00eeb\u00fbna hevserok\u00ea w\u00ea partiy\u00ea Tuncer Bakirhan li ber \u015earedariya Bajar\u00ea Mezin a D\u00eeyarbekir\u00ea \u00e7alakiyek bi dir\u00fb\u015fma &#8220;Em berevaniy\u00ea ji \u00eeradeya xwe dikin, em deng\u00ea xwe li dij\u00ee sepandina qey\u00fbman bilind dikin&#8221; li dar xist, \u00fb hevserok\u00ean \u015faredariy\u00ean par\u00eazgeh \u00fb dever\u00ean gir\u00eaday\u00ee Dem Partiy\u00ea j\u00ee tevl\u00ee w\u00ea \u00e7alakiy\u00ea b\u00fbb\u00fbn.<\/h3>\n<h3 style=\"text-align: justify\">Hevserok\u00ea Partiya Wekhev\u00ee \u00fb Demokrasiya Gelan (Dem Part\u00ee) Tuncer Bakirhan di w\u00ea \u00e7alakiy\u00ea de ragihand ku, ji bo biserxistina qonaxa n\u00fb ya p\u00eavajoya a\u015ftiy\u00ea, div\u00ea sepandina qey\u00fbman b\u00ea bidaw\u00eean\u00een \u00fb Hevserok\u00ean \u015earedariyan \u00ean ku ji kar hatine derxistin ji bo ser kar \u00fb erk\u00ean wan b\u00ean vegerandin.<\/h3>\n<h3 style=\"text-align: justify\">Wezareta Navxwe ya Tirkiyey\u00ea ragihand, dema qey\u00fbm\u00ea \u015earedariya Bajar\u00ea Mezin a M\u00eard\u00een\u00ea bo du meh\u00ean din hatiye dir\u00eajkirin. Li gor\u00ee v\u00ea biryar\u00ea, Par\u00eazgar\u00ea M\u00eard\u00een\u00ea d\u00ea heta 4\u2019\u00ea Adara 2026\u2019an bi away\u00ea wekalet di posta \u015faredariy\u00ea de bim\u00eene.<\/h3>\n<h3 style=\"text-align: justify\">Par\u00eazer\u00ea Ehmed Turk derbar\u00ea biryar\u00ea de daxuyaniyek da \u00fb destn\u00ee\u015fan kir, dan\u00eena qey\u00fbman binp\u00eakirina maf\u00ea dengdan\u00ea \u00fb li dij\u00ee dest\u00fbr\u00ea ye. Par\u00eazer bal ki\u015fand ser qonaxa siyas\u00ee ya her\u00eam\u00ea \u00fb got: &#8220;Di v\u00ea dem\u00ea de ku behsa a\u015ftiy\u00ea t\u00ea kirin, eger s\u00eestema qey\u00fbman bi daw\u00ee bibe, d\u00ea baweriya milet li hember\u00ee p\u00eavajoya a\u015ftiy\u00ea h\u00ean z\u00eadetir bibe.&#8221;<\/h3>\n<h3 style=\"text-align: justify\">Ahmed Turk di hilbijartin\u00ean her\u00eam\u00ee y\u00ean 31\u2019\u00ea Adara 2024\u2019an de wek\u00ee berbijar\u00ea DEM Partiy\u00ea bi piraniya dengan wek\u00ee Hev\u015faredar\u00ea M\u00eard\u00een\u00ea hatib\u00fb hilbijartin. L\u00ea bel\u00ea Wezareta Navxwe di 4\u2019\u00ea Mijdara 2024\u2019an de li gel hev\u015faredar\u00ean \u00calih \u00fb Xelfetiy\u00ea, Ahmed Turk j\u00ee bi hinceta &#8220;endamtiya r\u00eaxistin\u00ea&#8221; \u00fb l\u00eapirs\u00een\u00ean siyas\u00ee ji wez\u00eefey\u00ea d\u00fbr xistib\u00fb.<\/h3>\n<h3 style=\"text-align: justify\">Ev biryara dir\u00eajkirin\u00ea di demek\u00ea de t\u00ea, li Tirkiye \u00fb Bakur\u00ea Kurdistan\u00ea n\u00eeqa\u015f\u00ean li ser &#8220;P\u00eavajoya N\u00fb ya A\u015fitiy\u00ea&#8221; germ in. Pi\u015ft\u00ee biryar\u00ean PKK\u2019\u00ea y\u00ean ji bo xwehilwe\u015fandin \u00fb dan\u00eena \u00e7ekan, dihat \u00e7aver\u00eakirin ku hik\u00fbmet gav\u00ean demokrat\u00eek biaveje \u00fb daw\u00ee li s\u00eestema qey\u00fbman b\u00eene da ku r\u00ea li ber diyalogeke siv\u00eel were vekirin. L\u00ea bel\u00ea, biryara daw\u00ee ya wezaret\u00ea n\u00ee\u015fan dide ku s\u00eeyaseta qey\u00fbman wek\u00ee xwe berdewam e.<\/h3>\n","protected":false},"excerpt":{"rendered":"<p>Dem\u00ea r\u00eavebir\u00ea weke Qey\u00fbma li Merd\u00een\u00ea hat\u00ee erkdarkirin di \u015earedariya Bajar\u00ea Mezin a M\u00eard\u00een\u00ea de du meh\u00ean din hate direjkirin. Pi\u015ft\u00ee ku \u015earedar\u00ea Bajar\u00ea Mezin Ahmet Turk di 4\u00ea Mijdara 2024an de, di \u00e7ar\u00e7oveya l\u00eapirs\u00een \u00fb dozgeriya teror\u00ea de ji kar hate d\u00fbrxistin, Waliy\u00ea M\u00eard\u00een\u00ea Tuncay Akkoyun ji h\u00eala Wezaret\u00ea ve wek\u00ee r\u00eavebir hate erkdarkirin. [&hellip;]<\/p>\n","protected":false},"author":2,"featured_media":1051962,"comment_status":"closed","ping_status":"closed","sticky":false,"template":"","format":"standard","meta":{"footnotes":""},"categories":[29],"tags":[37],"class_list":["post-1051961","post","type-post","status-publish","format-standard","has-post-thumbnail","hentry","category-kurdistan","tag-sereke"],"blocksy_meta":[],"seo_head":"<!-- This site is optimized with the Yoast SEO plugin v27.5 - https:\/\/yoast.com\/product\/yoast-seo-wordpress\/ -->\n<title>Dem\u00ea Qey\u00fbm\u00ea M\u00eard\u00een\u00ea du meh\u00ean din hate dir\u00eajkirin - Darka Maz\u00ee<\/title>\n<meta name=\"robots\" content=\"index, follow, max-snippet:-1, max-image-preview:large, max-video-preview:-1\" \/>\n<link rel=\"canonical\" href=\"https:\/\/darkamazi.info\/archives\/1051961\" \/>\n<meta property=\"og:locale\" content=\"en_US\" \/>\n<meta property=\"og:type\" content=\"article\" \/>\n<meta property=\"og:title\" content=\"Dem\u00ea Qey\u00fbm\u00ea M\u00eard\u00een\u00ea du meh\u00ean din hate dir\u00eajkirin - Darka Maz\u00ee\" \/>\n<meta property=\"og:description\" content=\"Dem\u00ea r\u00eavebir\u00ea weke Qey\u00fbma li Merd\u00een\u00ea hat\u00ee erkdarkirin di \u015earedariya Bajar\u00ea Mezin a M\u00eard\u00een\u00ea de du meh\u00ean din hate direjkirin. Pi\u015ft\u00ee ku \u015earedar\u00ea Bajar\u00ea Mezin Ahmet Turk di 4\u00ea Mijdara 2024an de, di \u00e7ar\u00e7oveya l\u00eapirs\u00een \u00fb dozgeriya teror\u00ea de ji kar hate d\u00fbrxistin, Waliy\u00ea M\u00eard\u00een\u00ea Tuncay Akkoyun ji h\u00eala Wezaret\u00ea ve wek\u00ee r\u00eavebir hate erkdarkirin. [&hellip;]\" \/>\n<meta property=\"og:url\" content=\"https:\/\/darkamazi.info\/archives\/1051961\" \/>\n<meta property=\"og:site_name\" content=\"Darka Maz\u00ee\" \/>\n<meta property=\"article:publisher\" content=\"https:\/\/www.facebook.com\/DarMaziKurmanci\" \/>\n<meta property=\"article:published_time\" content=\"2026-03-04T14:32:05+00:00\" \/>\n<meta property=\"og:image\" content=\"https:\/\/darkamazi.info\/file\/2026\/03\/mardin-beledisi.jpg\" \/>\n\t<meta property=\"og:image:width\" content=\"900\" \/>\n\t<meta property=\"og:image:height\" content=\"497\" \/>\n\t<meta property=\"og:image:type\" content=\"image\/jpeg\" \/>\n<meta name=\"author\" content=\"darka mazi\" \/>\n<meta name=\"twitter:card\" content=\"summary_large_image\" \/>\n<meta name=\"twitter:creator\" content=\"@DarkaMaziLatini\" \/>\n<meta name=\"twitter:site\" content=\"@DarkaMaziLatini\" \/>\n<meta name=\"twitter:label1\" content=\"Written by\" \/>\n\t<meta name=\"twitter:data1\" content=\"darka mazi\" \/>\n\t<meta name=\"twitter:label2\" content=\"Est. reading time\" \/>\n\t<meta name=\"twitter:data2\" content=\"3 minutes\" \/>\n<script type=\"application\/ld+json\" class=\"seo-schema-graph\">{\"@context\":\"https:\\\/\\\/schema.org\",\"@graph\":[{\"@type\":\"Article\",\"@id\":\"https:\\\/\\\/darkamazi.info\\\/archives\\\/1051961#article\",\"isPartOf\":{\"@id\":\"https:\\\/\\\/darkamazi.info\\\/archives\\\/1051961\"},\"author\":{\"name\":\"darka mazi\",\"@id\":\"https:\\\/\\\/darkamazi.info\\\/#\\\/schema\\\/person\\\/5ad3e24553a0567993fa8ed4bd0a776c\"},\"headline\":\"Dem\u00ea Qey\u00fbm\u00ea M\u00eard\u00een\u00ea du meh\u00ean din hate dir\u00eajkirin\",\"datePublished\":\"2026-03-04T14:32:05+00:00\",\"mainEntityOfPage\":{\"@id\":\"https:\\\/\\\/darkamazi.info\\\/archives\\\/1051961\"},\"wordCount\":529,\"publisher\":{\"@id\":\"https:\\\/\\\/darkamazi.info\\\/#organization\"},\"image\":{\"@id\":\"https:\\\/\\\/darkamazi.info\\\/archives\\\/1051961#primaryimage\"},\"thumbnailUrl\":\"https:\\\/\\\/darkamazi.info\\\/darka-content\\\/uploads\\\/2026\\\/03\\\/mardin-beledisi.jpg\",\"keywords\":[\"sereke\"],\"articleSection\":[\"Kurdistan\"],\"inLanguage\":\"en-US\"},{\"@type\":\"WebPage\",\"@id\":\"https:\\\/\\\/darkamazi.info\\\/archives\\\/1051961\",\"url\":\"https:\\\/\\\/darkamazi.info\\\/archives\\\/1051961\",\"name\":\"Dem\u00ea Qey\u00fbm\u00ea M\u00eard\u00een\u00ea du meh\u00ean din hate dir\u00eajkirin - Darka Maz\u00ee\",\"isPartOf\":{\"@id\":\"https:\\\/\\\/darkamazi.info\\\/#website\"},\"primaryImageOfPage\":{\"@id\":\"https:\\\/\\\/darkamazi.info\\\/archives\\\/1051961#primaryimage\"},\"image\":{\"@id\":\"https:\\\/\\\/darkamazi.info\\\/archives\\\/1051961#primaryimage\"},\"thumbnailUrl\":\"https:\\\/\\\/darkamazi.info\\\/darka-content\\\/uploads\\\/2026\\\/03\\\/mardin-beledisi.jpg\",\"datePublished\":\"2026-03-04T14:32:05+00:00\",\"breadcrumb\":{\"@id\":\"https:\\\/\\\/darkamazi.info\\\/archives\\\/1051961#breadcrumb\"},\"inLanguage\":\"en-US\",\"potentialAction\":[{\"@type\":\"ReadAction\",\"target\":[\"https:\\\/\\\/darkamazi.info\\\/archives\\\/1051961\"]}]},{\"@type\":\"ImageObject\",\"inLanguage\":\"en-US\",\"@id\":\"https:\\\/\\\/darkamazi.info\\\/archives\\\/1051961#primaryimage\",\"url\":\"https:\\\/\\\/darkamazi.info\\\/darka-content\\\/uploads\\\/2026\\\/03\\\/mardin-beledisi.jpg\",\"contentUrl\":\"https:\\\/\\\/darkamazi.info\\\/darka-content\\\/uploads\\\/2026\\\/03\\\/mardin-beledisi.jpg\",\"width\":900,\"height\":497,\"caption\":\"Dem\u00ea Qey\u00fbm\u00ea M\u00eard\u00een\u00ea du meh\u00ean din hate dir\u00eajkirin\"},{\"@type\":\"BreadcrumbList\",\"@id\":\"https:\\\/\\\/darkamazi.info\\\/archives\\\/1051961#breadcrumb\",\"itemListElement\":[{\"@type\":\"ListItem\",\"position\":1,\"name\":\"Home\",\"item\":\"https:\\\/\\\/darkamazi.info\\\/\"},{\"@type\":\"ListItem\",\"position\":2,\"name\":\"Dem\u00ea Qey\u00fbm\u00ea M\u00eard\u00een\u00ea du meh\u00ean din hate dir\u00eajkirin\"}]},{\"@type\":\"WebSite\",\"@id\":\"https:\\\/\\\/darkamazi.info\\\/#website\",\"url\":\"https:\\\/\\\/darkamazi.info\\\/\",\"name\":\"Darka Maz\u00ee\",\"description\":\"P\u00eageha Zanyariy\u00ean Nebih\u00eest\u00ee\",\"publisher\":{\"@id\":\"https:\\\/\\\/darkamazi.info\\\/#organization\"},\"potentialAction\":[{\"@type\":\"SearchAction\",\"target\":{\"@type\":\"EntryPoint\",\"urlTemplate\":\"https:\\\/\\\/darkamazi.info\\\/?s={search_term_string}\"},\"query-input\":{\"@type\":\"PropertyValueSpecification\",\"valueRequired\":true,\"valueName\":\"search_term_string\"}}],\"inLanguage\":\"en-US\"},{\"@type\":\"Organization\",\"@id\":\"https:\\\/\\\/darkamazi.info\\\/#organization\",\"name\":\"Darka Maz\u00ee\",\"url\":\"https:\\\/\\\/darkamazi.info\\\/\",\"logo\":{\"@type\":\"ImageObject\",\"inLanguage\":\"en-US\",\"@id\":\"https:\\\/\\\/darkamazi.info\\\/#\\\/schema\\\/logo\\\/image\\\/\",\"url\":\"https:\\\/\\\/darkamazi.info\\\/darka-content\\\/uploads\\\/2017\\\/12\\\/darka-mazi-logo.png\",\"contentUrl\":\"https:\\\/\\\/darkamazi.info\\\/darka-content\\\/uploads\\\/2017\\\/12\\\/darka-mazi-logo.png\",\"width\":151,\"height\":75,\"caption\":\"Darka Maz\u00ee\"},\"image\":{\"@id\":\"https:\\\/\\\/darkamazi.info\\\/#\\\/schema\\\/logo\\\/image\\\/\"},\"sameAs\":[\"https:\\\/\\\/www.facebook.com\\\/DarMaziKurmanci\",\"https:\\\/\\\/x.com\\\/DarkaMaziLatini\",\"https:\\\/\\\/www.instagram.com\\\/darkamazi.kurmanci\\\/\",\"https:\\\/\\\/www.youtube.com\\\/channel\\\/UCa5HkTdmI8U1qCUFuTw8B2g\"]},{\"@type\":\"Person\",\"@id\":\"https:\\\/\\\/darkamazi.info\\\/#\\\/schema\\\/person\\\/5ad3e24553a0567993fa8ed4bd0a776c\",\"name\":\"darka mazi\",\"sameAs\":[\"https:\\\/\\\/darkamazi.info\\\/\"],\"url\":\"https:\\\/\\\/darkamazi.info\\\/archives\\\/author\\\/kurdi\"}]}<\/script>\n<!-- \/ Yoast SEO plugin. -->","seo_head_json":{"title":"Dem\u00ea Qey\u00fbm\u00ea M\u00eard\u00een\u00ea du meh\u00ean din hate dir\u00eajkirin - Darka Maz\u00ee","robots":{"index":"index","follow":"follow","max-snippet":"max-snippet:-1","max-image-preview":"max-image-preview:large","max-video-preview":"max-video-preview:-1"},"canonical":"https:\/\/darkamazi.info\/archives\/1051961","og_locale":"en_US","og_type":"article","og_title":"Dem\u00ea Qey\u00fbm\u00ea M\u00eard\u00een\u00ea du meh\u00ean din hate dir\u00eajkirin - Darka Maz\u00ee","og_description":"Dem\u00ea r\u00eavebir\u00ea weke Qey\u00fbma li Merd\u00een\u00ea hat\u00ee erkdarkirin di \u015earedariya Bajar\u00ea Mezin a M\u00eard\u00een\u00ea de du meh\u00ean din hate direjkirin. Pi\u015ft\u00ee ku \u015earedar\u00ea Bajar\u00ea Mezin Ahmet Turk di 4\u00ea Mijdara 2024an de, di \u00e7ar\u00e7oveya l\u00eapirs\u00een \u00fb dozgeriya teror\u00ea de ji kar hate d\u00fbrxistin, Waliy\u00ea M\u00eard\u00een\u00ea Tuncay Akkoyun ji h\u00eala Wezaret\u00ea ve wek\u00ee r\u00eavebir hate erkdarkirin. [&hellip;]","og_url":"https:\/\/darkamazi.info\/archives\/1051961","og_site_name":"Darka Maz\u00ee","article_publisher":"https:\/\/www.facebook.com\/DarMaziKurmanci","article_published_time":"2026-03-04T14:32:05+00:00","og_image":[{"width":900,"height":497,"url":"https:\/\/darkamazi.info\/file\/2026\/03\/mardin-beledisi.jpg","type":"image\/jpeg"}],"author":"darka mazi","twitter_card":"summary_large_image","twitter_creator":"@DarkaMaziLatini","twitter_site":"@DarkaMaziLatini","twitter_misc":{"Written by":"darka mazi","Est. reading time":"3 minutes"},"schema":{"@context":"https:\/\/schema.org","@graph":[{"@type":"Article","@id":"https:\/\/darkamazi.info\/archives\/1051961#article","isPartOf":{"@id":"https:\/\/darkamazi.info\/archives\/1051961"},"author":{"name":"darka mazi","@id":"https:\/\/darkamazi.info\/#\/schema\/person\/5ad3e24553a0567993fa8ed4bd0a776c"},"headline":"Dem\u00ea Qey\u00fbm\u00ea M\u00eard\u00een\u00ea du meh\u00ean din hate dir\u00eajkirin","datePublished":"2026-03-04T14:32:05+00:00","mainEntityOfPage":{"@id":"https:\/\/darkamazi.info\/archives\/1051961"},"wordCount":529,"publisher":{"@id":"https:\/\/darkamazi.info\/#organization"},"image":{"@id":"https:\/\/darkamazi.info\/archives\/1051961#primaryimage"},"thumbnailUrl":"https:\/\/darkamazi.info\/file\/2026\/03\/mardin-beledisi.jpg","keywords":["sereke"],"articleSection":["Kurdistan"],"inLanguage":"en-US"},{"@type":"WebPage","@id":"https:\/\/darkamazi.info\/archives\/1051961","url":"https:\/\/darkamazi.info\/archives\/1051961","name":"Dem\u00ea Qey\u00fbm\u00ea M\u00eard\u00een\u00ea du meh\u00ean din hate dir\u00eajkirin - Darka Maz\u00ee","isPartOf":{"@id":"https:\/\/darkamazi.info\/#website"},"primaryImageOfPage":{"@id":"https:\/\/darkamazi.info\/archives\/1051961#primaryimage"},"image":{"@id":"https:\/\/darkamazi.info\/archives\/1051961#primaryimage"},"thumbnailUrl":"https:\/\/darkamazi.info\/file\/2026\/03\/mardin-beledisi.jpg","datePublished":"2026-03-04T14:32:05+00:00","breadcrumb":{"@id":"https:\/\/darkamazi.info\/archives\/1051961#breadcrumb"},"inLanguage":"en-US","potentialAction":[{"@type":"ReadAction","target":["https:\/\/darkamazi.info\/archives\/1051961"]}]},{"@type":"ImageObject","inLanguage":"en-US","@id":"https:\/\/darkamazi.info\/archives\/1051961#primaryimage","url":"https:\/\/darkamazi.info\/file\/2026\/03\/mardin-beledisi.jpg","contentUrl":"https:\/\/darkamazi.info\/file\/2026\/03\/mardin-beledisi.jpg","width":900,"height":497,"caption":"Dem\u00ea Qey\u00fbm\u00ea M\u00eard\u00een\u00ea du meh\u00ean din hate dir\u00eajkirin"},{"@type":"BreadcrumbList","@id":"https:\/\/darkamazi.info\/archives\/1051961#breadcrumb","itemListElement":[{"@type":"ListItem","position":1,"name":"Home","item":"https:\/\/darkamazi.info\/"},{"@type":"ListItem","position":2,"name":"Dem\u00ea Qey\u00fbm\u00ea M\u00eard\u00een\u00ea du meh\u00ean din hate dir\u00eajkirin"}]},{"@type":"WebSite","@id":"https:\/\/darkamazi.info\/#website","url":"https:\/\/darkamazi.info\/","name":"Darka Maz\u00ee","description":"P\u00eageha Zanyariy\u00ean Nebih\u00eest\u00ee","publisher":{"@id":"https:\/\/darkamazi.info\/#organization"},"potentialAction":[{"@type":"SearchAction","target":{"@type":"EntryPoint","urlTemplate":"https:\/\/darkamazi.info\/?s={search_term_string}"},"query-input":{"@type":"PropertyValueSpecification","valueRequired":true,"valueName":"search_term_string"}}],"inLanguage":"en-US"},{"@type":"Organization","@id":"https:\/\/darkamazi.info\/#organization","name":"Darka Maz\u00ee","url":"https:\/\/darkamazi.info\/","logo":{"@type":"ImageObject","inLanguage":"en-US","@id":"https:\/\/darkamazi.info\/#\/schema\/logo\/image\/","url":"https:\/\/darkamazi.info\/file\/2017\/12\/darka-mazi-logo.png","contentUrl":"https:\/\/darkamazi.info\/file\/2017\/12\/darka-mazi-logo.png","width":151,"height":75,"caption":"Darka Maz\u00ee"},"image":{"@id":"https:\/\/darkamazi.info\/#\/schema\/logo\/image\/"},"sameAs":["https:\/\/www.facebook.com\/DarMaziKurmanci","https:\/\/x.com\/DarkaMaziLatini","https:\/\/www.instagram.com\/darkamazi.kurmanci\/","https:\/\/www.youtube.com\/channel\/UCa5HkTdmI8U1qCUFuTw8B2g"]},{"@type":"Person","@id":"https:\/\/darkamazi.info\/#\/schema\/person\/5ad3e24553a0567993fa8ed4bd0a776c","name":"darka mazi","sameAs":["https:\/\/darkamazi.info\/"],"url":"https:\/\/darkamazi.info\/archives\/author\/kurdi"}]}},"_links":{"self":[{"href":"https:\/\/darkamazi.info\/funavuv\/wp\/v2\/posts\/1051961","targetHints":{"allow":["GET"]}}],"collection":[{"href":"https:\/\/darkamazi.info\/funavuv\/wp\/v2\/posts"}],"about":[{"href":"https:\/\/darkamazi.info\/funavuv\/wp\/v2\/types\/post"}],"author":[{"embeddable":true,"href":"https:\/\/darkamazi.info\/funavuv\/wp\/v2\/users\/2"}],"replies":[{"embeddable":true,"href":"https:\/\/darkamazi.info\/funavuv\/wp\/v2\/comments?post=1051961"}],"version-history":[{"count":0,"href":"https:\/\/darkamazi.info\/funavuv\/wp\/v2\/posts\/1051961\/revisions"}],"wp:featuredmedia":[{"embeddable":true,"href":"https:\/\/darkamazi.info\/funavuv\/wp\/v2\/media\/1051962"}],"wp:attachment":[{"href":"https:\/\/darkamazi.info\/funavuv\/wp\/v2\/media?parent=1051961"}],"wp:term":[{"taxonomy":"category","embeddable":true,"href":"https:\/\/darkamazi.info\/funavuv\/wp\/v2\/categories?post=1051961"},{"taxonomy":"post_tag","embeddable":true,"href":"https:\/\/darkamazi.info\/funavuv\/wp\/v2\/tags?post=1051961"}],"curies":[{"name":"wp","href":"https:\/\/api.w.org\/{rel}","templated":true}]}}