{"id":1051967,"date":"2026-03-05T14:24:42","date_gmt":"2026-03-05T11:24:42","guid":{"rendered":"https:\/\/darkamazi.info\/?p=1051967"},"modified":"2026-03-05T14:24:42","modified_gmt":"2026-03-05T11:24:42","slug":"dive-hezen-rojhilat-ci-dersan-ji-rojava-derxin","status":"publish","type":"post","link":"https:\/\/darkamazi.info\/archives\/1051967","title":{"rendered":"Div\u00ea h\u00eaz\u00ean Rojhilat \u00e7i dersan ji Rojava derxin?"},"content":{"rendered":"<div class=\"wpb-content-wrapper\"><p>[darkamazi_row][darkamazi_column][darkamazi_video link=&#8221;https:\/\/www.youtube.com\/watch?v=uW1VjuUSQzU&#8221; css=&#8221;&#8221;][darkamazi_column_text]<\/p>\n<h3 style=\"text-align: justify;\"><span style=\"font-family: 'arial black', sans-serif;\">Operasyona Amer\u00eeka \u00fb \u00cesra\u00eel\u00ea ya li dij\u00ee \u00ceran\u00ea di 1 \u00ea Adar\u00ea de n\u00ee\u015fan dide ku ev bihar d\u00ea biharek dijwar be, hem xetere \u00fb hem j\u00ee derfet\u00ean mezin p\u00ea\u015fk\u00ea\u015f dike.<\/span><\/h3>\n<h3 style=\"text-align: justify;\">Rej\u00eema \u00ceslam\u00ee ya \u00ceran\u00ea ji sala 1979 an vir ve cara yekem derbeyek ewqas mezin xwariye \u00fb hilwe\u015f\u00eena w\u00ea n\u00eez\u00eak e. Pi\u015ft\u00ee \u015foka destp\u00eak\u00ea, \u00ceran niha hewl dide ku henasek\u00ea bist\u00eene \u00fb wext dest bixe.\u00a0 Ji aliyek\u00ee ve, bi h\u00eaz\u00ean xwe y\u00ean wek\u00eel, wek He\u015fd\u00ee \u015eeb\u00ee, tund\u00fbt\u00fbjiy\u00ea bi awayek\u00ee kontrolkir\u00ee z\u00eade dike \u00fb hewl dide ku rojhilata nav\u00een tevlihev bike. Ji aliy\u00ea din ve, hewl dide ku bi \u00ee\u015faretkirina h\u00eaz\u00ean ku li dij\u00ee operasyon\u00ea ne ku ew bi tevah\u00ee nehatiye hilwe\u015fandin, h\u00eaza xwe n\u00ee\u015fan bide.<\/h3>\n<h3 style=\"text-align: justify;\">P\u00eavajoya li \u00ceran\u00ea \u00e7awa p\u00ea\u015f dikeve ne diyar e. \u00ceran hem li ser s\u00eestemek ol\u00ee-ter\u00eeqat\u00ee \u00fb hem j\u00ee li ser kevne\u015fopiya dewleta Pers tevbigere yan\u00ee li \u015f\u00fbna hilwe\u015f\u00een\u00ea, hewl dide xwe nermbike daku heya radeyek\u00ea desthilata xwe bipar\u00eaze.<\/h3>\n<h3 style=\"text-align: justify;\">H\u00eaz\u00ean ku be\u015fdar\u00ee operasyon\u00ea b\u00fbne j\u00ee stratejiyek berbi\u00e7av ji bo \u00ceran\u00ea tune ne. Ne diyar e ku armanc hilwe\u015fandina tevah\u00ee ya rej\u00eem\u00ea ye an j\u00ee qelskirina w\u00ea \u00fb ne\u00e7arkirina w\u00ea b\u00fb tesl\u00eemb\u00fbn\u00ea ye. Heta h\u00eaz\u00ean c\u00eehan\u00ee j\u00ee hi\u015fyar in. Her kes hewl dide bandora c\u00eehan\u00ee ya \u015fer binirx\u00eene \u00fb xwe li gor\u00ee w\u00ea bi cih bike. Div\u00ea Kurd j\u00ee heman ti\u015ft\u00ee bikin. Div\u00ea hem w\u00earek \u00fb hem j\u00ee hi\u015fyar bin. \u00db Rojhilat\u00ea Kurdistan\u00ea div\u00ea ji Rojava dersan derxe. Div\u00ea ji dubarekirina heman xeletiyan d\u00fbr bisekine \u00fb PKK \u00ea ji Rojhilat d\u00fbr bixe.<\/h3>\n<h3 style=\"text-align: justify;\">Li Rojava, Kurd li gor\u00ee berjewendiy\u00ean xwe y\u00ean berbi\u00e7av tevnegeriyan. Ew li gor\u00ee fikra \u00eedeoloj\u00eek a Ocalan \u00fb PKK \u00ea tevgeriyan. Li Rojava, Kurdan bi armanca demokrat\u00eekkirina tevahiya S\u00fbriy\u00ea, heta tevahiya Rojhilata Nav\u00een \u00fb r\u00eaya s\u00eayem\u00een&#8230; r\u00eabaza xwe wenda kir. N\u00eaz\u00eek\u00ee 15,000 ciwan\u00ean Kurd li dervey\u00ee her\u00eam\u00ean kurd \u00fb ji bo armanc\u00ean nekurd hatin ku\u015ftin. Gel 13 salan w\u00earaniyeke mezin ki\u015fand. Bi axaftina berdewam a li ser S\u00fbriyeyeke demokrat\u00eek, di dawiy\u00ea de bi awayek\u00ee tevl\u00eehev tevl\u00ee S\u00fbriy\u00ea b\u00fbn.<\/h3>\n<h3 style=\"text-align: justify;\">Rojhilat nikare v\u00ea yek\u00ea bike. Div\u00ea Rojhilat plan\u00ean pergala siyas\u00ee ya c\u00eehan\u00ea ji bo rej\u00eema \u00ceran\u00ea bi\u015fop\u00eene. \u00db div\u00ea ner\u00een\u00ean li ser rej\u00eem\u00ea bi zelal\u00ee werin diyarkirin; div\u00ea bi h\u00eaz\u00ean xwe, bajar\u00ean Kurdan wextek\u00ee rast \u00fb deq\u00eeq rizgar bike. Ne direng bim\u00eene \u00fb ne j\u00ee z\u00fb p\u00ea\u015frew\u00ee bike. Div\u00ea armanc\u00ean zelal daxwaz bike xwer\u00eaveberiya Kurdan misoger bike. Guh nede gote-gotk\u00ean &#8220;R\u00eaya s\u00eayem\u00een&#8221;, \u00cerana demokrat\u00eek \u00fb hwd., ev yek d\u00ea bi Rojhilat bide windakirin. R\u00eaxistin\u00ean Rojhilat div\u00ea reqabet\u00ean xwe y\u00ean navxwey\u00ee bidin aliyek\u00ee \u00fb li dora gotareke Kurd\u00fb Kurdistan\u00ee bibin yek.<\/h3>\n<h3 style=\"text-align: justify;\">Div\u00ea bi taybet\u00ee li dij\u00ee PJAK \u00ea hi\u015fyar bin. PKK dixwaze bi v\u00ee nav\u00ee bikeve Rojhilat, PJAK \u00ea wek\u00ee hesp\u00ea Troyay\u00ea bikar b\u00eene. Pi\u015ft\u00ee ku li Bakur winda kir, li Ba\u015f\u00fbr hem\u00fb senger\u00ean xwe radest\u00ee Tirkiy\u00ea kir \u00fb Rojava bi nav\u00ea &#8220;entegrasyon\u00ea&#8221; jinav bir, v\u00eaca PKK dixwaze heb\u00fbna xwe li Rojhilat dir\u00eaj bike.<\/h3>\n<h3 style=\"text-align: justify;\">Ketina PKK \u00ea ya Rojhilat bi nav\u00ea PJAK \u00ea t\u00ea wateya destwerdana Ocalan \u00fb, b\u00ea guman, ji aliy\u00ea Tirkiyey\u00ea ve, di kar\u00fbbar\u00ean Kurd\u00ean Rojhilat de. Jixwe, Partiya DEM \u00fb hevserok\u00ean w\u00ea, T\u00fblay Hatimogullar\u0131, bi gotin\u00ean li ser &#8220;\u00cerana Demokrat\u00eek&#8221; \u00fb hwd armanc\u00ean Kurdan \u015fol\u00ee dikin. Rojhilat div\u00ea PKK \u00ea asteng bike da ku p\u00ea\u015feroja xwe ya azad misoger bike.<\/h3>\n<h3 style=\"text-align: justify;\">H\u00eaz\u00ean Rojhilat, bi helwesteke Kurd\u00ee, div\u00ea p\u00ea\u015f\u00ee di navbera xwe de \u00fb d\u00fb re j\u00ee bi h\u00eaz\u00ean bi bandor re li ser bingeha daxwaz\u00ean serwer\u00eeya Kurdan hevpeymaniyan \u00e7\u00eabikin. Serkeftina Rojhilat\u00ea Kurdistan\u00ea t\u00ea wateya t\u00eak\u00e7\u00fbna s\u00eestema kolonyal a sedsal\u00ee liser Kurdan hat\u00ee sepandin. Roj li Rojhilat hilt\u00ea.<\/h3>\n<p>[\/darkamazi_column_text][\/darkamazi_column][\/darkamazi_row]<\/p>\n<\/div>","protected":false},"excerpt":{"rendered":"<p>[darkamazi_row][darkamazi_column][darkamazi_video link=&#8221;https:\/\/www.youtube.com\/watch?v=uW1VjuUSQzU&#8221; css=&#8221;&#8221;][darkamazi_column_text] Operasyona Amer\u00eeka \u00fb \u00cesra\u00eel\u00ea ya li dij\u00ee \u00ceran\u00ea di 1 \u00ea Adar\u00ea de n\u00ee\u015fan dide ku ev bihar d\u00ea biharek dijwar be, hem xetere \u00fb hem j\u00ee derfet\u00ean mezin p\u00ea\u015fk\u00ea\u015f dike. Rej\u00eema \u00ceslam\u00ee ya \u00ceran\u00ea ji sala 1979 an vir ve cara yekem derbeyek ewqas mezin xwariye \u00fb hilwe\u015f\u00eena w\u00ea n\u00eez\u00eak e. [&hellip;]<\/p>\n","protected":false},"author":2,"featured_media":1051975,"comment_status":"closed","ping_status":"closed","sticky":false,"template":"epic_custom_post_template-1006382","format":"standard","meta":{"footnotes":""},"categories":[68,65],"tags":[37],"class_list":["post-1051967","post","type-post","status-publish","format-standard","has-post-thumbnail","hentry","category-analiz","category-vidiyo","tag-sereke"],"blocksy_meta":[],"seo_head":"<!-- This site is optimized with the Yoast SEO plugin v27.5 - https:\/\/yoast.com\/product\/yoast-seo-wordpress\/ -->\n<title>Div\u00ea h\u00eaz\u00ean Rojhilat \u00e7i dersan ji Rojava derxin? - Darka Maz\u00ee<\/title>\n<meta name=\"robots\" content=\"index, follow, max-snippet:-1, max-image-preview:large, max-video-preview:-1\" \/>\n<link rel=\"canonical\" href=\"https:\/\/darkamazi.info\/archives\/1051967\" \/>\n<meta property=\"og:locale\" content=\"en_US\" \/>\n<meta property=\"og:type\" content=\"article\" \/>\n<meta property=\"og:title\" content=\"Div\u00ea h\u00eaz\u00ean Rojhilat \u00e7i dersan ji Rojava derxin? - Darka Maz\u00ee\" \/>\n<meta property=\"og:description\" content=\"[darkamazi_row][darkamazi_column][darkamazi_video link=&#8221;https:\/\/www.youtube.com\/watch?v=uW1VjuUSQzU&#8221; css=&#8221;&#8221;][darkamazi_column_text] Operasyona Amer\u00eeka \u00fb \u00cesra\u00eel\u00ea ya li dij\u00ee \u00ceran\u00ea di 1 \u00ea Adar\u00ea de n\u00ee\u015fan dide ku ev bihar d\u00ea biharek dijwar be, hem xetere \u00fb hem j\u00ee derfet\u00ean mezin p\u00ea\u015fk\u00ea\u015f dike. Rej\u00eema \u00ceslam\u00ee ya \u00ceran\u00ea ji sala 1979 an vir ve cara yekem derbeyek ewqas mezin xwariye \u00fb hilwe\u015f\u00eena w\u00ea n\u00eez\u00eak e. [&hellip;]\" \/>\n<meta property=\"og:url\" content=\"https:\/\/darkamazi.info\/archives\/1051967\" \/>\n<meta property=\"og:site_name\" content=\"Darka Maz\u00ee\" \/>\n<meta property=\"article:publisher\" content=\"https:\/\/www.facebook.com\/DarMaziKurmanci\" \/>\n<meta property=\"article:published_time\" content=\"2026-03-05T11:24:42+00:00\" \/>\n<meta property=\"og:image\" content=\"https:\/\/darkamazi.info\/file\/2026\/03\/rojhelat.jpg\" \/>\n\t<meta property=\"og:image:width\" content=\"900\" \/>\n\t<meta property=\"og:image:height\" content=\"497\" \/>\n\t<meta property=\"og:image:type\" content=\"image\/jpeg\" \/>\n<meta name=\"author\" content=\"darka mazi\" \/>\n<meta name=\"twitter:card\" content=\"summary_large_image\" \/>\n<meta name=\"twitter:creator\" content=\"@DarkaMaziLatini\" \/>\n<meta name=\"twitter:site\" content=\"@DarkaMaziLatini\" \/>\n<meta name=\"twitter:label1\" content=\"Written by\" \/>\n\t<meta name=\"twitter:data1\" content=\"darka mazi\" \/>\n\t<meta name=\"twitter:label2\" content=\"Est. reading time\" \/>\n\t<meta name=\"twitter:data2\" content=\"3 minutes\" \/>\n<script type=\"application\/ld+json\" class=\"seo-schema-graph\">{\"@context\":\"https:\\\/\\\/schema.org\",\"@graph\":[{\"@type\":\"Article\",\"@id\":\"https:\\\/\\\/darkamazi.info\\\/archives\\\/1051967#article\",\"isPartOf\":{\"@id\":\"https:\\\/\\\/darkamazi.info\\\/archives\\\/1051967\"},\"author\":{\"name\":\"darka mazi\",\"@id\":\"https:\\\/\\\/darkamazi.info\\\/#\\\/schema\\\/person\\\/5ad3e24553a0567993fa8ed4bd0a776c\"},\"headline\":\"Div\u00ea h\u00eaz\u00ean Rojhilat \u00e7i dersan ji Rojava derxin?\",\"datePublished\":\"2026-03-05T11:24:42+00:00\",\"mainEntityOfPage\":{\"@id\":\"https:\\\/\\\/darkamazi.info\\\/archives\\\/1051967\"},\"wordCount\":702,\"publisher\":{\"@id\":\"https:\\\/\\\/darkamazi.info\\\/#organization\"},\"image\":{\"@id\":\"https:\\\/\\\/darkamazi.info\\\/archives\\\/1051967#primaryimage\"},\"thumbnailUrl\":\"https:\\\/\\\/darkamazi.info\\\/darka-content\\\/uploads\\\/2026\\\/03\\\/rojhelat.jpg\",\"keywords\":[\"sereke\"],\"articleSection\":[\"Anal\u00eez\",\"V\u00eed\u00eeyo\"],\"inLanguage\":\"en-US\"},{\"@type\":\"WebPage\",\"@id\":\"https:\\\/\\\/darkamazi.info\\\/archives\\\/1051967\",\"url\":\"https:\\\/\\\/darkamazi.info\\\/archives\\\/1051967\",\"name\":\"Div\u00ea h\u00eaz\u00ean Rojhilat \u00e7i dersan ji Rojava derxin? - Darka Maz\u00ee\",\"isPartOf\":{\"@id\":\"https:\\\/\\\/darkamazi.info\\\/#website\"},\"primaryImageOfPage\":{\"@id\":\"https:\\\/\\\/darkamazi.info\\\/archives\\\/1051967#primaryimage\"},\"image\":{\"@id\":\"https:\\\/\\\/darkamazi.info\\\/archives\\\/1051967#primaryimage\"},\"thumbnailUrl\":\"https:\\\/\\\/darkamazi.info\\\/darka-content\\\/uploads\\\/2026\\\/03\\\/rojhelat.jpg\",\"datePublished\":\"2026-03-05T11:24:42+00:00\",\"breadcrumb\":{\"@id\":\"https:\\\/\\\/darkamazi.info\\\/archives\\\/1051967#breadcrumb\"},\"inLanguage\":\"en-US\",\"potentialAction\":[{\"@type\":\"ReadAction\",\"target\":[\"https:\\\/\\\/darkamazi.info\\\/archives\\\/1051967\"]}]},{\"@type\":\"ImageObject\",\"inLanguage\":\"en-US\",\"@id\":\"https:\\\/\\\/darkamazi.info\\\/archives\\\/1051967#primaryimage\",\"url\":\"https:\\\/\\\/darkamazi.info\\\/darka-content\\\/uploads\\\/2026\\\/03\\\/rojhelat.jpg\",\"contentUrl\":\"https:\\\/\\\/darkamazi.info\\\/darka-content\\\/uploads\\\/2026\\\/03\\\/rojhelat.jpg\",\"width\":900,\"height\":497,\"caption\":\"Div\u00ea h\u00eaz\u00ean Rojhilat \u00e7i dersan ji Rojava derxin?\"},{\"@type\":\"BreadcrumbList\",\"@id\":\"https:\\\/\\\/darkamazi.info\\\/archives\\\/1051967#breadcrumb\",\"itemListElement\":[{\"@type\":\"ListItem\",\"position\":1,\"name\":\"Home\",\"item\":\"https:\\\/\\\/darkamazi.info\\\/\"},{\"@type\":\"ListItem\",\"position\":2,\"name\":\"Div\u00ea h\u00eaz\u00ean Rojhilat \u00e7i dersan ji Rojava derxin?\"}]},{\"@type\":\"WebSite\",\"@id\":\"https:\\\/\\\/darkamazi.info\\\/#website\",\"url\":\"https:\\\/\\\/darkamazi.info\\\/\",\"name\":\"Darka Maz\u00ee\",\"description\":\"P\u00eageha Zanyariy\u00ean Nebih\u00eest\u00ee\",\"publisher\":{\"@id\":\"https:\\\/\\\/darkamazi.info\\\/#organization\"},\"potentialAction\":[{\"@type\":\"SearchAction\",\"target\":{\"@type\":\"EntryPoint\",\"urlTemplate\":\"https:\\\/\\\/darkamazi.info\\\/?s={search_term_string}\"},\"query-input\":{\"@type\":\"PropertyValueSpecification\",\"valueRequired\":true,\"valueName\":\"search_term_string\"}}],\"inLanguage\":\"en-US\"},{\"@type\":\"Organization\",\"@id\":\"https:\\\/\\\/darkamazi.info\\\/#organization\",\"name\":\"Darka Maz\u00ee\",\"url\":\"https:\\\/\\\/darkamazi.info\\\/\",\"logo\":{\"@type\":\"ImageObject\",\"inLanguage\":\"en-US\",\"@id\":\"https:\\\/\\\/darkamazi.info\\\/#\\\/schema\\\/logo\\\/image\\\/\",\"url\":\"https:\\\/\\\/darkamazi.info\\\/darka-content\\\/uploads\\\/2017\\\/12\\\/darka-mazi-logo.png\",\"contentUrl\":\"https:\\\/\\\/darkamazi.info\\\/darka-content\\\/uploads\\\/2017\\\/12\\\/darka-mazi-logo.png\",\"width\":151,\"height\":75,\"caption\":\"Darka Maz\u00ee\"},\"image\":{\"@id\":\"https:\\\/\\\/darkamazi.info\\\/#\\\/schema\\\/logo\\\/image\\\/\"},\"sameAs\":[\"https:\\\/\\\/www.facebook.com\\\/DarMaziKurmanci\",\"https:\\\/\\\/x.com\\\/DarkaMaziLatini\",\"https:\\\/\\\/www.instagram.com\\\/darkamazi.kurmanci\\\/\",\"https:\\\/\\\/www.youtube.com\\\/channel\\\/UCa5HkTdmI8U1qCUFuTw8B2g\"]},{\"@type\":\"Person\",\"@id\":\"https:\\\/\\\/darkamazi.info\\\/#\\\/schema\\\/person\\\/5ad3e24553a0567993fa8ed4bd0a776c\",\"name\":\"darka mazi\",\"sameAs\":[\"https:\\\/\\\/darkamazi.info\\\/\"],\"url\":\"https:\\\/\\\/darkamazi.info\\\/archives\\\/author\\\/kurdi\"}]}<\/script>\n<!-- \/ Yoast SEO plugin. -->","seo_head_json":{"title":"Div\u00ea h\u00eaz\u00ean Rojhilat \u00e7i dersan ji Rojava derxin? - Darka Maz\u00ee","robots":{"index":"index","follow":"follow","max-snippet":"max-snippet:-1","max-image-preview":"max-image-preview:large","max-video-preview":"max-video-preview:-1"},"canonical":"https:\/\/darkamazi.info\/archives\/1051967","og_locale":"en_US","og_type":"article","og_title":"Div\u00ea h\u00eaz\u00ean Rojhilat \u00e7i dersan ji Rojava derxin? - Darka Maz\u00ee","og_description":"[darkamazi_row][darkamazi_column][darkamazi_video link=&#8221;https:\/\/www.youtube.com\/watch?v=uW1VjuUSQzU&#8221; css=&#8221;&#8221;][darkamazi_column_text] Operasyona Amer\u00eeka \u00fb \u00cesra\u00eel\u00ea ya li dij\u00ee \u00ceran\u00ea di 1 \u00ea Adar\u00ea de n\u00ee\u015fan dide ku ev bihar d\u00ea biharek dijwar be, hem xetere \u00fb hem j\u00ee derfet\u00ean mezin p\u00ea\u015fk\u00ea\u015f dike. Rej\u00eema \u00ceslam\u00ee ya \u00ceran\u00ea ji sala 1979 an vir ve cara yekem derbeyek ewqas mezin xwariye \u00fb hilwe\u015f\u00eena w\u00ea n\u00eez\u00eak e. [&hellip;]","og_url":"https:\/\/darkamazi.info\/archives\/1051967","og_site_name":"Darka Maz\u00ee","article_publisher":"https:\/\/www.facebook.com\/DarMaziKurmanci","article_published_time":"2026-03-05T11:24:42+00:00","og_image":[{"width":900,"height":497,"url":"https:\/\/darkamazi.info\/file\/2026\/03\/rojhelat.jpg","type":"image\/jpeg"}],"author":"darka mazi","twitter_card":"summary_large_image","twitter_creator":"@DarkaMaziLatini","twitter_site":"@DarkaMaziLatini","twitter_misc":{"Written by":"darka mazi","Est. reading time":"3 minutes"},"schema":{"@context":"https:\/\/schema.org","@graph":[{"@type":"Article","@id":"https:\/\/darkamazi.info\/archives\/1051967#article","isPartOf":{"@id":"https:\/\/darkamazi.info\/archives\/1051967"},"author":{"name":"darka mazi","@id":"https:\/\/darkamazi.info\/#\/schema\/person\/5ad3e24553a0567993fa8ed4bd0a776c"},"headline":"Div\u00ea h\u00eaz\u00ean Rojhilat \u00e7i dersan ji Rojava derxin?","datePublished":"2026-03-05T11:24:42+00:00","mainEntityOfPage":{"@id":"https:\/\/darkamazi.info\/archives\/1051967"},"wordCount":702,"publisher":{"@id":"https:\/\/darkamazi.info\/#organization"},"image":{"@id":"https:\/\/darkamazi.info\/archives\/1051967#primaryimage"},"thumbnailUrl":"https:\/\/darkamazi.info\/file\/2026\/03\/rojhelat.jpg","keywords":["sereke"],"articleSection":["Anal\u00eez","V\u00eed\u00eeyo"],"inLanguage":"en-US"},{"@type":"WebPage","@id":"https:\/\/darkamazi.info\/archives\/1051967","url":"https:\/\/darkamazi.info\/archives\/1051967","name":"Div\u00ea h\u00eaz\u00ean Rojhilat \u00e7i dersan ji Rojava derxin? - Darka Maz\u00ee","isPartOf":{"@id":"https:\/\/darkamazi.info\/#website"},"primaryImageOfPage":{"@id":"https:\/\/darkamazi.info\/archives\/1051967#primaryimage"},"image":{"@id":"https:\/\/darkamazi.info\/archives\/1051967#primaryimage"},"thumbnailUrl":"https:\/\/darkamazi.info\/file\/2026\/03\/rojhelat.jpg","datePublished":"2026-03-05T11:24:42+00:00","breadcrumb":{"@id":"https:\/\/darkamazi.info\/archives\/1051967#breadcrumb"},"inLanguage":"en-US","potentialAction":[{"@type":"ReadAction","target":["https:\/\/darkamazi.info\/archives\/1051967"]}]},{"@type":"ImageObject","inLanguage":"en-US","@id":"https:\/\/darkamazi.info\/archives\/1051967#primaryimage","url":"https:\/\/darkamazi.info\/file\/2026\/03\/rojhelat.jpg","contentUrl":"https:\/\/darkamazi.info\/file\/2026\/03\/rojhelat.jpg","width":900,"height":497,"caption":"Div\u00ea h\u00eaz\u00ean Rojhilat \u00e7i dersan ji Rojava derxin?"},{"@type":"BreadcrumbList","@id":"https:\/\/darkamazi.info\/archives\/1051967#breadcrumb","itemListElement":[{"@type":"ListItem","position":1,"name":"Home","item":"https:\/\/darkamazi.info\/"},{"@type":"ListItem","position":2,"name":"Div\u00ea h\u00eaz\u00ean Rojhilat \u00e7i dersan ji Rojava derxin?"}]},{"@type":"WebSite","@id":"https:\/\/darkamazi.info\/#website","url":"https:\/\/darkamazi.info\/","name":"Darka Maz\u00ee","description":"P\u00eageha Zanyariy\u00ean Nebih\u00eest\u00ee","publisher":{"@id":"https:\/\/darkamazi.info\/#organization"},"potentialAction":[{"@type":"SearchAction","target":{"@type":"EntryPoint","urlTemplate":"https:\/\/darkamazi.info\/?s={search_term_string}"},"query-input":{"@type":"PropertyValueSpecification","valueRequired":true,"valueName":"search_term_string"}}],"inLanguage":"en-US"},{"@type":"Organization","@id":"https:\/\/darkamazi.info\/#organization","name":"Darka Maz\u00ee","url":"https:\/\/darkamazi.info\/","logo":{"@type":"ImageObject","inLanguage":"en-US","@id":"https:\/\/darkamazi.info\/#\/schema\/logo\/image\/","url":"https:\/\/darkamazi.info\/file\/2017\/12\/darka-mazi-logo.png","contentUrl":"https:\/\/darkamazi.info\/file\/2017\/12\/darka-mazi-logo.png","width":151,"height":75,"caption":"Darka Maz\u00ee"},"image":{"@id":"https:\/\/darkamazi.info\/#\/schema\/logo\/image\/"},"sameAs":["https:\/\/www.facebook.com\/DarMaziKurmanci","https:\/\/x.com\/DarkaMaziLatini","https:\/\/www.instagram.com\/darkamazi.kurmanci\/","https:\/\/www.youtube.com\/channel\/UCa5HkTdmI8U1qCUFuTw8B2g"]},{"@type":"Person","@id":"https:\/\/darkamazi.info\/#\/schema\/person\/5ad3e24553a0567993fa8ed4bd0a776c","name":"darka mazi","sameAs":["https:\/\/darkamazi.info\/"],"url":"https:\/\/darkamazi.info\/archives\/author\/kurdi"}]}},"_links":{"self":[{"href":"https:\/\/darkamazi.info\/funavuv\/wp\/v2\/posts\/1051967","targetHints":{"allow":["GET"]}}],"collection":[{"href":"https:\/\/darkamazi.info\/funavuv\/wp\/v2\/posts"}],"about":[{"href":"https:\/\/darkamazi.info\/funavuv\/wp\/v2\/types\/post"}],"author":[{"embeddable":true,"href":"https:\/\/darkamazi.info\/funavuv\/wp\/v2\/users\/2"}],"replies":[{"embeddable":true,"href":"https:\/\/darkamazi.info\/funavuv\/wp\/v2\/comments?post=1051967"}],"version-history":[{"count":0,"href":"https:\/\/darkamazi.info\/funavuv\/wp\/v2\/posts\/1051967\/revisions"}],"wp:featuredmedia":[{"embeddable":true,"href":"https:\/\/darkamazi.info\/funavuv\/wp\/v2\/media\/1051975"}],"wp:attachment":[{"href":"https:\/\/darkamazi.info\/funavuv\/wp\/v2\/media?parent=1051967"}],"wp:term":[{"taxonomy":"category","embeddable":true,"href":"https:\/\/darkamazi.info\/funavuv\/wp\/v2\/categories?post=1051967"},{"taxonomy":"post_tag","embeddable":true,"href":"https:\/\/darkamazi.info\/funavuv\/wp\/v2\/tags?post=1051967"}],"curies":[{"name":"wp","href":"https:\/\/api.w.org\/{rel}","templated":true}]}}