{"id":1051973,"date":"2026-03-05T14:29:01","date_gmt":"2026-03-05T11:29:01","guid":{"rendered":"https:\/\/darkamazi.info\/?p=1051973"},"modified":"2026-03-05T14:29:01","modified_gmt":"2026-03-05T11:29:01","slug":"hikumeta-herema-kurdistane-em-ne-besek-in-ji-plana-bicekkirina-hezen-kurdi-ya-li-diji-irane","status":"publish","type":"post","link":"https:\/\/darkamazi.info\/archives\/1051973","title":{"rendered":"Hik\u00fbmeta Her\u00eama Kurdistan\u00ea: Em ne be\u015fek in ji plana bi\u00e7ekkirina h\u00eaz\u00ean Kurd\u00ee ya li dij\u00ee \u00ceran\u00ea"},"content":{"rendered":"<h3 style=\"text-align: justify\"><span style=\"font-family: 'arial black', sans-serif\">Berdevk\u00ea Hik\u00fbmeta Her\u00eama Kurdistan\u00ea tekez kir, ew raport\u00ean behsa bicekkirina h\u00eaz\u00ean Kurd\u00ee \u00fb \u015fandina wan bo nav axa \u00ceran\u00ea dikin, d\u00fbr\u00ee rastiy\u00ea ne \u00fb bi mebest t\u00eane belavkirin.<\/span><\/h3>\n<h3 style=\"text-align: justify\"><span style=\"font-family: arial, helvetica, sans-serif\">Berdevk\u00ea Hik\u00fbmeta Her\u00eama Kurdistan\u00ea P\u00ea\u015fewa Hewraman\u00ee \u00eero 5\u00ea Adar\u00ea ew \u00eed\u00eeay\u00ean ku digotin &#8216;Her\u00eama Kurdistan\u00ea \u00e7ekan dide h\u00eaz\u00ean opoz\u00eesyona Rojhilat\u00ee \u00fb wan di\u015f\u00eene nav axa \u00ceran\u00ea&#8217; bi temam\u00ee red kirin.&#8221; Hewraman\u00ee da zan\u00een j\u00ee, ev cure raport &#8220;bi mebest&#8221; \u00fb ji bo armanc\u00ean taybet t\u00eane belavkirin.<\/span><\/h3>\n<h3 style=\"text-align: justify\"><span style=\"font-family: arial, helvetica, sans-serif\">P\u00ea\u015fewa Hewraman\u00ee tekez kir, Hik\u00fbmeta Her\u00eama Kurdistan\u00ea \u00fb partiy\u00ean siyas\u00ee y\u00ean Her\u00eam\u00ea, ne be\u015fek in ji ti hewldan yan planek\u00ea ku bixwaze \u015fer \u00fb rage\u015fiyan li nav\u00e7ey\u00ea berfirehtir bike. Herwiha got: &#8220;Berovaj\u00ee van \u00eed\u00eeayan, em daxwaza a\u015ft\u00ee \u00fb aramiya nav\u00e7ey\u00ea dikin.&#8221;<\/span><\/h3>\n<h3 style=\"text-align: justify\"><span style=\"font-family: arial, helvetica, sans-serif\">Di be\u015feke din a daxuyaniy\u00ea de, Berdevk\u00ea Hik\u00fbmet\u00ea bal ki\u015fand ser \u00ear\u00ee\u015f\u00ean ku rojane li ser Her\u00eama Kurdistan\u00ea t\u00ean kirin \u00fb ev \u00ear\u00ee\u015f wek\u00ee &#8220;\u00ear\u00ee\u015f\u00ean tirsonek&#8221; p\u00eanase kirin \u00fb bi tund\u00ee \u015fermezar kirin.<\/span><\/h3>\n<h3 style=\"text-align: justify\"><span style=\"font-family: arial, helvetica, sans-serif\">Hewraman\u00ee daxwaz ji hik\u00fbmeta federal a Iraq\u00ea \u00fb civaka navdewlet\u00ee kir ku li hember\u00ee van destdir\u00eajiyan b\u00eadeng nem\u00eenin. Herwiha bang kir ku ji bo parastina ax \u00fb gel\u00ea Her\u00eama Kurdistan\u00ea \u00fb parastina aramiya nav\u00e7ey\u00ea, gav\u00ean p\u00eaw\u00eest werin av\u00eatin.<\/span><\/h3>\n","protected":false},"excerpt":{"rendered":"<p>Berdevk\u00ea Hik\u00fbmeta Her\u00eama Kurdistan\u00ea tekez kir, ew raport\u00ean behsa bicekkirina h\u00eaz\u00ean Kurd\u00ee \u00fb \u015fandina wan bo nav axa \u00ceran\u00ea dikin, d\u00fbr\u00ee rastiy\u00ea ne \u00fb bi mebest t\u00eane belavkirin. Berdevk\u00ea Hik\u00fbmeta Her\u00eama Kurdistan\u00ea P\u00ea\u015fewa Hewraman\u00ee \u00eero 5\u00ea Adar\u00ea ew \u00eed\u00eeay\u00ean ku digotin &#8216;Her\u00eama Kurdistan\u00ea \u00e7ekan dide h\u00eaz\u00ean opoz\u00eesyona Rojhilat\u00ee \u00fb wan di\u015f\u00eene nav axa \u00ceran\u00ea&#8217; bi [&hellip;]<\/p>\n","protected":false},"author":2,"featured_media":1048617,"comment_status":"closed","ping_status":"closed","sticky":false,"template":"","format":"standard","meta":{"footnotes":""},"categories":[29],"tags":[37],"class_list":["post-1051973","post","type-post","status-publish","format-standard","has-post-thumbnail","hentry","category-kurdistan","tag-sereke"],"blocksy_meta":[],"seo_head":"<!-- This site is optimized with the Yoast SEO plugin v27.5 - https:\/\/yoast.com\/product\/yoast-seo-wordpress\/ -->\n<title>Hik\u00fbmeta Her\u00eama Kurdistan\u00ea: Em ne be\u015fek in ji plana bi\u00e7ekkirina h\u00eaz\u00ean Kurd\u00ee ya li dij\u00ee \u00ceran\u00ea - Darka Maz\u00ee<\/title>\n<meta name=\"robots\" content=\"index, follow, max-snippet:-1, max-image-preview:large, max-video-preview:-1\" \/>\n<link rel=\"canonical\" href=\"https:\/\/darkamazi.info\/archives\/1051973\" \/>\n<meta property=\"og:locale\" content=\"en_US\" \/>\n<meta property=\"og:type\" content=\"article\" \/>\n<meta property=\"og:title\" content=\"Hik\u00fbmeta Her\u00eama Kurdistan\u00ea: Em ne be\u015fek in ji plana bi\u00e7ekkirina h\u00eaz\u00ean Kurd\u00ee ya li dij\u00ee \u00ceran\u00ea - Darka Maz\u00ee\" \/>\n<meta property=\"og:description\" content=\"Berdevk\u00ea Hik\u00fbmeta Her\u00eama Kurdistan\u00ea tekez kir, ew raport\u00ean behsa bicekkirina h\u00eaz\u00ean Kurd\u00ee \u00fb \u015fandina wan bo nav axa \u00ceran\u00ea dikin, d\u00fbr\u00ee rastiy\u00ea ne \u00fb bi mebest t\u00eane belavkirin. Berdevk\u00ea Hik\u00fbmeta Her\u00eama Kurdistan\u00ea P\u00ea\u015fewa Hewraman\u00ee \u00eero 5\u00ea Adar\u00ea ew \u00eed\u00eeay\u00ean ku digotin &#8216;Her\u00eama Kurdistan\u00ea \u00e7ekan dide h\u00eaz\u00ean opoz\u00eesyona Rojhilat\u00ee \u00fb wan di\u015f\u00eene nav axa \u00ceran\u00ea&#8217; bi [&hellip;]\" \/>\n<meta property=\"og:url\" content=\"https:\/\/darkamazi.info\/archives\/1051973\" \/>\n<meta property=\"og:site_name\" content=\"Darka Maz\u00ee\" \/>\n<meta property=\"article:publisher\" content=\"https:\/\/www.facebook.com\/DarMaziKurmanci\" \/>\n<meta property=\"article:published_time\" content=\"2026-03-05T11:29:01+00:00\" \/>\n<meta property=\"og:image\" content=\"https:\/\/darkamazi.info\/file\/2025\/06\/KRG-Info.jpg\" \/>\n\t<meta property=\"og:image:width\" content=\"900\" \/>\n\t<meta property=\"og:image:height\" content=\"500\" \/>\n\t<meta property=\"og:image:type\" content=\"image\/jpeg\" \/>\n<meta name=\"author\" content=\"darka mazi\" \/>\n<meta name=\"twitter:card\" content=\"summary_large_image\" \/>\n<meta name=\"twitter:creator\" content=\"@DarkaMaziLatini\" \/>\n<meta name=\"twitter:site\" content=\"@DarkaMaziLatini\" \/>\n<meta name=\"twitter:label1\" content=\"Written by\" \/>\n\t<meta name=\"twitter:data1\" content=\"darka mazi\" \/>\n\t<meta name=\"twitter:label2\" content=\"Est. reading time\" \/>\n\t<meta name=\"twitter:data2\" content=\"2 minutes\" \/>\n<script type=\"application\/ld+json\" class=\"seo-schema-graph\">{\"@context\":\"https:\\\/\\\/schema.org\",\"@graph\":[{\"@type\":\"Article\",\"@id\":\"https:\\\/\\\/darkamazi.info\\\/archives\\\/1051973#article\",\"isPartOf\":{\"@id\":\"https:\\\/\\\/darkamazi.info\\\/archives\\\/1051973\"},\"author\":{\"name\":\"darka mazi\",\"@id\":\"https:\\\/\\\/darkamazi.info\\\/#\\\/schema\\\/person\\\/5ad3e24553a0567993fa8ed4bd0a776c\"},\"headline\":\"Hik\u00fbmeta Her\u00eama Kurdistan\u00ea: Em ne be\u015fek in ji plana bi\u00e7ekkirina h\u00eaz\u00ean Kurd\u00ee ya li dij\u00ee \u00ceran\u00ea\",\"datePublished\":\"2026-03-05T11:29:01+00:00\",\"mainEntityOfPage\":{\"@id\":\"https:\\\/\\\/darkamazi.info\\\/archives\\\/1051973\"},\"wordCount\":245,\"publisher\":{\"@id\":\"https:\\\/\\\/darkamazi.info\\\/#organization\"},\"image\":{\"@id\":\"https:\\\/\\\/darkamazi.info\\\/archives\\\/1051973#primaryimage\"},\"thumbnailUrl\":\"https:\\\/\\\/darkamazi.info\\\/darka-content\\\/uploads\\\/2025\\\/06\\\/KRG-Info.jpg\",\"keywords\":[\"sereke\"],\"articleSection\":[\"Kurdistan\"],\"inLanguage\":\"en-US\"},{\"@type\":\"WebPage\",\"@id\":\"https:\\\/\\\/darkamazi.info\\\/archives\\\/1051973\",\"url\":\"https:\\\/\\\/darkamazi.info\\\/archives\\\/1051973\",\"name\":\"Hik\u00fbmeta Her\u00eama Kurdistan\u00ea: Em ne be\u015fek in ji plana bi\u00e7ekkirina h\u00eaz\u00ean Kurd\u00ee ya li dij\u00ee \u00ceran\u00ea - Darka Maz\u00ee\",\"isPartOf\":{\"@id\":\"https:\\\/\\\/darkamazi.info\\\/#website\"},\"primaryImageOfPage\":{\"@id\":\"https:\\\/\\\/darkamazi.info\\\/archives\\\/1051973#primaryimage\"},\"image\":{\"@id\":\"https:\\\/\\\/darkamazi.info\\\/archives\\\/1051973#primaryimage\"},\"thumbnailUrl\":\"https:\\\/\\\/darkamazi.info\\\/darka-content\\\/uploads\\\/2025\\\/06\\\/KRG-Info.jpg\",\"datePublished\":\"2026-03-05T11:29:01+00:00\",\"breadcrumb\":{\"@id\":\"https:\\\/\\\/darkamazi.info\\\/archives\\\/1051973#breadcrumb\"},\"inLanguage\":\"en-US\",\"potentialAction\":[{\"@type\":\"ReadAction\",\"target\":[\"https:\\\/\\\/darkamazi.info\\\/archives\\\/1051973\"]}]},{\"@type\":\"ImageObject\",\"inLanguage\":\"en-US\",\"@id\":\"https:\\\/\\\/darkamazi.info\\\/archives\\\/1051973#primaryimage\",\"url\":\"https:\\\/\\\/darkamazi.info\\\/darka-content\\\/uploads\\\/2025\\\/06\\\/KRG-Info.jpg\",\"contentUrl\":\"https:\\\/\\\/darkamazi.info\\\/darka-content\\\/uploads\\\/2025\\\/06\\\/KRG-Info.jpg\",\"width\":900,\"height\":500,\"caption\":\"KRG-Info\"},{\"@type\":\"BreadcrumbList\",\"@id\":\"https:\\\/\\\/darkamazi.info\\\/archives\\\/1051973#breadcrumb\",\"itemListElement\":[{\"@type\":\"ListItem\",\"position\":1,\"name\":\"Home\",\"item\":\"https:\\\/\\\/darkamazi.info\\\/\"},{\"@type\":\"ListItem\",\"position\":2,\"name\":\"Hik\u00fbmeta Her\u00eama Kurdistan\u00ea: Em ne be\u015fek in ji plana bi\u00e7ekkirina h\u00eaz\u00ean Kurd\u00ee ya li dij\u00ee \u00ceran\u00ea\"}]},{\"@type\":\"WebSite\",\"@id\":\"https:\\\/\\\/darkamazi.info\\\/#website\",\"url\":\"https:\\\/\\\/darkamazi.info\\\/\",\"name\":\"Darka Maz\u00ee\",\"description\":\"P\u00eageha Zanyariy\u00ean Nebih\u00eest\u00ee\",\"publisher\":{\"@id\":\"https:\\\/\\\/darkamazi.info\\\/#organization\"},\"potentialAction\":[{\"@type\":\"SearchAction\",\"target\":{\"@type\":\"EntryPoint\",\"urlTemplate\":\"https:\\\/\\\/darkamazi.info\\\/?s={search_term_string}\"},\"query-input\":{\"@type\":\"PropertyValueSpecification\",\"valueRequired\":true,\"valueName\":\"search_term_string\"}}],\"inLanguage\":\"en-US\"},{\"@type\":\"Organization\",\"@id\":\"https:\\\/\\\/darkamazi.info\\\/#organization\",\"name\":\"Darka Maz\u00ee\",\"url\":\"https:\\\/\\\/darkamazi.info\\\/\",\"logo\":{\"@type\":\"ImageObject\",\"inLanguage\":\"en-US\",\"@id\":\"https:\\\/\\\/darkamazi.info\\\/#\\\/schema\\\/logo\\\/image\\\/\",\"url\":\"https:\\\/\\\/darkamazi.info\\\/darka-content\\\/uploads\\\/2017\\\/12\\\/darka-mazi-logo.png\",\"contentUrl\":\"https:\\\/\\\/darkamazi.info\\\/darka-content\\\/uploads\\\/2017\\\/12\\\/darka-mazi-logo.png\",\"width\":151,\"height\":75,\"caption\":\"Darka Maz\u00ee\"},\"image\":{\"@id\":\"https:\\\/\\\/darkamazi.info\\\/#\\\/schema\\\/logo\\\/image\\\/\"},\"sameAs\":[\"https:\\\/\\\/www.facebook.com\\\/DarMaziKurmanci\",\"https:\\\/\\\/x.com\\\/DarkaMaziLatini\",\"https:\\\/\\\/www.instagram.com\\\/darkamazi.kurmanci\\\/\",\"https:\\\/\\\/www.youtube.com\\\/channel\\\/UCa5HkTdmI8U1qCUFuTw8B2g\"]},{\"@type\":\"Person\",\"@id\":\"https:\\\/\\\/darkamazi.info\\\/#\\\/schema\\\/person\\\/5ad3e24553a0567993fa8ed4bd0a776c\",\"name\":\"darka mazi\",\"sameAs\":[\"https:\\\/\\\/darkamazi.info\\\/\"],\"url\":\"https:\\\/\\\/darkamazi.info\\\/archives\\\/author\\\/kurdi\"}]}<\/script>\n<!-- \/ Yoast SEO plugin. -->","seo_head_json":{"title":"Hik\u00fbmeta Her\u00eama Kurdistan\u00ea: Em ne be\u015fek in ji plana bi\u00e7ekkirina h\u00eaz\u00ean Kurd\u00ee ya li dij\u00ee \u00ceran\u00ea - Darka Maz\u00ee","robots":{"index":"index","follow":"follow","max-snippet":"max-snippet:-1","max-image-preview":"max-image-preview:large","max-video-preview":"max-video-preview:-1"},"canonical":"https:\/\/darkamazi.info\/archives\/1051973","og_locale":"en_US","og_type":"article","og_title":"Hik\u00fbmeta Her\u00eama Kurdistan\u00ea: Em ne be\u015fek in ji plana bi\u00e7ekkirina h\u00eaz\u00ean Kurd\u00ee ya li dij\u00ee \u00ceran\u00ea - Darka Maz\u00ee","og_description":"Berdevk\u00ea Hik\u00fbmeta Her\u00eama Kurdistan\u00ea tekez kir, ew raport\u00ean behsa bicekkirina h\u00eaz\u00ean Kurd\u00ee \u00fb \u015fandina wan bo nav axa \u00ceran\u00ea dikin, d\u00fbr\u00ee rastiy\u00ea ne \u00fb bi mebest t\u00eane belavkirin. Berdevk\u00ea Hik\u00fbmeta Her\u00eama Kurdistan\u00ea P\u00ea\u015fewa Hewraman\u00ee \u00eero 5\u00ea Adar\u00ea ew \u00eed\u00eeay\u00ean ku digotin &#8216;Her\u00eama Kurdistan\u00ea \u00e7ekan dide h\u00eaz\u00ean opoz\u00eesyona Rojhilat\u00ee \u00fb wan di\u015f\u00eene nav axa \u00ceran\u00ea&#8217; bi [&hellip;]","og_url":"https:\/\/darkamazi.info\/archives\/1051973","og_site_name":"Darka Maz\u00ee","article_publisher":"https:\/\/www.facebook.com\/DarMaziKurmanci","article_published_time":"2026-03-05T11:29:01+00:00","og_image":[{"width":900,"height":500,"url":"https:\/\/darkamazi.info\/file\/2025\/06\/KRG-Info.jpg","type":"image\/jpeg"}],"author":"darka mazi","twitter_card":"summary_large_image","twitter_creator":"@DarkaMaziLatini","twitter_site":"@DarkaMaziLatini","twitter_misc":{"Written by":"darka mazi","Est. reading time":"2 minutes"},"schema":{"@context":"https:\/\/schema.org","@graph":[{"@type":"Article","@id":"https:\/\/darkamazi.info\/archives\/1051973#article","isPartOf":{"@id":"https:\/\/darkamazi.info\/archives\/1051973"},"author":{"name":"darka mazi","@id":"https:\/\/darkamazi.info\/#\/schema\/person\/5ad3e24553a0567993fa8ed4bd0a776c"},"headline":"Hik\u00fbmeta Her\u00eama Kurdistan\u00ea: Em ne be\u015fek in ji plana bi\u00e7ekkirina h\u00eaz\u00ean Kurd\u00ee ya li dij\u00ee \u00ceran\u00ea","datePublished":"2026-03-05T11:29:01+00:00","mainEntityOfPage":{"@id":"https:\/\/darkamazi.info\/archives\/1051973"},"wordCount":245,"publisher":{"@id":"https:\/\/darkamazi.info\/#organization"},"image":{"@id":"https:\/\/darkamazi.info\/archives\/1051973#primaryimage"},"thumbnailUrl":"https:\/\/darkamazi.info\/file\/2025\/06\/KRG-Info.jpg","keywords":["sereke"],"articleSection":["Kurdistan"],"inLanguage":"en-US"},{"@type":"WebPage","@id":"https:\/\/darkamazi.info\/archives\/1051973","url":"https:\/\/darkamazi.info\/archives\/1051973","name":"Hik\u00fbmeta Her\u00eama Kurdistan\u00ea: Em ne be\u015fek in ji plana bi\u00e7ekkirina h\u00eaz\u00ean Kurd\u00ee ya li dij\u00ee \u00ceran\u00ea - Darka Maz\u00ee","isPartOf":{"@id":"https:\/\/darkamazi.info\/#website"},"primaryImageOfPage":{"@id":"https:\/\/darkamazi.info\/archives\/1051973#primaryimage"},"image":{"@id":"https:\/\/darkamazi.info\/archives\/1051973#primaryimage"},"thumbnailUrl":"https:\/\/darkamazi.info\/file\/2025\/06\/KRG-Info.jpg","datePublished":"2026-03-05T11:29:01+00:00","breadcrumb":{"@id":"https:\/\/darkamazi.info\/archives\/1051973#breadcrumb"},"inLanguage":"en-US","potentialAction":[{"@type":"ReadAction","target":["https:\/\/darkamazi.info\/archives\/1051973"]}]},{"@type":"ImageObject","inLanguage":"en-US","@id":"https:\/\/darkamazi.info\/archives\/1051973#primaryimage","url":"https:\/\/darkamazi.info\/file\/2025\/06\/KRG-Info.jpg","contentUrl":"https:\/\/darkamazi.info\/file\/2025\/06\/KRG-Info.jpg","width":900,"height":500,"caption":"KRG-Info"},{"@type":"BreadcrumbList","@id":"https:\/\/darkamazi.info\/archives\/1051973#breadcrumb","itemListElement":[{"@type":"ListItem","position":1,"name":"Home","item":"https:\/\/darkamazi.info\/"},{"@type":"ListItem","position":2,"name":"Hik\u00fbmeta Her\u00eama Kurdistan\u00ea: Em ne be\u015fek in ji plana bi\u00e7ekkirina h\u00eaz\u00ean Kurd\u00ee ya li dij\u00ee \u00ceran\u00ea"}]},{"@type":"WebSite","@id":"https:\/\/darkamazi.info\/#website","url":"https:\/\/darkamazi.info\/","name":"Darka Maz\u00ee","description":"P\u00eageha Zanyariy\u00ean Nebih\u00eest\u00ee","publisher":{"@id":"https:\/\/darkamazi.info\/#organization"},"potentialAction":[{"@type":"SearchAction","target":{"@type":"EntryPoint","urlTemplate":"https:\/\/darkamazi.info\/?s={search_term_string}"},"query-input":{"@type":"PropertyValueSpecification","valueRequired":true,"valueName":"search_term_string"}}],"inLanguage":"en-US"},{"@type":"Organization","@id":"https:\/\/darkamazi.info\/#organization","name":"Darka Maz\u00ee","url":"https:\/\/darkamazi.info\/","logo":{"@type":"ImageObject","inLanguage":"en-US","@id":"https:\/\/darkamazi.info\/#\/schema\/logo\/image\/","url":"https:\/\/darkamazi.info\/file\/2017\/12\/darka-mazi-logo.png","contentUrl":"https:\/\/darkamazi.info\/file\/2017\/12\/darka-mazi-logo.png","width":151,"height":75,"caption":"Darka Maz\u00ee"},"image":{"@id":"https:\/\/darkamazi.info\/#\/schema\/logo\/image\/"},"sameAs":["https:\/\/www.facebook.com\/DarMaziKurmanci","https:\/\/x.com\/DarkaMaziLatini","https:\/\/www.instagram.com\/darkamazi.kurmanci\/","https:\/\/www.youtube.com\/channel\/UCa5HkTdmI8U1qCUFuTw8B2g"]},{"@type":"Person","@id":"https:\/\/darkamazi.info\/#\/schema\/person\/5ad3e24553a0567993fa8ed4bd0a776c","name":"darka mazi","sameAs":["https:\/\/darkamazi.info\/"],"url":"https:\/\/darkamazi.info\/archives\/author\/kurdi"}]}},"_links":{"self":[{"href":"https:\/\/darkamazi.info\/funavuv\/wp\/v2\/posts\/1051973","targetHints":{"allow":["GET"]}}],"collection":[{"href":"https:\/\/darkamazi.info\/funavuv\/wp\/v2\/posts"}],"about":[{"href":"https:\/\/darkamazi.info\/funavuv\/wp\/v2\/types\/post"}],"author":[{"embeddable":true,"href":"https:\/\/darkamazi.info\/funavuv\/wp\/v2\/users\/2"}],"replies":[{"embeddable":true,"href":"https:\/\/darkamazi.info\/funavuv\/wp\/v2\/comments?post=1051973"}],"version-history":[{"count":0,"href":"https:\/\/darkamazi.info\/funavuv\/wp\/v2\/posts\/1051973\/revisions"}],"wp:featuredmedia":[{"embeddable":true,"href":"https:\/\/darkamazi.info\/funavuv\/wp\/v2\/media\/1048617"}],"wp:attachment":[{"href":"https:\/\/darkamazi.info\/funavuv\/wp\/v2\/media?parent=1051973"}],"wp:term":[{"taxonomy":"category","embeddable":true,"href":"https:\/\/darkamazi.info\/funavuv\/wp\/v2\/categories?post=1051973"},{"taxonomy":"post_tag","embeddable":true,"href":"https:\/\/darkamazi.info\/funavuv\/wp\/v2\/tags?post=1051973"}],"curies":[{"name":"wp","href":"https:\/\/api.w.org\/{rel}","templated":true}]}}