{"id":1051978,"date":"2026-03-05T15:02:28","date_gmt":"2026-03-05T12:02:28","guid":{"rendered":"https:\/\/darkamazi.info\/?p=1051978"},"modified":"2026-03-05T15:02:28","modified_gmt":"2026-03-05T12:02:28","slug":"tirkiye-mafe-me-ye-em-bersiva-her-eriseke-dijminane-bidin","status":"publish","type":"post","link":"https:\/\/darkamazi.info\/archives\/1051978","title":{"rendered":"Tirkiye: Maf\u00ea me ye em bersiva her \u00ear\u00ee\u015feke dijminane bidin"},"content":{"rendered":"<h3 style=\"text-align: justify\"><span style=\"font-family: 'arial black', sans-serif\">Berdevk\u00ea Wezareta Berevaniy\u00ea ya Tirkiyey\u00ea ragihand, welat\u00ea w\u00ee maf\u00ea xwe y\u00ea parastin\u00ea dipar\u00eaze \u00fb daxwaz dike ku daw\u00ee li \u015fer\u00ea her\u00eam\u00ee were an\u00een.\u00a0<\/span><\/h3>\n<h3 style=\"text-align: justify\"><span style=\"font-family: arial, helvetica, sans-serif\">Berdevk\u00ea Wezareta Berevaniy\u00ea ya Tirkiyey\u00ea Zek\u00ee Akturk, di civ\u00eeneke rojnamevan\u00ee de pi\u015ftrast kir, duh \u00c7ar\u015fem\u00ea m\u00fb\u015fekeke bal\u00eest\u00eek a ji \u00ceran\u00ea ve hatib\u00fb av\u00eatin, ji aliy\u00ea s\u00eestem\u00ean NATOy\u00ea ve li asman\u00ea Deryaya Nav\u00een hatiye t\u00eakbirin. Herwiha tekez kir, &#8220;Tirkiye maf\u00ea xwe y\u00ea bersivday\u00een\u00ea li hember\u00ee her cure helwesteke dijminane dipar\u00eaze.&#8221;<\/span><\/h3>\n<h3 style=\"text-align: justify\"><span style=\"font-family: arial, helvetica, sans-serif\">Zek\u00ee Akturk n\u00fb\u00e7ey\u00ean li ser tor\u00ean civak\u00ee ku behsa destp\u00eakirina p\u00ealeke ko\u00e7beriya bi kom ji \u00ceran\u00ea ber bi Tirkiyey\u00ea ve dikirin, bi temam\u00ee red kirin. Akturk got: &#8220;Ti liv \u00fb tevgera neasay\u00ee li ser s\u00eenor\u00ean me n\u00eene. H\u00eaz\u00ean me r\u00eakar\u00ean tund \u00ean ewlehiy\u00ea girtine \u00fb rew\u015f di bin kontrol\u00ea de ye.&#8221;<\/span><\/h3>\n<h3 style=\"text-align: justify\"><span style=\"font-family: arial, helvetica, sans-serif\">Derbar\u00ea helwesta Tirkiyey\u00ea ya li hember\u00ee \u015fer\u00ea di navbera \u00ceran, Amer\u00eeka \u00fb \u00cesra\u00eel\u00ea de, Akturk ragihand, Tirkiye daxwaz dike ev pev\u00e7\u00fbn yekser werin rawestandin. Herwiha n\u00eegeraniya xwe an\u00ee ziman ku \u00ceran\u00ea di \u00ear\u00ee\u015f\u00ean xwe de welat\u00ean s\u00eayem\u00een (welat\u00ean her\u00eam\u00ea ku ne aliy\u00ean \u015fer in) z\u00eadetir kirine armanc.<\/span><\/h3>\n","protected":false},"excerpt":{"rendered":"<p>Berdevk\u00ea Wezareta Berevaniy\u00ea ya Tirkiyey\u00ea ragihand, welat\u00ea w\u00ee maf\u00ea xwe y\u00ea parastin\u00ea dipar\u00eaze \u00fb daxwaz dike ku daw\u00ee li \u015fer\u00ea her\u00eam\u00ee were an\u00een.\u00a0 Berdevk\u00ea Wezareta Berevaniy\u00ea ya Tirkiyey\u00ea Zek\u00ee Akturk, di civ\u00eeneke rojnamevan\u00ee de pi\u015ftrast kir, duh \u00c7ar\u015fem\u00ea m\u00fb\u015fekeke bal\u00eest\u00eek a ji \u00ceran\u00ea ve hatib\u00fb av\u00eatin, ji aliy\u00ea s\u00eestem\u00ean NATOy\u00ea ve li asman\u00ea Deryaya Nav\u00een [&hellip;]<\/p>\n","protected":false},"author":2,"featured_media":1051979,"comment_status":"closed","ping_status":"closed","sticky":false,"template":"","format":"standard","meta":{"footnotes":""},"categories":[31],"tags":[37],"class_list":["post-1051978","post","type-post","status-publish","format-standard","has-post-thumbnail","hentry","category-rojhelata-navin","tag-sereke"],"blocksy_meta":[],"seo_head":"<!-- This site is optimized with the Yoast SEO plugin v27.5 - https:\/\/yoast.com\/product\/yoast-seo-wordpress\/ -->\n<title>Tirkiye: Maf\u00ea me ye em bersiva her \u00ear\u00ee\u015feke dijminane bidin - Darka Maz\u00ee<\/title>\n<meta name=\"robots\" content=\"index, follow, max-snippet:-1, max-image-preview:large, max-video-preview:-1\" \/>\n<link rel=\"canonical\" href=\"https:\/\/darkamazi.info\/archives\/1051978\" \/>\n<meta property=\"og:locale\" content=\"en_US\" \/>\n<meta property=\"og:type\" content=\"article\" \/>\n<meta property=\"og:title\" content=\"Tirkiye: Maf\u00ea me ye em bersiva her \u00ear\u00ee\u015feke dijminane bidin - Darka Maz\u00ee\" \/>\n<meta property=\"og:description\" content=\"Berdevk\u00ea Wezareta Berevaniy\u00ea ya Tirkiyey\u00ea ragihand, welat\u00ea w\u00ee maf\u00ea xwe y\u00ea parastin\u00ea dipar\u00eaze \u00fb daxwaz dike ku daw\u00ee li \u015fer\u00ea her\u00eam\u00ee were an\u00een.\u00a0 Berdevk\u00ea Wezareta Berevaniy\u00ea ya Tirkiyey\u00ea Zek\u00ee Akturk, di civ\u00eeneke rojnamevan\u00ee de pi\u015ftrast kir, duh \u00c7ar\u015fem\u00ea m\u00fb\u015fekeke bal\u00eest\u00eek a ji \u00ceran\u00ea ve hatib\u00fb av\u00eatin, ji aliy\u00ea s\u00eestem\u00ean NATOy\u00ea ve li asman\u00ea Deryaya Nav\u00een [&hellip;]\" \/>\n<meta property=\"og:url\" content=\"https:\/\/darkamazi.info\/archives\/1051978\" \/>\n<meta property=\"og:site_name\" content=\"Darka Maz\u00ee\" \/>\n<meta property=\"article:publisher\" content=\"https:\/\/www.facebook.com\/DarMaziKurmanci\" \/>\n<meta property=\"article:published_time\" content=\"2026-03-05T12:02:28+00:00\" \/>\n<meta property=\"og:image\" content=\"https:\/\/darkamazi.info\/file\/2026\/03\/Turkey-war.jpg\" \/>\n\t<meta property=\"og:image:width\" content=\"900\" \/>\n\t<meta property=\"og:image:height\" content=\"500\" \/>\n\t<meta property=\"og:image:type\" content=\"image\/jpeg\" \/>\n<meta name=\"author\" content=\"darka mazi\" \/>\n<meta name=\"twitter:card\" content=\"summary_large_image\" \/>\n<meta name=\"twitter:creator\" content=\"@DarkaMaziLatini\" \/>\n<meta name=\"twitter:site\" content=\"@DarkaMaziLatini\" \/>\n<meta name=\"twitter:label1\" content=\"Written by\" \/>\n\t<meta name=\"twitter:data1\" content=\"darka mazi\" \/>\n\t<meta name=\"twitter:label2\" content=\"Est. reading time\" \/>\n\t<meta name=\"twitter:data2\" content=\"1 minute\" \/>\n<script type=\"application\/ld+json\" class=\"seo-schema-graph\">{\"@context\":\"https:\\\/\\\/schema.org\",\"@graph\":[{\"@type\":\"Article\",\"@id\":\"https:\\\/\\\/darkamazi.info\\\/archives\\\/1051978#article\",\"isPartOf\":{\"@id\":\"https:\\\/\\\/darkamazi.info\\\/archives\\\/1051978\"},\"author\":{\"name\":\"darka mazi\",\"@id\":\"https:\\\/\\\/darkamazi.info\\\/#\\\/schema\\\/person\\\/5ad3e24553a0567993fa8ed4bd0a776c\"},\"headline\":\"Tirkiye: Maf\u00ea me ye em bersiva her \u00ear\u00ee\u015feke dijminane bidin\",\"datePublished\":\"2026-03-05T12:02:28+00:00\",\"mainEntityOfPage\":{\"@id\":\"https:\\\/\\\/darkamazi.info\\\/archives\\\/1051978\"},\"wordCount\":218,\"publisher\":{\"@id\":\"https:\\\/\\\/darkamazi.info\\\/#organization\"},\"image\":{\"@id\":\"https:\\\/\\\/darkamazi.info\\\/archives\\\/1051978#primaryimage\"},\"thumbnailUrl\":\"https:\\\/\\\/darkamazi.info\\\/darka-content\\\/uploads\\\/2026\\\/03\\\/Turkey-war.jpg\",\"keywords\":[\"sereke\"],\"articleSection\":[\"Rojhelata nav\u00een\"],\"inLanguage\":\"en-US\"},{\"@type\":\"WebPage\",\"@id\":\"https:\\\/\\\/darkamazi.info\\\/archives\\\/1051978\",\"url\":\"https:\\\/\\\/darkamazi.info\\\/archives\\\/1051978\",\"name\":\"Tirkiye: Maf\u00ea me ye em bersiva her \u00ear\u00ee\u015feke dijminane bidin - Darka Maz\u00ee\",\"isPartOf\":{\"@id\":\"https:\\\/\\\/darkamazi.info\\\/#website\"},\"primaryImageOfPage\":{\"@id\":\"https:\\\/\\\/darkamazi.info\\\/archives\\\/1051978#primaryimage\"},\"image\":{\"@id\":\"https:\\\/\\\/darkamazi.info\\\/archives\\\/1051978#primaryimage\"},\"thumbnailUrl\":\"https:\\\/\\\/darkamazi.info\\\/darka-content\\\/uploads\\\/2026\\\/03\\\/Turkey-war.jpg\",\"datePublished\":\"2026-03-05T12:02:28+00:00\",\"breadcrumb\":{\"@id\":\"https:\\\/\\\/darkamazi.info\\\/archives\\\/1051978#breadcrumb\"},\"inLanguage\":\"en-US\",\"potentialAction\":[{\"@type\":\"ReadAction\",\"target\":[\"https:\\\/\\\/darkamazi.info\\\/archives\\\/1051978\"]}]},{\"@type\":\"ImageObject\",\"inLanguage\":\"en-US\",\"@id\":\"https:\\\/\\\/darkamazi.info\\\/archives\\\/1051978#primaryimage\",\"url\":\"https:\\\/\\\/darkamazi.info\\\/darka-content\\\/uploads\\\/2026\\\/03\\\/Turkey-war.jpg\",\"contentUrl\":\"https:\\\/\\\/darkamazi.info\\\/darka-content\\\/uploads\\\/2026\\\/03\\\/Turkey-war.jpg\",\"width\":900,\"height\":500,\"caption\":\"Turkey-war\"},{\"@type\":\"BreadcrumbList\",\"@id\":\"https:\\\/\\\/darkamazi.info\\\/archives\\\/1051978#breadcrumb\",\"itemListElement\":[{\"@type\":\"ListItem\",\"position\":1,\"name\":\"Home\",\"item\":\"https:\\\/\\\/darkamazi.info\\\/\"},{\"@type\":\"ListItem\",\"position\":2,\"name\":\"Tirkiye: Maf\u00ea me ye em bersiva her \u00ear\u00ee\u015feke dijminane bidin\"}]},{\"@type\":\"WebSite\",\"@id\":\"https:\\\/\\\/darkamazi.info\\\/#website\",\"url\":\"https:\\\/\\\/darkamazi.info\\\/\",\"name\":\"Darka Maz\u00ee\",\"description\":\"P\u00eageha Zanyariy\u00ean Nebih\u00eest\u00ee\",\"publisher\":{\"@id\":\"https:\\\/\\\/darkamazi.info\\\/#organization\"},\"potentialAction\":[{\"@type\":\"SearchAction\",\"target\":{\"@type\":\"EntryPoint\",\"urlTemplate\":\"https:\\\/\\\/darkamazi.info\\\/?s={search_term_string}\"},\"query-input\":{\"@type\":\"PropertyValueSpecification\",\"valueRequired\":true,\"valueName\":\"search_term_string\"}}],\"inLanguage\":\"en-US\"},{\"@type\":\"Organization\",\"@id\":\"https:\\\/\\\/darkamazi.info\\\/#organization\",\"name\":\"Darka Maz\u00ee\",\"url\":\"https:\\\/\\\/darkamazi.info\\\/\",\"logo\":{\"@type\":\"ImageObject\",\"inLanguage\":\"en-US\",\"@id\":\"https:\\\/\\\/darkamazi.info\\\/#\\\/schema\\\/logo\\\/image\\\/\",\"url\":\"https:\\\/\\\/darkamazi.info\\\/darka-content\\\/uploads\\\/2017\\\/12\\\/darka-mazi-logo.png\",\"contentUrl\":\"https:\\\/\\\/darkamazi.info\\\/darka-content\\\/uploads\\\/2017\\\/12\\\/darka-mazi-logo.png\",\"width\":151,\"height\":75,\"caption\":\"Darka Maz\u00ee\"},\"image\":{\"@id\":\"https:\\\/\\\/darkamazi.info\\\/#\\\/schema\\\/logo\\\/image\\\/\"},\"sameAs\":[\"https:\\\/\\\/www.facebook.com\\\/DarMaziKurmanci\",\"https:\\\/\\\/x.com\\\/DarkaMaziLatini\",\"https:\\\/\\\/www.instagram.com\\\/darkamazi.kurmanci\\\/\",\"https:\\\/\\\/www.youtube.com\\\/channel\\\/UCa5HkTdmI8U1qCUFuTw8B2g\"]},{\"@type\":\"Person\",\"@id\":\"https:\\\/\\\/darkamazi.info\\\/#\\\/schema\\\/person\\\/5ad3e24553a0567993fa8ed4bd0a776c\",\"name\":\"darka mazi\",\"sameAs\":[\"https:\\\/\\\/darkamazi.info\\\/\"],\"url\":\"https:\\\/\\\/darkamazi.info\\\/archives\\\/author\\\/kurdi\"}]}<\/script>\n<!-- \/ Yoast SEO plugin. -->","seo_head_json":{"title":"Tirkiye: Maf\u00ea me ye em bersiva her \u00ear\u00ee\u015feke dijminane bidin - Darka Maz\u00ee","robots":{"index":"index","follow":"follow","max-snippet":"max-snippet:-1","max-image-preview":"max-image-preview:large","max-video-preview":"max-video-preview:-1"},"canonical":"https:\/\/darkamazi.info\/archives\/1051978","og_locale":"en_US","og_type":"article","og_title":"Tirkiye: Maf\u00ea me ye em bersiva her \u00ear\u00ee\u015feke dijminane bidin - Darka Maz\u00ee","og_description":"Berdevk\u00ea Wezareta Berevaniy\u00ea ya Tirkiyey\u00ea ragihand, welat\u00ea w\u00ee maf\u00ea xwe y\u00ea parastin\u00ea dipar\u00eaze \u00fb daxwaz dike ku daw\u00ee li \u015fer\u00ea her\u00eam\u00ee were an\u00een.\u00a0 Berdevk\u00ea Wezareta Berevaniy\u00ea ya Tirkiyey\u00ea Zek\u00ee Akturk, di civ\u00eeneke rojnamevan\u00ee de pi\u015ftrast kir, duh \u00c7ar\u015fem\u00ea m\u00fb\u015fekeke bal\u00eest\u00eek a ji \u00ceran\u00ea ve hatib\u00fb av\u00eatin, ji aliy\u00ea s\u00eestem\u00ean NATOy\u00ea ve li asman\u00ea Deryaya Nav\u00een [&hellip;]","og_url":"https:\/\/darkamazi.info\/archives\/1051978","og_site_name":"Darka Maz\u00ee","article_publisher":"https:\/\/www.facebook.com\/DarMaziKurmanci","article_published_time":"2026-03-05T12:02:28+00:00","og_image":[{"width":900,"height":500,"url":"https:\/\/darkamazi.info\/file\/2026\/03\/Turkey-war.jpg","type":"image\/jpeg"}],"author":"darka mazi","twitter_card":"summary_large_image","twitter_creator":"@DarkaMaziLatini","twitter_site":"@DarkaMaziLatini","twitter_misc":{"Written by":"darka mazi","Est. reading time":"1 minute"},"schema":{"@context":"https:\/\/schema.org","@graph":[{"@type":"Article","@id":"https:\/\/darkamazi.info\/archives\/1051978#article","isPartOf":{"@id":"https:\/\/darkamazi.info\/archives\/1051978"},"author":{"name":"darka mazi","@id":"https:\/\/darkamazi.info\/#\/schema\/person\/5ad3e24553a0567993fa8ed4bd0a776c"},"headline":"Tirkiye: Maf\u00ea me ye em bersiva her \u00ear\u00ee\u015feke dijminane bidin","datePublished":"2026-03-05T12:02:28+00:00","mainEntityOfPage":{"@id":"https:\/\/darkamazi.info\/archives\/1051978"},"wordCount":218,"publisher":{"@id":"https:\/\/darkamazi.info\/#organization"},"image":{"@id":"https:\/\/darkamazi.info\/archives\/1051978#primaryimage"},"thumbnailUrl":"https:\/\/darkamazi.info\/file\/2026\/03\/Turkey-war.jpg","keywords":["sereke"],"articleSection":["Rojhelata nav\u00een"],"inLanguage":"en-US"},{"@type":"WebPage","@id":"https:\/\/darkamazi.info\/archives\/1051978","url":"https:\/\/darkamazi.info\/archives\/1051978","name":"Tirkiye: Maf\u00ea me ye em bersiva her \u00ear\u00ee\u015feke dijminane bidin - Darka Maz\u00ee","isPartOf":{"@id":"https:\/\/darkamazi.info\/#website"},"primaryImageOfPage":{"@id":"https:\/\/darkamazi.info\/archives\/1051978#primaryimage"},"image":{"@id":"https:\/\/darkamazi.info\/archives\/1051978#primaryimage"},"thumbnailUrl":"https:\/\/darkamazi.info\/file\/2026\/03\/Turkey-war.jpg","datePublished":"2026-03-05T12:02:28+00:00","breadcrumb":{"@id":"https:\/\/darkamazi.info\/archives\/1051978#breadcrumb"},"inLanguage":"en-US","potentialAction":[{"@type":"ReadAction","target":["https:\/\/darkamazi.info\/archives\/1051978"]}]},{"@type":"ImageObject","inLanguage":"en-US","@id":"https:\/\/darkamazi.info\/archives\/1051978#primaryimage","url":"https:\/\/darkamazi.info\/file\/2026\/03\/Turkey-war.jpg","contentUrl":"https:\/\/darkamazi.info\/file\/2026\/03\/Turkey-war.jpg","width":900,"height":500,"caption":"Turkey-war"},{"@type":"BreadcrumbList","@id":"https:\/\/darkamazi.info\/archives\/1051978#breadcrumb","itemListElement":[{"@type":"ListItem","position":1,"name":"Home","item":"https:\/\/darkamazi.info\/"},{"@type":"ListItem","position":2,"name":"Tirkiye: Maf\u00ea me ye em bersiva her \u00ear\u00ee\u015feke dijminane bidin"}]},{"@type":"WebSite","@id":"https:\/\/darkamazi.info\/#website","url":"https:\/\/darkamazi.info\/","name":"Darka Maz\u00ee","description":"P\u00eageha Zanyariy\u00ean Nebih\u00eest\u00ee","publisher":{"@id":"https:\/\/darkamazi.info\/#organization"},"potentialAction":[{"@type":"SearchAction","target":{"@type":"EntryPoint","urlTemplate":"https:\/\/darkamazi.info\/?s={search_term_string}"},"query-input":{"@type":"PropertyValueSpecification","valueRequired":true,"valueName":"search_term_string"}}],"inLanguage":"en-US"},{"@type":"Organization","@id":"https:\/\/darkamazi.info\/#organization","name":"Darka Maz\u00ee","url":"https:\/\/darkamazi.info\/","logo":{"@type":"ImageObject","inLanguage":"en-US","@id":"https:\/\/darkamazi.info\/#\/schema\/logo\/image\/","url":"https:\/\/darkamazi.info\/file\/2017\/12\/darka-mazi-logo.png","contentUrl":"https:\/\/darkamazi.info\/file\/2017\/12\/darka-mazi-logo.png","width":151,"height":75,"caption":"Darka Maz\u00ee"},"image":{"@id":"https:\/\/darkamazi.info\/#\/schema\/logo\/image\/"},"sameAs":["https:\/\/www.facebook.com\/DarMaziKurmanci","https:\/\/x.com\/DarkaMaziLatini","https:\/\/www.instagram.com\/darkamazi.kurmanci\/","https:\/\/www.youtube.com\/channel\/UCa5HkTdmI8U1qCUFuTw8B2g"]},{"@type":"Person","@id":"https:\/\/darkamazi.info\/#\/schema\/person\/5ad3e24553a0567993fa8ed4bd0a776c","name":"darka mazi","sameAs":["https:\/\/darkamazi.info\/"],"url":"https:\/\/darkamazi.info\/archives\/author\/kurdi"}]}},"_links":{"self":[{"href":"https:\/\/darkamazi.info\/funavuv\/wp\/v2\/posts\/1051978","targetHints":{"allow":["GET"]}}],"collection":[{"href":"https:\/\/darkamazi.info\/funavuv\/wp\/v2\/posts"}],"about":[{"href":"https:\/\/darkamazi.info\/funavuv\/wp\/v2\/types\/post"}],"author":[{"embeddable":true,"href":"https:\/\/darkamazi.info\/funavuv\/wp\/v2\/users\/2"}],"replies":[{"embeddable":true,"href":"https:\/\/darkamazi.info\/funavuv\/wp\/v2\/comments?post=1051978"}],"version-history":[{"count":0,"href":"https:\/\/darkamazi.info\/funavuv\/wp\/v2\/posts\/1051978\/revisions"}],"wp:featuredmedia":[{"embeddable":true,"href":"https:\/\/darkamazi.info\/funavuv\/wp\/v2\/media\/1051979"}],"wp:attachment":[{"href":"https:\/\/darkamazi.info\/funavuv\/wp\/v2\/media?parent=1051978"}],"wp:term":[{"taxonomy":"category","embeddable":true,"href":"https:\/\/darkamazi.info\/funavuv\/wp\/v2\/categories?post=1051978"},{"taxonomy":"post_tag","embeddable":true,"href":"https:\/\/darkamazi.info\/funavuv\/wp\/v2\/tags?post=1051978"}],"curies":[{"name":"wp","href":"https:\/\/api.w.org\/{rel}","templated":true}]}}