{"id":1051986,"date":"2026-03-07T12:14:41","date_gmt":"2026-03-07T09:14:41","guid":{"rendered":"https:\/\/darkamazi.info\/?p=1051986"},"modified":"2026-03-07T12:14:41","modified_gmt":"2026-03-07T09:14:41","slug":"li-ser-cend-rojen-ser-sirovekirina-egeran","status":"publish","type":"post","link":"https:\/\/darkamazi.info\/archives\/1051986","title":{"rendered":"Li Ser \u00c7end roj\u00ean \u015eer \u015e\u00eerovekirina Egeran!"},"content":{"rendered":"<h3 style=\"text-align: justify\"><span style=\"font-family: 'arial black', sans-serif\">\u015eer\u00ea ku di 28.02.2026an de destp\u00ea kir, \u00eero derbas\u00ee roja p\u00eancan b\u00fb. Ev \u015fer\u00ee di navbera Emer\u00eeka-\u00cesra\u00eel \u00fb \u00ceran\u00ea de roj bi roj ge\u015f dibe. Li gor\u00ee agahiy\u00ean n\u00fbjen, Emer\u00eeka \u00fb \u00cesra\u00eel operasyon\u00ean hevkariy\u00ea y\u00ean wek <strong>&#8220;<em>Epic Fury&#8221;<\/em><\/strong> (Emer\u00eeka) \u00fb <strong><em>&#8220;Roaring Lion&#8221; <\/em><\/strong>(\u00cesra\u00eel) p\u00eak t\u00eenin; di armanc\u00ean wan y\u00ean \u00ear\u00ee\u015f\u00ean ser \u00ceran\u00ea de, s\u00eetey\u00ean le\u015fker\u00ee, n\u00fbkleer \u00fb serokatiya \u00ceran\u00ea bixwe heye.<\/span><\/h3>\n<h3 style=\"text-align: justify\">Di roja yekem de, Serok\u00ea Bilind <strong>Ayetullah Al\u00ee Xaminey\u00ee<\/strong> re gelek serok\u00ean din j\u00ee hatin ku\u015ftin. Di nav van kujt\u00eeyan de, serok\u00ea dadgeh\u00ea, serok\u00ea art\u00ea\u015f\u00ea, serok\u00ea parastina le\u015fker\u00ee, serok \u00fb serkirdey\u00ean \u00eest\u00eehbarat\u00ea \u00fb art\u00ea\u015f\u00ea j\u00ee hene. \u00ceran bi f\u00fbze \u00fb dronan bersiv dide, ku hedef Emer\u00eeka, \u00cesra\u00eel \u00fb hevalbend\u00ean wan (weke Erebistana Si\u00fbd\u00ee, \u00cemarat\u00ea, Bahreyn\u00ea) dikin. \u00ceran bi v\u00ea berfirehkirina \u00ear\u00ee\u015f\u00ean xwe re, \u00ean\u00eeya \u015fer berfireh dike.<\/h3>\n<h3 style=\"text-align: justify\">Di v\u00ee \u015fer\u00ee de hejmara miriyan li \u00ceran\u00ea ji 787 derbas dibe \u00fb piran\u00eey\u00ean van kujt\u00eeyan le\u015fker, serkirde \u00fb berpirs\u00eeyar\u00ean rej\u00eem\u00ea ne. Di v\u00ee \u015fer\u00ee de \u00e7end le\u015fker\u00ean Emer\u00eek\u00ee j\u00ee mirine. \u00ceran bi taybet\u00ee bi f\u00fbze \u00fb dronan, \u00ear\u00ee\u015f\u00ee ser \u00cesra\u00eel\u00ea dike \u00fb heta niha hejmara \u00cesra\u00eel\u00eey\u00ean ku hatine ku\u015ftin n\u00eaz\u00ee <strong>11-12<\/strong> kes e. T\u00ead \u00eedia kirin ku <strong>11<\/strong> kes j\u00ee wunda ne. Dibe ku di bin kavilan de mabin. Evana hem\u00fb kes\u00ean meden\u00ee ne. Ji ber ku \u00ceran raser \u00cesra\u00eel\u00ea \u00fb gel\u00ea \u00cesra\u00eel\u00ea dike hedef, ne binkey\u00ean dewlet\u00ea.<\/h3>\n<h3 style=\"text-align: justify\">Li gor banga serkirdey\u00ean \u00ceran\u00eaya ji bona hevalbend\u00ean w\u00ea y\u00ean <strong>Bereya \u00ceslam\u00ee<\/strong>, heta niha ten\u00ea Hizb\u00fbllah \u00fb Ha\u015fd\u00ee \u015eab\u00ee be\u015fdar\u00ee \u015fer b\u00fbne. \u015eer ber bi Libnan\u00ea ve j\u00ee \u00e7\u00fb, ji ber ku Hizb\u00fbllah ji Libnan\u00ea \u00eari\u015f bir ser \u00eesra\u00eel\u00ea. Bi pi\u015ftevan\u00eeya Hizbullah\u00ea, Ha\u015fd\u00ee \u015eab\u00ee \u00fb rew\u015fa Kendava Faris\u00ee \u00fb welat\u00ean Kendava Eraban bidin ber \u00e7avan \u015fer berfireh dibe. Buhay\u00ean petrol\u00ea bilind dibe \u00fb bazar\u00ean c\u00eehan\u00ee ber bi ketive di\u00e7in.<\/h3>\n<h3 style=\"text-align: justify\"><strong>Serok\u00ea Emer\u00eeka Donald Trump<\/strong> <strong>dib\u00eaje ku \u015fer dibe ku hefteyan bidome \u00fb dibe ku h\u00eaz\u00ean bejah\u00ee werin bikaran\u00een<\/strong>,<strong> bi armanca guhartina rej\u00eem\u00ea<\/strong>. Ber\u00ee \u015fer destp\u00ea bike, li gor amadekar\u00ee \u00fb daxuyan\u00eey\u00ean berdest \u00eeht\u00eemala guhartina rej\u00eem\u00ea \u00fb be\u015fdarb\u00fbna \u015fer\u00ea bejay\u00ee pir hindik b\u00fb. Min di niv\u00eesa xwe ya di 20.02.2026 an a bi tirk\u00ee de, \u00eeht\u00eemala g\u00fchertina rej\u00eem\u00ea \u00fb be\u015fdarb\u00fbna h\u00eaz\u00ean bejay\u00ee ji bona nav \u00ceran\u00ea pir hindik dab\u00fb n\u00ee\u015fan. L\u00ea bi destp\u00eakirina \u015fer, helwesta \u00ceran\u00ea \u00fb belavb\u00fbna \u015fer re, niha ev \u00eeht\u00eemal pir z\u00eade b\u00fbye, ji ber ku gelek serok \u00fb r\u00eaveber\u00ean \u00ceran\u00ea y\u00ean s\u00eeyas\u00ee \u00fb le\u015fker\u00ee j\u00ee hatin ku\u015ftin \u00fb <strong>Trump<\/strong> di gotarek xwe ya n\u00fb de d\u00eeyar dike ku <strong><em>&#8220;piraniya kes\u00ean ku di hi\u015f\u00ea me de heb\u00fbn mirin.&#8221;(!) <\/em><\/strong>Ev j\u00ee agah\u00eeyek n\u00fb ye ku bi xwe re gav\u00ean n\u00fb b\u00eene.<\/h3>\n<h3 style=\"text-align: justify\">L\u00ea bel\u00ea, \u00ceran h\u00een j\u00ee berxwedan\u00ea dike \u00fb \u015fer\u00ea demdir\u00eaj dibe. Ev j\u00ee p\u00eaw\u00eest\u00eey\u00ea bi xwe re t\u00eene, ku dagirkirina bejah\u00ee derbixe p\u00ea\u015f. Di \u015fer\u00ean ber\u00ea de (weke protestoy\u00ean <strong>2025-2026<\/strong>\u00ea), rej\u00eem lawaz b\u00fbye, l\u00ea h\u00een j\u00ee li ser piyan e. Eger \u015fer dir\u00eaj bibe, rej\u00eem dibe ku hilwe\u015fe, l\u00ea ew gir\u00eaday\u00ee ye bi pi\u015ftevaniya hundir\u00een \u00fb biryar\u00ean Emer\u00eeka \u00fb \u00cesral\u00ea\u00a0 ve gir\u00eaday\u00ee ye. Ev biryar\u00ean Emer\u00eeka \u00fb \u00cesra\u00eel\u00ea j\u00ee div\u00eat\u00eeya wan bi kual\u00eesyonek berfireh ve heye.<\/h3>\n<h3 style=\"text-align: justify\"><span style=\"font-family: 'arial black', sans-serif\">Azer\u00ee, Kurd, Bel\u00fbc \u00fb Ereb!<\/span><\/h3>\n<h3 style=\"text-align: justify\">Bii gelemper\u00ee, hem\u00fb milet\u00ean ku li \u00ceran\u00ea hene di bin zilm\u00ea de ne \u00fb ji rej\u00eem\u00ea neraz\u00ee ne; ji ber ku\u015ftin\u00ean neheq, qedexekirin\u00ean \u00e7and\u00ee \u00fb abor\u00ee \u00fb dagirkirina welat\u00ean wan. Di protestoy\u00ean <strong>2025-2026<\/strong>\u00ea de, neraz\u00eeb\u00fbn li her\u00eam\u00ean etnik belav b\u00fbn, nemaze li Kurdistan\u00ea, ku Kurd <strong>17<\/strong>% ji nif\u00fbs\u00ea p\u00eak t\u00eenin \u00fb bi giran\u00ee hatin tepisandin. Di w\u00ea dem\u00ea de ji girt\u00ee \u00fb ku\u015ft\u00eeyan ji <strong>47%<\/strong> Kurd b\u00fbn. <strong>Bel\u00fbc<\/strong> \u00fb <strong>Ereb<\/strong> j\u00ee di neraz\u00eeb\u00fbn\u00ea de be\u015fdar b\u00fbn \u00fb Azer\u00ee <strong>24%<\/strong> ji nif\u00fbs\u00ea j\u00ee daxwaz\u00ean xwe hene.<\/h3>\n<h3 style=\"text-align: justify\">Di \u015fer\u00ea niha de, eger rej\u00eem h\u00eaz\u00ean xwe ji van her\u00eaman veki\u015f\u00eene, iht\u00eemala serhildan\u00ean etnik heye \u2013 wek serhildan\u00ean Kurd \u00fb Bel\u00fbcan ku dibe ku her\u00eam\u00ean xwe kontrol bikin. Ev dibe ku bibe sedema par\u00e7eb\u00fbn\u00ea, l\u00ea piraniya van kom\u00ean daxwaz\u00ean federal\u00eezm\u00ea dikin, ne serxweb\u00fbn\u00ea.<\/h3>\n<h3 style=\"text-align: justify\"><span style=\"font-family: 'arial black', sans-serif\">Dibe ku \u00ceranek federal derkeve?<\/span><\/h3>\n<h3 style=\"text-align: justify\">Bel\u00ea, eger rej\u00eem hilwe\u015fe, dibe ku s\u00eestemeke federal were ava kirin, da ku daxwaz\u00ean etnik\u00ee werin c\u00eebic\u00eekirin. <strong>Kurd, Bel\u00fbc, Ereb<\/strong> \u00fb <strong>Azer\u00ee<\/strong> bi gelemper\u00ee daxwaza otonomiy\u00ea dikin, di \u00e7ar\u00e7oveya \u00ceran\u00ea de, ne par\u00e7eb\u00fbn\u00ea. Di d\u00eerok\u00ea de, weke pi\u015ft\u00ee <strong>Saddam<\/strong> li <strong>Iraq\u00ea<\/strong>, ku her\u00eam\u00ean etnik otonomiy\u00ea bidest xistin. L\u00ea ev li <strong>\u00ceran\u00ea<\/strong> bi merc\u00ean navnetew\u00ee ve gir\u00eaday\u00ee ye. Ji ber ku niha ev mesaj di dax\u00fbyan\u00eey\u00ean aktor\u00ean \u015fer de ne d\u00eeyare. \u00ceht\u00eemal heye ku ev rew\u015f bi dir\u00eajb\u00fbna \u015fer \u00fb be\u015fdarb\u00fbna \u015fer\u00ea bejay\u00ee re zalal bibe, ku siyaset\u00ean pi\u015ft\u00ee \u015fer \u00fb pi\u015ftevaniya navnetewey\u00ee di v\u00ee war\u00ee de derkeve p\u00ea\u015f.<\/h3>\n<h3 style=\"text-align: justify\"><span style=\"font-family: 'arial black', sans-serif\">Di derbar\u00ea v\u00ee \u015fer\u00ee de \u00eeht\u00eemala ku \u00c7\u00een \u00fb Rusya akt\u00eef pi\u015ftevaniya \u00ceran\u00ea bikin \u00fb bikevin \u015fer di \u00e7i ast\u00ea de ye?<\/span><\/h3>\n<h3 style=\"text-align: justify\">Ez hinek li ser v\u00ea h\u00eal\u00ea j\u00ee rawestim. Ez dikarim rehet b\u00eajim; herd\u00fb welat j\u00ee \u00ear\u00ee\u015f \u015fermezar kirin \u00fb banga diyalog\u00ea kirin, l\u00ea iht\u00eemala ketina rasterast k\u00eam e. Rusya <strong>S-400<\/strong> \u00fb balafir\u00ean \u015fer p\u00ea\u015fk\u00ea\u015f\u00ee \u00ceran\u00ea kir \u00fb \u00c7\u00een j\u00ee div\u00eat\u00eey\u00ean xwe y\u00ean neft\u00ea, <strong>80%<\/strong> ji hinardey\u00ean \u00ceran\u00ea dikire. L\u00ea hevalbendiy\u00ean wan b\u00ea peyman\u00ean parastin\u00ea y\u00ean le\u015fker\u00ee ne. Rusya bi \u015fer\u00ea <strong>\u00dbkraynay\u00ea<\/strong> mij\u00fbl e \u00fb <strong>\u00c7\u00een<\/strong> nikare h\u00eaz\u00ea bi\u015f\u00eene.<\/h3>\n<h3 style=\"text-align: justify\">Pi\u015ftevaniya wan dibe ku abor\u00ee, \u00eest\u00eexbarat\u00ee \u00fb alav\u00ean \u00e7ekdar\u00ee be, l\u00ea ne le\u015fker\u00ee rasterast. Eger bikevin, \u015fer dibe ku ber bi <strong>\u015eer\u00ea C\u00eehan\u00ea y\u00ea S\u00eayem\u00een<\/strong> ve bi\u00e7e, bi be\u015fdariya <strong>NATO, Asyay\u00ea <\/strong>\u00fb <strong>Kendav\u00ea,<\/strong> ku w\u00ea bibe felaketeke mezin bi bandor\u00ean abor\u00ee \u00fb mirov\u00ee.<\/h3>\n<h3 style=\"text-align: justify\">L\u00ea li gor\u00ee anal\u00eez\u00ean p\u00eespor \u00fb stratej\u00eestan ev ne muhtemel e, ji ber ku <strong>Rusya<\/strong> \u00fb<strong> \u00c7\u00een<\/strong> berjewendiy\u00ean xwe y\u00ean taybet dipar\u00eazin \u00fb ji welatek\u00ee wek \u00ceran\u00ea re nakin q\u00fbrban.<\/h3>\n","protected":false},"excerpt":{"rendered":"<p>\u015eer\u00ea ku di 28.02.2026an de destp\u00ea kir, \u00eero derbas\u00ee roja p\u00eancan b\u00fb. Ev \u015fer\u00ee di navbera Emer\u00eeka-\u00cesra\u00eel \u00fb \u00ceran\u00ea de roj bi roj ge\u015f dibe. Li gor\u00ee agahiy\u00ean n\u00fbjen, Emer\u00eeka \u00fb \u00cesra\u00eel operasyon\u00ean hevkariy\u00ea y\u00ean wek &#8220;Epic Fury&#8221; (Emer\u00eeka) \u00fb &#8220;Roaring Lion&#8221; (\u00cesra\u00eel) p\u00eak t\u00eenin; di armanc\u00ean wan y\u00ean \u00ear\u00ee\u015f\u00ean ser \u00ceran\u00ea de, s\u00eetey\u00ean le\u015fker\u00ee, [&hellip;]<\/p>\n","protected":false},"author":2,"featured_media":1050363,"comment_status":"closed","ping_status":"closed","sticky":false,"template":"","format":"standard","meta":{"footnotes":""},"categories":[28],"tags":[37],"class_list":["post-1051986","post","type-post","status-publish","format-standard","has-post-thumbnail","hentry","category-nerin","tag-sereke"],"blocksy_meta":[],"seo_head":"<!-- This site is optimized with the Yoast SEO plugin v27.5 - https:\/\/yoast.com\/product\/yoast-seo-wordpress\/ -->\n<title>Li Ser \u00c7end roj\u00ean \u015eer \u015e\u00eerovekirina Egeran! - Darka Maz\u00ee<\/title>\n<meta name=\"robots\" content=\"index, follow, max-snippet:-1, max-image-preview:large, max-video-preview:-1\" \/>\n<link rel=\"canonical\" href=\"https:\/\/darkamazi.info\/archives\/1051986\" \/>\n<meta property=\"og:locale\" content=\"en_US\" \/>\n<meta property=\"og:type\" content=\"article\" \/>\n<meta property=\"og:title\" content=\"Li Ser \u00c7end roj\u00ean \u015eer \u015e\u00eerovekirina Egeran! - Darka Maz\u00ee\" \/>\n<meta property=\"og:description\" content=\"\u015eer\u00ea ku di 28.02.2026an de destp\u00ea kir, \u00eero derbas\u00ee roja p\u00eancan b\u00fb. Ev \u015fer\u00ee di navbera Emer\u00eeka-\u00cesra\u00eel \u00fb \u00ceran\u00ea de roj bi roj ge\u015f dibe. Li gor\u00ee agahiy\u00ean n\u00fbjen, Emer\u00eeka \u00fb \u00cesra\u00eel operasyon\u00ean hevkariy\u00ea y\u00ean wek &#8220;Epic Fury&#8221; (Emer\u00eeka) \u00fb &#8220;Roaring Lion&#8221; (\u00cesra\u00eel) p\u00eak t\u00eenin; di armanc\u00ean wan y\u00ean \u00ear\u00ee\u015f\u00ean ser \u00ceran\u00ea de, s\u00eetey\u00ean le\u015fker\u00ee, [&hellip;]\" \/>\n<meta property=\"og:url\" content=\"https:\/\/darkamazi.info\/archives\/1051986\" \/>\n<meta property=\"og:site_name\" content=\"Darka Maz\u00ee\" \/>\n<meta property=\"article:publisher\" content=\"https:\/\/www.facebook.com\/DarMaziKurmanci\" \/>\n<meta property=\"article:published_time\" content=\"2026-03-07T09:14:41+00:00\" \/>\n<meta property=\"og:image\" content=\"https:\/\/darkamazi.info\/file\/2025\/10\/sheyhmus-ozengin.jpg\" \/>\n\t<meta property=\"og:image:width\" content=\"900\" \/>\n\t<meta property=\"og:image:height\" content=\"475\" \/>\n\t<meta property=\"og:image:type\" content=\"image\/jpeg\" \/>\n<meta name=\"author\" content=\"darka mazi\" \/>\n<meta name=\"twitter:card\" content=\"summary_large_image\" \/>\n<meta name=\"twitter:creator\" content=\"@DarkaMaziLatini\" \/>\n<meta name=\"twitter:site\" content=\"@DarkaMaziLatini\" \/>\n<meta name=\"twitter:label1\" content=\"Written by\" \/>\n\t<meta name=\"twitter:data1\" content=\"darka mazi\" \/>\n\t<meta name=\"twitter:label2\" content=\"Est. reading time\" \/>\n\t<meta name=\"twitter:data2\" content=\"5 minutes\" \/>\n<script type=\"application\/ld+json\" class=\"seo-schema-graph\">{\"@context\":\"https:\\\/\\\/schema.org\",\"@graph\":[{\"@type\":\"Article\",\"@id\":\"https:\\\/\\\/darkamazi.info\\\/archives\\\/1051986#article\",\"isPartOf\":{\"@id\":\"https:\\\/\\\/darkamazi.info\\\/archives\\\/1051986\"},\"author\":{\"name\":\"darka mazi\",\"@id\":\"https:\\\/\\\/darkamazi.info\\\/#\\\/schema\\\/person\\\/5ad3e24553a0567993fa8ed4bd0a776c\"},\"headline\":\"Li Ser \u00c7end roj\u00ean \u015eer \u015e\u00eerovekirina Egeran!\",\"datePublished\":\"2026-03-07T09:14:41+00:00\",\"mainEntityOfPage\":{\"@id\":\"https:\\\/\\\/darkamazi.info\\\/archives\\\/1051986\"},\"wordCount\":1090,\"publisher\":{\"@id\":\"https:\\\/\\\/darkamazi.info\\\/#organization\"},\"image\":{\"@id\":\"https:\\\/\\\/darkamazi.info\\\/archives\\\/1051986#primaryimage\"},\"thumbnailUrl\":\"https:\\\/\\\/darkamazi.info\\\/darka-content\\\/uploads\\\/2025\\\/10\\\/sheyhmus-ozengin.jpg\",\"keywords\":[\"sereke\"],\"articleSection\":[\"Ner\u00een\"],\"inLanguage\":\"en-US\"},{\"@type\":\"WebPage\",\"@id\":\"https:\\\/\\\/darkamazi.info\\\/archives\\\/1051986\",\"url\":\"https:\\\/\\\/darkamazi.info\\\/archives\\\/1051986\",\"name\":\"Li Ser \u00c7end roj\u00ean \u015eer \u015e\u00eerovekirina Egeran! - Darka Maz\u00ee\",\"isPartOf\":{\"@id\":\"https:\\\/\\\/darkamazi.info\\\/#website\"},\"primaryImageOfPage\":{\"@id\":\"https:\\\/\\\/darkamazi.info\\\/archives\\\/1051986#primaryimage\"},\"image\":{\"@id\":\"https:\\\/\\\/darkamazi.info\\\/archives\\\/1051986#primaryimage\"},\"thumbnailUrl\":\"https:\\\/\\\/darkamazi.info\\\/darka-content\\\/uploads\\\/2025\\\/10\\\/sheyhmus-ozengin.jpg\",\"datePublished\":\"2026-03-07T09:14:41+00:00\",\"breadcrumb\":{\"@id\":\"https:\\\/\\\/darkamazi.info\\\/archives\\\/1051986#breadcrumb\"},\"inLanguage\":\"en-US\",\"potentialAction\":[{\"@type\":\"ReadAction\",\"target\":[\"https:\\\/\\\/darkamazi.info\\\/archives\\\/1051986\"]}]},{\"@type\":\"ImageObject\",\"inLanguage\":\"en-US\",\"@id\":\"https:\\\/\\\/darkamazi.info\\\/archives\\\/1051986#primaryimage\",\"url\":\"https:\\\/\\\/darkamazi.info\\\/darka-content\\\/uploads\\\/2025\\\/10\\\/sheyhmus-ozengin.jpg\",\"contentUrl\":\"https:\\\/\\\/darkamazi.info\\\/darka-content\\\/uploads\\\/2025\\\/10\\\/sheyhmus-ozengin.jpg\",\"width\":900,\"height\":475,\"caption\":\"Bandora \u0130mral\u0131 li ser Rojavay\u00ea Kurdistan\u00ea!\"},{\"@type\":\"BreadcrumbList\",\"@id\":\"https:\\\/\\\/darkamazi.info\\\/archives\\\/1051986#breadcrumb\",\"itemListElement\":[{\"@type\":\"ListItem\",\"position\":1,\"name\":\"Home\",\"item\":\"https:\\\/\\\/darkamazi.info\\\/\"},{\"@type\":\"ListItem\",\"position\":2,\"name\":\"Li Ser \u00c7end roj\u00ean \u015eer \u015e\u00eerovekirina Egeran!\"}]},{\"@type\":\"WebSite\",\"@id\":\"https:\\\/\\\/darkamazi.info\\\/#website\",\"url\":\"https:\\\/\\\/darkamazi.info\\\/\",\"name\":\"Darka Maz\u00ee\",\"description\":\"P\u00eageha Zanyariy\u00ean Nebih\u00eest\u00ee\",\"publisher\":{\"@id\":\"https:\\\/\\\/darkamazi.info\\\/#organization\"},\"potentialAction\":[{\"@type\":\"SearchAction\",\"target\":{\"@type\":\"EntryPoint\",\"urlTemplate\":\"https:\\\/\\\/darkamazi.info\\\/?s={search_term_string}\"},\"query-input\":{\"@type\":\"PropertyValueSpecification\",\"valueRequired\":true,\"valueName\":\"search_term_string\"}}],\"inLanguage\":\"en-US\"},{\"@type\":\"Organization\",\"@id\":\"https:\\\/\\\/darkamazi.info\\\/#organization\",\"name\":\"Darka Maz\u00ee\",\"url\":\"https:\\\/\\\/darkamazi.info\\\/\",\"logo\":{\"@type\":\"ImageObject\",\"inLanguage\":\"en-US\",\"@id\":\"https:\\\/\\\/darkamazi.info\\\/#\\\/schema\\\/logo\\\/image\\\/\",\"url\":\"https:\\\/\\\/darkamazi.info\\\/darka-content\\\/uploads\\\/2017\\\/12\\\/darka-mazi-logo.png\",\"contentUrl\":\"https:\\\/\\\/darkamazi.info\\\/darka-content\\\/uploads\\\/2017\\\/12\\\/darka-mazi-logo.png\",\"width\":151,\"height\":75,\"caption\":\"Darka Maz\u00ee\"},\"image\":{\"@id\":\"https:\\\/\\\/darkamazi.info\\\/#\\\/schema\\\/logo\\\/image\\\/\"},\"sameAs\":[\"https:\\\/\\\/www.facebook.com\\\/DarMaziKurmanci\",\"https:\\\/\\\/x.com\\\/DarkaMaziLatini\",\"https:\\\/\\\/www.instagram.com\\\/darkamazi.kurmanci\\\/\",\"https:\\\/\\\/www.youtube.com\\\/channel\\\/UCa5HkTdmI8U1qCUFuTw8B2g\"]},{\"@type\":\"Person\",\"@id\":\"https:\\\/\\\/darkamazi.info\\\/#\\\/schema\\\/person\\\/5ad3e24553a0567993fa8ed4bd0a776c\",\"name\":\"darka mazi\",\"sameAs\":[\"https:\\\/\\\/darkamazi.info\\\/\"],\"url\":\"https:\\\/\\\/darkamazi.info\\\/archives\\\/author\\\/kurdi\"}]}<\/script>\n<!-- \/ Yoast SEO plugin. -->","seo_head_json":{"title":"Li Ser \u00c7end roj\u00ean \u015eer \u015e\u00eerovekirina Egeran! - Darka Maz\u00ee","robots":{"index":"index","follow":"follow","max-snippet":"max-snippet:-1","max-image-preview":"max-image-preview:large","max-video-preview":"max-video-preview:-1"},"canonical":"https:\/\/darkamazi.info\/archives\/1051986","og_locale":"en_US","og_type":"article","og_title":"Li Ser \u00c7end roj\u00ean \u015eer \u015e\u00eerovekirina Egeran! - Darka Maz\u00ee","og_description":"\u015eer\u00ea ku di 28.02.2026an de destp\u00ea kir, \u00eero derbas\u00ee roja p\u00eancan b\u00fb. Ev \u015fer\u00ee di navbera Emer\u00eeka-\u00cesra\u00eel \u00fb \u00ceran\u00ea de roj bi roj ge\u015f dibe. Li gor\u00ee agahiy\u00ean n\u00fbjen, Emer\u00eeka \u00fb \u00cesra\u00eel operasyon\u00ean hevkariy\u00ea y\u00ean wek &#8220;Epic Fury&#8221; (Emer\u00eeka) \u00fb &#8220;Roaring Lion&#8221; (\u00cesra\u00eel) p\u00eak t\u00eenin; di armanc\u00ean wan y\u00ean \u00ear\u00ee\u015f\u00ean ser \u00ceran\u00ea de, s\u00eetey\u00ean le\u015fker\u00ee, [&hellip;]","og_url":"https:\/\/darkamazi.info\/archives\/1051986","og_site_name":"Darka Maz\u00ee","article_publisher":"https:\/\/www.facebook.com\/DarMaziKurmanci","article_published_time":"2026-03-07T09:14:41+00:00","og_image":[{"width":900,"height":475,"url":"https:\/\/darkamazi.info\/file\/2025\/10\/sheyhmus-ozengin.jpg","type":"image\/jpeg"}],"author":"darka mazi","twitter_card":"summary_large_image","twitter_creator":"@DarkaMaziLatini","twitter_site":"@DarkaMaziLatini","twitter_misc":{"Written by":"darka mazi","Est. reading time":"5 minutes"},"schema":{"@context":"https:\/\/schema.org","@graph":[{"@type":"Article","@id":"https:\/\/darkamazi.info\/archives\/1051986#article","isPartOf":{"@id":"https:\/\/darkamazi.info\/archives\/1051986"},"author":{"name":"darka mazi","@id":"https:\/\/darkamazi.info\/#\/schema\/person\/5ad3e24553a0567993fa8ed4bd0a776c"},"headline":"Li Ser \u00c7end roj\u00ean \u015eer \u015e\u00eerovekirina Egeran!","datePublished":"2026-03-07T09:14:41+00:00","mainEntityOfPage":{"@id":"https:\/\/darkamazi.info\/archives\/1051986"},"wordCount":1090,"publisher":{"@id":"https:\/\/darkamazi.info\/#organization"},"image":{"@id":"https:\/\/darkamazi.info\/archives\/1051986#primaryimage"},"thumbnailUrl":"https:\/\/darkamazi.info\/file\/2025\/10\/sheyhmus-ozengin.jpg","keywords":["sereke"],"articleSection":["Ner\u00een"],"inLanguage":"en-US"},{"@type":"WebPage","@id":"https:\/\/darkamazi.info\/archives\/1051986","url":"https:\/\/darkamazi.info\/archives\/1051986","name":"Li Ser \u00c7end roj\u00ean \u015eer \u015e\u00eerovekirina Egeran! - Darka Maz\u00ee","isPartOf":{"@id":"https:\/\/darkamazi.info\/#website"},"primaryImageOfPage":{"@id":"https:\/\/darkamazi.info\/archives\/1051986#primaryimage"},"image":{"@id":"https:\/\/darkamazi.info\/archives\/1051986#primaryimage"},"thumbnailUrl":"https:\/\/darkamazi.info\/file\/2025\/10\/sheyhmus-ozengin.jpg","datePublished":"2026-03-07T09:14:41+00:00","breadcrumb":{"@id":"https:\/\/darkamazi.info\/archives\/1051986#breadcrumb"},"inLanguage":"en-US","potentialAction":[{"@type":"ReadAction","target":["https:\/\/darkamazi.info\/archives\/1051986"]}]},{"@type":"ImageObject","inLanguage":"en-US","@id":"https:\/\/darkamazi.info\/archives\/1051986#primaryimage","url":"https:\/\/darkamazi.info\/file\/2025\/10\/sheyhmus-ozengin.jpg","contentUrl":"https:\/\/darkamazi.info\/file\/2025\/10\/sheyhmus-ozengin.jpg","width":900,"height":475,"caption":"Bandora \u0130mral\u0131 li ser Rojavay\u00ea Kurdistan\u00ea!"},{"@type":"BreadcrumbList","@id":"https:\/\/darkamazi.info\/archives\/1051986#breadcrumb","itemListElement":[{"@type":"ListItem","position":1,"name":"Home","item":"https:\/\/darkamazi.info\/"},{"@type":"ListItem","position":2,"name":"Li Ser \u00c7end roj\u00ean \u015eer \u015e\u00eerovekirina Egeran!"}]},{"@type":"WebSite","@id":"https:\/\/darkamazi.info\/#website","url":"https:\/\/darkamazi.info\/","name":"Darka Maz\u00ee","description":"P\u00eageha Zanyariy\u00ean Nebih\u00eest\u00ee","publisher":{"@id":"https:\/\/darkamazi.info\/#organization"},"potentialAction":[{"@type":"SearchAction","target":{"@type":"EntryPoint","urlTemplate":"https:\/\/darkamazi.info\/?s={search_term_string}"},"query-input":{"@type":"PropertyValueSpecification","valueRequired":true,"valueName":"search_term_string"}}],"inLanguage":"en-US"},{"@type":"Organization","@id":"https:\/\/darkamazi.info\/#organization","name":"Darka Maz\u00ee","url":"https:\/\/darkamazi.info\/","logo":{"@type":"ImageObject","inLanguage":"en-US","@id":"https:\/\/darkamazi.info\/#\/schema\/logo\/image\/","url":"https:\/\/darkamazi.info\/file\/2017\/12\/darka-mazi-logo.png","contentUrl":"https:\/\/darkamazi.info\/file\/2017\/12\/darka-mazi-logo.png","width":151,"height":75,"caption":"Darka Maz\u00ee"},"image":{"@id":"https:\/\/darkamazi.info\/#\/schema\/logo\/image\/"},"sameAs":["https:\/\/www.facebook.com\/DarMaziKurmanci","https:\/\/x.com\/DarkaMaziLatini","https:\/\/www.instagram.com\/darkamazi.kurmanci\/","https:\/\/www.youtube.com\/channel\/UCa5HkTdmI8U1qCUFuTw8B2g"]},{"@type":"Person","@id":"https:\/\/darkamazi.info\/#\/schema\/person\/5ad3e24553a0567993fa8ed4bd0a776c","name":"darka mazi","sameAs":["https:\/\/darkamazi.info\/"],"url":"https:\/\/darkamazi.info\/archives\/author\/kurdi"}]}},"_links":{"self":[{"href":"https:\/\/darkamazi.info\/funavuv\/wp\/v2\/posts\/1051986","targetHints":{"allow":["GET"]}}],"collection":[{"href":"https:\/\/darkamazi.info\/funavuv\/wp\/v2\/posts"}],"about":[{"href":"https:\/\/darkamazi.info\/funavuv\/wp\/v2\/types\/post"}],"author":[{"embeddable":true,"href":"https:\/\/darkamazi.info\/funavuv\/wp\/v2\/users\/2"}],"replies":[{"embeddable":true,"href":"https:\/\/darkamazi.info\/funavuv\/wp\/v2\/comments?post=1051986"}],"version-history":[{"count":0,"href":"https:\/\/darkamazi.info\/funavuv\/wp\/v2\/posts\/1051986\/revisions"}],"wp:featuredmedia":[{"embeddable":true,"href":"https:\/\/darkamazi.info\/funavuv\/wp\/v2\/media\/1050363"}],"wp:attachment":[{"href":"https:\/\/darkamazi.info\/funavuv\/wp\/v2\/media?parent=1051986"}],"wp:term":[{"taxonomy":"category","embeddable":true,"href":"https:\/\/darkamazi.info\/funavuv\/wp\/v2\/categories?post=1051986"},{"taxonomy":"post_tag","embeddable":true,"href":"https:\/\/darkamazi.info\/funavuv\/wp\/v2\/tags?post=1051986"}],"curies":[{"name":"wp","href":"https:\/\/api.w.org\/{rel}","templated":true}]}}