{"id":1051990,"date":"2026-03-07T16:05:52","date_gmt":"2026-03-07T13:05:52","guid":{"rendered":"https:\/\/darkamazi.info\/?p=1051990"},"modified":"2026-03-07T16:05:52","modified_gmt":"2026-03-07T13:05:52","slug":"bealibuna-ragihandi-u-sere-vesarti-iraq-di-navbera-dewleta-fermi-u-desthilata-milisan-de","status":"publish","type":"post","link":"https:\/\/darkamazi.info\/archives\/1051990","title":{"rendered":"B\u00eaal\u00eeb\u00fbna Ragihand\u00ee \u00fb \u015eer\u00ea Ve\u015fart\u00ee: Iraq di Navbera Dewleta Ferm\u00ee \u00fb Desthilata Mil\u00eesan de"},"content":{"rendered":"<h3 style=\"text-align: justify\"><span style=\"font-family: 'arial black', sans-serif;color: #0000ff\">Simko Ebdulez\u00eez<\/span><\/h3>\n<h3 style=\"text-align: justify\"><span style=\"font-family: 'arial black', sans-serif\">Di \u015fer\u00ean serdem\u00ea de, \u00ead\u00ee be\u015fdariya di hevrikiyan de her dem bi r\u00eaka beyannamey\u00ean ferm\u00ee yan ragihandina yekser a \u015fer nay\u00ea kirin. Gelek dewlet cureyek\u00ee \u015fer\u00ea ranegihand\u00ee encam didin bi \u015f\u00eaweyek\u00ee weha ku gotara wan a siyas\u00ee wek b\u00eaal\u00ee diyar dike, l\u00ea li ser erd\u00ee h\u00eaz\u00ean din bi mentiqek\u00ee temam cuda di erk\u00ea de ne. Ev nakokiya di navbera gotara siyas\u00ee \u00fb rastiya meydan\u00ee de, \u00eero bi zelal\u00ee di nav rew\u015fa Iraq\u00ea de t\u00ea d\u00eetin, bi taybet\u00ee ligel z\u00eadeb\u00fbna aloz\u00eey\u00ean navbera Amer\u00eeka \u00fb \u00ceran\u00ea \u00fb bandora w\u00ea li ser Iraq \u00fb Her\u00eama Kurdistan\u00ea.<\/span><\/h3>\n<h3 style=\"text-align: justify\">Hik\u00fbmeta Iraq\u00ea di beyannamey\u00ean xwe y\u00ean ferm\u00ee de dib\u00eaje ku ew bi wekhev\u00ee li hember\u00ee aliy\u00ean \u015ferker rawestiyaye \u00fb dupat dike ku Iraq naxwaze bibe qada \u015fer. Ev gotara d\u00eeplomat\u00eek ji aliy\u00ea prens\u00eeb\u00ee ve t\u00ea f\u00eamkirin, \u00e7unk\u00ee Iraq dizane ku \u00e7\u00fbna nav r\u00fbbir\u00fbb\u00fbneke yekser ligel Amer\u00eekay\u00ea yan ketina nav \u015fer\u00ea her\u00eam\u00ee y\u00ea mezin, d\u00ea dewlet\u00ea bixe ber metrsiy\u00ean siyas\u00ee, abor\u00ee \u00fb ewleh\u00ee y\u00ean gelek mezin. L\u00ea k\u00ea\u015feya rast\u00een ne di gotara ferm\u00ee de ye, belk\u00fb di rastiya kiryar\u00ee ya li ser erd\u00ee de ye.<\/h3>\n<h3 style=\"text-align: justify\"><span style=\"font-family: 'arial black', sans-serif\">Dewleteke du r\u00fb: Desthilata Ferm\u00ee \u00fb ya S\u00eeber<\/span><\/h3>\n<h3 style=\"text-align: justify\">Iraq bi salan e di nav rew\u015feke du r\u00fb ya desthilat\u00ea de dij\u00ee. Li aliyek\u00ee dewleteke ferm\u00ee heye ku xwedan saz\u00ee, art\u00ea\u015f \u00fb dest\u00fbr e, l\u00ea li aliy\u00ea din h\u00eaz\u00ean \u00e7ekdar \u00ean li dervey\u00ee \u00e7ar\u00e7oveya kevne\u015fop\u00ee ya dewlet\u00ea hene, ku xwedan \u015fiyan\u00ean le\u015fker\u00ee y\u00ean bi bandor \u00fb hegemonyayeke siyas\u00ee ya berfireh in. Ev hegemonyaya han\u00ea ten\u00ea gr\u00fbp\u00ean xumal\u00ee n\u00eenin, belk\u00fb gelek caran gir\u00eaday\u00ee tor\u00ean her\u00eam\u00ee y\u00ean berfirehtir \u00fb hevrikiy\u00ean derbasb\u00fby\u00ee ji s\u00eenor\u00ean Iraq\u00ea ne.<\/h3>\n<h3 style=\"text-align: justify\">Di bin s\u00eebera v\u00ee \u015fer\u00ea li dever\u00ea germ b\u00fby\u00ee de, ev nakok\u00ee bi zelaltir diyar dibin. Her dema ku Bexda b\u00eaal\u00eeb\u00fbna xwe radigih\u00eene, dever\u00ean cuda bi taybet\u00ee Her\u00eama Kurdistan\u00ea t\u00ean armanckirin bi r\u00eaka mo\u015fek \u00fb dronan ku cih\u00ean siv\u00eel yan j\u00earxan\u00ean hestiyar dikin armanc\u00ean xwe. Gelek caran ev \u00ear\u00ee\u015f ji bo hinek gr\u00fbp\u00ean \u00e7ekdar \u00ean gir\u00eaday\u00ee qada \u015e\u00ee\u00ee ya \u00e7ekdar li Iraq\u00ea t\u00ean vegerandin.<\/h3>\n<h3 style=\"text-align: justify\"><span style=\"font-family: 'arial black', sans-serif\">Pirs li ser Konsepta B\u00eaal\u00eeb\u00fbn\u00ea<\/span><\/h3>\n<h3 style=\"text-align: justify\">Ev mijar pirseke siyas\u00ee ya bingeh\u00een peyda dike: Er\u00ea dewlet dikare b\u00eaal\u00eeb\u00fbn\u00ea ragih\u00eene dema h\u00eaz\u00ean \u00e7ekdar di nav s\u00eenor\u00ean w\u00ea de be\u015fdar bin di \u015fer de? Konsepta dewleta n\u00fbdem li ser w\u00ea yek\u00ea ava b\u00fbye ku ten\u00ea dewlet\u00ea maf\u00ea bikaran\u00eena h\u00eaz\u00ea heye. Dema dewlet v\u00ea kontrol\u00ea ji dest dide, rew\u015fa dewleta dual\u00ee peyda dibe, ku t\u00ea de desthilata ferm\u00ee ligel desthilat\u00ean paralel dij\u00ee y\u00ean ku bandor\u00ea li ser biryara ewleh\u00ee \u00fb siyas\u00ee dikin.<\/h3>\n<h3 style=\"text-align: justify\">Di v\u00ee halet\u00ee de, b\u00eaal\u00eeb\u00fbna siyas\u00ee dibe t\u00earmeke bi pirsgir\u00eak. C\u00eehana derve helwesta dewlet\u00ea ten\u00ea bi beyannameyan nap\u00eeve, belk\u00fb bi w\u00ea yeka li ser erd\u00ee r\u00fb dide dinirx\u00eene. Ger \u00ear\u00ee\u015f ji nav axa Iraq\u00ea yan bi r\u00eakya gr\u00fbp\u00ean li nav w\u00ea de kar dikin derkevin, w\u00ea gav\u00ea w\u00eaneya b\u00eaal\u00eeb\u00fbn\u00ea li cem civaka navdewlet\u00ee dikeve bin guman\u00ea.<\/h3>\n<h3 style=\"text-align: justify\"><span style=\"font-family: 'arial black', sans-serif\">Metrs\u00ee li ser Her\u00eama Kurdistan\u00ea \u00fb P\u00ea\u015feroja Iraq\u00ea<\/span><\/h3>\n<h3 style=\"text-align: justify\">Ji bo Her\u00eama Kurdistan\u00ea, ev p\u00ea\u015fhat n\u00fbnertiya k\u00ea\u015feyeke ewleh\u00ee \u00fb stratej\u00eeka pir hestiyar dikin. Her\u00eama Kurdistan\u00ea di dema dehsal\u00ean bor\u00ee de modelek\u00ee \u00eest\u00eekrara siyas\u00ee \u00fb abor\u00ee di nav devereke aloz de ava kiriye. Armanckirina j\u00earxana w\u00ea yan cih\u00ean abor\u00ee ne ten\u00ea gef\u00ea li her\u00eam\u00ea dike, belk\u00fb gef\u00ea li yek ji giringtir\u00een h\u00eaman\u00ean \u00eest\u00eekrara Iraq\u00ea bi xwe j\u00ee dike.<\/h3>\n<h3 style=\"text-align: justify\">Berdewamb\u00fbna v\u00ea dofaqiya desthilat\u00ea, dibe Iraq\u00ea bibe nav rew\u015feke aloztir. Dewleta ku kontrola temam li ser biryara \u015fer \u00fb a\u015ftiy\u00ea di nav s\u00eenor\u00ean xwe de nebe, d\u00ea bibe par\u00e7eyek ji hevrikiy\u00ean her\u00eam\u00ee ku w\u00ea bi awayek\u00ee ferm\u00ee hilbijartin ji bo nekirine. Ev yek t\u00ea w\u00ea watey\u00ea ku Iraq \u00eero li ser r\u00eayanek\u00ea ye di navbera du bijardeyan de:<\/h3>\n<ol>\n<li>\n<h3>Bijardeya Yekem: B\u00eah\u00eazkirina mil\u00eesan \u00fb bih\u00eazkirina konsepta dewleta netewey\u00ee, ewa ku \u00e7ek \u00fb biryara ewleh\u00ee ten\u00ea di dest\u00ea w\u00ea de be \u00fb r\u00eagiriy\u00ea li bikaran\u00eena axa Iraq\u00ea bike wek qada ji bo yekal\u00eekirina hesab\u00ean her\u00eam\u00ee.<\/h3>\n<\/li>\n<li>\n<h3>Bijardeya Duyem: Berdewamb\u00fbna v\u00ea hevsengiya lerzok di navbera dewlet \u00fb h\u00eaz\u00ean \u00e7ekdar \u00ean paralel de, ku ev r\u00eaye metrsiy\u00ean gelek mezin ji bo \u00eest\u00eekrara siyas\u00ee ya welat di p\u00ea\u015feroj\u00ea de bi xwe ve digire.<\/h3>\n<\/li>\n<\/ol>\n<h3 style=\"text-align: justify\">Iraq, bi d\u00eerok \u00fb giraniya xwe ya her\u00eam\u00ee, h\u00eajay\u00ee w\u00ea yek\u00ea ye ku dewleteke xwedan biryara serbixwe be, nexwe bibe meydan ji bo \u015fer\u00ea kes\u00ean din. Gehi\u015ftina bi v\u00ea armanc\u00ea p\u00eadiv\u00ee bi w\u00earekiyeke siyas\u00ee heye ji bo avakirina konsepta dewlet\u00ea li ser bingeh\u00ea serweriya qan\u00fbn\u00ea \u00fb yekgirt\u00fbyiya biryara ewleh\u00ee. Dewleta kontrola \u00e7ek\u00ea xwe neket, nikare b\u00eaal\u00eeb\u00fbna xwe bisep\u00eene, \u00fb ew dewleta b\u00eaal\u00eeb\u00fbna xwe ji dest dide, d\u00ea xwe h\u00ead\u00ee h\u00ead\u00ee di nav \u015ferek\u00ee de bib\u00eene ku tu caran ranegihandib\u00fb.<\/h3>\n","protected":false},"excerpt":{"rendered":"<p>Simko Ebdulez\u00eez Di \u015fer\u00ean serdem\u00ea de, \u00ead\u00ee be\u015fdariya di hevrikiyan de her dem bi r\u00eaka beyannamey\u00ean ferm\u00ee yan ragihandina yekser a \u015fer nay\u00ea kirin. Gelek dewlet cureyek\u00ee \u015fer\u00ea ranegihand\u00ee encam didin bi \u015f\u00eaweyek\u00ee weha ku gotara wan a siyas\u00ee wek b\u00eaal\u00ee diyar dike, l\u00ea li ser erd\u00ee h\u00eaz\u00ean din bi mentiqek\u00ee temam cuda di erk\u00ea [&hellip;]<\/p>\n","protected":false},"author":2,"featured_media":1051991,"comment_status":"closed","ping_status":"closed","sticky":false,"template":"","format":"standard","meta":{"footnotes":""},"categories":[28],"tags":[37],"class_list":["post-1051990","post","type-post","status-publish","format-standard","has-post-thumbnail","hentry","category-nerin","tag-sereke"],"blocksy_meta":[],"seo_head":"<!-- This site is optimized with the Yoast SEO plugin v27.5 - https:\/\/yoast.com\/product\/yoast-seo-wordpress\/ -->\n<title>B\u00eaal\u00eeb\u00fbna Ragihand\u00ee \u00fb \u015eer\u00ea Ve\u015fart\u00ee: Iraq di Navbera Dewleta Ferm\u00ee \u00fb Desthilata Mil\u00eesan de - Darka Maz\u00ee<\/title>\n<meta name=\"robots\" content=\"index, follow, max-snippet:-1, max-image-preview:large, max-video-preview:-1\" \/>\n<link rel=\"canonical\" href=\"https:\/\/darkamazi.info\/archives\/1051990\" \/>\n<meta property=\"og:locale\" content=\"en_US\" \/>\n<meta property=\"og:type\" content=\"article\" \/>\n<meta property=\"og:title\" content=\"B\u00eaal\u00eeb\u00fbna Ragihand\u00ee \u00fb \u015eer\u00ea Ve\u015fart\u00ee: Iraq di Navbera Dewleta Ferm\u00ee \u00fb Desthilata Mil\u00eesan de - Darka Maz\u00ee\" \/>\n<meta property=\"og:description\" content=\"Simko Ebdulez\u00eez Di \u015fer\u00ean serdem\u00ea de, \u00ead\u00ee be\u015fdariya di hevrikiyan de her dem bi r\u00eaka beyannamey\u00ean ferm\u00ee yan ragihandina yekser a \u015fer nay\u00ea kirin. Gelek dewlet cureyek\u00ee \u015fer\u00ea ranegihand\u00ee encam didin bi \u015f\u00eaweyek\u00ee weha ku gotara wan a siyas\u00ee wek b\u00eaal\u00ee diyar dike, l\u00ea li ser erd\u00ee h\u00eaz\u00ean din bi mentiqek\u00ee temam cuda di erk\u00ea [&hellip;]\" \/>\n<meta property=\"og:url\" content=\"https:\/\/darkamazi.info\/archives\/1051990\" \/>\n<meta property=\"og:site_name\" content=\"Darka Maz\u00ee\" \/>\n<meta property=\"article:publisher\" content=\"https:\/\/www.facebook.com\/DarMaziKurmanci\" \/>\n<meta property=\"article:published_time\" content=\"2026-03-07T13:05:52+00:00\" \/>\n<meta property=\"og:image\" content=\"https:\/\/darkamazi.info\/file\/2026\/03\/iraq-alhashd.jpg\" \/>\n\t<meta property=\"og:image:width\" content=\"900\" \/>\n\t<meta property=\"og:image:height\" content=\"497\" \/>\n\t<meta property=\"og:image:type\" content=\"image\/jpeg\" \/>\n<meta name=\"author\" content=\"darka mazi\" \/>\n<meta name=\"twitter:card\" content=\"summary_large_image\" \/>\n<meta name=\"twitter:creator\" content=\"@DarkaMaziLatini\" \/>\n<meta name=\"twitter:site\" content=\"@DarkaMaziLatini\" \/>\n<meta name=\"twitter:label1\" content=\"Written by\" \/>\n\t<meta name=\"twitter:data1\" content=\"darka mazi\" \/>\n\t<meta name=\"twitter:label2\" content=\"Est. reading time\" \/>\n\t<meta name=\"twitter:data2\" content=\"4 minutes\" \/>\n<script type=\"application\/ld+json\" class=\"seo-schema-graph\">{\"@context\":\"https:\\\/\\\/schema.org\",\"@graph\":[{\"@type\":\"Article\",\"@id\":\"https:\\\/\\\/darkamazi.info\\\/archives\\\/1051990#article\",\"isPartOf\":{\"@id\":\"https:\\\/\\\/darkamazi.info\\\/archives\\\/1051990\"},\"author\":{\"name\":\"darka mazi\",\"@id\":\"https:\\\/\\\/darkamazi.info\\\/#\\\/schema\\\/person\\\/5ad3e24553a0567993fa8ed4bd0a776c\"},\"headline\":\"B\u00eaal\u00eeb\u00fbna Ragihand\u00ee \u00fb \u015eer\u00ea Ve\u015fart\u00ee: Iraq di Navbera Dewleta Ferm\u00ee \u00fb Desthilata Mil\u00eesan de\",\"datePublished\":\"2026-03-07T13:05:52+00:00\",\"mainEntityOfPage\":{\"@id\":\"https:\\\/\\\/darkamazi.info\\\/archives\\\/1051990\"},\"wordCount\":895,\"publisher\":{\"@id\":\"https:\\\/\\\/darkamazi.info\\\/#organization\"},\"image\":{\"@id\":\"https:\\\/\\\/darkamazi.info\\\/archives\\\/1051990#primaryimage\"},\"thumbnailUrl\":\"https:\\\/\\\/darkamazi.info\\\/darka-content\\\/uploads\\\/2026\\\/03\\\/iraq-alhashd.jpg\",\"keywords\":[\"sereke\"],\"articleSection\":[\"Ner\u00een\"],\"inLanguage\":\"en-US\"},{\"@type\":\"WebPage\",\"@id\":\"https:\\\/\\\/darkamazi.info\\\/archives\\\/1051990\",\"url\":\"https:\\\/\\\/darkamazi.info\\\/archives\\\/1051990\",\"name\":\"B\u00eaal\u00eeb\u00fbna Ragihand\u00ee \u00fb \u015eer\u00ea Ve\u015fart\u00ee: Iraq di Navbera Dewleta Ferm\u00ee \u00fb Desthilata Mil\u00eesan de - Darka Maz\u00ee\",\"isPartOf\":{\"@id\":\"https:\\\/\\\/darkamazi.info\\\/#website\"},\"primaryImageOfPage\":{\"@id\":\"https:\\\/\\\/darkamazi.info\\\/archives\\\/1051990#primaryimage\"},\"image\":{\"@id\":\"https:\\\/\\\/darkamazi.info\\\/archives\\\/1051990#primaryimage\"},\"thumbnailUrl\":\"https:\\\/\\\/darkamazi.info\\\/darka-content\\\/uploads\\\/2026\\\/03\\\/iraq-alhashd.jpg\",\"datePublished\":\"2026-03-07T13:05:52+00:00\",\"breadcrumb\":{\"@id\":\"https:\\\/\\\/darkamazi.info\\\/archives\\\/1051990#breadcrumb\"},\"inLanguage\":\"en-US\",\"potentialAction\":[{\"@type\":\"ReadAction\",\"target\":[\"https:\\\/\\\/darkamazi.info\\\/archives\\\/1051990\"]}]},{\"@type\":\"ImageObject\",\"inLanguage\":\"en-US\",\"@id\":\"https:\\\/\\\/darkamazi.info\\\/archives\\\/1051990#primaryimage\",\"url\":\"https:\\\/\\\/darkamazi.info\\\/darka-content\\\/uploads\\\/2026\\\/03\\\/iraq-alhashd.jpg\",\"contentUrl\":\"https:\\\/\\\/darkamazi.info\\\/darka-content\\\/uploads\\\/2026\\\/03\\\/iraq-alhashd.jpg\",\"width\":900,\"height\":497,\"caption\":\"B\u00eaal\u00eeb\u00fbna Ragihand\u00ee \u00fb \u015eer\u00ea Ve\u015fart\u00ee: Iraq di Navbera Dewleta Ferm\u00ee \u00fb Desthilata Mil\u00eesan de\"},{\"@type\":\"BreadcrumbList\",\"@id\":\"https:\\\/\\\/darkamazi.info\\\/archives\\\/1051990#breadcrumb\",\"itemListElement\":[{\"@type\":\"ListItem\",\"position\":1,\"name\":\"Home\",\"item\":\"https:\\\/\\\/darkamazi.info\\\/\"},{\"@type\":\"ListItem\",\"position\":2,\"name\":\"B\u00eaal\u00eeb\u00fbna Ragihand\u00ee \u00fb \u015eer\u00ea Ve\u015fart\u00ee: Iraq di Navbera Dewleta Ferm\u00ee \u00fb Desthilata Mil\u00eesan de\"}]},{\"@type\":\"WebSite\",\"@id\":\"https:\\\/\\\/darkamazi.info\\\/#website\",\"url\":\"https:\\\/\\\/darkamazi.info\\\/\",\"name\":\"Darka Maz\u00ee\",\"description\":\"P\u00eageha Zanyariy\u00ean Nebih\u00eest\u00ee\",\"publisher\":{\"@id\":\"https:\\\/\\\/darkamazi.info\\\/#organization\"},\"potentialAction\":[{\"@type\":\"SearchAction\",\"target\":{\"@type\":\"EntryPoint\",\"urlTemplate\":\"https:\\\/\\\/darkamazi.info\\\/?s={search_term_string}\"},\"query-input\":{\"@type\":\"PropertyValueSpecification\",\"valueRequired\":true,\"valueName\":\"search_term_string\"}}],\"inLanguage\":\"en-US\"},{\"@type\":\"Organization\",\"@id\":\"https:\\\/\\\/darkamazi.info\\\/#organization\",\"name\":\"Darka Maz\u00ee\",\"url\":\"https:\\\/\\\/darkamazi.info\\\/\",\"logo\":{\"@type\":\"ImageObject\",\"inLanguage\":\"en-US\",\"@id\":\"https:\\\/\\\/darkamazi.info\\\/#\\\/schema\\\/logo\\\/image\\\/\",\"url\":\"https:\\\/\\\/darkamazi.info\\\/darka-content\\\/uploads\\\/2017\\\/12\\\/darka-mazi-logo.png\",\"contentUrl\":\"https:\\\/\\\/darkamazi.info\\\/darka-content\\\/uploads\\\/2017\\\/12\\\/darka-mazi-logo.png\",\"width\":151,\"height\":75,\"caption\":\"Darka Maz\u00ee\"},\"image\":{\"@id\":\"https:\\\/\\\/darkamazi.info\\\/#\\\/schema\\\/logo\\\/image\\\/\"},\"sameAs\":[\"https:\\\/\\\/www.facebook.com\\\/DarMaziKurmanci\",\"https:\\\/\\\/x.com\\\/DarkaMaziLatini\",\"https:\\\/\\\/www.instagram.com\\\/darkamazi.kurmanci\\\/\",\"https:\\\/\\\/www.youtube.com\\\/channel\\\/UCa5HkTdmI8U1qCUFuTw8B2g\"]},{\"@type\":\"Person\",\"@id\":\"https:\\\/\\\/darkamazi.info\\\/#\\\/schema\\\/person\\\/5ad3e24553a0567993fa8ed4bd0a776c\",\"name\":\"darka mazi\",\"sameAs\":[\"https:\\\/\\\/darkamazi.info\\\/\"],\"url\":\"https:\\\/\\\/darkamazi.info\\\/archives\\\/author\\\/kurdi\"}]}<\/script>\n<!-- \/ Yoast SEO plugin. -->","seo_head_json":{"title":"B\u00eaal\u00eeb\u00fbna Ragihand\u00ee \u00fb \u015eer\u00ea Ve\u015fart\u00ee: Iraq di Navbera Dewleta Ferm\u00ee \u00fb Desthilata Mil\u00eesan de - Darka Maz\u00ee","robots":{"index":"index","follow":"follow","max-snippet":"max-snippet:-1","max-image-preview":"max-image-preview:large","max-video-preview":"max-video-preview:-1"},"canonical":"https:\/\/darkamazi.info\/archives\/1051990","og_locale":"en_US","og_type":"article","og_title":"B\u00eaal\u00eeb\u00fbna Ragihand\u00ee \u00fb \u015eer\u00ea Ve\u015fart\u00ee: Iraq di Navbera Dewleta Ferm\u00ee \u00fb Desthilata Mil\u00eesan de - Darka Maz\u00ee","og_description":"Simko Ebdulez\u00eez Di \u015fer\u00ean serdem\u00ea de, \u00ead\u00ee be\u015fdariya di hevrikiyan de her dem bi r\u00eaka beyannamey\u00ean ferm\u00ee yan ragihandina yekser a \u015fer nay\u00ea kirin. Gelek dewlet cureyek\u00ee \u015fer\u00ea ranegihand\u00ee encam didin bi \u015f\u00eaweyek\u00ee weha ku gotara wan a siyas\u00ee wek b\u00eaal\u00ee diyar dike, l\u00ea li ser erd\u00ee h\u00eaz\u00ean din bi mentiqek\u00ee temam cuda di erk\u00ea [&hellip;]","og_url":"https:\/\/darkamazi.info\/archives\/1051990","og_site_name":"Darka Maz\u00ee","article_publisher":"https:\/\/www.facebook.com\/DarMaziKurmanci","article_published_time":"2026-03-07T13:05:52+00:00","og_image":[{"width":900,"height":497,"url":"https:\/\/darkamazi.info\/file\/2026\/03\/iraq-alhashd.jpg","type":"image\/jpeg"}],"author":"darka mazi","twitter_card":"summary_large_image","twitter_creator":"@DarkaMaziLatini","twitter_site":"@DarkaMaziLatini","twitter_misc":{"Written by":"darka mazi","Est. reading time":"4 minutes"},"schema":{"@context":"https:\/\/schema.org","@graph":[{"@type":"Article","@id":"https:\/\/darkamazi.info\/archives\/1051990#article","isPartOf":{"@id":"https:\/\/darkamazi.info\/archives\/1051990"},"author":{"name":"darka mazi","@id":"https:\/\/darkamazi.info\/#\/schema\/person\/5ad3e24553a0567993fa8ed4bd0a776c"},"headline":"B\u00eaal\u00eeb\u00fbna Ragihand\u00ee \u00fb \u015eer\u00ea Ve\u015fart\u00ee: Iraq di Navbera Dewleta Ferm\u00ee \u00fb Desthilata Mil\u00eesan de","datePublished":"2026-03-07T13:05:52+00:00","mainEntityOfPage":{"@id":"https:\/\/darkamazi.info\/archives\/1051990"},"wordCount":895,"publisher":{"@id":"https:\/\/darkamazi.info\/#organization"},"image":{"@id":"https:\/\/darkamazi.info\/archives\/1051990#primaryimage"},"thumbnailUrl":"https:\/\/darkamazi.info\/file\/2026\/03\/iraq-alhashd.jpg","keywords":["sereke"],"articleSection":["Ner\u00een"],"inLanguage":"en-US"},{"@type":"WebPage","@id":"https:\/\/darkamazi.info\/archives\/1051990","url":"https:\/\/darkamazi.info\/archives\/1051990","name":"B\u00eaal\u00eeb\u00fbna Ragihand\u00ee \u00fb \u015eer\u00ea Ve\u015fart\u00ee: Iraq di Navbera Dewleta Ferm\u00ee \u00fb Desthilata Mil\u00eesan de - Darka Maz\u00ee","isPartOf":{"@id":"https:\/\/darkamazi.info\/#website"},"primaryImageOfPage":{"@id":"https:\/\/darkamazi.info\/archives\/1051990#primaryimage"},"image":{"@id":"https:\/\/darkamazi.info\/archives\/1051990#primaryimage"},"thumbnailUrl":"https:\/\/darkamazi.info\/file\/2026\/03\/iraq-alhashd.jpg","datePublished":"2026-03-07T13:05:52+00:00","breadcrumb":{"@id":"https:\/\/darkamazi.info\/archives\/1051990#breadcrumb"},"inLanguage":"en-US","potentialAction":[{"@type":"ReadAction","target":["https:\/\/darkamazi.info\/archives\/1051990"]}]},{"@type":"ImageObject","inLanguage":"en-US","@id":"https:\/\/darkamazi.info\/archives\/1051990#primaryimage","url":"https:\/\/darkamazi.info\/file\/2026\/03\/iraq-alhashd.jpg","contentUrl":"https:\/\/darkamazi.info\/file\/2026\/03\/iraq-alhashd.jpg","width":900,"height":497,"caption":"B\u00eaal\u00eeb\u00fbna Ragihand\u00ee \u00fb \u015eer\u00ea Ve\u015fart\u00ee: Iraq di Navbera Dewleta Ferm\u00ee \u00fb Desthilata Mil\u00eesan de"},{"@type":"BreadcrumbList","@id":"https:\/\/darkamazi.info\/archives\/1051990#breadcrumb","itemListElement":[{"@type":"ListItem","position":1,"name":"Home","item":"https:\/\/darkamazi.info\/"},{"@type":"ListItem","position":2,"name":"B\u00eaal\u00eeb\u00fbna Ragihand\u00ee \u00fb \u015eer\u00ea Ve\u015fart\u00ee: Iraq di Navbera Dewleta Ferm\u00ee \u00fb Desthilata Mil\u00eesan de"}]},{"@type":"WebSite","@id":"https:\/\/darkamazi.info\/#website","url":"https:\/\/darkamazi.info\/","name":"Darka Maz\u00ee","description":"P\u00eageha Zanyariy\u00ean Nebih\u00eest\u00ee","publisher":{"@id":"https:\/\/darkamazi.info\/#organization"},"potentialAction":[{"@type":"SearchAction","target":{"@type":"EntryPoint","urlTemplate":"https:\/\/darkamazi.info\/?s={search_term_string}"},"query-input":{"@type":"PropertyValueSpecification","valueRequired":true,"valueName":"search_term_string"}}],"inLanguage":"en-US"},{"@type":"Organization","@id":"https:\/\/darkamazi.info\/#organization","name":"Darka Maz\u00ee","url":"https:\/\/darkamazi.info\/","logo":{"@type":"ImageObject","inLanguage":"en-US","@id":"https:\/\/darkamazi.info\/#\/schema\/logo\/image\/","url":"https:\/\/darkamazi.info\/file\/2017\/12\/darka-mazi-logo.png","contentUrl":"https:\/\/darkamazi.info\/file\/2017\/12\/darka-mazi-logo.png","width":151,"height":75,"caption":"Darka Maz\u00ee"},"image":{"@id":"https:\/\/darkamazi.info\/#\/schema\/logo\/image\/"},"sameAs":["https:\/\/www.facebook.com\/DarMaziKurmanci","https:\/\/x.com\/DarkaMaziLatini","https:\/\/www.instagram.com\/darkamazi.kurmanci\/","https:\/\/www.youtube.com\/channel\/UCa5HkTdmI8U1qCUFuTw8B2g"]},{"@type":"Person","@id":"https:\/\/darkamazi.info\/#\/schema\/person\/5ad3e24553a0567993fa8ed4bd0a776c","name":"darka mazi","sameAs":["https:\/\/darkamazi.info\/"],"url":"https:\/\/darkamazi.info\/archives\/author\/kurdi"}]}},"_links":{"self":[{"href":"https:\/\/darkamazi.info\/funavuv\/wp\/v2\/posts\/1051990","targetHints":{"allow":["GET"]}}],"collection":[{"href":"https:\/\/darkamazi.info\/funavuv\/wp\/v2\/posts"}],"about":[{"href":"https:\/\/darkamazi.info\/funavuv\/wp\/v2\/types\/post"}],"author":[{"embeddable":true,"href":"https:\/\/darkamazi.info\/funavuv\/wp\/v2\/users\/2"}],"replies":[{"embeddable":true,"href":"https:\/\/darkamazi.info\/funavuv\/wp\/v2\/comments?post=1051990"}],"version-history":[{"count":0,"href":"https:\/\/darkamazi.info\/funavuv\/wp\/v2\/posts\/1051990\/revisions"}],"wp:featuredmedia":[{"embeddable":true,"href":"https:\/\/darkamazi.info\/funavuv\/wp\/v2\/media\/1051991"}],"wp:attachment":[{"href":"https:\/\/darkamazi.info\/funavuv\/wp\/v2\/media?parent=1051990"}],"wp:term":[{"taxonomy":"category","embeddable":true,"href":"https:\/\/darkamazi.info\/funavuv\/wp\/v2\/categories?post=1051990"},{"taxonomy":"post_tag","embeddable":true,"href":"https:\/\/darkamazi.info\/funavuv\/wp\/v2\/tags?post=1051990"}],"curies":[{"name":"wp","href":"https:\/\/api.w.org\/{rel}","templated":true}]}}