{"id":1051996,"date":"2026-03-07T17:49:55","date_gmt":"2026-03-07T14:49:55","guid":{"rendered":"https:\/\/darkamazi.info\/?p=1051996"},"modified":"2026-03-07T17:49:55","modified_gmt":"2026-03-07T14:49:55","slug":"necirvan-barzani-u-macron-tekezi-li-ser-parastina-aramiya-hereme-dikin","status":"publish","type":"post","link":"https:\/\/darkamazi.info\/archives\/1051996","title":{"rendered":"N\u00ea\u00e7\u00eervan Barzan\u00ee \u00fb Macron tekez\u00ee li ser parastina aramiya her\u00eam\u00ea dikin."},"content":{"rendered":"<h3 style=\"text-align: justify\"><span style=\"font-family: 'arial black', sans-serif\">Serok\u00ea Her\u00eama Kurdistan\u00ea N\u00ea\u00e7\u00eervan Barzan\u00ee \u00fb Serokkomar\u00ea Fransay\u00ea Emmanuel Macron, di peywendiyeke telefon\u00ee de rew\u015fa nav\u00e7ey\u00ea \u00fb peywendiy\u00ean dual\u00ee got\u00fbb\u00eaj kirin.<\/span><\/h3>\n<h3 style=\"text-align: justify\">Di peywendiy\u00ea de, her du serokan li ser rew\u015fa nav\u00e7ey\u00ea \u00fb bandor\u00ean \u015fer n\u00ear\u00een\u00ean xwe parve kirin. Her du aliyan n\u00eegeraniya xwe ya k\u00fbr li hember metirsiya z\u00eadeb\u00fbna girjiyan an\u00een ziman \u00fb li ser p\u00eaw\u00eestiya xurtkirina hewildan\u00ean navdewlet\u00ee ji bo r\u00eagirtin li berfirehb\u00fbna bazneya pev\u00e7\u00fbnan hevn\u00ear\u00een b\u00fbn, bi awayek\u00ee ku a\u015ft\u00ee \u00fb ewleh\u00ee ji bo gel\u00ean her\u00eam\u00ea vegere.<\/h3>\n<h3 style=\"text-align: justify\">Di tewereke din a guft\u00fbgoy\u00ea de, peywendiy\u00ean Fransay\u00ea y\u00ean ligel Iraq \u00fb Her\u00eama Kurdistan\u00ea \u00fb berdewamiya hevkariyan hatin got\u00fbb\u00eajkirin. Her du aliyan tekez\u00ee li ser xurtkirina peywendiy\u00ean dostan\u00ee y\u00ean di navbera xwe de kirin, ku xwed\u00ee d\u00eerokeke dir\u00eaj a hevkar\u00ee \u00fb hevahengiy\u00ea ne di war\u00ean cuda de.<\/h3>\n<h3 style=\"text-align: justify\">Ji aliy\u00ea xwe ve, N\u00ea\u00e7\u00eervan Barzan\u00ee spasiya rola p\u00ea\u015feng a Macron \u00fb Fransay\u00ea kir, ji bo pi\u015ftevaniya berdewam a ji bo Her\u00eama Kurdistan\u00ea \u00fb Iraq\u00ea, bi taybet\u00ee di hewildan\u00ean d\u00eeplomat\u00eek de ji bo d\u00fbrxistina her\u00eam\u00ea ji metirsiy\u00ean \u015fer \u00fb aloziyan.<\/h3>\n","protected":false},"excerpt":{"rendered":"<p>Serok\u00ea Her\u00eama Kurdistan\u00ea N\u00ea\u00e7\u00eervan Barzan\u00ee \u00fb Serokkomar\u00ea Fransay\u00ea Emmanuel Macron, di peywendiyeke telefon\u00ee de rew\u015fa nav\u00e7ey\u00ea \u00fb peywendiy\u00ean dual\u00ee got\u00fbb\u00eaj kirin. Di peywendiy\u00ea de, her du serokan li ser rew\u015fa nav\u00e7ey\u00ea \u00fb bandor\u00ean \u015fer n\u00ear\u00een\u00ean xwe parve kirin. Her du aliyan n\u00eegeraniya xwe ya k\u00fbr li hember metirsiya z\u00eadeb\u00fbna girjiyan an\u00een ziman \u00fb li ser [&hellip;]<\/p>\n","protected":false},"author":2,"featured_media":1051997,"comment_status":"closed","ping_status":"closed","sticky":false,"template":"","format":"standard","meta":{"footnotes":""},"categories":[29],"tags":[],"class_list":["post-1051996","post","type-post","status-publish","format-standard","has-post-thumbnail","hentry","category-kurdistan"],"blocksy_meta":[],"seo_head":"<!-- This site is optimized with the Yoast SEO plugin v27.5 - https:\/\/yoast.com\/product\/yoast-seo-wordpress\/ -->\n<title>N\u00ea\u00e7\u00eervan Barzan\u00ee \u00fb Macron tekez\u00ee li ser parastina aramiya her\u00eam\u00ea dikin. - Darka Maz\u00ee<\/title>\n<meta name=\"robots\" content=\"index, follow, max-snippet:-1, max-image-preview:large, max-video-preview:-1\" \/>\n<link rel=\"canonical\" href=\"https:\/\/darkamazi.info\/archives\/1051996\" \/>\n<meta property=\"og:locale\" content=\"en_US\" \/>\n<meta property=\"og:type\" content=\"article\" \/>\n<meta property=\"og:title\" content=\"N\u00ea\u00e7\u00eervan Barzan\u00ee \u00fb Macron tekez\u00ee li ser parastina aramiya her\u00eam\u00ea dikin. - Darka Maz\u00ee\" \/>\n<meta property=\"og:description\" content=\"Serok\u00ea Her\u00eama Kurdistan\u00ea N\u00ea\u00e7\u00eervan Barzan\u00ee \u00fb Serokkomar\u00ea Fransay\u00ea Emmanuel Macron, di peywendiyeke telefon\u00ee de rew\u015fa nav\u00e7ey\u00ea \u00fb peywendiy\u00ean dual\u00ee got\u00fbb\u00eaj kirin. Di peywendiy\u00ea de, her du serokan li ser rew\u015fa nav\u00e7ey\u00ea \u00fb bandor\u00ean \u015fer n\u00ear\u00een\u00ean xwe parve kirin. Her du aliyan n\u00eegeraniya xwe ya k\u00fbr li hember metirsiya z\u00eadeb\u00fbna girjiyan an\u00een ziman \u00fb li ser [&hellip;]\" \/>\n<meta property=\"og:url\" content=\"https:\/\/darkamazi.info\/archives\/1051996\" \/>\n<meta property=\"og:site_name\" content=\"Darka Maz\u00ee\" \/>\n<meta property=\"article:publisher\" content=\"https:\/\/www.facebook.com\/DarMaziKurmanci\" \/>\n<meta property=\"article:published_time\" content=\"2026-03-07T14:49:55+00:00\" \/>\n<meta property=\"og:image\" content=\"https:\/\/darkamazi.info\/file\/2026\/03\/necirvan-barzani-macron.jpg\" \/>\n\t<meta property=\"og:image:width\" content=\"1562\" \/>\n\t<meta property=\"og:image:height\" content=\"878\" \/>\n\t<meta property=\"og:image:type\" content=\"image\/jpeg\" \/>\n<meta name=\"author\" content=\"darka mazi\" \/>\n<meta name=\"twitter:card\" content=\"summary_large_image\" \/>\n<meta name=\"twitter:creator\" content=\"@DarkaMaziLatini\" \/>\n<meta name=\"twitter:site\" content=\"@DarkaMaziLatini\" \/>\n<meta name=\"twitter:label1\" content=\"Written by\" \/>\n\t<meta name=\"twitter:data1\" content=\"darka mazi\" \/>\n\t<meta name=\"twitter:label2\" content=\"Est. reading time\" \/>\n\t<meta name=\"twitter:data2\" content=\"1 minute\" \/>\n<script type=\"application\/ld+json\" class=\"seo-schema-graph\">{\"@context\":\"https:\\\/\\\/schema.org\",\"@graph\":[{\"@type\":\"Article\",\"@id\":\"https:\\\/\\\/darkamazi.info\\\/archives\\\/1051996#article\",\"isPartOf\":{\"@id\":\"https:\\\/\\\/darkamazi.info\\\/archives\\\/1051996\"},\"author\":{\"name\":\"darka mazi\",\"@id\":\"https:\\\/\\\/darkamazi.info\\\/#\\\/schema\\\/person\\\/5ad3e24553a0567993fa8ed4bd0a776c\"},\"headline\":\"N\u00ea\u00e7\u00eervan Barzan\u00ee \u00fb Macron tekez\u00ee li ser parastina aramiya her\u00eam\u00ea dikin.\",\"datePublished\":\"2026-03-07T14:49:55+00:00\",\"mainEntityOfPage\":{\"@id\":\"https:\\\/\\\/darkamazi.info\\\/archives\\\/1051996\"},\"wordCount\":218,\"publisher\":{\"@id\":\"https:\\\/\\\/darkamazi.info\\\/#organization\"},\"image\":{\"@id\":\"https:\\\/\\\/darkamazi.info\\\/archives\\\/1051996#primaryimage\"},\"thumbnailUrl\":\"https:\\\/\\\/darkamazi.info\\\/darka-content\\\/uploads\\\/2026\\\/03\\\/necirvan-barzani-macron.jpg\",\"articleSection\":[\"Kurdistan\"],\"inLanguage\":\"en-US\"},{\"@type\":\"WebPage\",\"@id\":\"https:\\\/\\\/darkamazi.info\\\/archives\\\/1051996\",\"url\":\"https:\\\/\\\/darkamazi.info\\\/archives\\\/1051996\",\"name\":\"N\u00ea\u00e7\u00eervan Barzan\u00ee \u00fb Macron tekez\u00ee li ser parastina aramiya her\u00eam\u00ea dikin. - Darka Maz\u00ee\",\"isPartOf\":{\"@id\":\"https:\\\/\\\/darkamazi.info\\\/#website\"},\"primaryImageOfPage\":{\"@id\":\"https:\\\/\\\/darkamazi.info\\\/archives\\\/1051996#primaryimage\"},\"image\":{\"@id\":\"https:\\\/\\\/darkamazi.info\\\/archives\\\/1051996#primaryimage\"},\"thumbnailUrl\":\"https:\\\/\\\/darkamazi.info\\\/darka-content\\\/uploads\\\/2026\\\/03\\\/necirvan-barzani-macron.jpg\",\"datePublished\":\"2026-03-07T14:49:55+00:00\",\"breadcrumb\":{\"@id\":\"https:\\\/\\\/darkamazi.info\\\/archives\\\/1051996#breadcrumb\"},\"inLanguage\":\"en-US\",\"potentialAction\":[{\"@type\":\"ReadAction\",\"target\":[\"https:\\\/\\\/darkamazi.info\\\/archives\\\/1051996\"]}]},{\"@type\":\"ImageObject\",\"inLanguage\":\"en-US\",\"@id\":\"https:\\\/\\\/darkamazi.info\\\/archives\\\/1051996#primaryimage\",\"url\":\"https:\\\/\\\/darkamazi.info\\\/darka-content\\\/uploads\\\/2026\\\/03\\\/necirvan-barzani-macron.jpg\",\"contentUrl\":\"https:\\\/\\\/darkamazi.info\\\/darka-content\\\/uploads\\\/2026\\\/03\\\/necirvan-barzani-macron.jpg\",\"width\":1562,\"height\":878,\"caption\":\"N\u00ea\u00e7\u00eervan Barzan\u00ee \u00fb Macron tekez\u00ee li ser parastina aramiya her\u00eam\u00ea dikin.\"},{\"@type\":\"BreadcrumbList\",\"@id\":\"https:\\\/\\\/darkamazi.info\\\/archives\\\/1051996#breadcrumb\",\"itemListElement\":[{\"@type\":\"ListItem\",\"position\":1,\"name\":\"Home\",\"item\":\"https:\\\/\\\/darkamazi.info\\\/\"},{\"@type\":\"ListItem\",\"position\":2,\"name\":\"N\u00ea\u00e7\u00eervan Barzan\u00ee \u00fb Macron tekez\u00ee li ser parastina aramiya her\u00eam\u00ea dikin.\"}]},{\"@type\":\"WebSite\",\"@id\":\"https:\\\/\\\/darkamazi.info\\\/#website\",\"url\":\"https:\\\/\\\/darkamazi.info\\\/\",\"name\":\"Darka Maz\u00ee\",\"description\":\"P\u00eageha Zanyariy\u00ean Nebih\u00eest\u00ee\",\"publisher\":{\"@id\":\"https:\\\/\\\/darkamazi.info\\\/#organization\"},\"potentialAction\":[{\"@type\":\"SearchAction\",\"target\":{\"@type\":\"EntryPoint\",\"urlTemplate\":\"https:\\\/\\\/darkamazi.info\\\/?s={search_term_string}\"},\"query-input\":{\"@type\":\"PropertyValueSpecification\",\"valueRequired\":true,\"valueName\":\"search_term_string\"}}],\"inLanguage\":\"en-US\"},{\"@type\":\"Organization\",\"@id\":\"https:\\\/\\\/darkamazi.info\\\/#organization\",\"name\":\"Darka Maz\u00ee\",\"url\":\"https:\\\/\\\/darkamazi.info\\\/\",\"logo\":{\"@type\":\"ImageObject\",\"inLanguage\":\"en-US\",\"@id\":\"https:\\\/\\\/darkamazi.info\\\/#\\\/schema\\\/logo\\\/image\\\/\",\"url\":\"https:\\\/\\\/darkamazi.info\\\/darka-content\\\/uploads\\\/2017\\\/12\\\/darka-mazi-logo.png\",\"contentUrl\":\"https:\\\/\\\/darkamazi.info\\\/darka-content\\\/uploads\\\/2017\\\/12\\\/darka-mazi-logo.png\",\"width\":151,\"height\":75,\"caption\":\"Darka Maz\u00ee\"},\"image\":{\"@id\":\"https:\\\/\\\/darkamazi.info\\\/#\\\/schema\\\/logo\\\/image\\\/\"},\"sameAs\":[\"https:\\\/\\\/www.facebook.com\\\/DarMaziKurmanci\",\"https:\\\/\\\/x.com\\\/DarkaMaziLatini\",\"https:\\\/\\\/www.instagram.com\\\/darkamazi.kurmanci\\\/\",\"https:\\\/\\\/www.youtube.com\\\/channel\\\/UCa5HkTdmI8U1qCUFuTw8B2g\"]},{\"@type\":\"Person\",\"@id\":\"https:\\\/\\\/darkamazi.info\\\/#\\\/schema\\\/person\\\/5ad3e24553a0567993fa8ed4bd0a776c\",\"name\":\"darka mazi\",\"sameAs\":[\"https:\\\/\\\/darkamazi.info\\\/\"],\"url\":\"https:\\\/\\\/darkamazi.info\\\/archives\\\/author\\\/kurdi\"}]}<\/script>\n<!-- \/ Yoast SEO plugin. -->","seo_head_json":{"title":"N\u00ea\u00e7\u00eervan Barzan\u00ee \u00fb Macron tekez\u00ee li ser parastina aramiya her\u00eam\u00ea dikin. - Darka Maz\u00ee","robots":{"index":"index","follow":"follow","max-snippet":"max-snippet:-1","max-image-preview":"max-image-preview:large","max-video-preview":"max-video-preview:-1"},"canonical":"https:\/\/darkamazi.info\/archives\/1051996","og_locale":"en_US","og_type":"article","og_title":"N\u00ea\u00e7\u00eervan Barzan\u00ee \u00fb Macron tekez\u00ee li ser parastina aramiya her\u00eam\u00ea dikin. - Darka Maz\u00ee","og_description":"Serok\u00ea Her\u00eama Kurdistan\u00ea N\u00ea\u00e7\u00eervan Barzan\u00ee \u00fb Serokkomar\u00ea Fransay\u00ea Emmanuel Macron, di peywendiyeke telefon\u00ee de rew\u015fa nav\u00e7ey\u00ea \u00fb peywendiy\u00ean dual\u00ee got\u00fbb\u00eaj kirin. Di peywendiy\u00ea de, her du serokan li ser rew\u015fa nav\u00e7ey\u00ea \u00fb bandor\u00ean \u015fer n\u00ear\u00een\u00ean xwe parve kirin. Her du aliyan n\u00eegeraniya xwe ya k\u00fbr li hember metirsiya z\u00eadeb\u00fbna girjiyan an\u00een ziman \u00fb li ser [&hellip;]","og_url":"https:\/\/darkamazi.info\/archives\/1051996","og_site_name":"Darka Maz\u00ee","article_publisher":"https:\/\/www.facebook.com\/DarMaziKurmanci","article_published_time":"2026-03-07T14:49:55+00:00","og_image":[{"width":1562,"height":878,"url":"https:\/\/darkamazi.info\/file\/2026\/03\/necirvan-barzani-macron.jpg","type":"image\/jpeg"}],"author":"darka mazi","twitter_card":"summary_large_image","twitter_creator":"@DarkaMaziLatini","twitter_site":"@DarkaMaziLatini","twitter_misc":{"Written by":"darka mazi","Est. reading time":"1 minute"},"schema":{"@context":"https:\/\/schema.org","@graph":[{"@type":"Article","@id":"https:\/\/darkamazi.info\/archives\/1051996#article","isPartOf":{"@id":"https:\/\/darkamazi.info\/archives\/1051996"},"author":{"name":"darka mazi","@id":"https:\/\/darkamazi.info\/#\/schema\/person\/5ad3e24553a0567993fa8ed4bd0a776c"},"headline":"N\u00ea\u00e7\u00eervan Barzan\u00ee \u00fb Macron tekez\u00ee li ser parastina aramiya her\u00eam\u00ea dikin.","datePublished":"2026-03-07T14:49:55+00:00","mainEntityOfPage":{"@id":"https:\/\/darkamazi.info\/archives\/1051996"},"wordCount":218,"publisher":{"@id":"https:\/\/darkamazi.info\/#organization"},"image":{"@id":"https:\/\/darkamazi.info\/archives\/1051996#primaryimage"},"thumbnailUrl":"https:\/\/darkamazi.info\/file\/2026\/03\/necirvan-barzani-macron.jpg","articleSection":["Kurdistan"],"inLanguage":"en-US"},{"@type":"WebPage","@id":"https:\/\/darkamazi.info\/archives\/1051996","url":"https:\/\/darkamazi.info\/archives\/1051996","name":"N\u00ea\u00e7\u00eervan Barzan\u00ee \u00fb Macron tekez\u00ee li ser parastina aramiya her\u00eam\u00ea dikin. - Darka Maz\u00ee","isPartOf":{"@id":"https:\/\/darkamazi.info\/#website"},"primaryImageOfPage":{"@id":"https:\/\/darkamazi.info\/archives\/1051996#primaryimage"},"image":{"@id":"https:\/\/darkamazi.info\/archives\/1051996#primaryimage"},"thumbnailUrl":"https:\/\/darkamazi.info\/file\/2026\/03\/necirvan-barzani-macron.jpg","datePublished":"2026-03-07T14:49:55+00:00","breadcrumb":{"@id":"https:\/\/darkamazi.info\/archives\/1051996#breadcrumb"},"inLanguage":"en-US","potentialAction":[{"@type":"ReadAction","target":["https:\/\/darkamazi.info\/archives\/1051996"]}]},{"@type":"ImageObject","inLanguage":"en-US","@id":"https:\/\/darkamazi.info\/archives\/1051996#primaryimage","url":"https:\/\/darkamazi.info\/file\/2026\/03\/necirvan-barzani-macron.jpg","contentUrl":"https:\/\/darkamazi.info\/file\/2026\/03\/necirvan-barzani-macron.jpg","width":1562,"height":878,"caption":"N\u00ea\u00e7\u00eervan Barzan\u00ee \u00fb Macron tekez\u00ee li ser parastina aramiya her\u00eam\u00ea dikin."},{"@type":"BreadcrumbList","@id":"https:\/\/darkamazi.info\/archives\/1051996#breadcrumb","itemListElement":[{"@type":"ListItem","position":1,"name":"Home","item":"https:\/\/darkamazi.info\/"},{"@type":"ListItem","position":2,"name":"N\u00ea\u00e7\u00eervan Barzan\u00ee \u00fb Macron tekez\u00ee li ser parastina aramiya her\u00eam\u00ea dikin."}]},{"@type":"WebSite","@id":"https:\/\/darkamazi.info\/#website","url":"https:\/\/darkamazi.info\/","name":"Darka Maz\u00ee","description":"P\u00eageha Zanyariy\u00ean Nebih\u00eest\u00ee","publisher":{"@id":"https:\/\/darkamazi.info\/#organization"},"potentialAction":[{"@type":"SearchAction","target":{"@type":"EntryPoint","urlTemplate":"https:\/\/darkamazi.info\/?s={search_term_string}"},"query-input":{"@type":"PropertyValueSpecification","valueRequired":true,"valueName":"search_term_string"}}],"inLanguage":"en-US"},{"@type":"Organization","@id":"https:\/\/darkamazi.info\/#organization","name":"Darka Maz\u00ee","url":"https:\/\/darkamazi.info\/","logo":{"@type":"ImageObject","inLanguage":"en-US","@id":"https:\/\/darkamazi.info\/#\/schema\/logo\/image\/","url":"https:\/\/darkamazi.info\/file\/2017\/12\/darka-mazi-logo.png","contentUrl":"https:\/\/darkamazi.info\/file\/2017\/12\/darka-mazi-logo.png","width":151,"height":75,"caption":"Darka Maz\u00ee"},"image":{"@id":"https:\/\/darkamazi.info\/#\/schema\/logo\/image\/"},"sameAs":["https:\/\/www.facebook.com\/DarMaziKurmanci","https:\/\/x.com\/DarkaMaziLatini","https:\/\/www.instagram.com\/darkamazi.kurmanci\/","https:\/\/www.youtube.com\/channel\/UCa5HkTdmI8U1qCUFuTw8B2g"]},{"@type":"Person","@id":"https:\/\/darkamazi.info\/#\/schema\/person\/5ad3e24553a0567993fa8ed4bd0a776c","name":"darka mazi","sameAs":["https:\/\/darkamazi.info\/"],"url":"https:\/\/darkamazi.info\/archives\/author\/kurdi"}]}},"_links":{"self":[{"href":"https:\/\/darkamazi.info\/funavuv\/wp\/v2\/posts\/1051996","targetHints":{"allow":["GET"]}}],"collection":[{"href":"https:\/\/darkamazi.info\/funavuv\/wp\/v2\/posts"}],"about":[{"href":"https:\/\/darkamazi.info\/funavuv\/wp\/v2\/types\/post"}],"author":[{"embeddable":true,"href":"https:\/\/darkamazi.info\/funavuv\/wp\/v2\/users\/2"}],"replies":[{"embeddable":true,"href":"https:\/\/darkamazi.info\/funavuv\/wp\/v2\/comments?post=1051996"}],"version-history":[{"count":0,"href":"https:\/\/darkamazi.info\/funavuv\/wp\/v2\/posts\/1051996\/revisions"}],"wp:featuredmedia":[{"embeddable":true,"href":"https:\/\/darkamazi.info\/funavuv\/wp\/v2\/media\/1051997"}],"wp:attachment":[{"href":"https:\/\/darkamazi.info\/funavuv\/wp\/v2\/media?parent=1051996"}],"wp:term":[{"taxonomy":"category","embeddable":true,"href":"https:\/\/darkamazi.info\/funavuv\/wp\/v2\/categories?post=1051996"},{"taxonomy":"post_tag","embeddable":true,"href":"https:\/\/darkamazi.info\/funavuv\/wp\/v2\/tags?post=1051996"}],"curies":[{"name":"wp","href":"https:\/\/api.w.org\/{rel}","templated":true}]}}