{"id":1052004,"date":"2026-03-08T12:36:46","date_gmt":"2026-03-08T09:36:46","guid":{"rendered":"https:\/\/darkamazi.info\/?p=1052004"},"modified":"2026-03-08T12:36:46","modified_gmt":"2026-03-08T09:36:46","slug":"erebistana-siudi-bo-irane-em-edi-bedeng-naminin","status":"publish","type":"post","link":"https:\/\/darkamazi.info\/archives\/1052004","title":{"rendered":"Erebistana Si\u00fbd\u00ee bo \u00ceran\u00ea: Em \u00ead\u00ee b\u00eadeng nam\u00eenin"},"content":{"rendered":"<h3 style=\"text-align: justify\"><span style=\"font-family: 'arial black', sans-serif\">Li gor\u00ee zanyar\u00ean ajansa Reuters\u00ea, eger \u00ear\u00ee\u015f\u00ean \u00ceran\u00ea berdewam bin, Erebistana Si\u00fbd\u00ee d\u00ea bersiva w\u00ea bide.<\/span><\/h3>\n<h3 style=\"text-align: justify\">\u00c7ar \u00e7avkaniyan ji ajansa Reuters\u00ea re gotiye ku, Erebistana Si\u00fbd\u00ee \u00ceran haydar kiriye ku eger \u00ear\u00ee\u015f\u00ean w\u00ea y\u00ean bi dron \u00fb m\u00fb\u015fekan li ser wan berdewam bin, ew d\u00ea \u00ead\u00ee b\u00eadeng nem\u00eenin \u00fb d\u00ea dest bi bersivday\u00een\u00ea bikin.<\/h3>\n<h3 style=\"text-align: justify\">Li gor\u00ee \u00e7avkaniyan, peyama Erebistana Si\u00fbd\u00ee li ser zar\u00ea Wez\u00eer\u00ea Derve y\u00ea Erebistana Si\u00fbd\u00ee Feysel bin Ferhan ji Wez\u00eer\u00ea Derve y\u00ea \u00ceran\u00ea Ebas Iraq\u00e7\u00ee re hatiye gihandin.<\/h3>\n<h3 style=\"text-align: justify\">Erebistana Si\u00fbd\u00ee di w\u00ea peyam\u00ea de ragihandiye: Eger \u00ceran bombebarana li ser Erebistana Si\u00fbd\u00ee ranewest\u00eene, hing\u00ea Riyad xwe mafdar dib\u00eene ku \u00ear\u00ee\u015f\u00ean m\u00fb\u015fek\u00ee bike ser \u00ceran\u00ea.<\/h3>\n<h3 style=\"text-align: justify\">Li gor\u00ee Reuters\u00ea, Wez\u00eer\u00ea Derve y\u00ea Erebistana Si\u00fbd\u00ee haydar\u00ee daye \u00ceran\u00eeiyan. E\u015fkere j\u00ee kiriye ku, ew amade ne ku ji bo \u00e7areserkirina pirsgir\u00eaka di navbera Amer\u00eeka \u00fb \u00ceran\u00ea de bi r\u00eaya d\u00eeplomasiy\u00ea navbeynkariy\u00ea bikin.<\/h3>\n<h3 style=\"text-align: justify\">Ev j\u00ee di demek\u00ea de ye ku, \u00cesra\u00eel \u00fb Amer\u00eekay\u00ea li ser\u00ea sibeha roja \u015eemiy\u00ea, 28\u00ea Sibata 2026\u00ea, bi hev re \u00ear\u00ee\u015f\u00ee \u00ceran\u00ea kir \u00fb gelek bajar\u00ean w\u00ee welat\u00ee bombebaran kirin, \u00fb di encam\u00ea de R\u00eaber\u00ea Bilind \u00ea Komara \u00ceslam\u00ee ya \u00ceran\u00ea El\u00ee Xaminey\u00ee \u00fb gelek serkirdey\u00ean bilind \u00ean \u00ceran\u00ea hatin ku\u015ftin.<\/h3>\n<h3 style=\"text-align: justify\">Di bersiva w\u00ea \u00ear\u00ee\u015f\u00ea de, \u00ceran\u00ea j\u00ee \u00ear\u00ee\u015f\u00ee welat\u00ea \u00cesra\u00eel\u00ea \u00fb cih \u00fb bingeh\u00ean Amer\u00eekay\u00ea li \u00e7end welat\u00ean dever\u00ea kir \u00fb heta niha j\u00ee \u00ear\u00ee\u015f\u00ean her du aliyan berdewam in \u00fb hejmara ku\u015ft\u00ee \u00fb bir\u00eendaran \u00fb zirar\u00ean mad\u00ee ber bi z\u00eadeb\u00fbn\u00ea ve ye.<\/h3>\n<h3 style=\"text-align: justify\">Her\u00eama Kurdistan\u00ea j\u00ee, \u00fb bi taybet\u00ee j\u00ee bajar\u00ea Hewl\u00ear\u00ea, di v\u00ea \u00e7ar\u00e7ovey\u00ea de \u00e7end caran keftiye ber \u00ear\u00ee\u015f\u00ean bi m\u00fb\u015fek \u00fb dronan, l\u00ea hem\u00ee \u00ear\u00ee\u015f\u00ean asman\u00ee y\u00ean \u00ceran\u00ea ji aliy\u00ea s\u00eestema berevaniya asman\u00ee ve li Her\u00eama Kurdistan\u00ea hatine \u015fikandin.<\/h3>\n<h3 style=\"text-align: justify\">Peywendiy\u00ean di navbera Erebistana Si\u00fbd\u00ee \u00fb \u00ceran\u00ea de, pi\u015ft\u00ee heft salan ji t\u00eak\u00e7\u00fbna d\u00eeplomat\u00eek, di Adara sala 2023\u00ea de bi navbeynkariya \u00c7\u00een\u00ea hatib\u00fbn normalkirin. P\u00ea\u015ftir li sala 2019\u00ea, dezgeh\u00ean petrol\u00ea y\u00ean Aramkoya Si\u00fbdiyey\u00ea rast\u00ee \u00ear\u00ee\u015f\u00ean mezin \u00ean bi dron \u00fb m\u00fb\u015fekan hatib\u00fbn, Erebistana Si\u00fbd\u00ee \u00fb Dewlet\u00ean Yekgirt\u00ee y\u00ean Amer\u00eekay\u00ea \u00ceran bi wan \u00ear\u00ee\u015fan tometbar kirib\u00fb.<\/h3>\n","protected":false},"excerpt":{"rendered":"<p>Li gor\u00ee zanyar\u00ean ajansa Reuters\u00ea, eger \u00ear\u00ee\u015f\u00ean \u00ceran\u00ea berdewam bin, Erebistana Si\u00fbd\u00ee d\u00ea bersiva w\u00ea bide. \u00c7ar \u00e7avkaniyan ji ajansa Reuters\u00ea re gotiye ku, Erebistana Si\u00fbd\u00ee \u00ceran haydar kiriye ku eger \u00ear\u00ee\u015f\u00ean w\u00ea y\u00ean bi dron \u00fb m\u00fb\u015fekan li ser wan berdewam bin, ew d\u00ea \u00ead\u00ee b\u00eadeng nem\u00eenin \u00fb d\u00ea dest bi bersivday\u00een\u00ea bikin. Li [&hellip;]<\/p>\n","protected":false},"author":2,"featured_media":1052005,"comment_status":"closed","ping_status":"closed","sticky":false,"template":"","format":"standard","meta":{"footnotes":""},"categories":[31],"tags":[37],"class_list":["post-1052004","post","type-post","status-publish","format-standard","has-post-thumbnail","hentry","category-rojhelata-navin","tag-sereke"],"blocksy_meta":[],"seo_head":"<!-- This site is optimized with the Yoast SEO plugin v27.5 - https:\/\/yoast.com\/product\/yoast-seo-wordpress\/ -->\n<title>Erebistana Si\u00fbd\u00ee bo \u00ceran\u00ea: Em \u00ead\u00ee b\u00eadeng nam\u00eenin - Darka Maz\u00ee<\/title>\n<meta name=\"robots\" content=\"index, follow, max-snippet:-1, max-image-preview:large, max-video-preview:-1\" \/>\n<link rel=\"canonical\" href=\"https:\/\/darkamazi.info\/archives\/1052004\" \/>\n<meta property=\"og:locale\" content=\"en_US\" \/>\n<meta property=\"og:type\" content=\"article\" \/>\n<meta property=\"og:title\" content=\"Erebistana Si\u00fbd\u00ee bo \u00ceran\u00ea: Em \u00ead\u00ee b\u00eadeng nam\u00eenin - Darka Maz\u00ee\" \/>\n<meta property=\"og:description\" content=\"Li gor\u00ee zanyar\u00ean ajansa Reuters\u00ea, eger \u00ear\u00ee\u015f\u00ean \u00ceran\u00ea berdewam bin, Erebistana Si\u00fbd\u00ee d\u00ea bersiva w\u00ea bide. \u00c7ar \u00e7avkaniyan ji ajansa Reuters\u00ea re gotiye ku, Erebistana Si\u00fbd\u00ee \u00ceran haydar kiriye ku eger \u00ear\u00ee\u015f\u00ean w\u00ea y\u00ean bi dron \u00fb m\u00fb\u015fekan li ser wan berdewam bin, ew d\u00ea \u00ead\u00ee b\u00eadeng nem\u00eenin \u00fb d\u00ea dest bi bersivday\u00een\u00ea bikin. Li [&hellip;]\" \/>\n<meta property=\"og:url\" content=\"https:\/\/darkamazi.info\/archives\/1052004\" \/>\n<meta property=\"og:site_name\" content=\"Darka Maz\u00ee\" \/>\n<meta property=\"article:publisher\" content=\"https:\/\/www.facebook.com\/DarMaziKurmanci\" \/>\n<meta property=\"article:published_time\" content=\"2026-03-08T09:36:46+00:00\" \/>\n<meta property=\"og:image\" content=\"https:\/\/darkamazi.info\/file\/2026\/03\/iran-sudiye.jpg\" \/>\n\t<meta property=\"og:image:width\" content=\"900\" \/>\n\t<meta property=\"og:image:height\" content=\"497\" \/>\n\t<meta property=\"og:image:type\" content=\"image\/jpeg\" \/>\n<meta name=\"author\" content=\"darka mazi\" \/>\n<meta name=\"twitter:card\" content=\"summary_large_image\" \/>\n<meta name=\"twitter:creator\" content=\"@DarkaMaziLatini\" \/>\n<meta name=\"twitter:site\" content=\"@DarkaMaziLatini\" \/>\n<meta name=\"twitter:label1\" content=\"Written by\" \/>\n\t<meta name=\"twitter:data1\" content=\"darka mazi\" \/>\n\t<meta name=\"twitter:label2\" content=\"Est. reading time\" \/>\n\t<meta name=\"twitter:data2\" content=\"2 minutes\" \/>\n<script type=\"application\/ld+json\" class=\"seo-schema-graph\">{\"@context\":\"https:\\\/\\\/schema.org\",\"@graph\":[{\"@type\":\"Article\",\"@id\":\"https:\\\/\\\/darkamazi.info\\\/archives\\\/1052004#article\",\"isPartOf\":{\"@id\":\"https:\\\/\\\/darkamazi.info\\\/archives\\\/1052004\"},\"author\":{\"name\":\"darka mazi\",\"@id\":\"https:\\\/\\\/darkamazi.info\\\/#\\\/schema\\\/person\\\/5ad3e24553a0567993fa8ed4bd0a776c\"},\"headline\":\"Erebistana Si\u00fbd\u00ee bo \u00ceran\u00ea: Em \u00ead\u00ee b\u00eadeng nam\u00eenin\",\"datePublished\":\"2026-03-08T09:36:46+00:00\",\"mainEntityOfPage\":{\"@id\":\"https:\\\/\\\/darkamazi.info\\\/archives\\\/1052004\"},\"wordCount\":391,\"publisher\":{\"@id\":\"https:\\\/\\\/darkamazi.info\\\/#organization\"},\"image\":{\"@id\":\"https:\\\/\\\/darkamazi.info\\\/archives\\\/1052004#primaryimage\"},\"thumbnailUrl\":\"https:\\\/\\\/darkamazi.info\\\/darka-content\\\/uploads\\\/2026\\\/03\\\/iran-sudiye.jpg\",\"keywords\":[\"sereke\"],\"articleSection\":[\"Rojhelata nav\u00een\"],\"inLanguage\":\"en-US\"},{\"@type\":\"WebPage\",\"@id\":\"https:\\\/\\\/darkamazi.info\\\/archives\\\/1052004\",\"url\":\"https:\\\/\\\/darkamazi.info\\\/archives\\\/1052004\",\"name\":\"Erebistana Si\u00fbd\u00ee bo \u00ceran\u00ea: Em \u00ead\u00ee b\u00eadeng nam\u00eenin - Darka Maz\u00ee\",\"isPartOf\":{\"@id\":\"https:\\\/\\\/darkamazi.info\\\/#website\"},\"primaryImageOfPage\":{\"@id\":\"https:\\\/\\\/darkamazi.info\\\/archives\\\/1052004#primaryimage\"},\"image\":{\"@id\":\"https:\\\/\\\/darkamazi.info\\\/archives\\\/1052004#primaryimage\"},\"thumbnailUrl\":\"https:\\\/\\\/darkamazi.info\\\/darka-content\\\/uploads\\\/2026\\\/03\\\/iran-sudiye.jpg\",\"datePublished\":\"2026-03-08T09:36:46+00:00\",\"breadcrumb\":{\"@id\":\"https:\\\/\\\/darkamazi.info\\\/archives\\\/1052004#breadcrumb\"},\"inLanguage\":\"en-US\",\"potentialAction\":[{\"@type\":\"ReadAction\",\"target\":[\"https:\\\/\\\/darkamazi.info\\\/archives\\\/1052004\"]}]},{\"@type\":\"ImageObject\",\"inLanguage\":\"en-US\",\"@id\":\"https:\\\/\\\/darkamazi.info\\\/archives\\\/1052004#primaryimage\",\"url\":\"https:\\\/\\\/darkamazi.info\\\/darka-content\\\/uploads\\\/2026\\\/03\\\/iran-sudiye.jpg\",\"contentUrl\":\"https:\\\/\\\/darkamazi.info\\\/darka-content\\\/uploads\\\/2026\\\/03\\\/iran-sudiye.jpg\",\"width\":900,\"height\":497,\"caption\":\"Erebistana Si\u00fbd\u00ee bo \u00ceran\u00ea: Em \u00ead\u00ee b\u00eadeng nam\u00eenin\"},{\"@type\":\"BreadcrumbList\",\"@id\":\"https:\\\/\\\/darkamazi.info\\\/archives\\\/1052004#breadcrumb\",\"itemListElement\":[{\"@type\":\"ListItem\",\"position\":1,\"name\":\"Home\",\"item\":\"https:\\\/\\\/darkamazi.info\\\/\"},{\"@type\":\"ListItem\",\"position\":2,\"name\":\"Erebistana Si\u00fbd\u00ee bo \u00ceran\u00ea: Em \u00ead\u00ee b\u00eadeng nam\u00eenin\"}]},{\"@type\":\"WebSite\",\"@id\":\"https:\\\/\\\/darkamazi.info\\\/#website\",\"url\":\"https:\\\/\\\/darkamazi.info\\\/\",\"name\":\"Darka Maz\u00ee\",\"description\":\"P\u00eageha Zanyariy\u00ean Nebih\u00eest\u00ee\",\"publisher\":{\"@id\":\"https:\\\/\\\/darkamazi.info\\\/#organization\"},\"potentialAction\":[{\"@type\":\"SearchAction\",\"target\":{\"@type\":\"EntryPoint\",\"urlTemplate\":\"https:\\\/\\\/darkamazi.info\\\/?s={search_term_string}\"},\"query-input\":{\"@type\":\"PropertyValueSpecification\",\"valueRequired\":true,\"valueName\":\"search_term_string\"}}],\"inLanguage\":\"en-US\"},{\"@type\":\"Organization\",\"@id\":\"https:\\\/\\\/darkamazi.info\\\/#organization\",\"name\":\"Darka Maz\u00ee\",\"url\":\"https:\\\/\\\/darkamazi.info\\\/\",\"logo\":{\"@type\":\"ImageObject\",\"inLanguage\":\"en-US\",\"@id\":\"https:\\\/\\\/darkamazi.info\\\/#\\\/schema\\\/logo\\\/image\\\/\",\"url\":\"https:\\\/\\\/darkamazi.info\\\/darka-content\\\/uploads\\\/2017\\\/12\\\/darka-mazi-logo.png\",\"contentUrl\":\"https:\\\/\\\/darkamazi.info\\\/darka-content\\\/uploads\\\/2017\\\/12\\\/darka-mazi-logo.png\",\"width\":151,\"height\":75,\"caption\":\"Darka Maz\u00ee\"},\"image\":{\"@id\":\"https:\\\/\\\/darkamazi.info\\\/#\\\/schema\\\/logo\\\/image\\\/\"},\"sameAs\":[\"https:\\\/\\\/www.facebook.com\\\/DarMaziKurmanci\",\"https:\\\/\\\/x.com\\\/DarkaMaziLatini\",\"https:\\\/\\\/www.instagram.com\\\/darkamazi.kurmanci\\\/\",\"https:\\\/\\\/www.youtube.com\\\/channel\\\/UCa5HkTdmI8U1qCUFuTw8B2g\"]},{\"@type\":\"Person\",\"@id\":\"https:\\\/\\\/darkamazi.info\\\/#\\\/schema\\\/person\\\/5ad3e24553a0567993fa8ed4bd0a776c\",\"name\":\"darka mazi\",\"sameAs\":[\"https:\\\/\\\/darkamazi.info\\\/\"],\"url\":\"https:\\\/\\\/darkamazi.info\\\/archives\\\/author\\\/kurdi\"}]}<\/script>\n<!-- \/ Yoast SEO plugin. -->","seo_head_json":{"title":"Erebistana Si\u00fbd\u00ee bo \u00ceran\u00ea: Em \u00ead\u00ee b\u00eadeng nam\u00eenin - Darka Maz\u00ee","robots":{"index":"index","follow":"follow","max-snippet":"max-snippet:-1","max-image-preview":"max-image-preview:large","max-video-preview":"max-video-preview:-1"},"canonical":"https:\/\/darkamazi.info\/archives\/1052004","og_locale":"en_US","og_type":"article","og_title":"Erebistana Si\u00fbd\u00ee bo \u00ceran\u00ea: Em \u00ead\u00ee b\u00eadeng nam\u00eenin - Darka Maz\u00ee","og_description":"Li gor\u00ee zanyar\u00ean ajansa Reuters\u00ea, eger \u00ear\u00ee\u015f\u00ean \u00ceran\u00ea berdewam bin, Erebistana Si\u00fbd\u00ee d\u00ea bersiva w\u00ea bide. \u00c7ar \u00e7avkaniyan ji ajansa Reuters\u00ea re gotiye ku, Erebistana Si\u00fbd\u00ee \u00ceran haydar kiriye ku eger \u00ear\u00ee\u015f\u00ean w\u00ea y\u00ean bi dron \u00fb m\u00fb\u015fekan li ser wan berdewam bin, ew d\u00ea \u00ead\u00ee b\u00eadeng nem\u00eenin \u00fb d\u00ea dest bi bersivday\u00een\u00ea bikin. Li [&hellip;]","og_url":"https:\/\/darkamazi.info\/archives\/1052004","og_site_name":"Darka Maz\u00ee","article_publisher":"https:\/\/www.facebook.com\/DarMaziKurmanci","article_published_time":"2026-03-08T09:36:46+00:00","og_image":[{"width":900,"height":497,"url":"https:\/\/darkamazi.info\/file\/2026\/03\/iran-sudiye.jpg","type":"image\/jpeg"}],"author":"darka mazi","twitter_card":"summary_large_image","twitter_creator":"@DarkaMaziLatini","twitter_site":"@DarkaMaziLatini","twitter_misc":{"Written by":"darka mazi","Est. reading time":"2 minutes"},"schema":{"@context":"https:\/\/schema.org","@graph":[{"@type":"Article","@id":"https:\/\/darkamazi.info\/archives\/1052004#article","isPartOf":{"@id":"https:\/\/darkamazi.info\/archives\/1052004"},"author":{"name":"darka mazi","@id":"https:\/\/darkamazi.info\/#\/schema\/person\/5ad3e24553a0567993fa8ed4bd0a776c"},"headline":"Erebistana Si\u00fbd\u00ee bo \u00ceran\u00ea: Em \u00ead\u00ee b\u00eadeng nam\u00eenin","datePublished":"2026-03-08T09:36:46+00:00","mainEntityOfPage":{"@id":"https:\/\/darkamazi.info\/archives\/1052004"},"wordCount":391,"publisher":{"@id":"https:\/\/darkamazi.info\/#organization"},"image":{"@id":"https:\/\/darkamazi.info\/archives\/1052004#primaryimage"},"thumbnailUrl":"https:\/\/darkamazi.info\/file\/2026\/03\/iran-sudiye.jpg","keywords":["sereke"],"articleSection":["Rojhelata nav\u00een"],"inLanguage":"en-US"},{"@type":"WebPage","@id":"https:\/\/darkamazi.info\/archives\/1052004","url":"https:\/\/darkamazi.info\/archives\/1052004","name":"Erebistana Si\u00fbd\u00ee bo \u00ceran\u00ea: Em \u00ead\u00ee b\u00eadeng nam\u00eenin - Darka Maz\u00ee","isPartOf":{"@id":"https:\/\/darkamazi.info\/#website"},"primaryImageOfPage":{"@id":"https:\/\/darkamazi.info\/archives\/1052004#primaryimage"},"image":{"@id":"https:\/\/darkamazi.info\/archives\/1052004#primaryimage"},"thumbnailUrl":"https:\/\/darkamazi.info\/file\/2026\/03\/iran-sudiye.jpg","datePublished":"2026-03-08T09:36:46+00:00","breadcrumb":{"@id":"https:\/\/darkamazi.info\/archives\/1052004#breadcrumb"},"inLanguage":"en-US","potentialAction":[{"@type":"ReadAction","target":["https:\/\/darkamazi.info\/archives\/1052004"]}]},{"@type":"ImageObject","inLanguage":"en-US","@id":"https:\/\/darkamazi.info\/archives\/1052004#primaryimage","url":"https:\/\/darkamazi.info\/file\/2026\/03\/iran-sudiye.jpg","contentUrl":"https:\/\/darkamazi.info\/file\/2026\/03\/iran-sudiye.jpg","width":900,"height":497,"caption":"Erebistana Si\u00fbd\u00ee bo \u00ceran\u00ea: Em \u00ead\u00ee b\u00eadeng nam\u00eenin"},{"@type":"BreadcrumbList","@id":"https:\/\/darkamazi.info\/archives\/1052004#breadcrumb","itemListElement":[{"@type":"ListItem","position":1,"name":"Home","item":"https:\/\/darkamazi.info\/"},{"@type":"ListItem","position":2,"name":"Erebistana Si\u00fbd\u00ee bo \u00ceran\u00ea: Em \u00ead\u00ee b\u00eadeng nam\u00eenin"}]},{"@type":"WebSite","@id":"https:\/\/darkamazi.info\/#website","url":"https:\/\/darkamazi.info\/","name":"Darka Maz\u00ee","description":"P\u00eageha Zanyariy\u00ean Nebih\u00eest\u00ee","publisher":{"@id":"https:\/\/darkamazi.info\/#organization"},"potentialAction":[{"@type":"SearchAction","target":{"@type":"EntryPoint","urlTemplate":"https:\/\/darkamazi.info\/?s={search_term_string}"},"query-input":{"@type":"PropertyValueSpecification","valueRequired":true,"valueName":"search_term_string"}}],"inLanguage":"en-US"},{"@type":"Organization","@id":"https:\/\/darkamazi.info\/#organization","name":"Darka Maz\u00ee","url":"https:\/\/darkamazi.info\/","logo":{"@type":"ImageObject","inLanguage":"en-US","@id":"https:\/\/darkamazi.info\/#\/schema\/logo\/image\/","url":"https:\/\/darkamazi.info\/file\/2017\/12\/darka-mazi-logo.png","contentUrl":"https:\/\/darkamazi.info\/file\/2017\/12\/darka-mazi-logo.png","width":151,"height":75,"caption":"Darka Maz\u00ee"},"image":{"@id":"https:\/\/darkamazi.info\/#\/schema\/logo\/image\/"},"sameAs":["https:\/\/www.facebook.com\/DarMaziKurmanci","https:\/\/x.com\/DarkaMaziLatini","https:\/\/www.instagram.com\/darkamazi.kurmanci\/","https:\/\/www.youtube.com\/channel\/UCa5HkTdmI8U1qCUFuTw8B2g"]},{"@type":"Person","@id":"https:\/\/darkamazi.info\/#\/schema\/person\/5ad3e24553a0567993fa8ed4bd0a776c","name":"darka mazi","sameAs":["https:\/\/darkamazi.info\/"],"url":"https:\/\/darkamazi.info\/archives\/author\/kurdi"}]}},"_links":{"self":[{"href":"https:\/\/darkamazi.info\/funavuv\/wp\/v2\/posts\/1052004","targetHints":{"allow":["GET"]}}],"collection":[{"href":"https:\/\/darkamazi.info\/funavuv\/wp\/v2\/posts"}],"about":[{"href":"https:\/\/darkamazi.info\/funavuv\/wp\/v2\/types\/post"}],"author":[{"embeddable":true,"href":"https:\/\/darkamazi.info\/funavuv\/wp\/v2\/users\/2"}],"replies":[{"embeddable":true,"href":"https:\/\/darkamazi.info\/funavuv\/wp\/v2\/comments?post=1052004"}],"version-history":[{"count":0,"href":"https:\/\/darkamazi.info\/funavuv\/wp\/v2\/posts\/1052004\/revisions"}],"wp:featuredmedia":[{"embeddable":true,"href":"https:\/\/darkamazi.info\/funavuv\/wp\/v2\/media\/1052005"}],"wp:attachment":[{"href":"https:\/\/darkamazi.info\/funavuv\/wp\/v2\/media?parent=1052004"}],"wp:term":[{"taxonomy":"category","embeddable":true,"href":"https:\/\/darkamazi.info\/funavuv\/wp\/v2\/categories?post=1052004"},{"taxonomy":"post_tag","embeddable":true,"href":"https:\/\/darkamazi.info\/funavuv\/wp\/v2\/tags?post=1052004"}],"curies":[{"name":"wp","href":"https:\/\/api.w.org\/{rel}","templated":true}]}}