{"id":1052016,"date":"2026-03-09T13:10:50","date_gmt":"2026-03-09T10:10:50","guid":{"rendered":"https:\/\/darkamazi.info\/?p=1052016"},"modified":"2026-03-09T13:10:50","modified_gmt":"2026-03-09T10:10:50","slug":"seroke-parlamentoya-israile-gefan-li-rebere-irane-ye-nu-dike","status":"publish","type":"post","link":"https:\/\/darkamazi.info\/archives\/1052016","title":{"rendered":"Serok\u00ea Parlamentoya \u00cesra\u00eel\u00ea gefan li R\u00eaber\u00ea \u00ceran\u00ea y\u00ea n\u00fb dike"},"content":{"rendered":"<h3 style=\"text-align: justify\"><span style=\"font-family: 'arial black', sans-serif\">Serok\u00ea Kin\u00eas\u00eata \u00cesra\u00eel\u00ea di peyamek\u00ea de gef li R\u00eaber\u00ea \u00ceran\u00ea y\u00ea n\u00fb kirin \u00fb got: Her kesek\u00ea r\u00eaya Xaminey\u00ee bigire, d\u00ea \u00e7areniv\u00eesa w\u00ee hebe.<\/span><\/h3>\n<h3 style=\"text-align: justify\">Serok\u00ea Parlamantoya \u00cesra\u00eel\u00ea Amir Ohana li ser platforma X\u00ea gef li R\u00eaber\u00ea \u00ceran\u00ea y\u00ea n\u00fb Mucteba Xaminey\u00ee kirin. W\u00ee di post\u00ea xwe de w\u00eaney\u00ean \u00e7end serkirdeyan danane ku hatine ku\u015ftin \u00fb w\u00eaney\u00ea R\u00eaber\u00ea Bilind \u00ea \u00ceran\u00ea y\u00ea p\u00ea\u015ftir El\u00ee Xaminey\u00ee j\u00ee di nav wan de ye.<\/h3>\n<h3 style=\"text-align: justify\">Ohana bi ziman\u00ea Ibr\u00ee niv\u00eesiye: Her kesek\u00ea li ser r\u00eaya wan bi\u00e7e, d\u00ea wek\u00ee wan l\u00ea b\u00ea. Ev j\u00ee amajeyek e ji bo w\u00ea yek\u00ea ku, d\u00ea b\u00ea ku\u015ftin.<\/h3>\n<h3 style=\"text-align: justify\">Enc\u00fbmena \u015earezayan a \u00ceran\u00ea Mucteba Xaminey\u00ee wek\u00ee R\u00eaber\u00ea N\u00fb y\u00ea \u015eor\u015fa \u00ceslam\u00ee hilbijart \u00fb di ragihandinek\u00ea de amaje da w\u00ea yek\u00ea ku, li gor\u00ee Madeya 111\u00ea ya Dest\u00fbr\u00ea, enc\u00fbmeneke demk\u00ee ji bo hilbijartina r\u00eaber\u00ea n\u00fb \u00fb pirkirina valahiya bilindtir\u00een post\u00ea w\u00ee welat\u00ee hat p\u00eakan\u00een.<\/h3>\n<h3 style=\"text-align: justify\">Herwesa amaje da ku, Enc\u00fbmena Demk\u00ee ya \u015earezayan \u00eero (Du\u015fem, 9\u00ea Adara 2026\u00ea) li gor\u00ee Madeya 108\u00ea ya Dest\u00fbr\u00ea Ayetulah Sey\u00eed Mucteba Huseyn\u00ee Xaminey\u00ee wek\u00ee R\u00eaber\u00ea Bilind \u00ea \u00ceslam\u00ee y\u00ea \u00ceran\u00ea y\u00ea s\u00eay\u00ea hilbijart \u00fb daxwaz ji hem\u00ee gel\u00ea \u00ceran\u00ea kir ku beyet\u00ea bidin r\u00eaber\u00ea n\u00fb.<\/h3>\n","protected":false},"excerpt":{"rendered":"<p>Serok\u00ea Kin\u00eas\u00eata \u00cesra\u00eel\u00ea di peyamek\u00ea de gef li R\u00eaber\u00ea \u00ceran\u00ea y\u00ea n\u00fb kirin \u00fb got: Her kesek\u00ea r\u00eaya Xaminey\u00ee bigire, d\u00ea \u00e7areniv\u00eesa w\u00ee hebe. Serok\u00ea Parlamantoya \u00cesra\u00eel\u00ea Amir Ohana li ser platforma X\u00ea gef li R\u00eaber\u00ea \u00ceran\u00ea y\u00ea n\u00fb Mucteba Xaminey\u00ee kirin. W\u00ee di post\u00ea xwe de w\u00eaney\u00ean \u00e7end serkirdeyan danane ku hatine ku\u015ftin \u00fb [&hellip;]<\/p>\n","protected":false},"author":2,"featured_media":1052017,"comment_status":"closed","ping_status":"closed","sticky":false,"template":"","format":"standard","meta":{"footnotes":""},"categories":[31],"tags":[37],"class_list":["post-1052016","post","type-post","status-publish","format-standard","has-post-thumbnail","hentry","category-rojhelata-navin","tag-sereke"],"blocksy_meta":[],"seo_head":"<!-- This site is optimized with the Yoast SEO plugin v27.5 - https:\/\/yoast.com\/product\/yoast-seo-wordpress\/ -->\n<title>Serok\u00ea Parlamentoya \u00cesra\u00eel\u00ea gefan li R\u00eaber\u00ea \u00ceran\u00ea y\u00ea n\u00fb dike - Darka Maz\u00ee<\/title>\n<meta name=\"robots\" content=\"index, follow, max-snippet:-1, max-image-preview:large, max-video-preview:-1\" \/>\n<link rel=\"canonical\" href=\"https:\/\/darkamazi.info\/archives\/1052016\" \/>\n<meta property=\"og:locale\" content=\"en_US\" \/>\n<meta property=\"og:type\" content=\"article\" \/>\n<meta property=\"og:title\" content=\"Serok\u00ea Parlamentoya \u00cesra\u00eel\u00ea gefan li R\u00eaber\u00ea \u00ceran\u00ea y\u00ea n\u00fb dike - Darka Maz\u00ee\" \/>\n<meta property=\"og:description\" content=\"Serok\u00ea Kin\u00eas\u00eata \u00cesra\u00eel\u00ea di peyamek\u00ea de gef li R\u00eaber\u00ea \u00ceran\u00ea y\u00ea n\u00fb kirin \u00fb got: Her kesek\u00ea r\u00eaya Xaminey\u00ee bigire, d\u00ea \u00e7areniv\u00eesa w\u00ee hebe. Serok\u00ea Parlamantoya \u00cesra\u00eel\u00ea Amir Ohana li ser platforma X\u00ea gef li R\u00eaber\u00ea \u00ceran\u00ea y\u00ea n\u00fb Mucteba Xaminey\u00ee kirin. W\u00ee di post\u00ea xwe de w\u00eaney\u00ean \u00e7end serkirdeyan danane ku hatine ku\u015ftin \u00fb [&hellip;]\" \/>\n<meta property=\"og:url\" content=\"https:\/\/darkamazi.info\/archives\/1052016\" \/>\n<meta property=\"og:site_name\" content=\"Darka Maz\u00ee\" \/>\n<meta property=\"article:publisher\" content=\"https:\/\/www.facebook.com\/DarMaziKurmanci\" \/>\n<meta property=\"article:published_time\" content=\"2026-03-09T10:10:50+00:00\" \/>\n<meta property=\"og:image\" content=\"https:\/\/darkamazi.info\/file\/2026\/03\/mucteba-xameneyi.jpg\" \/>\n\t<meta property=\"og:image:width\" content=\"900\" \/>\n\t<meta property=\"og:image:height\" content=\"497\" \/>\n\t<meta property=\"og:image:type\" content=\"image\/jpeg\" \/>\n<meta name=\"author\" content=\"darka mazi\" \/>\n<meta name=\"twitter:card\" content=\"summary_large_image\" \/>\n<meta name=\"twitter:creator\" content=\"@DarkaMaziLatini\" \/>\n<meta name=\"twitter:site\" content=\"@DarkaMaziLatini\" \/>\n<meta name=\"twitter:label1\" content=\"Written by\" \/>\n\t<meta name=\"twitter:data1\" content=\"darka mazi\" \/>\n\t<meta name=\"twitter:label2\" content=\"Est. reading time\" \/>\n\t<meta name=\"twitter:data2\" content=\"2 minutes\" \/>\n<script type=\"application\/ld+json\" class=\"seo-schema-graph\">{\"@context\":\"https:\\\/\\\/schema.org\",\"@graph\":[{\"@type\":\"Article\",\"@id\":\"https:\\\/\\\/darkamazi.info\\\/archives\\\/1052016#article\",\"isPartOf\":{\"@id\":\"https:\\\/\\\/darkamazi.info\\\/archives\\\/1052016\"},\"author\":{\"name\":\"darka mazi\",\"@id\":\"https:\\\/\\\/darkamazi.info\\\/#\\\/schema\\\/person\\\/5ad3e24553a0567993fa8ed4bd0a776c\"},\"headline\":\"Serok\u00ea Parlamentoya \u00cesra\u00eel\u00ea gefan li R\u00eaber\u00ea \u00ceran\u00ea y\u00ea n\u00fb dike\",\"datePublished\":\"2026-03-09T10:10:50+00:00\",\"mainEntityOfPage\":{\"@id\":\"https:\\\/\\\/darkamazi.info\\\/archives\\\/1052016\"},\"wordCount\":224,\"publisher\":{\"@id\":\"https:\\\/\\\/darkamazi.info\\\/#organization\"},\"image\":{\"@id\":\"https:\\\/\\\/darkamazi.info\\\/archives\\\/1052016#primaryimage\"},\"thumbnailUrl\":\"https:\\\/\\\/darkamazi.info\\\/darka-content\\\/uploads\\\/2026\\\/03\\\/mucteba-xameneyi.jpg\",\"keywords\":[\"sereke\"],\"articleSection\":[\"Rojhelata nav\u00een\"],\"inLanguage\":\"en-US\"},{\"@type\":\"WebPage\",\"@id\":\"https:\\\/\\\/darkamazi.info\\\/archives\\\/1052016\",\"url\":\"https:\\\/\\\/darkamazi.info\\\/archives\\\/1052016\",\"name\":\"Serok\u00ea Parlamentoya \u00cesra\u00eel\u00ea gefan li R\u00eaber\u00ea \u00ceran\u00ea y\u00ea n\u00fb dike - Darka Maz\u00ee\",\"isPartOf\":{\"@id\":\"https:\\\/\\\/darkamazi.info\\\/#website\"},\"primaryImageOfPage\":{\"@id\":\"https:\\\/\\\/darkamazi.info\\\/archives\\\/1052016#primaryimage\"},\"image\":{\"@id\":\"https:\\\/\\\/darkamazi.info\\\/archives\\\/1052016#primaryimage\"},\"thumbnailUrl\":\"https:\\\/\\\/darkamazi.info\\\/darka-content\\\/uploads\\\/2026\\\/03\\\/mucteba-xameneyi.jpg\",\"datePublished\":\"2026-03-09T10:10:50+00:00\",\"breadcrumb\":{\"@id\":\"https:\\\/\\\/darkamazi.info\\\/archives\\\/1052016#breadcrumb\"},\"inLanguage\":\"en-US\",\"potentialAction\":[{\"@type\":\"ReadAction\",\"target\":[\"https:\\\/\\\/darkamazi.info\\\/archives\\\/1052016\"]}]},{\"@type\":\"ImageObject\",\"inLanguage\":\"en-US\",\"@id\":\"https:\\\/\\\/darkamazi.info\\\/archives\\\/1052016#primaryimage\",\"url\":\"https:\\\/\\\/darkamazi.info\\\/darka-content\\\/uploads\\\/2026\\\/03\\\/mucteba-xameneyi.jpg\",\"contentUrl\":\"https:\\\/\\\/darkamazi.info\\\/darka-content\\\/uploads\\\/2026\\\/03\\\/mucteba-xameneyi.jpg\",\"width\":900,\"height\":497,\"caption\":\"Serok\u00ea Parlamentoya \u00cesra\u00eel\u00ea gefan li R\u00eaber\u00ea \u00ceran\u00ea y\u00ea n\u00fb dike\"},{\"@type\":\"BreadcrumbList\",\"@id\":\"https:\\\/\\\/darkamazi.info\\\/archives\\\/1052016#breadcrumb\",\"itemListElement\":[{\"@type\":\"ListItem\",\"position\":1,\"name\":\"Home\",\"item\":\"https:\\\/\\\/darkamazi.info\\\/\"},{\"@type\":\"ListItem\",\"position\":2,\"name\":\"Serok\u00ea Parlamentoya \u00cesra\u00eel\u00ea gefan li R\u00eaber\u00ea \u00ceran\u00ea y\u00ea n\u00fb dike\"}]},{\"@type\":\"WebSite\",\"@id\":\"https:\\\/\\\/darkamazi.info\\\/#website\",\"url\":\"https:\\\/\\\/darkamazi.info\\\/\",\"name\":\"Darka Maz\u00ee\",\"description\":\"P\u00eageha Zanyariy\u00ean Nebih\u00eest\u00ee\",\"publisher\":{\"@id\":\"https:\\\/\\\/darkamazi.info\\\/#organization\"},\"potentialAction\":[{\"@type\":\"SearchAction\",\"target\":{\"@type\":\"EntryPoint\",\"urlTemplate\":\"https:\\\/\\\/darkamazi.info\\\/?s={search_term_string}\"},\"query-input\":{\"@type\":\"PropertyValueSpecification\",\"valueRequired\":true,\"valueName\":\"search_term_string\"}}],\"inLanguage\":\"en-US\"},{\"@type\":\"Organization\",\"@id\":\"https:\\\/\\\/darkamazi.info\\\/#organization\",\"name\":\"Darka Maz\u00ee\",\"url\":\"https:\\\/\\\/darkamazi.info\\\/\",\"logo\":{\"@type\":\"ImageObject\",\"inLanguage\":\"en-US\",\"@id\":\"https:\\\/\\\/darkamazi.info\\\/#\\\/schema\\\/logo\\\/image\\\/\",\"url\":\"https:\\\/\\\/darkamazi.info\\\/darka-content\\\/uploads\\\/2017\\\/12\\\/darka-mazi-logo.png\",\"contentUrl\":\"https:\\\/\\\/darkamazi.info\\\/darka-content\\\/uploads\\\/2017\\\/12\\\/darka-mazi-logo.png\",\"width\":151,\"height\":75,\"caption\":\"Darka Maz\u00ee\"},\"image\":{\"@id\":\"https:\\\/\\\/darkamazi.info\\\/#\\\/schema\\\/logo\\\/image\\\/\"},\"sameAs\":[\"https:\\\/\\\/www.facebook.com\\\/DarMaziKurmanci\",\"https:\\\/\\\/x.com\\\/DarkaMaziLatini\",\"https:\\\/\\\/www.instagram.com\\\/darkamazi.kurmanci\\\/\",\"https:\\\/\\\/www.youtube.com\\\/channel\\\/UCa5HkTdmI8U1qCUFuTw8B2g\"]},{\"@type\":\"Person\",\"@id\":\"https:\\\/\\\/darkamazi.info\\\/#\\\/schema\\\/person\\\/5ad3e24553a0567993fa8ed4bd0a776c\",\"name\":\"darka mazi\",\"sameAs\":[\"https:\\\/\\\/darkamazi.info\\\/\"],\"url\":\"https:\\\/\\\/darkamazi.info\\\/archives\\\/author\\\/kurdi\"}]}<\/script>\n<!-- \/ Yoast SEO plugin. -->","seo_head_json":{"title":"Serok\u00ea Parlamentoya \u00cesra\u00eel\u00ea gefan li R\u00eaber\u00ea \u00ceran\u00ea y\u00ea n\u00fb dike - Darka Maz\u00ee","robots":{"index":"index","follow":"follow","max-snippet":"max-snippet:-1","max-image-preview":"max-image-preview:large","max-video-preview":"max-video-preview:-1"},"canonical":"https:\/\/darkamazi.info\/archives\/1052016","og_locale":"en_US","og_type":"article","og_title":"Serok\u00ea Parlamentoya \u00cesra\u00eel\u00ea gefan li R\u00eaber\u00ea \u00ceran\u00ea y\u00ea n\u00fb dike - Darka Maz\u00ee","og_description":"Serok\u00ea Kin\u00eas\u00eata \u00cesra\u00eel\u00ea di peyamek\u00ea de gef li R\u00eaber\u00ea \u00ceran\u00ea y\u00ea n\u00fb kirin \u00fb got: Her kesek\u00ea r\u00eaya Xaminey\u00ee bigire, d\u00ea \u00e7areniv\u00eesa w\u00ee hebe. Serok\u00ea Parlamantoya \u00cesra\u00eel\u00ea Amir Ohana li ser platforma X\u00ea gef li R\u00eaber\u00ea \u00ceran\u00ea y\u00ea n\u00fb Mucteba Xaminey\u00ee kirin. W\u00ee di post\u00ea xwe de w\u00eaney\u00ean \u00e7end serkirdeyan danane ku hatine ku\u015ftin \u00fb [&hellip;]","og_url":"https:\/\/darkamazi.info\/archives\/1052016","og_site_name":"Darka Maz\u00ee","article_publisher":"https:\/\/www.facebook.com\/DarMaziKurmanci","article_published_time":"2026-03-09T10:10:50+00:00","og_image":[{"width":900,"height":497,"url":"https:\/\/darkamazi.info\/file\/2026\/03\/mucteba-xameneyi.jpg","type":"image\/jpeg"}],"author":"darka mazi","twitter_card":"summary_large_image","twitter_creator":"@DarkaMaziLatini","twitter_site":"@DarkaMaziLatini","twitter_misc":{"Written by":"darka mazi","Est. reading time":"2 minutes"},"schema":{"@context":"https:\/\/schema.org","@graph":[{"@type":"Article","@id":"https:\/\/darkamazi.info\/archives\/1052016#article","isPartOf":{"@id":"https:\/\/darkamazi.info\/archives\/1052016"},"author":{"name":"darka mazi","@id":"https:\/\/darkamazi.info\/#\/schema\/person\/5ad3e24553a0567993fa8ed4bd0a776c"},"headline":"Serok\u00ea Parlamentoya \u00cesra\u00eel\u00ea gefan li R\u00eaber\u00ea \u00ceran\u00ea y\u00ea n\u00fb dike","datePublished":"2026-03-09T10:10:50+00:00","mainEntityOfPage":{"@id":"https:\/\/darkamazi.info\/archives\/1052016"},"wordCount":224,"publisher":{"@id":"https:\/\/darkamazi.info\/#organization"},"image":{"@id":"https:\/\/darkamazi.info\/archives\/1052016#primaryimage"},"thumbnailUrl":"https:\/\/darkamazi.info\/file\/2026\/03\/mucteba-xameneyi.jpg","keywords":["sereke"],"articleSection":["Rojhelata nav\u00een"],"inLanguage":"en-US"},{"@type":"WebPage","@id":"https:\/\/darkamazi.info\/archives\/1052016","url":"https:\/\/darkamazi.info\/archives\/1052016","name":"Serok\u00ea Parlamentoya \u00cesra\u00eel\u00ea gefan li R\u00eaber\u00ea \u00ceran\u00ea y\u00ea n\u00fb dike - Darka Maz\u00ee","isPartOf":{"@id":"https:\/\/darkamazi.info\/#website"},"primaryImageOfPage":{"@id":"https:\/\/darkamazi.info\/archives\/1052016#primaryimage"},"image":{"@id":"https:\/\/darkamazi.info\/archives\/1052016#primaryimage"},"thumbnailUrl":"https:\/\/darkamazi.info\/file\/2026\/03\/mucteba-xameneyi.jpg","datePublished":"2026-03-09T10:10:50+00:00","breadcrumb":{"@id":"https:\/\/darkamazi.info\/archives\/1052016#breadcrumb"},"inLanguage":"en-US","potentialAction":[{"@type":"ReadAction","target":["https:\/\/darkamazi.info\/archives\/1052016"]}]},{"@type":"ImageObject","inLanguage":"en-US","@id":"https:\/\/darkamazi.info\/archives\/1052016#primaryimage","url":"https:\/\/darkamazi.info\/file\/2026\/03\/mucteba-xameneyi.jpg","contentUrl":"https:\/\/darkamazi.info\/file\/2026\/03\/mucteba-xameneyi.jpg","width":900,"height":497,"caption":"Serok\u00ea Parlamentoya \u00cesra\u00eel\u00ea gefan li R\u00eaber\u00ea \u00ceran\u00ea y\u00ea n\u00fb dike"},{"@type":"BreadcrumbList","@id":"https:\/\/darkamazi.info\/archives\/1052016#breadcrumb","itemListElement":[{"@type":"ListItem","position":1,"name":"Home","item":"https:\/\/darkamazi.info\/"},{"@type":"ListItem","position":2,"name":"Serok\u00ea Parlamentoya \u00cesra\u00eel\u00ea gefan li R\u00eaber\u00ea \u00ceran\u00ea y\u00ea n\u00fb dike"}]},{"@type":"WebSite","@id":"https:\/\/darkamazi.info\/#website","url":"https:\/\/darkamazi.info\/","name":"Darka Maz\u00ee","description":"P\u00eageha Zanyariy\u00ean Nebih\u00eest\u00ee","publisher":{"@id":"https:\/\/darkamazi.info\/#organization"},"potentialAction":[{"@type":"SearchAction","target":{"@type":"EntryPoint","urlTemplate":"https:\/\/darkamazi.info\/?s={search_term_string}"},"query-input":{"@type":"PropertyValueSpecification","valueRequired":true,"valueName":"search_term_string"}}],"inLanguage":"en-US"},{"@type":"Organization","@id":"https:\/\/darkamazi.info\/#organization","name":"Darka Maz\u00ee","url":"https:\/\/darkamazi.info\/","logo":{"@type":"ImageObject","inLanguage":"en-US","@id":"https:\/\/darkamazi.info\/#\/schema\/logo\/image\/","url":"https:\/\/darkamazi.info\/file\/2017\/12\/darka-mazi-logo.png","contentUrl":"https:\/\/darkamazi.info\/file\/2017\/12\/darka-mazi-logo.png","width":151,"height":75,"caption":"Darka Maz\u00ee"},"image":{"@id":"https:\/\/darkamazi.info\/#\/schema\/logo\/image\/"},"sameAs":["https:\/\/www.facebook.com\/DarMaziKurmanci","https:\/\/x.com\/DarkaMaziLatini","https:\/\/www.instagram.com\/darkamazi.kurmanci\/","https:\/\/www.youtube.com\/channel\/UCa5HkTdmI8U1qCUFuTw8B2g"]},{"@type":"Person","@id":"https:\/\/darkamazi.info\/#\/schema\/person\/5ad3e24553a0567993fa8ed4bd0a776c","name":"darka mazi","sameAs":["https:\/\/darkamazi.info\/"],"url":"https:\/\/darkamazi.info\/archives\/author\/kurdi"}]}},"_links":{"self":[{"href":"https:\/\/darkamazi.info\/funavuv\/wp\/v2\/posts\/1052016","targetHints":{"allow":["GET"]}}],"collection":[{"href":"https:\/\/darkamazi.info\/funavuv\/wp\/v2\/posts"}],"about":[{"href":"https:\/\/darkamazi.info\/funavuv\/wp\/v2\/types\/post"}],"author":[{"embeddable":true,"href":"https:\/\/darkamazi.info\/funavuv\/wp\/v2\/users\/2"}],"replies":[{"embeddable":true,"href":"https:\/\/darkamazi.info\/funavuv\/wp\/v2\/comments?post=1052016"}],"version-history":[{"count":0,"href":"https:\/\/darkamazi.info\/funavuv\/wp\/v2\/posts\/1052016\/revisions"}],"wp:featuredmedia":[{"embeddable":true,"href":"https:\/\/darkamazi.info\/funavuv\/wp\/v2\/media\/1052017"}],"wp:attachment":[{"href":"https:\/\/darkamazi.info\/funavuv\/wp\/v2\/media?parent=1052016"}],"wp:term":[{"taxonomy":"category","embeddable":true,"href":"https:\/\/darkamazi.info\/funavuv\/wp\/v2\/categories?post=1052016"},{"taxonomy":"post_tag","embeddable":true,"href":"https:\/\/darkamazi.info\/funavuv\/wp\/v2\/tags?post=1052016"}],"curies":[{"name":"wp","href":"https:\/\/api.w.org\/{rel}","templated":true}]}}