{"id":1052022,"date":"2026-03-10T14:17:22","date_gmt":"2026-03-10T11:17:22","guid":{"rendered":"https:\/\/darkamazi.info\/?p=1052022"},"modified":"2026-03-10T14:24:25","modified_gmt":"2026-03-10T11:24:25","slug":"tirkiye-sistema-patriot-li-meletiye-bicih-dike","status":"publish","type":"post","link":"https:\/\/darkamazi.info\/archives\/1052022","title":{"rendered":"Tirkiye s\u00eestema Patriot li Meletiy\u00ea bicih dike"},"content":{"rendered":"<h3 style=\"text-align: justify\"><span style=\"font-family: 'arial black', sans-serif\">Wezareta Berevaniy\u00ea ya Tirkiyey\u00ea ragihand, di \u00e7ar\u00e7oveya r\u00eakar\u00ean parastina s\u00eenor \u00fb asman\u00ea wel\u00eat de, s\u00eestema berevaniya asman\u00ee ya Patriot li bajar\u00ea Meletiy\u00ea t\u00ea bicihkirin.<\/span><\/h3>\n<h3 style=\"text-align: justify\"><span style=\"font-family: arial, helvetica, sans-serif\">Wezareta Berevaniy\u00ea ya Tirkiyey\u00ea \u00eero 10\u00ea Adar\u00ea di daxuyaniyek\u00ea de ragihand, ji ber p\u00ea\u015fhat\u00ean daw\u00ee y\u00ean li nav\u00e7ey\u00ea, wan r\u00eakar\u00ean p\u00eaw\u00eest ji bo parastina ewlehiya s\u00eenor \u00fb asman\u00ea wel\u00eat girtine ber xwe. Enqere di v\u00ea mijar\u00ea de j\u00ee bi NATO \u00fb hevpeyman\u00ean xwe re di nava \u015f\u00eawir \u00fb hevahengiy\u00ea de ye.<\/span><\/h3>\n<h3 style=\"text-align: justify\"><span style=\"font-family: 'arial black', sans-serif\">Bi pi\u015ftevaniya NATOy\u00ea s\u00eestema Patriot t\u00ea bicihkirin<\/span><\/h3>\n<h3 style=\"text-align: justify\"><span style=\"font-family: arial, helvetica, sans-serif\">Di daxuyaniy\u00ea de hat destn\u00ee\u015fankirin, ji bil\u00ee r\u00eakar\u00ean li ser asta netewey\u00ee, NATOy\u00ea j\u00ee r\u00eakar\u00ean parastina asman\u00ee \u00fb m\u00fb\u015fek\u00ee z\u00eade kirine. Di v\u00ea \u00e7ar\u00e7ovey\u00ea de hat ragihandin: &#8220;S\u00eestema Patriot a ku ji bo pi\u015ftevaniya parastina asman\u00ea Tirkiyey\u00ea hatiye veqetandin, d\u00ea li Meletiy\u00ea were bicihkirin.&#8221;<\/span><\/h3>\n<h3 style=\"text-align: justify\"><span style=\"font-family: arial, helvetica, sans-serif\">Wezareta Berevaniy\u00ea tekez kir, Tirkiye \u015fiyana xwe ya parastin\u00ea \u00fb ewlehiy\u00ea di asta her\u00ee bilind de dipar\u00eaze \u00fb ji bo asay\u00ee\u015f \u00fb aramiya nav\u00e7ey\u00ea, ew \u00ea di nirxandina p\u00ea\u015fve\u00e7\u00fbnan de ligel NATO \u00fb hevpeyman\u00ean xwe bi awayek\u00ee hevaheng bixebitin.<\/span><\/h3>\n","protected":false},"excerpt":{"rendered":"<p>Wezareta Berevaniy\u00ea ya Tirkiyey\u00ea ragihand, di \u00e7ar\u00e7oveya r\u00eakar\u00ean parastina s\u00eenor \u00fb asman\u00ea wel\u00eat de, s\u00eestema berevaniya asman\u00ee ya Patriot li bajar\u00ea Meletiy\u00ea t\u00ea bicihkirin. Wezareta Berevaniy\u00ea ya Tirkiyey\u00ea \u00eero 10\u00ea Adar\u00ea di daxuyaniyek\u00ea de ragihand, ji ber p\u00ea\u015fhat\u00ean daw\u00ee y\u00ean li nav\u00e7ey\u00ea, wan r\u00eakar\u00ean p\u00eaw\u00eest ji bo parastina ewlehiya s\u00eenor \u00fb asman\u00ea wel\u00eat girtine ber [&hellip;]<\/p>\n","protected":false},"author":2,"featured_media":1052026,"comment_status":"closed","ping_status":"closed","sticky":false,"template":"","format":"standard","meta":{"footnotes":""},"categories":[31],"tags":[37],"class_list":["post-1052022","post","type-post","status-publish","format-standard","has-post-thumbnail","hentry","category-rojhelata-navin","tag-sereke"],"blocksy_meta":[],"seo_head":"<!-- This site is optimized with the Yoast SEO plugin v27.5 - https:\/\/yoast.com\/product\/yoast-seo-wordpress\/ -->\n<title>Tirkiye s\u00eestema Patriot li Meletiy\u00ea bicih dike - Darka Maz\u00ee<\/title>\n<meta name=\"robots\" content=\"index, follow, max-snippet:-1, max-image-preview:large, max-video-preview:-1\" \/>\n<link rel=\"canonical\" href=\"https:\/\/darkamazi.info\/archives\/1052022\" \/>\n<meta property=\"og:locale\" content=\"en_US\" \/>\n<meta property=\"og:type\" content=\"article\" \/>\n<meta property=\"og:title\" content=\"Tirkiye s\u00eestema Patriot li Meletiy\u00ea bicih dike - Darka Maz\u00ee\" \/>\n<meta property=\"og:description\" content=\"Wezareta Berevaniy\u00ea ya Tirkiyey\u00ea ragihand, di \u00e7ar\u00e7oveya r\u00eakar\u00ean parastina s\u00eenor \u00fb asman\u00ea wel\u00eat de, s\u00eestema berevaniya asman\u00ee ya Patriot li bajar\u00ea Meletiy\u00ea t\u00ea bicihkirin. Wezareta Berevaniy\u00ea ya Tirkiyey\u00ea \u00eero 10\u00ea Adar\u00ea di daxuyaniyek\u00ea de ragihand, ji ber p\u00ea\u015fhat\u00ean daw\u00ee y\u00ean li nav\u00e7ey\u00ea, wan r\u00eakar\u00ean p\u00eaw\u00eest ji bo parastina ewlehiya s\u00eenor \u00fb asman\u00ea wel\u00eat girtine ber [&hellip;]\" \/>\n<meta property=\"og:url\" content=\"https:\/\/darkamazi.info\/archives\/1052022\" \/>\n<meta property=\"og:site_name\" content=\"Darka Maz\u00ee\" \/>\n<meta property=\"article:publisher\" content=\"https:\/\/www.facebook.com\/DarMaziKurmanci\" \/>\n<meta property=\"article:published_time\" content=\"2026-03-10T11:17:22+00:00\" \/>\n<meta property=\"article:modified_time\" content=\"2026-03-10T11:24:25+00:00\" \/>\n<meta property=\"og:image\" content=\"https:\/\/darkamazi.info\/file\/2026\/03\/Turkey-Patr-1.jpg\" \/>\n\t<meta property=\"og:image:width\" content=\"900\" \/>\n\t<meta property=\"og:image:height\" content=\"500\" \/>\n\t<meta property=\"og:image:type\" content=\"image\/jpeg\" \/>\n<meta name=\"author\" content=\"darka mazi\" \/>\n<meta name=\"twitter:card\" content=\"summary_large_image\" \/>\n<meta name=\"twitter:creator\" content=\"@DarkaMaziLatini\" \/>\n<meta name=\"twitter:site\" content=\"@DarkaMaziLatini\" \/>\n<meta name=\"twitter:label1\" content=\"Written by\" \/>\n\t<meta name=\"twitter:data1\" content=\"darka mazi\" \/>\n\t<meta name=\"twitter:label2\" content=\"Est. reading time\" \/>\n\t<meta name=\"twitter:data2\" content=\"1 minute\" \/>\n<script type=\"application\/ld+json\" class=\"seo-schema-graph\">{\"@context\":\"https:\\\/\\\/schema.org\",\"@graph\":[{\"@type\":\"Article\",\"@id\":\"https:\\\/\\\/darkamazi.info\\\/archives\\\/1052022#article\",\"isPartOf\":{\"@id\":\"https:\\\/\\\/darkamazi.info\\\/archives\\\/1052022\"},\"author\":{\"name\":\"darka mazi\",\"@id\":\"https:\\\/\\\/darkamazi.info\\\/#\\\/schema\\\/person\\\/5ad3e24553a0567993fa8ed4bd0a776c\"},\"headline\":\"Tirkiye s\u00eestema Patriot li Meletiy\u00ea bicih dike\",\"datePublished\":\"2026-03-10T11:17:22+00:00\",\"dateModified\":\"2026-03-10T11:24:25+00:00\",\"mainEntityOfPage\":{\"@id\":\"https:\\\/\\\/darkamazi.info\\\/archives\\\/1052022\"},\"wordCount\":196,\"publisher\":{\"@id\":\"https:\\\/\\\/darkamazi.info\\\/#organization\"},\"image\":{\"@id\":\"https:\\\/\\\/darkamazi.info\\\/archives\\\/1052022#primaryimage\"},\"thumbnailUrl\":\"https:\\\/\\\/darkamazi.info\\\/darka-content\\\/uploads\\\/2026\\\/03\\\/Turkey-Patr-1.jpg\",\"keywords\":[\"sereke\"],\"articleSection\":[\"Rojhelata nav\u00een\"],\"inLanguage\":\"en-US\"},{\"@type\":\"WebPage\",\"@id\":\"https:\\\/\\\/darkamazi.info\\\/archives\\\/1052022\",\"url\":\"https:\\\/\\\/darkamazi.info\\\/archives\\\/1052022\",\"name\":\"Tirkiye s\u00eestema Patriot li Meletiy\u00ea bicih dike - Darka Maz\u00ee\",\"isPartOf\":{\"@id\":\"https:\\\/\\\/darkamazi.info\\\/#website\"},\"primaryImageOfPage\":{\"@id\":\"https:\\\/\\\/darkamazi.info\\\/archives\\\/1052022#primaryimage\"},\"image\":{\"@id\":\"https:\\\/\\\/darkamazi.info\\\/archives\\\/1052022#primaryimage\"},\"thumbnailUrl\":\"https:\\\/\\\/darkamazi.info\\\/darka-content\\\/uploads\\\/2026\\\/03\\\/Turkey-Patr-1.jpg\",\"datePublished\":\"2026-03-10T11:17:22+00:00\",\"dateModified\":\"2026-03-10T11:24:25+00:00\",\"breadcrumb\":{\"@id\":\"https:\\\/\\\/darkamazi.info\\\/archives\\\/1052022#breadcrumb\"},\"inLanguage\":\"en-US\",\"potentialAction\":[{\"@type\":\"ReadAction\",\"target\":[\"https:\\\/\\\/darkamazi.info\\\/archives\\\/1052022\"]}]},{\"@type\":\"ImageObject\",\"inLanguage\":\"en-US\",\"@id\":\"https:\\\/\\\/darkamazi.info\\\/archives\\\/1052022#primaryimage\",\"url\":\"https:\\\/\\\/darkamazi.info\\\/darka-content\\\/uploads\\\/2026\\\/03\\\/Turkey-Patr-1.jpg\",\"contentUrl\":\"https:\\\/\\\/darkamazi.info\\\/darka-content\\\/uploads\\\/2026\\\/03\\\/Turkey-Patr-1.jpg\",\"width\":900,\"height\":500,\"caption\":\"Turkey-Patr\"},{\"@type\":\"BreadcrumbList\",\"@id\":\"https:\\\/\\\/darkamazi.info\\\/archives\\\/1052022#breadcrumb\",\"itemListElement\":[{\"@type\":\"ListItem\",\"position\":1,\"name\":\"Home\",\"item\":\"https:\\\/\\\/darkamazi.info\\\/\"},{\"@type\":\"ListItem\",\"position\":2,\"name\":\"Tirkiye s\u00eestema Patriot li Meletiy\u00ea bicih dike\"}]},{\"@type\":\"WebSite\",\"@id\":\"https:\\\/\\\/darkamazi.info\\\/#website\",\"url\":\"https:\\\/\\\/darkamazi.info\\\/\",\"name\":\"Darka Maz\u00ee\",\"description\":\"P\u00eageha Zanyariy\u00ean Nebih\u00eest\u00ee\",\"publisher\":{\"@id\":\"https:\\\/\\\/darkamazi.info\\\/#organization\"},\"potentialAction\":[{\"@type\":\"SearchAction\",\"target\":{\"@type\":\"EntryPoint\",\"urlTemplate\":\"https:\\\/\\\/darkamazi.info\\\/?s={search_term_string}\"},\"query-input\":{\"@type\":\"PropertyValueSpecification\",\"valueRequired\":true,\"valueName\":\"search_term_string\"}}],\"inLanguage\":\"en-US\"},{\"@type\":\"Organization\",\"@id\":\"https:\\\/\\\/darkamazi.info\\\/#organization\",\"name\":\"Darka Maz\u00ee\",\"url\":\"https:\\\/\\\/darkamazi.info\\\/\",\"logo\":{\"@type\":\"ImageObject\",\"inLanguage\":\"en-US\",\"@id\":\"https:\\\/\\\/darkamazi.info\\\/#\\\/schema\\\/logo\\\/image\\\/\",\"url\":\"https:\\\/\\\/darkamazi.info\\\/darka-content\\\/uploads\\\/2017\\\/12\\\/darka-mazi-logo.png\",\"contentUrl\":\"https:\\\/\\\/darkamazi.info\\\/darka-content\\\/uploads\\\/2017\\\/12\\\/darka-mazi-logo.png\",\"width\":151,\"height\":75,\"caption\":\"Darka Maz\u00ee\"},\"image\":{\"@id\":\"https:\\\/\\\/darkamazi.info\\\/#\\\/schema\\\/logo\\\/image\\\/\"},\"sameAs\":[\"https:\\\/\\\/www.facebook.com\\\/DarMaziKurmanci\",\"https:\\\/\\\/x.com\\\/DarkaMaziLatini\",\"https:\\\/\\\/www.instagram.com\\\/darkamazi.kurmanci\\\/\",\"https:\\\/\\\/www.youtube.com\\\/channel\\\/UCa5HkTdmI8U1qCUFuTw8B2g\"]},{\"@type\":\"Person\",\"@id\":\"https:\\\/\\\/darkamazi.info\\\/#\\\/schema\\\/person\\\/5ad3e24553a0567993fa8ed4bd0a776c\",\"name\":\"darka mazi\",\"sameAs\":[\"https:\\\/\\\/darkamazi.info\\\/\"],\"url\":\"https:\\\/\\\/darkamazi.info\\\/archives\\\/author\\\/kurdi\"}]}<\/script>\n<!-- \/ Yoast SEO plugin. -->","seo_head_json":{"title":"Tirkiye s\u00eestema Patriot li Meletiy\u00ea bicih dike - Darka Maz\u00ee","robots":{"index":"index","follow":"follow","max-snippet":"max-snippet:-1","max-image-preview":"max-image-preview:large","max-video-preview":"max-video-preview:-1"},"canonical":"https:\/\/darkamazi.info\/archives\/1052022","og_locale":"en_US","og_type":"article","og_title":"Tirkiye s\u00eestema Patriot li Meletiy\u00ea bicih dike - Darka Maz\u00ee","og_description":"Wezareta Berevaniy\u00ea ya Tirkiyey\u00ea ragihand, di \u00e7ar\u00e7oveya r\u00eakar\u00ean parastina s\u00eenor \u00fb asman\u00ea wel\u00eat de, s\u00eestema berevaniya asman\u00ee ya Patriot li bajar\u00ea Meletiy\u00ea t\u00ea bicihkirin. Wezareta Berevaniy\u00ea ya Tirkiyey\u00ea \u00eero 10\u00ea Adar\u00ea di daxuyaniyek\u00ea de ragihand, ji ber p\u00ea\u015fhat\u00ean daw\u00ee y\u00ean li nav\u00e7ey\u00ea, wan r\u00eakar\u00ean p\u00eaw\u00eest ji bo parastina ewlehiya s\u00eenor \u00fb asman\u00ea wel\u00eat girtine ber [&hellip;]","og_url":"https:\/\/darkamazi.info\/archives\/1052022","og_site_name":"Darka Maz\u00ee","article_publisher":"https:\/\/www.facebook.com\/DarMaziKurmanci","article_published_time":"2026-03-10T11:17:22+00:00","article_modified_time":"2026-03-10T11:24:25+00:00","og_image":[{"width":900,"height":500,"url":"https:\/\/darkamazi.info\/file\/2026\/03\/Turkey-Patr-1.jpg","type":"image\/jpeg"}],"author":"darka mazi","twitter_card":"summary_large_image","twitter_creator":"@DarkaMaziLatini","twitter_site":"@DarkaMaziLatini","twitter_misc":{"Written by":"darka mazi","Est. reading time":"1 minute"},"schema":{"@context":"https:\/\/schema.org","@graph":[{"@type":"Article","@id":"https:\/\/darkamazi.info\/archives\/1052022#article","isPartOf":{"@id":"https:\/\/darkamazi.info\/archives\/1052022"},"author":{"name":"darka mazi","@id":"https:\/\/darkamazi.info\/#\/schema\/person\/5ad3e24553a0567993fa8ed4bd0a776c"},"headline":"Tirkiye s\u00eestema Patriot li Meletiy\u00ea bicih dike","datePublished":"2026-03-10T11:17:22+00:00","dateModified":"2026-03-10T11:24:25+00:00","mainEntityOfPage":{"@id":"https:\/\/darkamazi.info\/archives\/1052022"},"wordCount":196,"publisher":{"@id":"https:\/\/darkamazi.info\/#organization"},"image":{"@id":"https:\/\/darkamazi.info\/archives\/1052022#primaryimage"},"thumbnailUrl":"https:\/\/darkamazi.info\/file\/2026\/03\/Turkey-Patr-1.jpg","keywords":["sereke"],"articleSection":["Rojhelata nav\u00een"],"inLanguage":"en-US"},{"@type":"WebPage","@id":"https:\/\/darkamazi.info\/archives\/1052022","url":"https:\/\/darkamazi.info\/archives\/1052022","name":"Tirkiye s\u00eestema Patriot li Meletiy\u00ea bicih dike - Darka Maz\u00ee","isPartOf":{"@id":"https:\/\/darkamazi.info\/#website"},"primaryImageOfPage":{"@id":"https:\/\/darkamazi.info\/archives\/1052022#primaryimage"},"image":{"@id":"https:\/\/darkamazi.info\/archives\/1052022#primaryimage"},"thumbnailUrl":"https:\/\/darkamazi.info\/file\/2026\/03\/Turkey-Patr-1.jpg","datePublished":"2026-03-10T11:17:22+00:00","dateModified":"2026-03-10T11:24:25+00:00","breadcrumb":{"@id":"https:\/\/darkamazi.info\/archives\/1052022#breadcrumb"},"inLanguage":"en-US","potentialAction":[{"@type":"ReadAction","target":["https:\/\/darkamazi.info\/archives\/1052022"]}]},{"@type":"ImageObject","inLanguage":"en-US","@id":"https:\/\/darkamazi.info\/archives\/1052022#primaryimage","url":"https:\/\/darkamazi.info\/file\/2026\/03\/Turkey-Patr-1.jpg","contentUrl":"https:\/\/darkamazi.info\/file\/2026\/03\/Turkey-Patr-1.jpg","width":900,"height":500,"caption":"Turkey-Patr"},{"@type":"BreadcrumbList","@id":"https:\/\/darkamazi.info\/archives\/1052022#breadcrumb","itemListElement":[{"@type":"ListItem","position":1,"name":"Home","item":"https:\/\/darkamazi.info\/"},{"@type":"ListItem","position":2,"name":"Tirkiye s\u00eestema Patriot li Meletiy\u00ea bicih dike"}]},{"@type":"WebSite","@id":"https:\/\/darkamazi.info\/#website","url":"https:\/\/darkamazi.info\/","name":"Darka Maz\u00ee","description":"P\u00eageha Zanyariy\u00ean Nebih\u00eest\u00ee","publisher":{"@id":"https:\/\/darkamazi.info\/#organization"},"potentialAction":[{"@type":"SearchAction","target":{"@type":"EntryPoint","urlTemplate":"https:\/\/darkamazi.info\/?s={search_term_string}"},"query-input":{"@type":"PropertyValueSpecification","valueRequired":true,"valueName":"search_term_string"}}],"inLanguage":"en-US"},{"@type":"Organization","@id":"https:\/\/darkamazi.info\/#organization","name":"Darka Maz\u00ee","url":"https:\/\/darkamazi.info\/","logo":{"@type":"ImageObject","inLanguage":"en-US","@id":"https:\/\/darkamazi.info\/#\/schema\/logo\/image\/","url":"https:\/\/darkamazi.info\/file\/2017\/12\/darka-mazi-logo.png","contentUrl":"https:\/\/darkamazi.info\/file\/2017\/12\/darka-mazi-logo.png","width":151,"height":75,"caption":"Darka Maz\u00ee"},"image":{"@id":"https:\/\/darkamazi.info\/#\/schema\/logo\/image\/"},"sameAs":["https:\/\/www.facebook.com\/DarMaziKurmanci","https:\/\/x.com\/DarkaMaziLatini","https:\/\/www.instagram.com\/darkamazi.kurmanci\/","https:\/\/www.youtube.com\/channel\/UCa5HkTdmI8U1qCUFuTw8B2g"]},{"@type":"Person","@id":"https:\/\/darkamazi.info\/#\/schema\/person\/5ad3e24553a0567993fa8ed4bd0a776c","name":"darka mazi","sameAs":["https:\/\/darkamazi.info\/"],"url":"https:\/\/darkamazi.info\/archives\/author\/kurdi"}]}},"_links":{"self":[{"href":"https:\/\/darkamazi.info\/funavuv\/wp\/v2\/posts\/1052022","targetHints":{"allow":["GET"]}}],"collection":[{"href":"https:\/\/darkamazi.info\/funavuv\/wp\/v2\/posts"}],"about":[{"href":"https:\/\/darkamazi.info\/funavuv\/wp\/v2\/types\/post"}],"author":[{"embeddable":true,"href":"https:\/\/darkamazi.info\/funavuv\/wp\/v2\/users\/2"}],"replies":[{"embeddable":true,"href":"https:\/\/darkamazi.info\/funavuv\/wp\/v2\/comments?post=1052022"}],"version-history":[{"count":0,"href":"https:\/\/darkamazi.info\/funavuv\/wp\/v2\/posts\/1052022\/revisions"}],"wp:featuredmedia":[{"embeddable":true,"href":"https:\/\/darkamazi.info\/funavuv\/wp\/v2\/media\/1052026"}],"wp:attachment":[{"href":"https:\/\/darkamazi.info\/funavuv\/wp\/v2\/media?parent=1052022"}],"wp:term":[{"taxonomy":"category","embeddable":true,"href":"https:\/\/darkamazi.info\/funavuv\/wp\/v2\/categories?post=1052022"},{"taxonomy":"post_tag","embeddable":true,"href":"https:\/\/darkamazi.info\/funavuv\/wp\/v2\/tags?post=1052022"}],"curies":[{"name":"wp","href":"https:\/\/api.w.org\/{rel}","templated":true}]}}