{"id":1052027,"date":"2026-03-10T15:25:39","date_gmt":"2026-03-10T12:25:39","guid":{"rendered":"https:\/\/darkamazi.info\/?p=1052027"},"modified":"2026-03-10T15:25:39","modified_gmt":"2026-03-10T12:25:39","slug":"qeter-erisa-li-ser-konsulxaneya-imarate-ya-li-hewlere-sermezar-dike","status":"publish","type":"post","link":"https:\/\/darkamazi.info\/archives\/1052027","title":{"rendered":"Qeter \u00ear\u00ee\u015fa li ser Konsulxaneya \u00cemarat\u00ea ya li Hewl\u00ear\u00ea \u015fermezar dike"},"content":{"rendered":"<h3><span style=\"font-family: 'arial black', sans-serif\">\u00a0Wezareta Derve ya Qeter\u00ea bi daxuyaniyeke ferm\u00ee, \u00ear\u00ee\u015fa li ser avahiya Konsulxaneya Gi\u015ft\u00ee ya Dewleta \u00cemarat\u00ea ya li Her\u00eama Kurdistan\u00ea bi tund\u00ee \u015fermezar kir.<\/span><\/h3>\n<h3>Wezareta Kar\u00ean Derve ya Qeter\u00ea \u00eero 10\u00ea Adar\u00ea derbar\u00ea \u00ear\u00ee\u015fa dron\u00ee ya li ser Hewl\u00ear\u00ea daxuyaniyek belav kir. Di daxuyaniy\u00ea de hat destn\u00ee\u015fankirin ku armancgirtina n\u00fbnertiy\u00ean d\u00eeplomat\u00eek, binp\u00eakirina a\u015fkere ya ner\u00eet \u00fb yasay\u00ean navdewlet\u00ee ye.<\/h3>\n<h3>Wezareta Derve ya Qeter\u00ea bal ki\u015fand ser parastina saziy\u00ean d\u00eeplomat\u00eek \u00fb got: &#8220;Ev \u00ear\u00ee\u015f li dij\u00ee Peymana Viyanay\u00ea ya derbar\u00ea peywendiy\u00ean d\u00eeplomat\u00eek de ye, ku parastina avah\u00ee \u00fb karmend\u00ean d\u00eeplomat\u00eek misoger dike.&#8221;<\/h3>\n<h3>Herwiha hevxemiya xwe ligel Dewleta \u00cemarat\u00ea n\u00ee\u015fan da \u00fb tekez\u00ee li ser p\u00eaw\u00eestiya parastina n\u00fbnertiy\u00ean d\u00eeplomat\u00eek kir. Qeter\u00ea daxwaz kir ku garantiy\u00ean tam ji bo silametiya d\u00eeplomatkaran werin peyda kirin, da ku b\u00fbyer\u00ean bi v\u00ee reng\u00ee cardan dubare nebin.<\/h3>\n<h3>Ev helwesta Qeter\u00ea di demek\u00ea de t\u00ea ku civaka navdewlet\u00ee ji bo aramiya her\u00eam\u00ea \u00fb parastina serweriya saziy\u00ean navnetewey\u00ee bang\u00ean xwe z\u00eade kirine.<\/h3>\n","protected":false},"excerpt":{"rendered":"<p>\u00a0Wezareta Derve ya Qeter\u00ea bi daxuyaniyeke ferm\u00ee, \u00ear\u00ee\u015fa li ser avahiya Konsulxaneya Gi\u015ft\u00ee ya Dewleta \u00cemarat\u00ea ya li Her\u00eama Kurdistan\u00ea bi tund\u00ee \u015fermezar kir. Wezareta Kar\u00ean Derve ya Qeter\u00ea \u00eero 10\u00ea Adar\u00ea derbar\u00ea \u00ear\u00ee\u015fa dron\u00ee ya li ser Hewl\u00ear\u00ea daxuyaniyek belav kir. Di daxuyaniy\u00ea de hat destn\u00ee\u015fankirin ku armancgirtina n\u00fbnertiy\u00ean d\u00eeplomat\u00eek, binp\u00eakirina a\u015fkere ya ner\u00eet [&hellip;]<\/p>\n","protected":false},"author":2,"featured_media":1052028,"comment_status":"closed","ping_status":"closed","sticky":false,"template":"","format":"standard","meta":{"footnotes":""},"categories":[31],"tags":[37],"class_list":["post-1052027","post","type-post","status-publish","format-standard","has-post-thumbnail","hentry","category-rojhelata-navin","tag-sereke"],"blocksy_meta":[],"seo_head":"<!-- This site is optimized with the Yoast SEO plugin v27.5 - https:\/\/yoast.com\/product\/yoast-seo-wordpress\/ -->\n<title>Qeter \u00ear\u00ee\u015fa li ser Konsulxaneya \u00cemarat\u00ea ya li Hewl\u00ear\u00ea \u015fermezar dike - Darka Maz\u00ee<\/title>\n<meta name=\"robots\" content=\"index, follow, max-snippet:-1, max-image-preview:large, max-video-preview:-1\" \/>\n<link rel=\"canonical\" href=\"https:\/\/darkamazi.info\/archives\/1052027\" \/>\n<meta property=\"og:locale\" content=\"en_US\" \/>\n<meta property=\"og:type\" content=\"article\" \/>\n<meta property=\"og:title\" content=\"Qeter \u00ear\u00ee\u015fa li ser Konsulxaneya \u00cemarat\u00ea ya li Hewl\u00ear\u00ea \u015fermezar dike - Darka Maz\u00ee\" \/>\n<meta property=\"og:description\" content=\"\u00a0Wezareta Derve ya Qeter\u00ea bi daxuyaniyeke ferm\u00ee, \u00ear\u00ee\u015fa li ser avahiya Konsulxaneya Gi\u015ft\u00ee ya Dewleta \u00cemarat\u00ea ya li Her\u00eama Kurdistan\u00ea bi tund\u00ee \u015fermezar kir. Wezareta Kar\u00ean Derve ya Qeter\u00ea \u00eero 10\u00ea Adar\u00ea derbar\u00ea \u00ear\u00ee\u015fa dron\u00ee ya li ser Hewl\u00ear\u00ea daxuyaniyek belav kir. Di daxuyaniy\u00ea de hat destn\u00ee\u015fankirin ku armancgirtina n\u00fbnertiy\u00ean d\u00eeplomat\u00eek, binp\u00eakirina a\u015fkere ya ner\u00eet [&hellip;]\" \/>\n<meta property=\"og:url\" content=\"https:\/\/darkamazi.info\/archives\/1052027\" \/>\n<meta property=\"og:site_name\" content=\"Darka Maz\u00ee\" \/>\n<meta property=\"article:publisher\" content=\"https:\/\/www.facebook.com\/DarMaziKurmanci\" \/>\n<meta property=\"article:published_time\" content=\"2026-03-10T12:25:39+00:00\" \/>\n<meta property=\"og:image\" content=\"https:\/\/darkamazi.info\/file\/2026\/03\/qeter.jpg\" \/>\n\t<meta property=\"og:image:width\" content=\"900\" \/>\n\t<meta property=\"og:image:height\" content=\"497\" \/>\n\t<meta property=\"og:image:type\" content=\"image\/jpeg\" \/>\n<meta name=\"author\" content=\"darka mazi\" \/>\n<meta name=\"twitter:card\" content=\"summary_large_image\" \/>\n<meta name=\"twitter:creator\" content=\"@DarkaMaziLatini\" \/>\n<meta name=\"twitter:site\" content=\"@DarkaMaziLatini\" \/>\n<meta name=\"twitter:label1\" content=\"Written by\" \/>\n\t<meta name=\"twitter:data1\" content=\"darka mazi\" \/>\n\t<meta name=\"twitter:label2\" content=\"Est. reading time\" \/>\n\t<meta name=\"twitter:data2\" content=\"1 minute\" \/>\n<script type=\"application\/ld+json\" class=\"seo-schema-graph\">{\"@context\":\"https:\\\/\\\/schema.org\",\"@graph\":[{\"@type\":\"Article\",\"@id\":\"https:\\\/\\\/darkamazi.info\\\/archives\\\/1052027#article\",\"isPartOf\":{\"@id\":\"https:\\\/\\\/darkamazi.info\\\/archives\\\/1052027\"},\"author\":{\"name\":\"darka mazi\",\"@id\":\"https:\\\/\\\/darkamazi.info\\\/#\\\/schema\\\/person\\\/5ad3e24553a0567993fa8ed4bd0a776c\"},\"headline\":\"Qeter \u00ear\u00ee\u015fa li ser Konsulxaneya \u00cemarat\u00ea ya li Hewl\u00ear\u00ea \u015fermezar dike\",\"datePublished\":\"2026-03-10T12:25:39+00:00\",\"mainEntityOfPage\":{\"@id\":\"https:\\\/\\\/darkamazi.info\\\/archives\\\/1052027\"},\"wordCount\":200,\"publisher\":{\"@id\":\"https:\\\/\\\/darkamazi.info\\\/#organization\"},\"image\":{\"@id\":\"https:\\\/\\\/darkamazi.info\\\/archives\\\/1052027#primaryimage\"},\"thumbnailUrl\":\"https:\\\/\\\/darkamazi.info\\\/darka-content\\\/uploads\\\/2026\\\/03\\\/qeter.jpg\",\"keywords\":[\"sereke\"],\"articleSection\":[\"Rojhelata nav\u00een\"],\"inLanguage\":\"en-US\"},{\"@type\":\"WebPage\",\"@id\":\"https:\\\/\\\/darkamazi.info\\\/archives\\\/1052027\",\"url\":\"https:\\\/\\\/darkamazi.info\\\/archives\\\/1052027\",\"name\":\"Qeter \u00ear\u00ee\u015fa li ser Konsulxaneya \u00cemarat\u00ea ya li Hewl\u00ear\u00ea \u015fermezar dike - Darka Maz\u00ee\",\"isPartOf\":{\"@id\":\"https:\\\/\\\/darkamazi.info\\\/#website\"},\"primaryImageOfPage\":{\"@id\":\"https:\\\/\\\/darkamazi.info\\\/archives\\\/1052027#primaryimage\"},\"image\":{\"@id\":\"https:\\\/\\\/darkamazi.info\\\/archives\\\/1052027#primaryimage\"},\"thumbnailUrl\":\"https:\\\/\\\/darkamazi.info\\\/darka-content\\\/uploads\\\/2026\\\/03\\\/qeter.jpg\",\"datePublished\":\"2026-03-10T12:25:39+00:00\",\"breadcrumb\":{\"@id\":\"https:\\\/\\\/darkamazi.info\\\/archives\\\/1052027#breadcrumb\"},\"inLanguage\":\"en-US\",\"potentialAction\":[{\"@type\":\"ReadAction\",\"target\":[\"https:\\\/\\\/darkamazi.info\\\/archives\\\/1052027\"]}]},{\"@type\":\"ImageObject\",\"inLanguage\":\"en-US\",\"@id\":\"https:\\\/\\\/darkamazi.info\\\/archives\\\/1052027#primaryimage\",\"url\":\"https:\\\/\\\/darkamazi.info\\\/darka-content\\\/uploads\\\/2026\\\/03\\\/qeter.jpg\",\"contentUrl\":\"https:\\\/\\\/darkamazi.info\\\/darka-content\\\/uploads\\\/2026\\\/03\\\/qeter.jpg\",\"width\":900,\"height\":497,\"caption\":\"Qeter \u00ear\u00ee\u015fa li ser Konsulxaneya \u00cemarat\u00ea ya li Hewl\u00ear\u00ea \u015fermezar dike\"},{\"@type\":\"BreadcrumbList\",\"@id\":\"https:\\\/\\\/darkamazi.info\\\/archives\\\/1052027#breadcrumb\",\"itemListElement\":[{\"@type\":\"ListItem\",\"position\":1,\"name\":\"Home\",\"item\":\"https:\\\/\\\/darkamazi.info\\\/\"},{\"@type\":\"ListItem\",\"position\":2,\"name\":\"Qeter \u00ear\u00ee\u015fa li ser Konsulxaneya \u00cemarat\u00ea ya li Hewl\u00ear\u00ea \u015fermezar dike\"}]},{\"@type\":\"WebSite\",\"@id\":\"https:\\\/\\\/darkamazi.info\\\/#website\",\"url\":\"https:\\\/\\\/darkamazi.info\\\/\",\"name\":\"Darka Maz\u00ee\",\"description\":\"P\u00eageha Zanyariy\u00ean Nebih\u00eest\u00ee\",\"publisher\":{\"@id\":\"https:\\\/\\\/darkamazi.info\\\/#organization\"},\"potentialAction\":[{\"@type\":\"SearchAction\",\"target\":{\"@type\":\"EntryPoint\",\"urlTemplate\":\"https:\\\/\\\/darkamazi.info\\\/?s={search_term_string}\"},\"query-input\":{\"@type\":\"PropertyValueSpecification\",\"valueRequired\":true,\"valueName\":\"search_term_string\"}}],\"inLanguage\":\"en-US\"},{\"@type\":\"Organization\",\"@id\":\"https:\\\/\\\/darkamazi.info\\\/#organization\",\"name\":\"Darka Maz\u00ee\",\"url\":\"https:\\\/\\\/darkamazi.info\\\/\",\"logo\":{\"@type\":\"ImageObject\",\"inLanguage\":\"en-US\",\"@id\":\"https:\\\/\\\/darkamazi.info\\\/#\\\/schema\\\/logo\\\/image\\\/\",\"url\":\"https:\\\/\\\/darkamazi.info\\\/darka-content\\\/uploads\\\/2017\\\/12\\\/darka-mazi-logo.png\",\"contentUrl\":\"https:\\\/\\\/darkamazi.info\\\/darka-content\\\/uploads\\\/2017\\\/12\\\/darka-mazi-logo.png\",\"width\":151,\"height\":75,\"caption\":\"Darka Maz\u00ee\"},\"image\":{\"@id\":\"https:\\\/\\\/darkamazi.info\\\/#\\\/schema\\\/logo\\\/image\\\/\"},\"sameAs\":[\"https:\\\/\\\/www.facebook.com\\\/DarMaziKurmanci\",\"https:\\\/\\\/x.com\\\/DarkaMaziLatini\",\"https:\\\/\\\/www.instagram.com\\\/darkamazi.kurmanci\\\/\",\"https:\\\/\\\/www.youtube.com\\\/channel\\\/UCa5HkTdmI8U1qCUFuTw8B2g\"]},{\"@type\":\"Person\",\"@id\":\"https:\\\/\\\/darkamazi.info\\\/#\\\/schema\\\/person\\\/5ad3e24553a0567993fa8ed4bd0a776c\",\"name\":\"darka mazi\",\"sameAs\":[\"https:\\\/\\\/darkamazi.info\\\/\"],\"url\":\"https:\\\/\\\/darkamazi.info\\\/archives\\\/author\\\/kurdi\"}]}<\/script>\n<!-- \/ Yoast SEO plugin. -->","seo_head_json":{"title":"Qeter \u00ear\u00ee\u015fa li ser Konsulxaneya \u00cemarat\u00ea ya li Hewl\u00ear\u00ea \u015fermezar dike - Darka Maz\u00ee","robots":{"index":"index","follow":"follow","max-snippet":"max-snippet:-1","max-image-preview":"max-image-preview:large","max-video-preview":"max-video-preview:-1"},"canonical":"https:\/\/darkamazi.info\/archives\/1052027","og_locale":"en_US","og_type":"article","og_title":"Qeter \u00ear\u00ee\u015fa li ser Konsulxaneya \u00cemarat\u00ea ya li Hewl\u00ear\u00ea \u015fermezar dike - Darka Maz\u00ee","og_description":"\u00a0Wezareta Derve ya Qeter\u00ea bi daxuyaniyeke ferm\u00ee, \u00ear\u00ee\u015fa li ser avahiya Konsulxaneya Gi\u015ft\u00ee ya Dewleta \u00cemarat\u00ea ya li Her\u00eama Kurdistan\u00ea bi tund\u00ee \u015fermezar kir. Wezareta Kar\u00ean Derve ya Qeter\u00ea \u00eero 10\u00ea Adar\u00ea derbar\u00ea \u00ear\u00ee\u015fa dron\u00ee ya li ser Hewl\u00ear\u00ea daxuyaniyek belav kir. Di daxuyaniy\u00ea de hat destn\u00ee\u015fankirin ku armancgirtina n\u00fbnertiy\u00ean d\u00eeplomat\u00eek, binp\u00eakirina a\u015fkere ya ner\u00eet [&hellip;]","og_url":"https:\/\/darkamazi.info\/archives\/1052027","og_site_name":"Darka Maz\u00ee","article_publisher":"https:\/\/www.facebook.com\/DarMaziKurmanci","article_published_time":"2026-03-10T12:25:39+00:00","og_image":[{"width":900,"height":497,"url":"https:\/\/darkamazi.info\/file\/2026\/03\/qeter.jpg","type":"image\/jpeg"}],"author":"darka mazi","twitter_card":"summary_large_image","twitter_creator":"@DarkaMaziLatini","twitter_site":"@DarkaMaziLatini","twitter_misc":{"Written by":"darka mazi","Est. reading time":"1 minute"},"schema":{"@context":"https:\/\/schema.org","@graph":[{"@type":"Article","@id":"https:\/\/darkamazi.info\/archives\/1052027#article","isPartOf":{"@id":"https:\/\/darkamazi.info\/archives\/1052027"},"author":{"name":"darka mazi","@id":"https:\/\/darkamazi.info\/#\/schema\/person\/5ad3e24553a0567993fa8ed4bd0a776c"},"headline":"Qeter \u00ear\u00ee\u015fa li ser Konsulxaneya \u00cemarat\u00ea ya li Hewl\u00ear\u00ea \u015fermezar dike","datePublished":"2026-03-10T12:25:39+00:00","mainEntityOfPage":{"@id":"https:\/\/darkamazi.info\/archives\/1052027"},"wordCount":200,"publisher":{"@id":"https:\/\/darkamazi.info\/#organization"},"image":{"@id":"https:\/\/darkamazi.info\/archives\/1052027#primaryimage"},"thumbnailUrl":"https:\/\/darkamazi.info\/file\/2026\/03\/qeter.jpg","keywords":["sereke"],"articleSection":["Rojhelata nav\u00een"],"inLanguage":"en-US"},{"@type":"WebPage","@id":"https:\/\/darkamazi.info\/archives\/1052027","url":"https:\/\/darkamazi.info\/archives\/1052027","name":"Qeter \u00ear\u00ee\u015fa li ser Konsulxaneya \u00cemarat\u00ea ya li Hewl\u00ear\u00ea \u015fermezar dike - Darka Maz\u00ee","isPartOf":{"@id":"https:\/\/darkamazi.info\/#website"},"primaryImageOfPage":{"@id":"https:\/\/darkamazi.info\/archives\/1052027#primaryimage"},"image":{"@id":"https:\/\/darkamazi.info\/archives\/1052027#primaryimage"},"thumbnailUrl":"https:\/\/darkamazi.info\/file\/2026\/03\/qeter.jpg","datePublished":"2026-03-10T12:25:39+00:00","breadcrumb":{"@id":"https:\/\/darkamazi.info\/archives\/1052027#breadcrumb"},"inLanguage":"en-US","potentialAction":[{"@type":"ReadAction","target":["https:\/\/darkamazi.info\/archives\/1052027"]}]},{"@type":"ImageObject","inLanguage":"en-US","@id":"https:\/\/darkamazi.info\/archives\/1052027#primaryimage","url":"https:\/\/darkamazi.info\/file\/2026\/03\/qeter.jpg","contentUrl":"https:\/\/darkamazi.info\/file\/2026\/03\/qeter.jpg","width":900,"height":497,"caption":"Qeter \u00ear\u00ee\u015fa li ser Konsulxaneya \u00cemarat\u00ea ya li Hewl\u00ear\u00ea \u015fermezar dike"},{"@type":"BreadcrumbList","@id":"https:\/\/darkamazi.info\/archives\/1052027#breadcrumb","itemListElement":[{"@type":"ListItem","position":1,"name":"Home","item":"https:\/\/darkamazi.info\/"},{"@type":"ListItem","position":2,"name":"Qeter \u00ear\u00ee\u015fa li ser Konsulxaneya \u00cemarat\u00ea ya li Hewl\u00ear\u00ea \u015fermezar dike"}]},{"@type":"WebSite","@id":"https:\/\/darkamazi.info\/#website","url":"https:\/\/darkamazi.info\/","name":"Darka Maz\u00ee","description":"P\u00eageha Zanyariy\u00ean Nebih\u00eest\u00ee","publisher":{"@id":"https:\/\/darkamazi.info\/#organization"},"potentialAction":[{"@type":"SearchAction","target":{"@type":"EntryPoint","urlTemplate":"https:\/\/darkamazi.info\/?s={search_term_string}"},"query-input":{"@type":"PropertyValueSpecification","valueRequired":true,"valueName":"search_term_string"}}],"inLanguage":"en-US"},{"@type":"Organization","@id":"https:\/\/darkamazi.info\/#organization","name":"Darka Maz\u00ee","url":"https:\/\/darkamazi.info\/","logo":{"@type":"ImageObject","inLanguage":"en-US","@id":"https:\/\/darkamazi.info\/#\/schema\/logo\/image\/","url":"https:\/\/darkamazi.info\/file\/2017\/12\/darka-mazi-logo.png","contentUrl":"https:\/\/darkamazi.info\/file\/2017\/12\/darka-mazi-logo.png","width":151,"height":75,"caption":"Darka Maz\u00ee"},"image":{"@id":"https:\/\/darkamazi.info\/#\/schema\/logo\/image\/"},"sameAs":["https:\/\/www.facebook.com\/DarMaziKurmanci","https:\/\/x.com\/DarkaMaziLatini","https:\/\/www.instagram.com\/darkamazi.kurmanci\/","https:\/\/www.youtube.com\/channel\/UCa5HkTdmI8U1qCUFuTw8B2g"]},{"@type":"Person","@id":"https:\/\/darkamazi.info\/#\/schema\/person\/5ad3e24553a0567993fa8ed4bd0a776c","name":"darka mazi","sameAs":["https:\/\/darkamazi.info\/"],"url":"https:\/\/darkamazi.info\/archives\/author\/kurdi"}]}},"_links":{"self":[{"href":"https:\/\/darkamazi.info\/funavuv\/wp\/v2\/posts\/1052027","targetHints":{"allow":["GET"]}}],"collection":[{"href":"https:\/\/darkamazi.info\/funavuv\/wp\/v2\/posts"}],"about":[{"href":"https:\/\/darkamazi.info\/funavuv\/wp\/v2\/types\/post"}],"author":[{"embeddable":true,"href":"https:\/\/darkamazi.info\/funavuv\/wp\/v2\/users\/2"}],"replies":[{"embeddable":true,"href":"https:\/\/darkamazi.info\/funavuv\/wp\/v2\/comments?post=1052027"}],"version-history":[{"count":0,"href":"https:\/\/darkamazi.info\/funavuv\/wp\/v2\/posts\/1052027\/revisions"}],"wp:featuredmedia":[{"embeddable":true,"href":"https:\/\/darkamazi.info\/funavuv\/wp\/v2\/media\/1052028"}],"wp:attachment":[{"href":"https:\/\/darkamazi.info\/funavuv\/wp\/v2\/media?parent=1052027"}],"wp:term":[{"taxonomy":"category","embeddable":true,"href":"https:\/\/darkamazi.info\/funavuv\/wp\/v2\/categories?post=1052027"},{"taxonomy":"post_tag","embeddable":true,"href":"https:\/\/darkamazi.info\/funavuv\/wp\/v2\/tags?post=1052027"}],"curies":[{"name":"wp","href":"https:\/\/api.w.org\/{rel}","templated":true}]}}