{"id":1052030,"date":"2026-03-10T18:16:55","date_gmt":"2026-03-10T15:16:55","guid":{"rendered":"https:\/\/darkamazi.info\/?p=1052030"},"modified":"2026-03-10T18:16:55","modified_gmt":"2026-03-10T15:16:55","slug":"fidan-bo-iraqci-binpekirina-asmane-tirkiyeye-naye-qebulkirin","status":"publish","type":"post","link":"https:\/\/darkamazi.info\/archives\/1052030","title":{"rendered":"Fidan bo Iraq\u00e7\u00ee: Binp\u00eakirina asman\u00ea Tirkiyey\u00ea nay\u00ea qeb\u00fblkirin"},"content":{"rendered":"<h3 style=\"text-align: justify\"><span style=\"font-family: 'arial black', sans-serif\">Wez\u00eer\u00ea Derve y\u00ea Tirkiyey\u00ea Hakan Fidan di peywendiyeke telefon\u00ee de bi Wez\u00eer\u00ea Derve y\u00ea \u00ceran\u00ea Ebas Iraq\u00e7\u00ee re haydar\u00ee da ku, welat\u00ea w\u00ee binp\u00eakirina asman\u00ea Tirkiyey\u00ea bi tu awayek\u00ee qeb\u00fbl nake.<\/span><\/h3>\n<h3 style=\"text-align: justify\">Ajansa ferm\u00ee ya n\u00fb\u00e7eyan a Tirkiyey\u00ea ji \u00e7avkaniy\u00ean Wezareta Derve ragihand ku, Hakan Fidan di peywendiyeke telefon\u00ee de bi Ebas Iraq\u00e7\u00ee re tekez li ser w\u00ea yek\u00ea kir ku, Tirkiye d\u00ea li ser bicihan\u00eena hem\u00ee r\u00eakar\u00ean p\u00eadiv\u00ee ji bo r\u00fbbir\u00fbb\u00fbna her binp\u00eakirineke ku li ser asman\u00ea welat\u00ea w\u00ea t\u00ea kirin berdewam be.<\/h3>\n<h3 style=\"text-align: justify\">Wez\u00eer\u00ea Derve y\u00ea Tirkiyey\u00ea tekez j\u00ee kir ku, div\u00ea hem\u00ee al\u00ee ji wan p\u00eangavan d\u00fbr bin \u00ean ku dibin sedema t\u00eakdana ewlehiya dever\u00ea \u00fb xeter\u00ea li ser can\u00ea siv\u00eelan.<\/h3>\n<h3 style=\"text-align: justify\">Wez\u00eer\u00ea Derve y\u00ea \u00ceran\u00ea Ebas Iraq\u00e7\u00ee j\u00ee ragihand ku, ew m\u00fb\u015fek\u00ean ku ber bi asman\u00ea Tirkiyey\u00ea ve hatine av\u00eatin ji aliy\u00ea \u00ceran\u00ea ve nehatine av\u00eatin. Amaje j\u00ee da ku, Tehran l\u00eakol\u00eeneke teval\u00ee \u00fb h\u00fbr li ser w\u00ea b\u00fbyer\u00ea dike.<\/h3>\n<h3 style=\"text-align: justify\">Ev peywendiya telefon\u00ee di demek\u00ea de hat kirin ku, di \u00e7end roj\u00ean bor\u00ee de ji ber \u015fer \u00fb aloziy\u00ean dever\u00ea hin par\u00e7ey\u00ean m\u00fb\u015fekan li nav axa Tirkiyey\u00ea ji aliy\u00ea NATOy\u00ea ve hatin \u00eaxistin \u00fb Tirkiyey\u00ea j\u00ee bi rengek\u00ee ferm\u00ee s\u00eestema berevaniy\u00ea ya Patriot li bajar\u00ea Malatyay\u00ea bincih kir.<\/h3>\n<h3 style=\"text-align: justify\">Ev j\u00ee di demek\u00ea de ye ku, \u00cesra\u00eel \u00fb Amer\u00eekay\u00ea li ser\u00ea sibeha roja \u015eemiy\u00ea, 28\u00ea Sibata 2026\u00ea, bi hev re \u00ear\u00ee\u015f\u00ee \u00ceran\u00ea kir \u00fb gelek bajar\u00ean w\u00ee welat\u00ee bombebaran kirin, \u00fb di encam\u00ea de R\u00eaber\u00ea Bilind \u00ea Komara \u00ceslam\u00ee ya \u00ceran\u00ea El\u00ee Xaminey\u00ee \u00fb gelek serkirdey\u00ean bilind \u00ean \u00ceran\u00ea hatin ku\u015ftin.<\/h3>\n<h3 style=\"text-align: justify\">Di bersiva w\u00ea \u00ear\u00ee\u015f\u00ea de, \u00ceran\u00ea j\u00ee \u00ear\u00ee\u015f\u00ee welat\u00ea \u00cesra\u00eel\u00ea \u00fb cih \u00fb bingeh\u00ean Amer\u00eekay\u00ea li \u00e7end welat\u00ean dever\u00ea kir \u00fb heta niha j\u00ee \u00ear\u00ee\u015f\u00ean her du aliyan berdewam in \u00fb hejmara ku\u015ft\u00ee \u00fb bir\u00eendaran \u00fb zirar\u00ean mad\u00ee ber bi z\u00eadeb\u00fbn\u00ea ve ye.<\/h3>\n<h3 style=\"text-align: justify\">Her\u00eama Kurdistan\u00ea j\u00ee, \u00fb bi taybet\u00ee j\u00ee bajar\u00ea Hewl\u00ear\u00ea, di v\u00ea \u00e7ar\u00e7ovey\u00ea de \u00e7end caran keftiye ber \u00ear\u00ee\u015f\u00ean bi m\u00fb\u015fek \u00fb dronan, l\u00ea piraniya \u00ear\u00ee\u015f\u00ean asman\u00ee y\u00ean \u00ceran\u00ea ji aliy\u00ea s\u00eestema berevaniya asman\u00ee ve li Her\u00eama Kurdistan\u00ea hatine \u015fikandin.<\/h3>\n","protected":false},"excerpt":{"rendered":"<p>Wez\u00eer\u00ea Derve y\u00ea Tirkiyey\u00ea Hakan Fidan di peywendiyeke telefon\u00ee de bi Wez\u00eer\u00ea Derve y\u00ea \u00ceran\u00ea Ebas Iraq\u00e7\u00ee re haydar\u00ee da ku, welat\u00ea w\u00ee binp\u00eakirina asman\u00ea Tirkiyey\u00ea bi tu awayek\u00ee qeb\u00fbl nake. Ajansa ferm\u00ee ya n\u00fb\u00e7eyan a Tirkiyey\u00ea ji \u00e7avkaniy\u00ean Wezareta Derve ragihand ku, Hakan Fidan di peywendiyeke telefon\u00ee de bi Ebas Iraq\u00e7\u00ee re tekez li [&hellip;]<\/p>\n","protected":false},"author":2,"featured_media":1052031,"comment_status":"closed","ping_status":"closed","sticky":false,"template":"","format":"standard","meta":{"footnotes":""},"categories":[31],"tags":[],"class_list":["post-1052030","post","type-post","status-publish","format-standard","has-post-thumbnail","hentry","category-rojhelata-navin"],"blocksy_meta":[],"seo_head":"<!-- This site is optimized with the Yoast SEO plugin v27.5 - https:\/\/yoast.com\/product\/yoast-seo-wordpress\/ -->\n<title>Fidan bo Iraq\u00e7\u00ee: Binp\u00eakirina asman\u00ea Tirkiyey\u00ea nay\u00ea qeb\u00fblkirin - Darka Maz\u00ee<\/title>\n<meta name=\"robots\" content=\"index, follow, max-snippet:-1, max-image-preview:large, max-video-preview:-1\" \/>\n<link rel=\"canonical\" href=\"https:\/\/darkamazi.info\/archives\/1052030\" \/>\n<meta property=\"og:locale\" content=\"en_US\" \/>\n<meta property=\"og:type\" content=\"article\" \/>\n<meta property=\"og:title\" content=\"Fidan bo Iraq\u00e7\u00ee: Binp\u00eakirina asman\u00ea Tirkiyey\u00ea nay\u00ea qeb\u00fblkirin - Darka Maz\u00ee\" \/>\n<meta property=\"og:description\" content=\"Wez\u00eer\u00ea Derve y\u00ea Tirkiyey\u00ea Hakan Fidan di peywendiyeke telefon\u00ee de bi Wez\u00eer\u00ea Derve y\u00ea \u00ceran\u00ea Ebas Iraq\u00e7\u00ee re haydar\u00ee da ku, welat\u00ea w\u00ee binp\u00eakirina asman\u00ea Tirkiyey\u00ea bi tu awayek\u00ee qeb\u00fbl nake. Ajansa ferm\u00ee ya n\u00fb\u00e7eyan a Tirkiyey\u00ea ji \u00e7avkaniy\u00ean Wezareta Derve ragihand ku, Hakan Fidan di peywendiyeke telefon\u00ee de bi Ebas Iraq\u00e7\u00ee re tekez li [&hellip;]\" \/>\n<meta property=\"og:url\" content=\"https:\/\/darkamazi.info\/archives\/1052030\" \/>\n<meta property=\"og:site_name\" content=\"Darka Maz\u00ee\" \/>\n<meta property=\"article:publisher\" content=\"https:\/\/www.facebook.com\/DarMaziKurmanci\" \/>\n<meta property=\"article:published_time\" content=\"2026-03-10T15:16:55+00:00\" \/>\n<meta property=\"og:image\" content=\"https:\/\/darkamazi.info\/file\/2026\/03\/Fidan.jpg\" \/>\n\t<meta property=\"og:image:width\" content=\"900\" \/>\n\t<meta property=\"og:image:height\" content=\"500\" \/>\n\t<meta property=\"og:image:type\" content=\"image\/jpeg\" \/>\n<meta name=\"author\" content=\"darka mazi\" \/>\n<meta name=\"twitter:card\" content=\"summary_large_image\" \/>\n<meta name=\"twitter:creator\" content=\"@DarkaMaziLatini\" \/>\n<meta name=\"twitter:site\" content=\"@DarkaMaziLatini\" \/>\n<meta name=\"twitter:label1\" content=\"Written by\" \/>\n\t<meta name=\"twitter:data1\" content=\"darka mazi\" \/>\n\t<meta name=\"twitter:label2\" content=\"Est. reading time\" \/>\n\t<meta name=\"twitter:data2\" content=\"2 minutes\" \/>\n<script type=\"application\/ld+json\" class=\"seo-schema-graph\">{\"@context\":\"https:\\\/\\\/schema.org\",\"@graph\":[{\"@type\":\"Article\",\"@id\":\"https:\\\/\\\/darkamazi.info\\\/archives\\\/1052030#article\",\"isPartOf\":{\"@id\":\"https:\\\/\\\/darkamazi.info\\\/archives\\\/1052030\"},\"author\":{\"name\":\"darka mazi\",\"@id\":\"https:\\\/\\\/darkamazi.info\\\/#\\\/schema\\\/person\\\/5ad3e24553a0567993fa8ed4bd0a776c\"},\"headline\":\"Fidan bo Iraq\u00e7\u00ee: Binp\u00eakirina asman\u00ea Tirkiyey\u00ea nay\u00ea qeb\u00fblkirin\",\"datePublished\":\"2026-03-10T15:16:55+00:00\",\"mainEntityOfPage\":{\"@id\":\"https:\\\/\\\/darkamazi.info\\\/archives\\\/1052030\"},\"wordCount\":383,\"publisher\":{\"@id\":\"https:\\\/\\\/darkamazi.info\\\/#organization\"},\"image\":{\"@id\":\"https:\\\/\\\/darkamazi.info\\\/archives\\\/1052030#primaryimage\"},\"thumbnailUrl\":\"https:\\\/\\\/darkamazi.info\\\/darka-content\\\/uploads\\\/2026\\\/03\\\/Fidan.jpg\",\"articleSection\":[\"Rojhelata nav\u00een\"],\"inLanguage\":\"en-US\"},{\"@type\":\"WebPage\",\"@id\":\"https:\\\/\\\/darkamazi.info\\\/archives\\\/1052030\",\"url\":\"https:\\\/\\\/darkamazi.info\\\/archives\\\/1052030\",\"name\":\"Fidan bo Iraq\u00e7\u00ee: Binp\u00eakirina asman\u00ea Tirkiyey\u00ea nay\u00ea qeb\u00fblkirin - Darka Maz\u00ee\",\"isPartOf\":{\"@id\":\"https:\\\/\\\/darkamazi.info\\\/#website\"},\"primaryImageOfPage\":{\"@id\":\"https:\\\/\\\/darkamazi.info\\\/archives\\\/1052030#primaryimage\"},\"image\":{\"@id\":\"https:\\\/\\\/darkamazi.info\\\/archives\\\/1052030#primaryimage\"},\"thumbnailUrl\":\"https:\\\/\\\/darkamazi.info\\\/darka-content\\\/uploads\\\/2026\\\/03\\\/Fidan.jpg\",\"datePublished\":\"2026-03-10T15:16:55+00:00\",\"breadcrumb\":{\"@id\":\"https:\\\/\\\/darkamazi.info\\\/archives\\\/1052030#breadcrumb\"},\"inLanguage\":\"en-US\",\"potentialAction\":[{\"@type\":\"ReadAction\",\"target\":[\"https:\\\/\\\/darkamazi.info\\\/archives\\\/1052030\"]}]},{\"@type\":\"ImageObject\",\"inLanguage\":\"en-US\",\"@id\":\"https:\\\/\\\/darkamazi.info\\\/archives\\\/1052030#primaryimage\",\"url\":\"https:\\\/\\\/darkamazi.info\\\/darka-content\\\/uploads\\\/2026\\\/03\\\/Fidan.jpg\",\"contentUrl\":\"https:\\\/\\\/darkamazi.info\\\/darka-content\\\/uploads\\\/2026\\\/03\\\/Fidan.jpg\",\"width\":900,\"height\":500,\"caption\":\"Fidan bo Iraq\u00e7\u00ee: Binp\u00eakirina asman\u00ea Tirkiyey\u00ea nay\u00ea qeb\u00fblkirin\"},{\"@type\":\"BreadcrumbList\",\"@id\":\"https:\\\/\\\/darkamazi.info\\\/archives\\\/1052030#breadcrumb\",\"itemListElement\":[{\"@type\":\"ListItem\",\"position\":1,\"name\":\"Home\",\"item\":\"https:\\\/\\\/darkamazi.info\\\/\"},{\"@type\":\"ListItem\",\"position\":2,\"name\":\"Fidan bo Iraq\u00e7\u00ee: Binp\u00eakirina asman\u00ea Tirkiyey\u00ea nay\u00ea qeb\u00fblkirin\"}]},{\"@type\":\"WebSite\",\"@id\":\"https:\\\/\\\/darkamazi.info\\\/#website\",\"url\":\"https:\\\/\\\/darkamazi.info\\\/\",\"name\":\"Darka Maz\u00ee\",\"description\":\"P\u00eageha Zanyariy\u00ean Nebih\u00eest\u00ee\",\"publisher\":{\"@id\":\"https:\\\/\\\/darkamazi.info\\\/#organization\"},\"potentialAction\":[{\"@type\":\"SearchAction\",\"target\":{\"@type\":\"EntryPoint\",\"urlTemplate\":\"https:\\\/\\\/darkamazi.info\\\/?s={search_term_string}\"},\"query-input\":{\"@type\":\"PropertyValueSpecification\",\"valueRequired\":true,\"valueName\":\"search_term_string\"}}],\"inLanguage\":\"en-US\"},{\"@type\":\"Organization\",\"@id\":\"https:\\\/\\\/darkamazi.info\\\/#organization\",\"name\":\"Darka Maz\u00ee\",\"url\":\"https:\\\/\\\/darkamazi.info\\\/\",\"logo\":{\"@type\":\"ImageObject\",\"inLanguage\":\"en-US\",\"@id\":\"https:\\\/\\\/darkamazi.info\\\/#\\\/schema\\\/logo\\\/image\\\/\",\"url\":\"https:\\\/\\\/darkamazi.info\\\/darka-content\\\/uploads\\\/2017\\\/12\\\/darka-mazi-logo.png\",\"contentUrl\":\"https:\\\/\\\/darkamazi.info\\\/darka-content\\\/uploads\\\/2017\\\/12\\\/darka-mazi-logo.png\",\"width\":151,\"height\":75,\"caption\":\"Darka Maz\u00ee\"},\"image\":{\"@id\":\"https:\\\/\\\/darkamazi.info\\\/#\\\/schema\\\/logo\\\/image\\\/\"},\"sameAs\":[\"https:\\\/\\\/www.facebook.com\\\/DarMaziKurmanci\",\"https:\\\/\\\/x.com\\\/DarkaMaziLatini\",\"https:\\\/\\\/www.instagram.com\\\/darkamazi.kurmanci\\\/\",\"https:\\\/\\\/www.youtube.com\\\/channel\\\/UCa5HkTdmI8U1qCUFuTw8B2g\"]},{\"@type\":\"Person\",\"@id\":\"https:\\\/\\\/darkamazi.info\\\/#\\\/schema\\\/person\\\/5ad3e24553a0567993fa8ed4bd0a776c\",\"name\":\"darka mazi\",\"sameAs\":[\"https:\\\/\\\/darkamazi.info\\\/\"],\"url\":\"https:\\\/\\\/darkamazi.info\\\/archives\\\/author\\\/kurdi\"}]}<\/script>\n<!-- \/ Yoast SEO plugin. -->","seo_head_json":{"title":"Fidan bo Iraq\u00e7\u00ee: Binp\u00eakirina asman\u00ea Tirkiyey\u00ea nay\u00ea qeb\u00fblkirin - Darka Maz\u00ee","robots":{"index":"index","follow":"follow","max-snippet":"max-snippet:-1","max-image-preview":"max-image-preview:large","max-video-preview":"max-video-preview:-1"},"canonical":"https:\/\/darkamazi.info\/archives\/1052030","og_locale":"en_US","og_type":"article","og_title":"Fidan bo Iraq\u00e7\u00ee: Binp\u00eakirina asman\u00ea Tirkiyey\u00ea nay\u00ea qeb\u00fblkirin - Darka Maz\u00ee","og_description":"Wez\u00eer\u00ea Derve y\u00ea Tirkiyey\u00ea Hakan Fidan di peywendiyeke telefon\u00ee de bi Wez\u00eer\u00ea Derve y\u00ea \u00ceran\u00ea Ebas Iraq\u00e7\u00ee re haydar\u00ee da ku, welat\u00ea w\u00ee binp\u00eakirina asman\u00ea Tirkiyey\u00ea bi tu awayek\u00ee qeb\u00fbl nake. Ajansa ferm\u00ee ya n\u00fb\u00e7eyan a Tirkiyey\u00ea ji \u00e7avkaniy\u00ean Wezareta Derve ragihand ku, Hakan Fidan di peywendiyeke telefon\u00ee de bi Ebas Iraq\u00e7\u00ee re tekez li [&hellip;]","og_url":"https:\/\/darkamazi.info\/archives\/1052030","og_site_name":"Darka Maz\u00ee","article_publisher":"https:\/\/www.facebook.com\/DarMaziKurmanci","article_published_time":"2026-03-10T15:16:55+00:00","og_image":[{"width":900,"height":500,"url":"https:\/\/darkamazi.info\/file\/2026\/03\/Fidan.jpg","type":"image\/jpeg"}],"author":"darka mazi","twitter_card":"summary_large_image","twitter_creator":"@DarkaMaziLatini","twitter_site":"@DarkaMaziLatini","twitter_misc":{"Written by":"darka mazi","Est. reading time":"2 minutes"},"schema":{"@context":"https:\/\/schema.org","@graph":[{"@type":"Article","@id":"https:\/\/darkamazi.info\/archives\/1052030#article","isPartOf":{"@id":"https:\/\/darkamazi.info\/archives\/1052030"},"author":{"name":"darka mazi","@id":"https:\/\/darkamazi.info\/#\/schema\/person\/5ad3e24553a0567993fa8ed4bd0a776c"},"headline":"Fidan bo Iraq\u00e7\u00ee: Binp\u00eakirina asman\u00ea Tirkiyey\u00ea nay\u00ea qeb\u00fblkirin","datePublished":"2026-03-10T15:16:55+00:00","mainEntityOfPage":{"@id":"https:\/\/darkamazi.info\/archives\/1052030"},"wordCount":383,"publisher":{"@id":"https:\/\/darkamazi.info\/#organization"},"image":{"@id":"https:\/\/darkamazi.info\/archives\/1052030#primaryimage"},"thumbnailUrl":"https:\/\/darkamazi.info\/file\/2026\/03\/Fidan.jpg","articleSection":["Rojhelata nav\u00een"],"inLanguage":"en-US"},{"@type":"WebPage","@id":"https:\/\/darkamazi.info\/archives\/1052030","url":"https:\/\/darkamazi.info\/archives\/1052030","name":"Fidan bo Iraq\u00e7\u00ee: Binp\u00eakirina asman\u00ea Tirkiyey\u00ea nay\u00ea qeb\u00fblkirin - Darka Maz\u00ee","isPartOf":{"@id":"https:\/\/darkamazi.info\/#website"},"primaryImageOfPage":{"@id":"https:\/\/darkamazi.info\/archives\/1052030#primaryimage"},"image":{"@id":"https:\/\/darkamazi.info\/archives\/1052030#primaryimage"},"thumbnailUrl":"https:\/\/darkamazi.info\/file\/2026\/03\/Fidan.jpg","datePublished":"2026-03-10T15:16:55+00:00","breadcrumb":{"@id":"https:\/\/darkamazi.info\/archives\/1052030#breadcrumb"},"inLanguage":"en-US","potentialAction":[{"@type":"ReadAction","target":["https:\/\/darkamazi.info\/archives\/1052030"]}]},{"@type":"ImageObject","inLanguage":"en-US","@id":"https:\/\/darkamazi.info\/archives\/1052030#primaryimage","url":"https:\/\/darkamazi.info\/file\/2026\/03\/Fidan.jpg","contentUrl":"https:\/\/darkamazi.info\/file\/2026\/03\/Fidan.jpg","width":900,"height":500,"caption":"Fidan bo Iraq\u00e7\u00ee: Binp\u00eakirina asman\u00ea Tirkiyey\u00ea nay\u00ea qeb\u00fblkirin"},{"@type":"BreadcrumbList","@id":"https:\/\/darkamazi.info\/archives\/1052030#breadcrumb","itemListElement":[{"@type":"ListItem","position":1,"name":"Home","item":"https:\/\/darkamazi.info\/"},{"@type":"ListItem","position":2,"name":"Fidan bo Iraq\u00e7\u00ee: Binp\u00eakirina asman\u00ea Tirkiyey\u00ea nay\u00ea qeb\u00fblkirin"}]},{"@type":"WebSite","@id":"https:\/\/darkamazi.info\/#website","url":"https:\/\/darkamazi.info\/","name":"Darka Maz\u00ee","description":"P\u00eageha Zanyariy\u00ean Nebih\u00eest\u00ee","publisher":{"@id":"https:\/\/darkamazi.info\/#organization"},"potentialAction":[{"@type":"SearchAction","target":{"@type":"EntryPoint","urlTemplate":"https:\/\/darkamazi.info\/?s={search_term_string}"},"query-input":{"@type":"PropertyValueSpecification","valueRequired":true,"valueName":"search_term_string"}}],"inLanguage":"en-US"},{"@type":"Organization","@id":"https:\/\/darkamazi.info\/#organization","name":"Darka Maz\u00ee","url":"https:\/\/darkamazi.info\/","logo":{"@type":"ImageObject","inLanguage":"en-US","@id":"https:\/\/darkamazi.info\/#\/schema\/logo\/image\/","url":"https:\/\/darkamazi.info\/file\/2017\/12\/darka-mazi-logo.png","contentUrl":"https:\/\/darkamazi.info\/file\/2017\/12\/darka-mazi-logo.png","width":151,"height":75,"caption":"Darka Maz\u00ee"},"image":{"@id":"https:\/\/darkamazi.info\/#\/schema\/logo\/image\/"},"sameAs":["https:\/\/www.facebook.com\/DarMaziKurmanci","https:\/\/x.com\/DarkaMaziLatini","https:\/\/www.instagram.com\/darkamazi.kurmanci\/","https:\/\/www.youtube.com\/channel\/UCa5HkTdmI8U1qCUFuTw8B2g"]},{"@type":"Person","@id":"https:\/\/darkamazi.info\/#\/schema\/person\/5ad3e24553a0567993fa8ed4bd0a776c","name":"darka mazi","sameAs":["https:\/\/darkamazi.info\/"],"url":"https:\/\/darkamazi.info\/archives\/author\/kurdi"}]}},"_links":{"self":[{"href":"https:\/\/darkamazi.info\/funavuv\/wp\/v2\/posts\/1052030","targetHints":{"allow":["GET"]}}],"collection":[{"href":"https:\/\/darkamazi.info\/funavuv\/wp\/v2\/posts"}],"about":[{"href":"https:\/\/darkamazi.info\/funavuv\/wp\/v2\/types\/post"}],"author":[{"embeddable":true,"href":"https:\/\/darkamazi.info\/funavuv\/wp\/v2\/users\/2"}],"replies":[{"embeddable":true,"href":"https:\/\/darkamazi.info\/funavuv\/wp\/v2\/comments?post=1052030"}],"version-history":[{"count":0,"href":"https:\/\/darkamazi.info\/funavuv\/wp\/v2\/posts\/1052030\/revisions"}],"wp:featuredmedia":[{"embeddable":true,"href":"https:\/\/darkamazi.info\/funavuv\/wp\/v2\/media\/1052031"}],"wp:attachment":[{"href":"https:\/\/darkamazi.info\/funavuv\/wp\/v2\/media?parent=1052030"}],"wp:term":[{"taxonomy":"category","embeddable":true,"href":"https:\/\/darkamazi.info\/funavuv\/wp\/v2\/categories?post=1052030"},{"taxonomy":"post_tag","embeddable":true,"href":"https:\/\/darkamazi.info\/funavuv\/wp\/v2\/tags?post=1052030"}],"curies":[{"name":"wp","href":"https:\/\/api.w.org\/{rel}","templated":true}]}}