{"id":1052033,"date":"2026-03-10T19:01:15","date_gmt":"2026-03-10T16:01:15","guid":{"rendered":"https:\/\/darkamazi.info\/?p=1052033"},"modified":"2026-03-10T19:07:31","modified_gmt":"2026-03-10T16:07:31","slug":"kustina-ciwaneki-kurd-di-bin-eskenceye-de-pisti-girtina-wi-ji-aliye-cekdaren-pyde-ve-li-qamislo","status":"publish","type":"post","link":"https:\/\/darkamazi.info\/archives\/1052033","title":{"rendered":"Ku\u015ftina ciwanek\u00ee Kurd di bin \u00ea\u015fkencey\u00ea de pi\u015ft\u00ee girtina w\u00ee ji aliy\u00ea \u00e7ekdar\u00ean PYD\u2019\u00ea ve li Qami\u015flo"},"content":{"rendered":"<h3 style=\"text-align: justify\"><span style=\"font-family: 'arial black', sans-serif\">Malbata ciwan\u00ea bi nav\u00ea Ela Ednan Em\u00een, ku welatiyek\u00ee Sw\u00ead\u00ee y\u00ea bi esl\u00ea xwe Kurd\u00ea S\u00fbriy\u00ea ye \u00fb 33 sal\u00ee ye, ragihand ku kur\u00ea wan pi\u015ft\u00ee \u00e7end mehan ji girtina w\u00ee li bajar\u00ea Qami\u015flo y\u00ea li Kurdistana S\u00fbriy\u00ea jiyana xwe ji dest daye. Malbat\u00ea \u00e7ekdar\u00ean Partiya Yek\u00eetiya Demokrat (PYD) tawanbar kirin ku b\u00fbne sedema mirina w\u00ee di bin \u00ea\u015fkencey\u00ea de.<\/span><\/h3>\n<h3 style=\"text-align: justify\">Li gor\u00ee agahiy\u00ean ku xwi\u015fka w\u00ee dane, h\u00eazeke ewlehiy\u00ea ya ji \u00e7end endaman p\u00eak dihat, di 18\u00ea \u00celona bor\u00ee de saet di yek\u00ea \u015fev\u00ea de bi ser mala wan de girtiye. \u00c7ekdar\u00ean r\u00fbp\u00ea\u00e7kir\u00ee ji eywan \u00fb pencereyan re derbas\u00ee mal\u00ea b\u00fbne \u00fb Ela kelep\u00e7e kirine, b\u00eay\u00ee ku sedema girtina w\u00ee ji malbat\u00ea re e\u015fkere bikin.<\/h3>\n<h3 style=\"text-align: justify\">Her wiha w\u00ea an\u00ee ziman ku malbat\u00ea pi\u015ft\u00ee b\u00fbyer\u00ea hewl daye li gelek navend\u00ean ewlehiy\u00ea sora\u00e7 \u00fb agahiyan li ser \u00e7aren\u00fbsa w\u00ee bigire, l\u00ea di destp\u00eak\u00ea de aliy\u00ean t\u00eakildar heb\u00fbna w\u00ee li cem xwe red kirin. Pi\u015ft\u00ee n\u00ee\u015fandana d\u00eemenek\u00ee v\u00eedyoy\u00ee ku erebey\u00ean be\u015fdar\u00ee girtina w\u00ee b\u00fbne belge dike, pi\u015ftre ji malbat\u00ea re hat ragihandin ku ew ji bo l\u00eapirs\u00een\u00ea hatiye girtin, l\u00ea tu agahiy\u00ean z\u00eade li ser rew\u015fa w\u00ee nedan.<\/h3>\n<h3 style=\"text-align: justify\">Li gor\u00ee xwi\u015fka w\u00ee, malbat\u00ea hewl daye par\u00eazeran ji bo \u015fopandina doz\u00ea bigire, l\u00ea hem\u00fb hewildan b\u00eaencam mane; par\u00eazeran red kirine ku doz\u00ea bigirin ji ber ku doz gir\u00eaday\u00ee dezgeh\u00ean \u00eest\u00eexbarat\u00ea ye. Her wiha diyar kir ku hinek kes\u00ean ku xwestine li ser doz\u00ea bipirsin, bi girtin\u00ea hatine tehd\u00eetkirin.<\/h3>\n<h3 style=\"text-align: justify\">Di 8\u00ea Adara \u00eesal de, bave Ela ji hejmareke navnetewey\u00ee telefon\u00ee w\u00ee hat kirin \u00fb j\u00ea hat xwestin ku bi\u00e7e bajar\u00ea Hesek\u00ea ji bo wergirtina kur\u00ea xwe, pi\u015ftre j\u00ea hat xwestin ku bi\u00e7e Nexwe\u015fxaneya Ni\u015ftiman\u00ee ya li wir. Dema d\u00ea \u00fb bav gih\u00ee\u015ftin nexwe\u015fxaney\u00ea, cenazey\u00ea w\u00ee di odeyek\u00ea de d\u00eetin.<\/h3>\n<h3 style=\"text-align: justify\">Malbat\u00ea diyar kir ku raporta bij\u00ee\u015fk\u00ee ya ku ji wan re hat\u00ee day\u00een n\u00ee\u015fan dide ku mirin di 16\u00ea \u00c7ileya bor\u00ee de ji ber kr\u00eeza dil \u00e7\u00eab\u00fbye, l\u00ea endam\u00ean malbat\u00ea tekez kirin ku \u015fop\u00ean l\u00eadan \u00fb \u00ea\u015fkencey\u00ea bi awayek\u00ee e\u015fkere li ser la\u015f\u00ea w\u00ee heb\u00fbn. V\u00ea yek\u00ea hi\u015ft ku ew cenaze veguh\u00eazin nexwe\u015fxaneyeke taybet li Qami\u015flo da ku rapora tib\u00ee (otops\u00ee) sedema rast\u00ee ya mirin\u00ea \u00fb d\u00eeroka w\u00ea bi h\u00fbrgul\u00ee diyar bike.<\/h3>\n<h3 style=\"text-align: justify\">Elaed\u00een beriya n\u00eaz\u00ee 15 salan ji S\u00fbriy\u00ea ber bi Sw\u00ead\u00ea ve \u00e7\u00fbb\u00fb, sala par vegeriya Qami\u015flo \u00fb di Sibata 2025an de zewic\u00eeb\u00fb. Malbat\u00ea daxwaz ji rayedar\u00ean Sw\u00ead\u00ea kir ku derbar\u00ea \u015fert \u00fb merc\u00ean mirina w\u00ee de l\u00eapirs\u00eeneke ferm\u00ee bidin destp\u00eakirin \u00fb berpirsan ceza bikin.<\/h3>\n<h3 style=\"text-align: justify\">Li aliy\u00ea din, heta niha ji aliy\u00ea h\u00eaz\u00ean Asay\u00ee\u015f\u00ea yan j\u00ee wezareta derve ya Sw\u00ead\u00ea ve tu daxuyaniyeke ferm\u00ee li ser v\u00ea b\u00fbyer\u00ea nehatiye day\u00een.<\/h3>\n","protected":false},"excerpt":{"rendered":"<p>Malbata ciwan\u00ea bi nav\u00ea Ela Ednan Em\u00een, ku welatiyek\u00ee Sw\u00ead\u00ee y\u00ea bi esl\u00ea xwe Kurd\u00ea S\u00fbriy\u00ea ye \u00fb 33 sal\u00ee ye, ragihand ku kur\u00ea wan pi\u015ft\u00ee \u00e7end mehan ji girtina w\u00ee li bajar\u00ea Qami\u015flo y\u00ea li Kurdistana S\u00fbriy\u00ea jiyana xwe ji dest daye. Malbat\u00ea \u00e7ekdar\u00ean Partiya Yek\u00eetiya Demokrat (PYD) tawanbar kirin ku b\u00fbne sedema mirina [&hellip;]<\/p>\n","protected":false},"author":2,"featured_media":1052034,"comment_status":"closed","ping_status":"closed","sticky":false,"template":"","format":"standard","meta":{"footnotes":""},"categories":[29],"tags":[37],"class_list":["post-1052033","post","type-post","status-publish","format-standard","has-post-thumbnail","hentry","category-kurdistan","tag-sereke"],"blocksy_meta":[],"seo_head":"<!-- This site is optimized with the Yoast SEO plugin v27.5 - https:\/\/yoast.com\/product\/yoast-seo-wordpress\/ -->\n<title>Ku\u015ftina ciwanek\u00ee Kurd di bin \u00ea\u015fkencey\u00ea de pi\u015ft\u00ee girtina w\u00ee ji aliy\u00ea \u00e7ekdar\u00ean PYD\u2019\u00ea ve li Qami\u015flo - Darka Maz\u00ee<\/title>\n<meta name=\"robots\" content=\"index, follow, max-snippet:-1, max-image-preview:large, max-video-preview:-1\" \/>\n<link rel=\"canonical\" href=\"https:\/\/darkamazi.info\/archives\/1052033\" \/>\n<meta property=\"og:locale\" content=\"en_US\" \/>\n<meta property=\"og:type\" content=\"article\" \/>\n<meta property=\"og:title\" content=\"Ku\u015ftina ciwanek\u00ee Kurd di bin \u00ea\u015fkencey\u00ea de pi\u015ft\u00ee girtina w\u00ee ji aliy\u00ea \u00e7ekdar\u00ean PYD\u2019\u00ea ve li Qami\u015flo - Darka Maz\u00ee\" \/>\n<meta property=\"og:description\" content=\"Malbata ciwan\u00ea bi nav\u00ea Ela Ednan Em\u00een, ku welatiyek\u00ee Sw\u00ead\u00ee y\u00ea bi esl\u00ea xwe Kurd\u00ea S\u00fbriy\u00ea ye \u00fb 33 sal\u00ee ye, ragihand ku kur\u00ea wan pi\u015ft\u00ee \u00e7end mehan ji girtina w\u00ee li bajar\u00ea Qami\u015flo y\u00ea li Kurdistana S\u00fbriy\u00ea jiyana xwe ji dest daye. Malbat\u00ea \u00e7ekdar\u00ean Partiya Yek\u00eetiya Demokrat (PYD) tawanbar kirin ku b\u00fbne sedema mirina [&hellip;]\" \/>\n<meta property=\"og:url\" content=\"https:\/\/darkamazi.info\/archives\/1052033\" \/>\n<meta property=\"og:site_name\" content=\"Darka Maz\u00ee\" \/>\n<meta property=\"article:publisher\" content=\"https:\/\/www.facebook.com\/DarMaziKurmanci\" \/>\n<meta property=\"article:published_time\" content=\"2026-03-10T16:01:15+00:00\" \/>\n<meta property=\"article:modified_time\" content=\"2026-03-10T16:07:31+00:00\" \/>\n<meta property=\"og:image\" content=\"https:\/\/darkamazi.info\/file\/2026\/03\/ela.jpg\" \/>\n\t<meta property=\"og:image:width\" content=\"900\" \/>\n\t<meta property=\"og:image:height\" content=\"497\" \/>\n\t<meta property=\"og:image:type\" content=\"image\/jpeg\" \/>\n<meta name=\"author\" content=\"darka mazi\" \/>\n<meta name=\"twitter:card\" content=\"summary_large_image\" \/>\n<meta name=\"twitter:creator\" content=\"@DarkaMaziLatini\" \/>\n<meta name=\"twitter:site\" content=\"@DarkaMaziLatini\" \/>\n<meta name=\"twitter:label1\" content=\"Written by\" \/>\n\t<meta name=\"twitter:data1\" content=\"darka mazi\" \/>\n\t<meta name=\"twitter:label2\" content=\"Est. reading time\" \/>\n\t<meta name=\"twitter:data2\" content=\"3 minutes\" \/>\n<script type=\"application\/ld+json\" class=\"seo-schema-graph\">{\"@context\":\"https:\\\/\\\/schema.org\",\"@graph\":[{\"@type\":\"Article\",\"@id\":\"https:\\\/\\\/darkamazi.info\\\/archives\\\/1052033#article\",\"isPartOf\":{\"@id\":\"https:\\\/\\\/darkamazi.info\\\/archives\\\/1052033\"},\"author\":{\"name\":\"darka mazi\",\"@id\":\"https:\\\/\\\/darkamazi.info\\\/#\\\/schema\\\/person\\\/5ad3e24553a0567993fa8ed4bd0a776c\"},\"headline\":\"Ku\u015ftina ciwanek\u00ee Kurd di bin \u00ea\u015fkencey\u00ea de pi\u015ft\u00ee girtina w\u00ee ji aliy\u00ea \u00e7ekdar\u00ean PYD\u2019\u00ea ve li Qami\u015flo\",\"datePublished\":\"2026-03-10T16:01:15+00:00\",\"dateModified\":\"2026-03-10T16:07:31+00:00\",\"mainEntityOfPage\":{\"@id\":\"https:\\\/\\\/darkamazi.info\\\/archives\\\/1052033\"},\"wordCount\":521,\"publisher\":{\"@id\":\"https:\\\/\\\/darkamazi.info\\\/#organization\"},\"image\":{\"@id\":\"https:\\\/\\\/darkamazi.info\\\/archives\\\/1052033#primaryimage\"},\"thumbnailUrl\":\"https:\\\/\\\/darkamazi.info\\\/darka-content\\\/uploads\\\/2026\\\/03\\\/ela.jpg\",\"keywords\":[\"sereke\"],\"articleSection\":[\"Kurdistan\"],\"inLanguage\":\"en-US\"},{\"@type\":\"WebPage\",\"@id\":\"https:\\\/\\\/darkamazi.info\\\/archives\\\/1052033\",\"url\":\"https:\\\/\\\/darkamazi.info\\\/archives\\\/1052033\",\"name\":\"Ku\u015ftina ciwanek\u00ee Kurd di bin \u00ea\u015fkencey\u00ea de pi\u015ft\u00ee girtina w\u00ee ji aliy\u00ea \u00e7ekdar\u00ean PYD\u2019\u00ea ve li Qami\u015flo - Darka Maz\u00ee\",\"isPartOf\":{\"@id\":\"https:\\\/\\\/darkamazi.info\\\/#website\"},\"primaryImageOfPage\":{\"@id\":\"https:\\\/\\\/darkamazi.info\\\/archives\\\/1052033#primaryimage\"},\"image\":{\"@id\":\"https:\\\/\\\/darkamazi.info\\\/archives\\\/1052033#primaryimage\"},\"thumbnailUrl\":\"https:\\\/\\\/darkamazi.info\\\/darka-content\\\/uploads\\\/2026\\\/03\\\/ela.jpg\",\"datePublished\":\"2026-03-10T16:01:15+00:00\",\"dateModified\":\"2026-03-10T16:07:31+00:00\",\"breadcrumb\":{\"@id\":\"https:\\\/\\\/darkamazi.info\\\/archives\\\/1052033#breadcrumb\"},\"inLanguage\":\"en-US\",\"potentialAction\":[{\"@type\":\"ReadAction\",\"target\":[\"https:\\\/\\\/darkamazi.info\\\/archives\\\/1052033\"]}]},{\"@type\":\"ImageObject\",\"inLanguage\":\"en-US\",\"@id\":\"https:\\\/\\\/darkamazi.info\\\/archives\\\/1052033#primaryimage\",\"url\":\"https:\\\/\\\/darkamazi.info\\\/darka-content\\\/uploads\\\/2026\\\/03\\\/ela.jpg\",\"contentUrl\":\"https:\\\/\\\/darkamazi.info\\\/darka-content\\\/uploads\\\/2026\\\/03\\\/ela.jpg\",\"width\":900,\"height\":497,\"caption\":\"Ku\u015ftina ciwanek\u00ee Kurd di bin \u00ea\u015fkencey\u00ea de pi\u015ft\u00ee girtina w\u00ee ji aliy\u00ea \u00e7ekdar\u00ean PYD\u2019\u00ea ve li Qami\u015flo\"},{\"@type\":\"BreadcrumbList\",\"@id\":\"https:\\\/\\\/darkamazi.info\\\/archives\\\/1052033#breadcrumb\",\"itemListElement\":[{\"@type\":\"ListItem\",\"position\":1,\"name\":\"Home\",\"item\":\"https:\\\/\\\/darkamazi.info\\\/\"},{\"@type\":\"ListItem\",\"position\":2,\"name\":\"Ku\u015ftina ciwanek\u00ee Kurd di bin \u00ea\u015fkencey\u00ea de pi\u015ft\u00ee girtina w\u00ee ji aliy\u00ea \u00e7ekdar\u00ean PYD\u2019\u00ea ve li Qami\u015flo\"}]},{\"@type\":\"WebSite\",\"@id\":\"https:\\\/\\\/darkamazi.info\\\/#website\",\"url\":\"https:\\\/\\\/darkamazi.info\\\/\",\"name\":\"Darka Maz\u00ee\",\"description\":\"P\u00eageha Zanyariy\u00ean Nebih\u00eest\u00ee\",\"publisher\":{\"@id\":\"https:\\\/\\\/darkamazi.info\\\/#organization\"},\"potentialAction\":[{\"@type\":\"SearchAction\",\"target\":{\"@type\":\"EntryPoint\",\"urlTemplate\":\"https:\\\/\\\/darkamazi.info\\\/?s={search_term_string}\"},\"query-input\":{\"@type\":\"PropertyValueSpecification\",\"valueRequired\":true,\"valueName\":\"search_term_string\"}}],\"inLanguage\":\"en-US\"},{\"@type\":\"Organization\",\"@id\":\"https:\\\/\\\/darkamazi.info\\\/#organization\",\"name\":\"Darka Maz\u00ee\",\"url\":\"https:\\\/\\\/darkamazi.info\\\/\",\"logo\":{\"@type\":\"ImageObject\",\"inLanguage\":\"en-US\",\"@id\":\"https:\\\/\\\/darkamazi.info\\\/#\\\/schema\\\/logo\\\/image\\\/\",\"url\":\"https:\\\/\\\/darkamazi.info\\\/darka-content\\\/uploads\\\/2017\\\/12\\\/darka-mazi-logo.png\",\"contentUrl\":\"https:\\\/\\\/darkamazi.info\\\/darka-content\\\/uploads\\\/2017\\\/12\\\/darka-mazi-logo.png\",\"width\":151,\"height\":75,\"caption\":\"Darka Maz\u00ee\"},\"image\":{\"@id\":\"https:\\\/\\\/darkamazi.info\\\/#\\\/schema\\\/logo\\\/image\\\/\"},\"sameAs\":[\"https:\\\/\\\/www.facebook.com\\\/DarMaziKurmanci\",\"https:\\\/\\\/x.com\\\/DarkaMaziLatini\",\"https:\\\/\\\/www.instagram.com\\\/darkamazi.kurmanci\\\/\",\"https:\\\/\\\/www.youtube.com\\\/channel\\\/UCa5HkTdmI8U1qCUFuTw8B2g\"]},{\"@type\":\"Person\",\"@id\":\"https:\\\/\\\/darkamazi.info\\\/#\\\/schema\\\/person\\\/5ad3e24553a0567993fa8ed4bd0a776c\",\"name\":\"darka mazi\",\"sameAs\":[\"https:\\\/\\\/darkamazi.info\\\/\"],\"url\":\"https:\\\/\\\/darkamazi.info\\\/archives\\\/author\\\/kurdi\"}]}<\/script>\n<!-- \/ Yoast SEO plugin. -->","seo_head_json":{"title":"Ku\u015ftina ciwanek\u00ee Kurd di bin \u00ea\u015fkencey\u00ea de pi\u015ft\u00ee girtina w\u00ee ji aliy\u00ea \u00e7ekdar\u00ean PYD\u2019\u00ea ve li Qami\u015flo - Darka Maz\u00ee","robots":{"index":"index","follow":"follow","max-snippet":"max-snippet:-1","max-image-preview":"max-image-preview:large","max-video-preview":"max-video-preview:-1"},"canonical":"https:\/\/darkamazi.info\/archives\/1052033","og_locale":"en_US","og_type":"article","og_title":"Ku\u015ftina ciwanek\u00ee Kurd di bin \u00ea\u015fkencey\u00ea de pi\u015ft\u00ee girtina w\u00ee ji aliy\u00ea \u00e7ekdar\u00ean PYD\u2019\u00ea ve li Qami\u015flo - Darka Maz\u00ee","og_description":"Malbata ciwan\u00ea bi nav\u00ea Ela Ednan Em\u00een, ku welatiyek\u00ee Sw\u00ead\u00ee y\u00ea bi esl\u00ea xwe Kurd\u00ea S\u00fbriy\u00ea ye \u00fb 33 sal\u00ee ye, ragihand ku kur\u00ea wan pi\u015ft\u00ee \u00e7end mehan ji girtina w\u00ee li bajar\u00ea Qami\u015flo y\u00ea li Kurdistana S\u00fbriy\u00ea jiyana xwe ji dest daye. Malbat\u00ea \u00e7ekdar\u00ean Partiya Yek\u00eetiya Demokrat (PYD) tawanbar kirin ku b\u00fbne sedema mirina [&hellip;]","og_url":"https:\/\/darkamazi.info\/archives\/1052033","og_site_name":"Darka Maz\u00ee","article_publisher":"https:\/\/www.facebook.com\/DarMaziKurmanci","article_published_time":"2026-03-10T16:01:15+00:00","article_modified_time":"2026-03-10T16:07:31+00:00","og_image":[{"width":900,"height":497,"url":"https:\/\/darkamazi.info\/file\/2026\/03\/ela.jpg","type":"image\/jpeg"}],"author":"darka mazi","twitter_card":"summary_large_image","twitter_creator":"@DarkaMaziLatini","twitter_site":"@DarkaMaziLatini","twitter_misc":{"Written by":"darka mazi","Est. reading time":"3 minutes"},"schema":{"@context":"https:\/\/schema.org","@graph":[{"@type":"Article","@id":"https:\/\/darkamazi.info\/archives\/1052033#article","isPartOf":{"@id":"https:\/\/darkamazi.info\/archives\/1052033"},"author":{"name":"darka mazi","@id":"https:\/\/darkamazi.info\/#\/schema\/person\/5ad3e24553a0567993fa8ed4bd0a776c"},"headline":"Ku\u015ftina ciwanek\u00ee Kurd di bin \u00ea\u015fkencey\u00ea de pi\u015ft\u00ee girtina w\u00ee ji aliy\u00ea \u00e7ekdar\u00ean PYD\u2019\u00ea ve li Qami\u015flo","datePublished":"2026-03-10T16:01:15+00:00","dateModified":"2026-03-10T16:07:31+00:00","mainEntityOfPage":{"@id":"https:\/\/darkamazi.info\/archives\/1052033"},"wordCount":521,"publisher":{"@id":"https:\/\/darkamazi.info\/#organization"},"image":{"@id":"https:\/\/darkamazi.info\/archives\/1052033#primaryimage"},"thumbnailUrl":"https:\/\/darkamazi.info\/file\/2026\/03\/ela.jpg","keywords":["sereke"],"articleSection":["Kurdistan"],"inLanguage":"en-US"},{"@type":"WebPage","@id":"https:\/\/darkamazi.info\/archives\/1052033","url":"https:\/\/darkamazi.info\/archives\/1052033","name":"Ku\u015ftina ciwanek\u00ee Kurd di bin \u00ea\u015fkencey\u00ea de pi\u015ft\u00ee girtina w\u00ee ji aliy\u00ea \u00e7ekdar\u00ean PYD\u2019\u00ea ve li Qami\u015flo - Darka Maz\u00ee","isPartOf":{"@id":"https:\/\/darkamazi.info\/#website"},"primaryImageOfPage":{"@id":"https:\/\/darkamazi.info\/archives\/1052033#primaryimage"},"image":{"@id":"https:\/\/darkamazi.info\/archives\/1052033#primaryimage"},"thumbnailUrl":"https:\/\/darkamazi.info\/file\/2026\/03\/ela.jpg","datePublished":"2026-03-10T16:01:15+00:00","dateModified":"2026-03-10T16:07:31+00:00","breadcrumb":{"@id":"https:\/\/darkamazi.info\/archives\/1052033#breadcrumb"},"inLanguage":"en-US","potentialAction":[{"@type":"ReadAction","target":["https:\/\/darkamazi.info\/archives\/1052033"]}]},{"@type":"ImageObject","inLanguage":"en-US","@id":"https:\/\/darkamazi.info\/archives\/1052033#primaryimage","url":"https:\/\/darkamazi.info\/file\/2026\/03\/ela.jpg","contentUrl":"https:\/\/darkamazi.info\/file\/2026\/03\/ela.jpg","width":900,"height":497,"caption":"Ku\u015ftina ciwanek\u00ee Kurd di bin \u00ea\u015fkencey\u00ea de pi\u015ft\u00ee girtina w\u00ee ji aliy\u00ea \u00e7ekdar\u00ean PYD\u2019\u00ea ve li Qami\u015flo"},{"@type":"BreadcrumbList","@id":"https:\/\/darkamazi.info\/archives\/1052033#breadcrumb","itemListElement":[{"@type":"ListItem","position":1,"name":"Home","item":"https:\/\/darkamazi.info\/"},{"@type":"ListItem","position":2,"name":"Ku\u015ftina ciwanek\u00ee Kurd di bin \u00ea\u015fkencey\u00ea de pi\u015ft\u00ee girtina w\u00ee ji aliy\u00ea \u00e7ekdar\u00ean PYD\u2019\u00ea ve li Qami\u015flo"}]},{"@type":"WebSite","@id":"https:\/\/darkamazi.info\/#website","url":"https:\/\/darkamazi.info\/","name":"Darka Maz\u00ee","description":"P\u00eageha Zanyariy\u00ean Nebih\u00eest\u00ee","publisher":{"@id":"https:\/\/darkamazi.info\/#organization"},"potentialAction":[{"@type":"SearchAction","target":{"@type":"EntryPoint","urlTemplate":"https:\/\/darkamazi.info\/?s={search_term_string}"},"query-input":{"@type":"PropertyValueSpecification","valueRequired":true,"valueName":"search_term_string"}}],"inLanguage":"en-US"},{"@type":"Organization","@id":"https:\/\/darkamazi.info\/#organization","name":"Darka Maz\u00ee","url":"https:\/\/darkamazi.info\/","logo":{"@type":"ImageObject","inLanguage":"en-US","@id":"https:\/\/darkamazi.info\/#\/schema\/logo\/image\/","url":"https:\/\/darkamazi.info\/file\/2017\/12\/darka-mazi-logo.png","contentUrl":"https:\/\/darkamazi.info\/file\/2017\/12\/darka-mazi-logo.png","width":151,"height":75,"caption":"Darka Maz\u00ee"},"image":{"@id":"https:\/\/darkamazi.info\/#\/schema\/logo\/image\/"},"sameAs":["https:\/\/www.facebook.com\/DarMaziKurmanci","https:\/\/x.com\/DarkaMaziLatini","https:\/\/www.instagram.com\/darkamazi.kurmanci\/","https:\/\/www.youtube.com\/channel\/UCa5HkTdmI8U1qCUFuTw8B2g"]},{"@type":"Person","@id":"https:\/\/darkamazi.info\/#\/schema\/person\/5ad3e24553a0567993fa8ed4bd0a776c","name":"darka mazi","sameAs":["https:\/\/darkamazi.info\/"],"url":"https:\/\/darkamazi.info\/archives\/author\/kurdi"}]}},"_links":{"self":[{"href":"https:\/\/darkamazi.info\/funavuv\/wp\/v2\/posts\/1052033","targetHints":{"allow":["GET"]}}],"collection":[{"href":"https:\/\/darkamazi.info\/funavuv\/wp\/v2\/posts"}],"about":[{"href":"https:\/\/darkamazi.info\/funavuv\/wp\/v2\/types\/post"}],"author":[{"embeddable":true,"href":"https:\/\/darkamazi.info\/funavuv\/wp\/v2\/users\/2"}],"replies":[{"embeddable":true,"href":"https:\/\/darkamazi.info\/funavuv\/wp\/v2\/comments?post=1052033"}],"version-history":[{"count":0,"href":"https:\/\/darkamazi.info\/funavuv\/wp\/v2\/posts\/1052033\/revisions"}],"wp:featuredmedia":[{"embeddable":true,"href":"https:\/\/darkamazi.info\/funavuv\/wp\/v2\/media\/1052034"}],"wp:attachment":[{"href":"https:\/\/darkamazi.info\/funavuv\/wp\/v2\/media?parent=1052033"}],"wp:term":[{"taxonomy":"category","embeddable":true,"href":"https:\/\/darkamazi.info\/funavuv\/wp\/v2\/categories?post=1052033"},{"taxonomy":"post_tag","embeddable":true,"href":"https:\/\/darkamazi.info\/funavuv\/wp\/v2\/tags?post=1052033"}],"curies":[{"name":"wp","href":"https:\/\/api.w.org\/{rel}","templated":true}]}}