{"id":1052040,"date":"2026-03-10T19:22:58","date_gmt":"2026-03-10T16:22:58","guid":{"rendered":"https:\/\/darkamazi.info\/?p=1052040"},"modified":"2026-03-10T19:22:58","modified_gmt":"2026-03-10T16:22:58","slug":"enkse-daxuyaniyek-derbare-tawana-eskencekirin-u-kustina-ciwan-ela-emin-wesand","status":"publish","type":"post","link":"https:\/\/darkamazi.info\/archives\/1052040","title":{"rendered":"ENKS\u2019\u00ea daxuyaniyek derbar\u00ea tawana \u00ea\u015fkencekirin \u00fb ku\u015ftina ciwan Ela Em\u00een we\u015fand"},"content":{"rendered":"<h3 style=\"text-align: justify\"><span style=\"font-family: 'arial black', sans-serif\">Sekreteriya Gi\u015ft\u00ee ya Encumena Ni\u015ftiman\u00ee ya Kurd li S\u00fbriy\u00ea (ENKS), bi tundtir\u00een \u015f\u00eawe tawana hovane ya ku b\u00fb sedema ku\u015ftina ciwan\u00ea bi nav\u00ea Ela Em\u00een di nav z\u00eendan\u00ean dezgeh\u00ean ewlehiy\u00ea y\u00ean ser bi r\u00eaveberiya PYD\u2019\u00ea de, \u015fermezar dike.<\/span><\/h3>\n<h3 style=\"text-align: justify\">Ev ciwan pi\u015ft\u00ee vegera w\u00ee ji welat\u00ea Sw\u00ead\u00ea hatib\u00fb girtin \u00fb p\u00eanc mehan hatib\u00fb windakirin. Beriya ku di 8&#8217;\u00ea Adar\u00ea de cenazey\u00ea w\u00ee radest\u00ee malbata w\u00ee bikin, bi \u015f\u00eaweyek\u00ee ku ji nirx\u00ean civaka me ya Kurd\u00ee \u00fb ji hem\u00fb qan\u00fbn\u00ean mirov\u00ee d\u00fbr e, raport\u00ean bij\u00ee\u015fk\u00ee j\u00ee p\u00ea re \u015fandin da ku ti\u015ft\u00ean ku di hundir\u00ea girt\u00eegeh\u00ea de hatine ser\u00ea w\u00ee ve\u015f\u00earin.<\/h3>\n<h3 style=\"text-align: justify\">Ev tawan, ku li ser tawan\u00ean din z\u00eade dibe, fikar\u00ean rewa di nav gel\u00ea me de \u00e7\u00eadike derbar\u00ea rew\u015fa girtiy\u00ean din \u00fb kes\u00ean ku bi zor\u00ea hatine windakirin. Ji ber v\u00ea yek\u00ea, Sekreteriya Gi\u015ft\u00ee ya Encumen\u00ea daxwaz dike:<\/h3>\n<h3 style=\"text-align: justify\">Vekirina l\u00eakol\u00eenek zelal \u00fb serbixwe di bin \u00e7avd\u00eariya r\u00eaxistin\u00ean maf\u00ean mirovan \u00ean p\u00eabawer de, ji bo e\u015fkere kirina hem\u00fb h\u00fbrguliy\u00ean v\u00ea tawan\u00ea \u00fb diyarkirina berpirsyariyan bi awayek\u00ee h\u00fbr.<\/h3>\n<h3 style=\"text-align: justify\">Radestkirina her kes\u00ea ku dest\u00ea w\u00ee di v\u00ea tawan\u00ea de hebe ji bo dadgeh\u00ea, \u00fb sepandina girantir\u00een cezay\u00ean qan\u00fbn\u00ee li ser wan, da ku maf\u00ea qurban\u00ee were parastin \u00fb bibe m\u00eenak ji bo her kes\u00ea ku bixwaze tawan\u00ean wisa bike.<\/h3>\n<h3 style=\"text-align: justify\">Her wiha em tekeziy\u00ea li ser girtina r\u00eakar\u00ean p\u00eadiv\u00ee dikin ji bo r\u00eagirtina li dubareb\u00fbna van b\u00fbyer\u00ean bi \u00ea\u015f, \u00fb valakirina hem\u00fb z\u00eendan \u00fb navend\u00ean girtin\u00ea bi awayek\u00ee ku ewlehiya civak\u00ea \u00fb parastina p\u00eakhateya w\u00ea misoger bike.<\/h3>\n","protected":false},"excerpt":{"rendered":"<p>Sekreteriya Gi\u015ft\u00ee ya Encumena Ni\u015ftiman\u00ee ya Kurd li S\u00fbriy\u00ea (ENKS), bi tundtir\u00een \u015f\u00eawe tawana hovane ya ku b\u00fb sedema ku\u015ftina ciwan\u00ea bi nav\u00ea Ela Em\u00een di nav z\u00eendan\u00ean dezgeh\u00ean ewlehiy\u00ea y\u00ean ser bi r\u00eaveberiya PYD\u2019\u00ea de, \u015fermezar dike. Ev ciwan pi\u015ft\u00ee vegera w\u00ee ji welat\u00ea Sw\u00ead\u00ea hatib\u00fb girtin \u00fb p\u00eanc mehan hatib\u00fb windakirin. Beriya ku [&hellip;]<\/p>\n","protected":false},"author":2,"featured_media":1052041,"comment_status":"closed","ping_status":"closed","sticky":false,"template":"","format":"standard","meta":{"footnotes":""},"categories":[29],"tags":[37],"class_list":["post-1052040","post","type-post","status-publish","format-standard","has-post-thumbnail","hentry","category-kurdistan","tag-sereke"],"blocksy_meta":[],"seo_head":"<!-- This site is optimized with the Yoast SEO plugin v27.5 - https:\/\/yoast.com\/product\/yoast-seo-wordpress\/ -->\n<title>ENKS\u2019\u00ea daxuyaniyek derbar\u00ea tawana \u00ea\u015fkencekirin \u00fb ku\u015ftina ciwan Ela Em\u00een we\u015fand - Darka Maz\u00ee<\/title>\n<meta name=\"robots\" content=\"index, follow, max-snippet:-1, max-image-preview:large, max-video-preview:-1\" \/>\n<link rel=\"canonical\" href=\"https:\/\/darkamazi.info\/archives\/1052040\" \/>\n<meta property=\"og:locale\" content=\"en_US\" \/>\n<meta property=\"og:type\" content=\"article\" \/>\n<meta property=\"og:title\" content=\"ENKS\u2019\u00ea daxuyaniyek derbar\u00ea tawana \u00ea\u015fkencekirin \u00fb ku\u015ftina ciwan Ela Em\u00een we\u015fand - Darka Maz\u00ee\" \/>\n<meta property=\"og:description\" content=\"Sekreteriya Gi\u015ft\u00ee ya Encumena Ni\u015ftiman\u00ee ya Kurd li S\u00fbriy\u00ea (ENKS), bi tundtir\u00een \u015f\u00eawe tawana hovane ya ku b\u00fb sedema ku\u015ftina ciwan\u00ea bi nav\u00ea Ela Em\u00een di nav z\u00eendan\u00ean dezgeh\u00ean ewlehiy\u00ea y\u00ean ser bi r\u00eaveberiya PYD\u2019\u00ea de, \u015fermezar dike. Ev ciwan pi\u015ft\u00ee vegera w\u00ee ji welat\u00ea Sw\u00ead\u00ea hatib\u00fb girtin \u00fb p\u00eanc mehan hatib\u00fb windakirin. Beriya ku [&hellip;]\" \/>\n<meta property=\"og:url\" content=\"https:\/\/darkamazi.info\/archives\/1052040\" \/>\n<meta property=\"og:site_name\" content=\"Darka Maz\u00ee\" \/>\n<meta property=\"article:publisher\" content=\"https:\/\/www.facebook.com\/DarMaziKurmanci\" \/>\n<meta property=\"article:published_time\" content=\"2026-03-10T16:22:58+00:00\" \/>\n<meta property=\"og:image\" content=\"https:\/\/darkamazi.info\/file\/2026\/03\/enks-rojava-1-1.jpg\" \/>\n\t<meta property=\"og:image:width\" content=\"900\" \/>\n\t<meta property=\"og:image:height\" content=\"497\" \/>\n\t<meta property=\"og:image:type\" content=\"image\/jpeg\" \/>\n<meta name=\"author\" content=\"darka mazi\" \/>\n<meta name=\"twitter:card\" content=\"summary_large_image\" \/>\n<meta name=\"twitter:creator\" content=\"@DarkaMaziLatini\" \/>\n<meta name=\"twitter:site\" content=\"@DarkaMaziLatini\" \/>\n<meta name=\"twitter:label1\" content=\"Written by\" \/>\n\t<meta name=\"twitter:data1\" content=\"darka mazi\" \/>\n\t<meta name=\"twitter:label2\" content=\"Est. reading time\" \/>\n\t<meta name=\"twitter:data2\" content=\"2 minutes\" \/>\n<script type=\"application\/ld+json\" class=\"seo-schema-graph\">{\"@context\":\"https:\\\/\\\/schema.org\",\"@graph\":[{\"@type\":\"Article\",\"@id\":\"https:\\\/\\\/darkamazi.info\\\/archives\\\/1052040#article\",\"isPartOf\":{\"@id\":\"https:\\\/\\\/darkamazi.info\\\/archives\\\/1052040\"},\"author\":{\"name\":\"darka mazi\",\"@id\":\"https:\\\/\\\/darkamazi.info\\\/#\\\/schema\\\/person\\\/5ad3e24553a0567993fa8ed4bd0a776c\"},\"headline\":\"ENKS\u2019\u00ea daxuyaniyek derbar\u00ea tawana \u00ea\u015fkencekirin \u00fb ku\u015ftina ciwan Ela Em\u00een we\u015fand\",\"datePublished\":\"2026-03-10T16:22:58+00:00\",\"mainEntityOfPage\":{\"@id\":\"https:\\\/\\\/darkamazi.info\\\/archives\\\/1052040\"},\"wordCount\":300,\"publisher\":{\"@id\":\"https:\\\/\\\/darkamazi.info\\\/#organization\"},\"image\":{\"@id\":\"https:\\\/\\\/darkamazi.info\\\/archives\\\/1052040#primaryimage\"},\"thumbnailUrl\":\"https:\\\/\\\/darkamazi.info\\\/darka-content\\\/uploads\\\/2026\\\/03\\\/enks-rojava-1-1.jpg\",\"keywords\":[\"sereke\"],\"articleSection\":[\"Kurdistan\"],\"inLanguage\":\"en-US\"},{\"@type\":\"WebPage\",\"@id\":\"https:\\\/\\\/darkamazi.info\\\/archives\\\/1052040\",\"url\":\"https:\\\/\\\/darkamazi.info\\\/archives\\\/1052040\",\"name\":\"ENKS\u2019\u00ea daxuyaniyek derbar\u00ea tawana \u00ea\u015fkencekirin \u00fb ku\u015ftina ciwan Ela Em\u00een we\u015fand - Darka Maz\u00ee\",\"isPartOf\":{\"@id\":\"https:\\\/\\\/darkamazi.info\\\/#website\"},\"primaryImageOfPage\":{\"@id\":\"https:\\\/\\\/darkamazi.info\\\/archives\\\/1052040#primaryimage\"},\"image\":{\"@id\":\"https:\\\/\\\/darkamazi.info\\\/archives\\\/1052040#primaryimage\"},\"thumbnailUrl\":\"https:\\\/\\\/darkamazi.info\\\/darka-content\\\/uploads\\\/2026\\\/03\\\/enks-rojava-1-1.jpg\",\"datePublished\":\"2026-03-10T16:22:58+00:00\",\"breadcrumb\":{\"@id\":\"https:\\\/\\\/darkamazi.info\\\/archives\\\/1052040#breadcrumb\"},\"inLanguage\":\"en-US\",\"potentialAction\":[{\"@type\":\"ReadAction\",\"target\":[\"https:\\\/\\\/darkamazi.info\\\/archives\\\/1052040\"]}]},{\"@type\":\"ImageObject\",\"inLanguage\":\"en-US\",\"@id\":\"https:\\\/\\\/darkamazi.info\\\/archives\\\/1052040#primaryimage\",\"url\":\"https:\\\/\\\/darkamazi.info\\\/darka-content\\\/uploads\\\/2026\\\/03\\\/enks-rojava-1-1.jpg\",\"contentUrl\":\"https:\\\/\\\/darkamazi.info\\\/darka-content\\\/uploads\\\/2026\\\/03\\\/enks-rojava-1-1.jpg\",\"width\":900,\"height\":497,\"caption\":\"ENKS\u2019\u00ea daxuyaniyek derbar\u00ea tawana \u00ea\u015fkencekirin \u00fb ku\u015ftina ciwan Ela Em\u00een we\u015fand\"},{\"@type\":\"BreadcrumbList\",\"@id\":\"https:\\\/\\\/darkamazi.info\\\/archives\\\/1052040#breadcrumb\",\"itemListElement\":[{\"@type\":\"ListItem\",\"position\":1,\"name\":\"Home\",\"item\":\"https:\\\/\\\/darkamazi.info\\\/\"},{\"@type\":\"ListItem\",\"position\":2,\"name\":\"ENKS\u2019\u00ea daxuyaniyek derbar\u00ea tawana \u00ea\u015fkencekirin \u00fb ku\u015ftina ciwan Ela Em\u00een we\u015fand\"}]},{\"@type\":\"WebSite\",\"@id\":\"https:\\\/\\\/darkamazi.info\\\/#website\",\"url\":\"https:\\\/\\\/darkamazi.info\\\/\",\"name\":\"Darka Maz\u00ee\",\"description\":\"P\u00eageha Zanyariy\u00ean Nebih\u00eest\u00ee\",\"publisher\":{\"@id\":\"https:\\\/\\\/darkamazi.info\\\/#organization\"},\"potentialAction\":[{\"@type\":\"SearchAction\",\"target\":{\"@type\":\"EntryPoint\",\"urlTemplate\":\"https:\\\/\\\/darkamazi.info\\\/?s={search_term_string}\"},\"query-input\":{\"@type\":\"PropertyValueSpecification\",\"valueRequired\":true,\"valueName\":\"search_term_string\"}}],\"inLanguage\":\"en-US\"},{\"@type\":\"Organization\",\"@id\":\"https:\\\/\\\/darkamazi.info\\\/#organization\",\"name\":\"Darka Maz\u00ee\",\"url\":\"https:\\\/\\\/darkamazi.info\\\/\",\"logo\":{\"@type\":\"ImageObject\",\"inLanguage\":\"en-US\",\"@id\":\"https:\\\/\\\/darkamazi.info\\\/#\\\/schema\\\/logo\\\/image\\\/\",\"url\":\"https:\\\/\\\/darkamazi.info\\\/darka-content\\\/uploads\\\/2017\\\/12\\\/darka-mazi-logo.png\",\"contentUrl\":\"https:\\\/\\\/darkamazi.info\\\/darka-content\\\/uploads\\\/2017\\\/12\\\/darka-mazi-logo.png\",\"width\":151,\"height\":75,\"caption\":\"Darka Maz\u00ee\"},\"image\":{\"@id\":\"https:\\\/\\\/darkamazi.info\\\/#\\\/schema\\\/logo\\\/image\\\/\"},\"sameAs\":[\"https:\\\/\\\/www.facebook.com\\\/DarMaziKurmanci\",\"https:\\\/\\\/x.com\\\/DarkaMaziLatini\",\"https:\\\/\\\/www.instagram.com\\\/darkamazi.kurmanci\\\/\",\"https:\\\/\\\/www.youtube.com\\\/channel\\\/UCa5HkTdmI8U1qCUFuTw8B2g\"]},{\"@type\":\"Person\",\"@id\":\"https:\\\/\\\/darkamazi.info\\\/#\\\/schema\\\/person\\\/5ad3e24553a0567993fa8ed4bd0a776c\",\"name\":\"darka mazi\",\"sameAs\":[\"https:\\\/\\\/darkamazi.info\\\/\"],\"url\":\"https:\\\/\\\/darkamazi.info\\\/archives\\\/author\\\/kurdi\"}]}<\/script>\n<!-- \/ Yoast SEO plugin. -->","seo_head_json":{"title":"ENKS\u2019\u00ea daxuyaniyek derbar\u00ea tawana \u00ea\u015fkencekirin \u00fb ku\u015ftina ciwan Ela Em\u00een we\u015fand - Darka Maz\u00ee","robots":{"index":"index","follow":"follow","max-snippet":"max-snippet:-1","max-image-preview":"max-image-preview:large","max-video-preview":"max-video-preview:-1"},"canonical":"https:\/\/darkamazi.info\/archives\/1052040","og_locale":"en_US","og_type":"article","og_title":"ENKS\u2019\u00ea daxuyaniyek derbar\u00ea tawana \u00ea\u015fkencekirin \u00fb ku\u015ftina ciwan Ela Em\u00een we\u015fand - Darka Maz\u00ee","og_description":"Sekreteriya Gi\u015ft\u00ee ya Encumena Ni\u015ftiman\u00ee ya Kurd li S\u00fbriy\u00ea (ENKS), bi tundtir\u00een \u015f\u00eawe tawana hovane ya ku b\u00fb sedema ku\u015ftina ciwan\u00ea bi nav\u00ea Ela Em\u00een di nav z\u00eendan\u00ean dezgeh\u00ean ewlehiy\u00ea y\u00ean ser bi r\u00eaveberiya PYD\u2019\u00ea de, \u015fermezar dike. Ev ciwan pi\u015ft\u00ee vegera w\u00ee ji welat\u00ea Sw\u00ead\u00ea hatib\u00fb girtin \u00fb p\u00eanc mehan hatib\u00fb windakirin. Beriya ku [&hellip;]","og_url":"https:\/\/darkamazi.info\/archives\/1052040","og_site_name":"Darka Maz\u00ee","article_publisher":"https:\/\/www.facebook.com\/DarMaziKurmanci","article_published_time":"2026-03-10T16:22:58+00:00","og_image":[{"width":900,"height":497,"url":"https:\/\/darkamazi.info\/file\/2026\/03\/enks-rojava-1-1.jpg","type":"image\/jpeg"}],"author":"darka mazi","twitter_card":"summary_large_image","twitter_creator":"@DarkaMaziLatini","twitter_site":"@DarkaMaziLatini","twitter_misc":{"Written by":"darka mazi","Est. reading time":"2 minutes"},"schema":{"@context":"https:\/\/schema.org","@graph":[{"@type":"Article","@id":"https:\/\/darkamazi.info\/archives\/1052040#article","isPartOf":{"@id":"https:\/\/darkamazi.info\/archives\/1052040"},"author":{"name":"darka mazi","@id":"https:\/\/darkamazi.info\/#\/schema\/person\/5ad3e24553a0567993fa8ed4bd0a776c"},"headline":"ENKS\u2019\u00ea daxuyaniyek derbar\u00ea tawana \u00ea\u015fkencekirin \u00fb ku\u015ftina ciwan Ela Em\u00een we\u015fand","datePublished":"2026-03-10T16:22:58+00:00","mainEntityOfPage":{"@id":"https:\/\/darkamazi.info\/archives\/1052040"},"wordCount":300,"publisher":{"@id":"https:\/\/darkamazi.info\/#organization"},"image":{"@id":"https:\/\/darkamazi.info\/archives\/1052040#primaryimage"},"thumbnailUrl":"https:\/\/darkamazi.info\/file\/2026\/03\/enks-rojava-1-1.jpg","keywords":["sereke"],"articleSection":["Kurdistan"],"inLanguage":"en-US"},{"@type":"WebPage","@id":"https:\/\/darkamazi.info\/archives\/1052040","url":"https:\/\/darkamazi.info\/archives\/1052040","name":"ENKS\u2019\u00ea daxuyaniyek derbar\u00ea tawana \u00ea\u015fkencekirin \u00fb ku\u015ftina ciwan Ela Em\u00een we\u015fand - Darka Maz\u00ee","isPartOf":{"@id":"https:\/\/darkamazi.info\/#website"},"primaryImageOfPage":{"@id":"https:\/\/darkamazi.info\/archives\/1052040#primaryimage"},"image":{"@id":"https:\/\/darkamazi.info\/archives\/1052040#primaryimage"},"thumbnailUrl":"https:\/\/darkamazi.info\/file\/2026\/03\/enks-rojava-1-1.jpg","datePublished":"2026-03-10T16:22:58+00:00","breadcrumb":{"@id":"https:\/\/darkamazi.info\/archives\/1052040#breadcrumb"},"inLanguage":"en-US","potentialAction":[{"@type":"ReadAction","target":["https:\/\/darkamazi.info\/archives\/1052040"]}]},{"@type":"ImageObject","inLanguage":"en-US","@id":"https:\/\/darkamazi.info\/archives\/1052040#primaryimage","url":"https:\/\/darkamazi.info\/file\/2026\/03\/enks-rojava-1-1.jpg","contentUrl":"https:\/\/darkamazi.info\/file\/2026\/03\/enks-rojava-1-1.jpg","width":900,"height":497,"caption":"ENKS\u2019\u00ea daxuyaniyek derbar\u00ea tawana \u00ea\u015fkencekirin \u00fb ku\u015ftina ciwan Ela Em\u00een we\u015fand"},{"@type":"BreadcrumbList","@id":"https:\/\/darkamazi.info\/archives\/1052040#breadcrumb","itemListElement":[{"@type":"ListItem","position":1,"name":"Home","item":"https:\/\/darkamazi.info\/"},{"@type":"ListItem","position":2,"name":"ENKS\u2019\u00ea daxuyaniyek derbar\u00ea tawana \u00ea\u015fkencekirin \u00fb ku\u015ftina ciwan Ela Em\u00een we\u015fand"}]},{"@type":"WebSite","@id":"https:\/\/darkamazi.info\/#website","url":"https:\/\/darkamazi.info\/","name":"Darka Maz\u00ee","description":"P\u00eageha Zanyariy\u00ean Nebih\u00eest\u00ee","publisher":{"@id":"https:\/\/darkamazi.info\/#organization"},"potentialAction":[{"@type":"SearchAction","target":{"@type":"EntryPoint","urlTemplate":"https:\/\/darkamazi.info\/?s={search_term_string}"},"query-input":{"@type":"PropertyValueSpecification","valueRequired":true,"valueName":"search_term_string"}}],"inLanguage":"en-US"},{"@type":"Organization","@id":"https:\/\/darkamazi.info\/#organization","name":"Darka Maz\u00ee","url":"https:\/\/darkamazi.info\/","logo":{"@type":"ImageObject","inLanguage":"en-US","@id":"https:\/\/darkamazi.info\/#\/schema\/logo\/image\/","url":"https:\/\/darkamazi.info\/file\/2017\/12\/darka-mazi-logo.png","contentUrl":"https:\/\/darkamazi.info\/file\/2017\/12\/darka-mazi-logo.png","width":151,"height":75,"caption":"Darka Maz\u00ee"},"image":{"@id":"https:\/\/darkamazi.info\/#\/schema\/logo\/image\/"},"sameAs":["https:\/\/www.facebook.com\/DarMaziKurmanci","https:\/\/x.com\/DarkaMaziLatini","https:\/\/www.instagram.com\/darkamazi.kurmanci\/","https:\/\/www.youtube.com\/channel\/UCa5HkTdmI8U1qCUFuTw8B2g"]},{"@type":"Person","@id":"https:\/\/darkamazi.info\/#\/schema\/person\/5ad3e24553a0567993fa8ed4bd0a776c","name":"darka mazi","sameAs":["https:\/\/darkamazi.info\/"],"url":"https:\/\/darkamazi.info\/archives\/author\/kurdi"}]}},"_links":{"self":[{"href":"https:\/\/darkamazi.info\/funavuv\/wp\/v2\/posts\/1052040","targetHints":{"allow":["GET"]}}],"collection":[{"href":"https:\/\/darkamazi.info\/funavuv\/wp\/v2\/posts"}],"about":[{"href":"https:\/\/darkamazi.info\/funavuv\/wp\/v2\/types\/post"}],"author":[{"embeddable":true,"href":"https:\/\/darkamazi.info\/funavuv\/wp\/v2\/users\/2"}],"replies":[{"embeddable":true,"href":"https:\/\/darkamazi.info\/funavuv\/wp\/v2\/comments?post=1052040"}],"version-history":[{"count":0,"href":"https:\/\/darkamazi.info\/funavuv\/wp\/v2\/posts\/1052040\/revisions"}],"wp:featuredmedia":[{"embeddable":true,"href":"https:\/\/darkamazi.info\/funavuv\/wp\/v2\/media\/1052041"}],"wp:attachment":[{"href":"https:\/\/darkamazi.info\/funavuv\/wp\/v2\/media?parent=1052040"}],"wp:term":[{"taxonomy":"category","embeddable":true,"href":"https:\/\/darkamazi.info\/funavuv\/wp\/v2\/categories?post=1052040"},{"taxonomy":"post_tag","embeddable":true,"href":"https:\/\/darkamazi.info\/funavuv\/wp\/v2\/tags?post=1052040"}],"curies":[{"name":"wp","href":"https:\/\/api.w.org\/{rel}","templated":true}]}}