{"id":1052049,"date":"2026-03-11T14:17:54","date_gmt":"2026-03-11T11:17:54","guid":{"rendered":"https:\/\/darkamazi.info\/?p=1052049"},"modified":"2026-03-11T14:17:54","modified_gmt":"2026-03-11T11:17:54","slug":"serok-barzani-11e-adare-roja-naskirina-fermi-ya-mafen-gele-kurdistane-ye","status":"publish","type":"post","link":"https:\/\/darkamazi.info\/archives\/1052049","title":{"rendered":"Serok Barzan\u00ee: 11\u00ea Adar\u00ea roja naskirina ferm\u00ee ya maf\u00ean gel\u00ea Kurdistan\u00ea ye"},"content":{"rendered":"<h3 style=\"text-align: justify\"><span style=\"font-family: 'arial black', sans-serif\">Serok Mes\u00fbd Barzan\u00ee di peyamek\u00ea de bi helkefta 56em\u00een salvegera Peymana 11\u00ea Adar\u00ea ragihand; ew destkeftiya d\u00eerok\u00ee berhema \u015eore\u015fa \u00celon\u00ea, berxwedana P\u00ea\u015fmerge \u00fb hem\u00fb \u00e7\u00een \u00fb tew\u00eaj\u00ean civak\u00ea b\u00fb, ku hik\u00fbmeta w\u00ea dem\u00ea ya Iraq\u00ea ne\u00e7ar kir bi ferm\u00ee maf\u00ean gel\u00ea Kurdistan\u00ea binase. Herwiha tekez\u00ee li ser parastina destkeftiyan \u00fb berdewamiya peyama a\u015ftiyane \u00fb p\u00eakvejiyan\u00ea kir.<\/span><\/h3>\n<h3 style=\"text-align: justify\">Serok Barzan\u00ee di peyama xwe de got: \u201cPeymana 11\u00ea Adar\u00ea berhema \u015eore\u015fa \u00celon\u00ea ya bi r\u00eaberiya Barzan\u00eey\u00ea Nemir \u00fb xebat \u00fb feda kariya P\u00ea\u015fmerge \u00fb hem\u00fb \u00e7\u00een \u00fb tew\u00eaj\u00ean Kurdistan\u00ea b\u00fb. Berhema w\u00ea xebata xurt \u00fb seranser b\u00fb ku ji bo vegerandina maf\u00ean gel\u00ea Kurdistan\u00ea \u00fb p\u00eakan\u00eena demokrasiy\u00ea li Iraq\u00ea dest p\u00ea kirib\u00fb \u00fb di dawiy\u00ea de hik\u00fbmeta w\u00ea dem\u00ea ya Iraq\u00ea ne\u00e7ar kir ku bi awayek\u00ee ferm\u00ee dan bi be\u015fek ji maf\u00ean gel\u00ea me de b\u00eene.\u201d<\/h3>\n<h3 style=\"text-align: justify\">Herwiha di peyam\u00ea de hat gotin: \u201cDi 56em\u00een salvegera Peymana 11\u00ea Adar\u00ea de, em r\u00fbmeta t\u00eako\u015f\u00een \u00fb keda hem\u00fb wan P\u00ea\u015fmerge, \u015fore\u015fger \u00fb ni\u015ftimanperwer\u00ean \u015eore\u015fa \u00celon\u00ea digirin ku bi ked \u00fb fedakariya xwe, destkeftiya d\u00eerok\u00ee ya Peymana 11\u00ea Adar\u00ea ji bo gel\u00ea me misoger kirin. Di v\u00ea b\u00eeran\u00een\u00ea de, em tekez\u00ee li ser parastina destkeftiyan \u00fb peyama a\u015ftiyane \u00fb p\u00eakvejiyana gel\u00ea Kurdistan\u00ea dikin \u00fb silavan ji bo ruh\u00ea pak \u00ea \u015feh\u00eed\u00ean \u015eore\u015fa \u00celon\u00ea \u00fb hem\u00fb \u015feh\u00eed\u00ean Kurdistan\u00ea di\u015f\u00eenin.\u201d<\/h3>\n<h3 style=\"text-align: justify\"><span style=\"font-family: 'arial black', sans-serif\">Naveroka Peymana 11\u00ea Adar\u00ea<\/span><\/h3>\n<h3 style=\"text-align: justify\">Li gor\u00ee peyman\u00ea, ziman\u00ean Ereb\u00ee \u00fb Kurd\u00ee dibin ziman\u00ean ferm\u00ee y\u00ean Iraq\u00ea. Ew her\u00eam\u00ean ku piraniya ni\u015ftecih\u00ean wan Kurd in, d\u00ea bi ziman\u00ea dayik\u00ea bixw\u00eenin; hevdem ziman\u00ea Ereb\u00ee j\u00ee ligel Kurd\u00ee t\u00ea xwendin. Xwendekar\u00ean ku hatib\u00fbn d\u00fbrxistin, b\u00eay\u00ee guhdana temen\u00ea wan, d\u00ea vegerin ser xwendina xwe.<\/h3>\n<h3 style=\"text-align: justify\">Di peyman\u00ea de hatib\u00fb: &#8220;Biryar\u00ean hik\u00fbmet\u00ea y\u00ean derbar\u00ea ziman de t\u00ean c\u00eebic\u00eekirin \u00fb ji bo p\u00ea\u015fxistina asta rew\u015fenb\u00eeriya xelk\u00ea, di radyo \u00fb televizyonan de bernamey\u00ean taybet ji bo Kurdan t\u00ean dan\u00een. Kurd di hik\u00fbmet\u00ea de be\u015fdar dibin \u00fb di wezaret \u00fb art\u00ea\u015f\u00ea de para wan dibe. Fermanber\u00ean li her\u00eam\u00ean Kurdistan\u00ea div\u00ea z\u00eadetir Kurd bin \u00fb ji bo post\u00ean par\u00eazgar, qaymeqam \u00fb r\u00eaveber\u00ean pol\u00eesan, kes\u00ean Kurd t\u00ean erkdarkirin.&#8221;<\/h3>\n<h3 style=\"text-align: justify\">Biryar hatib\u00fb girtin ku karker \u00fb fermanber\u00ean siv\u00eel \u00fb serbaz\u00ee vegerin ser kar\u00ea xwe. Herwiha her\u00eam\u00ean hatine pa\u015fguhkirin b\u00ean qereb\u00fbkirin, budceyek ji bo vejandin \u00fb plana ge\u015fep\u00eadana abor\u00ee were veqetandin \u00fb li gor\u00ee yasay\u00ea m\u00fb\u00e7e ji bo malbat\u00ean \u015feh\u00eedan were dab\u00eenkirin.<\/h3>\n<h3 style=\"text-align: justify\">Li gor\u00ee peyman\u00ea, d\u00ea bilez xebat ji bo temamkirina projeyan \u00fb dab\u00eenkirina derfet\u00ean kar were kirin. Ni\u015ftecih\u00ean gund\u00ean Ereb \u00fb Kurd vedigerin ser cih \u00fb war\u00ean xwe \u00fb qereb\u00fbya ziyand\u00eetiyan t\u00ea kirin. Yasaya \u00e7aksaziya \u00e7andiniy\u00ea t\u00ea c\u00eebic\u00eekirin \u00fb daw\u00ee li derebegiy\u00ea t\u00ea an\u00een; cotkar j\u00ee ji bac\u00ean rabor\u00ee t\u00ean bex\u015fandin.<\/h3>\n<h3 style=\"text-align: justify\">Derbar\u00ea dest\u00fbra Iraq\u00ea de, \u015eore\u015fa \u00celon\u00ea \u00fb Partiya Beis li ser w\u00ea yek\u00ea li hev kirin ku gel\u00ea Iraq\u00ea ji du netewey\u00ean sereke (Ereb \u00fb Kurd) p\u00eak t\u00ea. Mikur li maf\u00ean gel\u00ea Kurd di \u00e7ar\u00e7oveya Iraq\u00ea de t\u00ea kirin \u00fb yek ji c\u00eegir\u00ean serokkomar ji bo Kurdan dibe. Yasaya par\u00eazgehan t\u00ea guhertin \u00fb ji bo c\u00eebic\u00eekirina otonomiy\u00ea, ew par\u00eazgeh \u00fb nav\u00e7ey\u00ean ku piraniya wan Kurd in t\u00ean yekkirin. Kurd li gor\u00ee hejmara nif\u00fbsa xwe di desthilata qan\u00fbndan\u00een\u00ea de be\u015fdar dibin.<\/h3>\n<h3 style=\"text-align: justify\">Her \u00e7end ev peyman di dawiy\u00ea de ji aliy\u00ea hik\u00fbmeta Iraq\u00ea ve nehat c\u00eebic\u00eekirin j\u00ee, l\u00ea wek\u00ee destkeftiyeke d\u00eerok\u00ee hate qeydkirin \u00fb b\u00fb bingehek ji bo bidestxistina maf\u00ean z\u00eadetir ji bo xelk\u00ea Kurdistan\u00ea.<\/h3>\n","protected":false},"excerpt":{"rendered":"<p>Serok Mes\u00fbd Barzan\u00ee di peyamek\u00ea de bi helkefta 56em\u00een salvegera Peymana 11\u00ea Adar\u00ea ragihand; ew destkeftiya d\u00eerok\u00ee berhema \u015eore\u015fa \u00celon\u00ea, berxwedana P\u00ea\u015fmerge \u00fb hem\u00fb \u00e7\u00een \u00fb tew\u00eaj\u00ean civak\u00ea b\u00fb, ku hik\u00fbmeta w\u00ea dem\u00ea ya Iraq\u00ea ne\u00e7ar kir bi ferm\u00ee maf\u00ean gel\u00ea Kurdistan\u00ea binase. Herwiha tekez\u00ee li ser parastina destkeftiyan \u00fb berdewamiya peyama a\u015ftiyane \u00fb p\u00eakvejiyan\u00ea [&hellip;]<\/p>\n","protected":false},"author":2,"featured_media":1052050,"comment_status":"closed","ping_status":"closed","sticky":false,"template":"","format":"standard","meta":{"footnotes":""},"categories":[29],"tags":[37],"class_list":["post-1052049","post","type-post","status-publish","format-standard","has-post-thumbnail","hentry","category-kurdistan","tag-sereke"],"blocksy_meta":[],"seo_head":"<!-- This site is optimized with the Yoast SEO plugin v27.5 - https:\/\/yoast.com\/product\/yoast-seo-wordpress\/ -->\n<title>Serok Barzan\u00ee: 11\u00ea Adar\u00ea roja naskirina ferm\u00ee ya maf\u00ean gel\u00ea Kurdistan\u00ea ye - Darka Maz\u00ee<\/title>\n<meta name=\"robots\" content=\"index, follow, max-snippet:-1, max-image-preview:large, max-video-preview:-1\" \/>\n<link rel=\"canonical\" href=\"https:\/\/darkamazi.info\/archives\/1052049\" \/>\n<meta property=\"og:locale\" content=\"en_US\" \/>\n<meta property=\"og:type\" content=\"article\" \/>\n<meta property=\"og:title\" content=\"Serok Barzan\u00ee: 11\u00ea Adar\u00ea roja naskirina ferm\u00ee ya maf\u00ean gel\u00ea Kurdistan\u00ea ye - Darka Maz\u00ee\" \/>\n<meta property=\"og:description\" content=\"Serok Mes\u00fbd Barzan\u00ee di peyamek\u00ea de bi helkefta 56em\u00een salvegera Peymana 11\u00ea Adar\u00ea ragihand; ew destkeftiya d\u00eerok\u00ee berhema \u015eore\u015fa \u00celon\u00ea, berxwedana P\u00ea\u015fmerge \u00fb hem\u00fb \u00e7\u00een \u00fb tew\u00eaj\u00ean civak\u00ea b\u00fb, ku hik\u00fbmeta w\u00ea dem\u00ea ya Iraq\u00ea ne\u00e7ar kir bi ferm\u00ee maf\u00ean gel\u00ea Kurdistan\u00ea binase. Herwiha tekez\u00ee li ser parastina destkeftiyan \u00fb berdewamiya peyama a\u015ftiyane \u00fb p\u00eakvejiyan\u00ea [&hellip;]\" \/>\n<meta property=\"og:url\" content=\"https:\/\/darkamazi.info\/archives\/1052049\" \/>\n<meta property=\"og:site_name\" content=\"Darka Maz\u00ee\" \/>\n<meta property=\"article:publisher\" content=\"https:\/\/www.facebook.com\/DarMaziKurmanci\" \/>\n<meta property=\"article:published_time\" content=\"2026-03-11T11:17:54+00:00\" \/>\n<meta property=\"og:image\" content=\"https:\/\/darkamazi.info\/file\/2026\/03\/serok-barzani-2.jpg\" \/>\n\t<meta property=\"og:image:width\" content=\"900\" \/>\n\t<meta property=\"og:image:height\" content=\"497\" \/>\n\t<meta property=\"og:image:type\" content=\"image\/jpeg\" \/>\n<meta name=\"author\" content=\"darka mazi\" \/>\n<meta name=\"twitter:card\" content=\"summary_large_image\" \/>\n<meta name=\"twitter:creator\" content=\"@DarkaMaziLatini\" \/>\n<meta name=\"twitter:site\" content=\"@DarkaMaziLatini\" \/>\n<meta name=\"twitter:label1\" content=\"Written by\" \/>\n\t<meta name=\"twitter:data1\" content=\"darka mazi\" \/>\n\t<meta name=\"twitter:label2\" content=\"Est. reading time\" \/>\n\t<meta name=\"twitter:data2\" content=\"3 minutes\" \/>\n<script type=\"application\/ld+json\" class=\"seo-schema-graph\">{\"@context\":\"https:\\\/\\\/schema.org\",\"@graph\":[{\"@type\":\"Article\",\"@id\":\"https:\\\/\\\/darkamazi.info\\\/archives\\\/1052049#article\",\"isPartOf\":{\"@id\":\"https:\\\/\\\/darkamazi.info\\\/archives\\\/1052049\"},\"author\":{\"name\":\"darka mazi\",\"@id\":\"https:\\\/\\\/darkamazi.info\\\/#\\\/schema\\\/person\\\/5ad3e24553a0567993fa8ed4bd0a776c\"},\"headline\":\"Serok Barzan\u00ee: 11\u00ea Adar\u00ea roja naskirina ferm\u00ee ya maf\u00ean gel\u00ea Kurdistan\u00ea ye\",\"datePublished\":\"2026-03-11T11:17:54+00:00\",\"mainEntityOfPage\":{\"@id\":\"https:\\\/\\\/darkamazi.info\\\/archives\\\/1052049\"},\"wordCount\":633,\"publisher\":{\"@id\":\"https:\\\/\\\/darkamazi.info\\\/#organization\"},\"image\":{\"@id\":\"https:\\\/\\\/darkamazi.info\\\/archives\\\/1052049#primaryimage\"},\"thumbnailUrl\":\"https:\\\/\\\/darkamazi.info\\\/darka-content\\\/uploads\\\/2026\\\/03\\\/serok-barzani-2.jpg\",\"keywords\":[\"sereke\"],\"articleSection\":[\"Kurdistan\"],\"inLanguage\":\"en-US\"},{\"@type\":\"WebPage\",\"@id\":\"https:\\\/\\\/darkamazi.info\\\/archives\\\/1052049\",\"url\":\"https:\\\/\\\/darkamazi.info\\\/archives\\\/1052049\",\"name\":\"Serok Barzan\u00ee: 11\u00ea Adar\u00ea roja naskirina ferm\u00ee ya maf\u00ean gel\u00ea Kurdistan\u00ea ye - Darka Maz\u00ee\",\"isPartOf\":{\"@id\":\"https:\\\/\\\/darkamazi.info\\\/#website\"},\"primaryImageOfPage\":{\"@id\":\"https:\\\/\\\/darkamazi.info\\\/archives\\\/1052049#primaryimage\"},\"image\":{\"@id\":\"https:\\\/\\\/darkamazi.info\\\/archives\\\/1052049#primaryimage\"},\"thumbnailUrl\":\"https:\\\/\\\/darkamazi.info\\\/darka-content\\\/uploads\\\/2026\\\/03\\\/serok-barzani-2.jpg\",\"datePublished\":\"2026-03-11T11:17:54+00:00\",\"breadcrumb\":{\"@id\":\"https:\\\/\\\/darkamazi.info\\\/archives\\\/1052049#breadcrumb\"},\"inLanguage\":\"en-US\",\"potentialAction\":[{\"@type\":\"ReadAction\",\"target\":[\"https:\\\/\\\/darkamazi.info\\\/archives\\\/1052049\"]}]},{\"@type\":\"ImageObject\",\"inLanguage\":\"en-US\",\"@id\":\"https:\\\/\\\/darkamazi.info\\\/archives\\\/1052049#primaryimage\",\"url\":\"https:\\\/\\\/darkamazi.info\\\/darka-content\\\/uploads\\\/2026\\\/03\\\/serok-barzani-2.jpg\",\"contentUrl\":\"https:\\\/\\\/darkamazi.info\\\/darka-content\\\/uploads\\\/2026\\\/03\\\/serok-barzani-2.jpg\",\"width\":900,\"height\":497,\"caption\":\"Serok Barzan\u00ee: 11\u00ea Adar\u00ea roja naskirina ferm\u00ee ya maf\u00ean gel\u00ea Kurdistan\u00ea ye\"},{\"@type\":\"BreadcrumbList\",\"@id\":\"https:\\\/\\\/darkamazi.info\\\/archives\\\/1052049#breadcrumb\",\"itemListElement\":[{\"@type\":\"ListItem\",\"position\":1,\"name\":\"Home\",\"item\":\"https:\\\/\\\/darkamazi.info\\\/\"},{\"@type\":\"ListItem\",\"position\":2,\"name\":\"Serok Barzan\u00ee: 11\u00ea Adar\u00ea roja naskirina ferm\u00ee ya maf\u00ean gel\u00ea Kurdistan\u00ea ye\"}]},{\"@type\":\"WebSite\",\"@id\":\"https:\\\/\\\/darkamazi.info\\\/#website\",\"url\":\"https:\\\/\\\/darkamazi.info\\\/\",\"name\":\"Darka Maz\u00ee\",\"description\":\"P\u00eageha Zanyariy\u00ean Nebih\u00eest\u00ee\",\"publisher\":{\"@id\":\"https:\\\/\\\/darkamazi.info\\\/#organization\"},\"potentialAction\":[{\"@type\":\"SearchAction\",\"target\":{\"@type\":\"EntryPoint\",\"urlTemplate\":\"https:\\\/\\\/darkamazi.info\\\/?s={search_term_string}\"},\"query-input\":{\"@type\":\"PropertyValueSpecification\",\"valueRequired\":true,\"valueName\":\"search_term_string\"}}],\"inLanguage\":\"en-US\"},{\"@type\":\"Organization\",\"@id\":\"https:\\\/\\\/darkamazi.info\\\/#organization\",\"name\":\"Darka Maz\u00ee\",\"url\":\"https:\\\/\\\/darkamazi.info\\\/\",\"logo\":{\"@type\":\"ImageObject\",\"inLanguage\":\"en-US\",\"@id\":\"https:\\\/\\\/darkamazi.info\\\/#\\\/schema\\\/logo\\\/image\\\/\",\"url\":\"https:\\\/\\\/darkamazi.info\\\/darka-content\\\/uploads\\\/2017\\\/12\\\/darka-mazi-logo.png\",\"contentUrl\":\"https:\\\/\\\/darkamazi.info\\\/darka-content\\\/uploads\\\/2017\\\/12\\\/darka-mazi-logo.png\",\"width\":151,\"height\":75,\"caption\":\"Darka Maz\u00ee\"},\"image\":{\"@id\":\"https:\\\/\\\/darkamazi.info\\\/#\\\/schema\\\/logo\\\/image\\\/\"},\"sameAs\":[\"https:\\\/\\\/www.facebook.com\\\/DarMaziKurmanci\",\"https:\\\/\\\/x.com\\\/DarkaMaziLatini\",\"https:\\\/\\\/www.instagram.com\\\/darkamazi.kurmanci\\\/\",\"https:\\\/\\\/www.youtube.com\\\/channel\\\/UCa5HkTdmI8U1qCUFuTw8B2g\"]},{\"@type\":\"Person\",\"@id\":\"https:\\\/\\\/darkamazi.info\\\/#\\\/schema\\\/person\\\/5ad3e24553a0567993fa8ed4bd0a776c\",\"name\":\"darka mazi\",\"sameAs\":[\"https:\\\/\\\/darkamazi.info\\\/\"],\"url\":\"https:\\\/\\\/darkamazi.info\\\/archives\\\/author\\\/kurdi\"}]}<\/script>\n<!-- \/ Yoast SEO plugin. -->","seo_head_json":{"title":"Serok Barzan\u00ee: 11\u00ea Adar\u00ea roja naskirina ferm\u00ee ya maf\u00ean gel\u00ea Kurdistan\u00ea ye - Darka Maz\u00ee","robots":{"index":"index","follow":"follow","max-snippet":"max-snippet:-1","max-image-preview":"max-image-preview:large","max-video-preview":"max-video-preview:-1"},"canonical":"https:\/\/darkamazi.info\/archives\/1052049","og_locale":"en_US","og_type":"article","og_title":"Serok Barzan\u00ee: 11\u00ea Adar\u00ea roja naskirina ferm\u00ee ya maf\u00ean gel\u00ea Kurdistan\u00ea ye - Darka Maz\u00ee","og_description":"Serok Mes\u00fbd Barzan\u00ee di peyamek\u00ea de bi helkefta 56em\u00een salvegera Peymana 11\u00ea Adar\u00ea ragihand; ew destkeftiya d\u00eerok\u00ee berhema \u015eore\u015fa \u00celon\u00ea, berxwedana P\u00ea\u015fmerge \u00fb hem\u00fb \u00e7\u00een \u00fb tew\u00eaj\u00ean civak\u00ea b\u00fb, ku hik\u00fbmeta w\u00ea dem\u00ea ya Iraq\u00ea ne\u00e7ar kir bi ferm\u00ee maf\u00ean gel\u00ea Kurdistan\u00ea binase. Herwiha tekez\u00ee li ser parastina destkeftiyan \u00fb berdewamiya peyama a\u015ftiyane \u00fb p\u00eakvejiyan\u00ea [&hellip;]","og_url":"https:\/\/darkamazi.info\/archives\/1052049","og_site_name":"Darka Maz\u00ee","article_publisher":"https:\/\/www.facebook.com\/DarMaziKurmanci","article_published_time":"2026-03-11T11:17:54+00:00","og_image":[{"width":900,"height":497,"url":"https:\/\/darkamazi.info\/file\/2026\/03\/serok-barzani-2.jpg","type":"image\/jpeg"}],"author":"darka mazi","twitter_card":"summary_large_image","twitter_creator":"@DarkaMaziLatini","twitter_site":"@DarkaMaziLatini","twitter_misc":{"Written by":"darka mazi","Est. reading time":"3 minutes"},"schema":{"@context":"https:\/\/schema.org","@graph":[{"@type":"Article","@id":"https:\/\/darkamazi.info\/archives\/1052049#article","isPartOf":{"@id":"https:\/\/darkamazi.info\/archives\/1052049"},"author":{"name":"darka mazi","@id":"https:\/\/darkamazi.info\/#\/schema\/person\/5ad3e24553a0567993fa8ed4bd0a776c"},"headline":"Serok Barzan\u00ee: 11\u00ea Adar\u00ea roja naskirina ferm\u00ee ya maf\u00ean gel\u00ea Kurdistan\u00ea ye","datePublished":"2026-03-11T11:17:54+00:00","mainEntityOfPage":{"@id":"https:\/\/darkamazi.info\/archives\/1052049"},"wordCount":633,"publisher":{"@id":"https:\/\/darkamazi.info\/#organization"},"image":{"@id":"https:\/\/darkamazi.info\/archives\/1052049#primaryimage"},"thumbnailUrl":"https:\/\/darkamazi.info\/file\/2026\/03\/serok-barzani-2.jpg","keywords":["sereke"],"articleSection":["Kurdistan"],"inLanguage":"en-US"},{"@type":"WebPage","@id":"https:\/\/darkamazi.info\/archives\/1052049","url":"https:\/\/darkamazi.info\/archives\/1052049","name":"Serok Barzan\u00ee: 11\u00ea Adar\u00ea roja naskirina ferm\u00ee ya maf\u00ean gel\u00ea Kurdistan\u00ea ye - Darka Maz\u00ee","isPartOf":{"@id":"https:\/\/darkamazi.info\/#website"},"primaryImageOfPage":{"@id":"https:\/\/darkamazi.info\/archives\/1052049#primaryimage"},"image":{"@id":"https:\/\/darkamazi.info\/archives\/1052049#primaryimage"},"thumbnailUrl":"https:\/\/darkamazi.info\/file\/2026\/03\/serok-barzani-2.jpg","datePublished":"2026-03-11T11:17:54+00:00","breadcrumb":{"@id":"https:\/\/darkamazi.info\/archives\/1052049#breadcrumb"},"inLanguage":"en-US","potentialAction":[{"@type":"ReadAction","target":["https:\/\/darkamazi.info\/archives\/1052049"]}]},{"@type":"ImageObject","inLanguage":"en-US","@id":"https:\/\/darkamazi.info\/archives\/1052049#primaryimage","url":"https:\/\/darkamazi.info\/file\/2026\/03\/serok-barzani-2.jpg","contentUrl":"https:\/\/darkamazi.info\/file\/2026\/03\/serok-barzani-2.jpg","width":900,"height":497,"caption":"Serok Barzan\u00ee: 11\u00ea Adar\u00ea roja naskirina ferm\u00ee ya maf\u00ean gel\u00ea Kurdistan\u00ea ye"},{"@type":"BreadcrumbList","@id":"https:\/\/darkamazi.info\/archives\/1052049#breadcrumb","itemListElement":[{"@type":"ListItem","position":1,"name":"Home","item":"https:\/\/darkamazi.info\/"},{"@type":"ListItem","position":2,"name":"Serok Barzan\u00ee: 11\u00ea Adar\u00ea roja naskirina ferm\u00ee ya maf\u00ean gel\u00ea Kurdistan\u00ea ye"}]},{"@type":"WebSite","@id":"https:\/\/darkamazi.info\/#website","url":"https:\/\/darkamazi.info\/","name":"Darka Maz\u00ee","description":"P\u00eageha Zanyariy\u00ean Nebih\u00eest\u00ee","publisher":{"@id":"https:\/\/darkamazi.info\/#organization"},"potentialAction":[{"@type":"SearchAction","target":{"@type":"EntryPoint","urlTemplate":"https:\/\/darkamazi.info\/?s={search_term_string}"},"query-input":{"@type":"PropertyValueSpecification","valueRequired":true,"valueName":"search_term_string"}}],"inLanguage":"en-US"},{"@type":"Organization","@id":"https:\/\/darkamazi.info\/#organization","name":"Darka Maz\u00ee","url":"https:\/\/darkamazi.info\/","logo":{"@type":"ImageObject","inLanguage":"en-US","@id":"https:\/\/darkamazi.info\/#\/schema\/logo\/image\/","url":"https:\/\/darkamazi.info\/file\/2017\/12\/darka-mazi-logo.png","contentUrl":"https:\/\/darkamazi.info\/file\/2017\/12\/darka-mazi-logo.png","width":151,"height":75,"caption":"Darka Maz\u00ee"},"image":{"@id":"https:\/\/darkamazi.info\/#\/schema\/logo\/image\/"},"sameAs":["https:\/\/www.facebook.com\/DarMaziKurmanci","https:\/\/x.com\/DarkaMaziLatini","https:\/\/www.instagram.com\/darkamazi.kurmanci\/","https:\/\/www.youtube.com\/channel\/UCa5HkTdmI8U1qCUFuTw8B2g"]},{"@type":"Person","@id":"https:\/\/darkamazi.info\/#\/schema\/person\/5ad3e24553a0567993fa8ed4bd0a776c","name":"darka mazi","sameAs":["https:\/\/darkamazi.info\/"],"url":"https:\/\/darkamazi.info\/archives\/author\/kurdi"}]}},"_links":{"self":[{"href":"https:\/\/darkamazi.info\/funavuv\/wp\/v2\/posts\/1052049","targetHints":{"allow":["GET"]}}],"collection":[{"href":"https:\/\/darkamazi.info\/funavuv\/wp\/v2\/posts"}],"about":[{"href":"https:\/\/darkamazi.info\/funavuv\/wp\/v2\/types\/post"}],"author":[{"embeddable":true,"href":"https:\/\/darkamazi.info\/funavuv\/wp\/v2\/users\/2"}],"replies":[{"embeddable":true,"href":"https:\/\/darkamazi.info\/funavuv\/wp\/v2\/comments?post=1052049"}],"version-history":[{"count":0,"href":"https:\/\/darkamazi.info\/funavuv\/wp\/v2\/posts\/1052049\/revisions"}],"wp:featuredmedia":[{"embeddable":true,"href":"https:\/\/darkamazi.info\/funavuv\/wp\/v2\/media\/1052050"}],"wp:attachment":[{"href":"https:\/\/darkamazi.info\/funavuv\/wp\/v2\/media?parent=1052049"}],"wp:term":[{"taxonomy":"category","embeddable":true,"href":"https:\/\/darkamazi.info\/funavuv\/wp\/v2\/categories?post=1052049"},{"taxonomy":"post_tag","embeddable":true,"href":"https:\/\/darkamazi.info\/funavuv\/wp\/v2\/tags?post=1052049"}],"curies":[{"name":"wp","href":"https:\/\/api.w.org\/{rel}","templated":true}]}}