{"id":1052052,"date":"2026-03-14T13:19:32","date_gmt":"2026-03-14T10:19:32","guid":{"rendered":"https:\/\/darkamazi.info\/?p=1052052"},"modified":"2026-03-14T13:19:32","modified_gmt":"2026-03-14T10:19:32","slug":"performansa-meddahi-ya-nu-a-duran-qalkan-xemilandina-peymana-dawi-ya-di-navbera-ocalan-u-dewlete-de","status":"publish","type":"post","link":"https:\/\/darkamazi.info\/archives\/1052052","title":{"rendered":"Performansa Meddah\u00ee ya n\u00fb a D\u00fbran Qalkan: Xemilandina peymana daw\u00ee ya di navbera Ocalan \u00fb Dewlet\u00ea de"},"content":{"rendered":"<h3 style=\"text-align: justify\"><span style=\"font-family: 'arial black', sans-serif\">Hevpeyv\u00eenek bi D\u00fbran Qalkan, endamek\u00ee damezr\u00eener \u00ea PKK \u00ea re, di 11\u00ea Adar\u00ea de li ser Medya Haber, kanala n\u00fb\u00e7eyan a PKK \u00ea ya li Ewropay\u00ea, hate we\u015fandin.<\/span><\/h3>\n<h3 style=\"text-align: justify\">Ji ber mijar\u00ean kr\u00eet\u00eek \u00ean wek\u00ee \u015fer\u00ea bi \u00ceran\u00ea re, her kes\u00ee meraq dikir ka di hevpeyv\u00een\u00ea de \u00e7i heb\u00fb. L\u00eabel\u00ea, pi\u015ft\u00ee Ocalan di sala 2026 an de ekt\u00eef b\u00fb, daxuyaniy\u00ean r\u00eaber\u00ean PKK \u00ea y\u00ean wek\u00ee Bay\u00eek \u00fb Qalkan bi piran\u00ee b\u00eawate b\u00fbne. Ji ber ku ew ten\u00ea gotin\u00ean Ocalan \u015f\u00eerove dikin. Bi rast\u00ee tene meddeh\u00ee y\u00ea dikin.\u00a0<\/h3>\n<h3 style=\"text-align: justify\">Meddh\u00ee \u00a0di rastiy\u00ea de kevne\u015fopiyeke \u015fanoya Tirk\u00ee ye. Ew l\u00eestikek yek kes\u00ee ye, ku bi gelemper\u00ee teql\u00eed an \u00e7\u00eerokb\u00ea\u015f\u00ee ye. Qalkan, \u00e7\u00eeroka 50 sal\u00ee ya PKK \u00ea vedig\u00eare \u00fb hewl daye ku n\u00eeqa\u015f\u00ean li ser \u201c\u00ceran-PJAK\u201d y\u00ean di navbera Pkk-\u00cemrali-Dewlet\u00ea de dizivirin vedib\u00eaje.<\/h3>\n<h3 style=\"text-align: justify\">Agah\u00ee di dest me da hene ku Ocalan ji dewleta Tirk dest\u00fbr xwestiye \u00fb p\u00ea\u015fniyar kiriye ku &#8220;em dikarin bi r\u00eeya PJAK bandora Tirk\u00eey\u00ea li ser Rojhilat\u00ea Kurdistan\u00ea z\u00eade bikin.&#8221;<\/h3>\n<h3 style=\"text-align: justify\">Ocalan bi e\u015fkerey\u00ee daxwaz kir ku Tirkiye pi\u015ftgiriy\u00ea bide PJAK \u00ea, ku Tirkiye penaber\u00ean ji Rojhilat qeb\u00fbl bike \u00fb kampan ava bike, PJAK \u00ea \u00fb Azer\u00eeyan bigeh\u00eene hev. Ocalan ji dewlet\u00ea re got, &#8220;Siyaseta penaber\u00ean Ereb \u00ean ku we li S\u00fbriy\u00ea bikar an\u00ee, li ser \u00ceran\u00ea j\u00ee bic\u00eeh b\u00eenin. L\u00ea ti\u015ft\u00ea ku Fransay\u00ea ji bo HSD kir, bikin. Bi v\u00ee reng\u00ee, em dikarin siyaseta \u00cesra\u00eel\u00ea ya guhertina s\u00eenoran \u00fb avakirina Kurdistana Rojhilat asteng bikin.&#8221;<\/h3>\n<h3 style=\"text-align: justify\">Em \u00ea li vir nekevin nav h\u00fbrguliyan, l\u00ea di encam\u00ea de, dewleta Tirkiy\u00ea, ji bo niha, li \u015f\u00fbna v\u00ea p\u00ea\u015fniyara Ocalan siyasetek c\u00fbda pejirand. Tirkiy\u00ea ji Ocalan xwest ku &#8220;r\u00ea li ber Kurdan bigire ku bi h\u00eaz\u00ean din re t\u00eakil\u00ee daynin, \u015f\u00eeret\u00ea li wan bike ku ji hilwe\u015fandina rej\u00eema \u00ceran\u00ea d\u00fbr bisekinin, \u00fb p\u00ea\u015fniyar\u00ean ji h\u00eaz\u00ean biyan\u00ee t\u00ean, gumanbar bike.&#8221; (Hin d\u00ea ji me re bib\u00eajin, &#8220;H\u00fbn \u00e7awa dizanin ku w\u00ee ev gotiye?&#8221; hevalno ev 7 sal in Darka Maz\u00ee ti\u015ft\u00ea nivis\u00ee \u00fb g\u00eat\u00ee qed xelet derneketine.)<\/h3>\n<h3 style=\"text-align: center\"><span style=\"font-family: 'arial black', sans-serif;color: #8c0808\">Axaftina D\u00fbran Qalkan xemilandina \u00eedeoloj\u00eek \u00fb mirov\u00ee \u00a0bi ley\u00eezka meddah\u00ee hatiye kirin.<\/span><\/h3>\n<h3 style=\"text-align: justify\">Bifikirin ku Qalkan, endamek\u00ee damezr\u00eener \u00ea PKK \u00ea, kiryar\u00ean dewleta Tirkiy\u00ea y\u00ean li dij\u00ee Kurdan wek\u00ee kolonyal\u00eest an \u00eenkarker bi nav nake; ew kiryar\u00ean dewlet\u00ea wek\u00ee &#8220;\u015fa\u015f\u00eet\u00ee&#8221; bi nav dike. Qalkan dib\u00eaje, &#8220;Div\u00ea \u015fer nebe, mirov dimirin.&#8221; Ew wek\u00ee mirovek\u00ee ewqas human\u00eest xuya dike, l\u00ea w\u00ea hing\u00ea \u00e7ima we di sala 2015 an de li C\u00eez\u00eer\u00ea, S\u00fbr \u00fb Nis\u00eab\u00een\u00ea xendek kolandin \u00fb mal\u00ean mirovan w\u00earan kirin \u00fb 5 hezar ciwan\u00ean Kurd dan ku\u015ftin? Ev hem\u00fb gotin\u00ean Qalkan \u00ean mirov\u00ee, sosyal\u00eest \u00fb \u00eedeal\u00eest armanc dikin ku pol\u00eet\u00eekay\u00ean dewleta Tirk li ser Kurd\u00ean Rojhilat bisep\u00eene. Heta b\u00eay\u00ee ku h\u00fbn ji daxuyaniya di navbera Ocalan \u00fb dewleta Tirkiy\u00ea de haydar bin j\u00ee, di daxuyaniy\u00ean Qalkan de \u00eefadey\u00ean hem e\u015fkere \u00fb hem j\u00ee nepen\u00ee hene ku, n\u00ee\u015fana &#8220;xiyanet\u00ea&#8221; ne.<\/h3>\n<h3 style=\"text-align: justify\">M\u00eenak, di axaftina xwe de, Qalkan dib\u00eaje, &#8220;Serok Apo rej\u00eema Tirkiy\u00ea li ser p\u00eeya dih\u00eale.&#8221; \u00c7ima h\u00fbn Tirkiy\u00ea li ser p\u00eeya dih\u00ealin? Rast\u00ee ev e; li Rojhilata Nav\u00een du st\u00fbn\u00ean sereke y\u00ean s\u00eestema kolonyal\u00eest hene ku Kurdan pa\u015fguh dikin: \u00ceran \u00fb Tirkiye. Ger yek ji wan hilwe\u015fe, s\u00eestema kolonyal\u00eest a li ser Kurdistan\u00ea w\u00ea were hilwe\u015fandin. Ji ber ku ew ne ten\u00ea pergal\u00ea dipar\u00eazin, ew w\u00ea pergal\u00ea hildiber\u00eenin. Ji ber v\u00ea yek\u00ea Ocalan j\u00ee b\u00fbye ling\u00ea s\u00eestema kolonyalist.<\/h3>\n<h3 style=\"text-align: center\"><span style=\"color: #8c0808;font-family: 'arial black', sans-serif\">\u00db bi rast\u00ee, Qalkan bangawaz\u00ee dike ku Kurd kolonyal\u00eezma \u00ceran\u00ea, dipar\u00eazin.<\/span><\/h3>\n<h3 style=\"text-align: justify\">D\u00fbran Qalkan li dij\u00ee operasyona ku ji h\u00eala Emer\u00eeka \u00fb \u00cesra\u00eel\u00ea ve li dij\u00ee \u00ceran\u00ea t\u00ea kirin derdikeve \u00fb dib\u00eaje, &#8220;Ger ew bi ser bikevin d\u00ea \u00e7i bibe?&#8221; Ew heta dib\u00eaje, &#8220;Ev \u015fer ne 10 roj ber\u00ea, ne j\u00ee 11 roj ber\u00ea dest p\u00ea kiriye. Ew \u015ferek\u00ee ye ku 36 sal in didome. Werin em real\u00eest bin. Em pir ba\u015f dizanin ku li ku \u00fb keng\u00ee dest p\u00ea kiriye. Emer\u00eeka niha \u00ear\u00ee\u015fan li ser Rojhilata Nav\u00een dike. Di pay\u00eeza 1990 an de, wan di mehek\u00ea de 150,000 le\u015fker \u015fandin Rojhilata Nav\u00een. Ji Erebistana Si\u00fbd\u00ee bigire heta Kuweyt\u00ea, li seranser\u00ea Kendav\u00ea le\u015fker c\u00eebic\u00ee kir. Wan hem\u00ee balafir \u00fb ke\u015ft\u00eey\u00ean xwe an\u00een. \u015eerek\u00ee 36 sal\u00ee. H\u00eaz\u00ean ku v\u00ee \u015fer\u00ee dime\u015f\u00eenin ew in ku em j\u00ea re dib\u00eajin pergala modern\u00eeteya kap\u00eetal\u00eest a c\u00eehan\u00ee.&#8221;<\/h3>\n<h3 style=\"text-align: justify\">Operasyona ku Qalkan behs dike, ku ew dib\u00eaje Emer\u00eeka 36 sal ber\u00ea dest p\u00ea kiriye, destwerdana 1990 an a li dij\u00ee rej\u00eema Sedam li Iraq\u00ea ye. \u00db rast\u00ee ev e ku w\u00ea destwerdan\u00ea di Peymana Lozan\u00ea de kunek vekir \u00fb Kurd hatin ser d\u00eeka s\u00eeyaset\u00ea. Bi hilwe\u015f\u00eena rej\u00eema Sedam re, Kurdan serwer\u00eeya xwe \u00e7\u00eakir, \u00fb bi bandora t\u00eako\u015f\u00eena sedsalek dir\u00eaj a P\u00ea\u015fmergeyan li Ba\u015f\u00fbr, Kurdan cara yekem di qada navnetewey\u00ee de bun xwed\u00ee stat\u00fbyek\u00ee \u00eedar\u00ee-s\u00eeyas\u00ee-netewey\u00ee \u00fb dadwer\u00ee.<\/h3>\n<h3 style=\"text-align: justify\">Ji ber v\u00ea yek\u00ea Qalkan ne ten\u00ea dib\u00eaje &#8220;Div\u00ea \u00ceran nekeve&#8221;, ew her wiha dib\u00eaje &#8220;Xwez\u00ee Sedam j\u00ee neketiba.&#8221; Ew hilwe\u015f\u00eena Sedam wek\u00ee ti\u015ftek xirab di nirx\u00eene. Ger Sedam neketiba, w\u00ea b\u00eatir Helep\u00e7e \u00e7\u00eabiba. Ger Sedam neketiba, Hik\u00fbmeta Her\u00eama Kurdistan\u00ea \u00e7\u00eanedib\u00fb, ku her Kurdek dema ku di keve tengasiy\u00ea hewara xwe digeh\u00eene Serok Barzan\u00ee.<\/h3>\n<h3 style=\"text-align: justify\">Qalkan dib\u00eaje, &#8220;Ger Emer\u00eeka bi ser bikeve d\u00ea \u00e7i bibe?&#8221; Bu me Kurdan d\u00ea ti\u015ft\u00ean \u00e7\u00eatir d\u00ea \u00e7\u00eabibin. Dewletek dagirker-kolonyal d\u00ea hilwe\u015fe \u00fb derfet b\u00fb me Kurdan d\u00ea \u00e7\u00eabe ku em serwer\u00eeya xwe li ser xaka xwe \u00e7\u00eabikin.<\/h3>\n<h3 style=\"text-align: justify\">L\u00eabel\u00ea, Qalkan dixwaze ku Kurd h\u00eaz\u00ean kolonyalist-Dagirker bi nav\u00ea dijberiya &#8220;pergala Modern\u00eeteya Kap\u00eetal\u00eest&#8221; bipar\u00eazin. Ew dewlet\u00ean kolonyal\u00eest ji h\u00eala w\u00ea pergal\u00ea ve hatine damezrandin. Berevaj\u00ee v\u00ea, hilwe\u015fandina kolonyal\u00eestan derbeyek li ser pergala kap\u00eetal\u00eest e. Kurdan \u00e7i pirsgir\u00eak li gel gel \u201cemperyal\u00eestan\u201d n\u00eene, k\u00ea\u015feya Kurdan li gel dagirker \u00fb Kolonyal\u00eestan heye.<\/h3>\n<h3 style=\"text-align: justify\">Qalkan her wiha \u015f\u00eeret\u00ea dide Kurd\u00ean Rojhilet \u00fb dib\u00eaje, &#8220;P\u00ea\u015fniyara me ji bo partiy\u00ean Rojhelet ew e ku ji n\u00eaz\u00eekatiy\u00ean dewleta netewey\u00ee \u00fb neteweperest\u00ee d\u00fbr bisekinin.&#8221; Bi rast\u00ee, di navbera axaftina Bax\u00e7el\u00ee \u00fb Qalkan de pir c\u00fbdah\u00ee tune. Bi rast\u00ee, heke h\u00fbn bala xwe bidin\u00ea, Bax\u00e7el\u00ee niha pi\u015ftgiriy\u00ea dide Ocalan. D\u00fbran Qalkan hem pi\u015ftgiriy\u00ea dide Ocalan \u00fb hem j\u00ee Bax\u00e7el\u00ee. Hem\u00fb bil bi bile hev girtine da ku Kurd ji van gurankar\u00eey\u00ean \u00ceran\u00ea s\u00fbdmend nebin. \u00db her dijminek\u00ee Kurd ji berxwe ve \u015f\u00eeretan di de Kurdan. \u00a0<\/h3>\n<h3 style=\"text-align: justify\">Bax\u00e7el\u00ee dib\u00eaje, &#8220;Kurd d\u00ea nebin le\u015fker\u00ean kes\u00ee.&#8221; Ocalan dib\u00eaje, &#8220;\u00c7areseriyek bi r\u00eaberiya dewlet\u00ea xeternak e.&#8221; Qalkan dib\u00eaje, &#8220;Ji n\u00eaz\u00eekatiy\u00ean dewleta netewey\u00ee d\u00fbr bisekinin.&#8221; Ev hem\u00ee gotin digih\u00eejin heman encam\u00ea. Hem\u00fb bi hev re dixebitin da ku pergala kolonyal bipar\u00eazin \u00fb p\u00ea\u015f\u00ee li ji n\u00fb ve x\u00eazkirina nex\u015feya Rojhilata Nav\u00een bigirin. Ocalan-Bax\u00e7el\u00ee-PKK bi nav\u00ean &#8220;Projeya Biratiy\u00ea&#8221; \u00fb &#8220;\u00c7areseriya R\u00eaya S\u00eayem\u00een&#8221; dixwazin Kurd ji v\u00ea derfeta z\u00ear\u00een a li Rojhilat \u00e7\u00eadibe s\u00fbdmend nebin.<\/h3>\n<h3 style=\"text-align: justify\">Rastiya ku di bin meddah\u00eeya daw\u00ee ya Qalkan de, tam ew in ku me li jor behs kir. Div\u00ea Kurd niha l\u00eestika ve\u015fart\u00ee ya PKK \u00ea \u00fb rola w\u00ea wek\u00ee pi\u015ftgiriyek ji bo pergala kolonyal-Dagirker bib\u00eenin. Ger ev ney\u00ea d\u00eetin, \u00fb ger h\u00eaviy\u00ean pi\u00e7\u00fbk li ser PKK \u00ea werin dan\u00een, Kurd li Rojhilat\u00ea Kurdistan\u00ea d\u00ea derfeta z\u00ear\u00een ji dest bidin \u00fb t\u00fb\u015f\u00ee \u015fikestinek\u00ee mezin bibin. Kurd \u00e7i qas ji PKK-PJAK \u00ea d\u00fbr bisekinin ew qas d\u00ea n\u00eaz\u00eek\u00ee r\u00eeya rast \u00fb rizgarker bibin.<\/h3>\n","protected":false},"excerpt":{"rendered":"<p>Hevpeyv\u00eenek bi D\u00fbran Qalkan, endamek\u00ee damezr\u00eener \u00ea PKK \u00ea re, di 11\u00ea Adar\u00ea de li ser Medya Haber, kanala n\u00fb\u00e7eyan a PKK \u00ea ya li Ewropay\u00ea, hate we\u015fandin. Ji ber mijar\u00ean kr\u00eet\u00eek \u00ean wek\u00ee \u015fer\u00ea bi \u00ceran\u00ea re, her kes\u00ee meraq dikir ka di hevpeyv\u00een\u00ea de \u00e7i heb\u00fb. L\u00eabel\u00ea, pi\u015ft\u00ee Ocalan di sala 2026 an [&hellip;]<\/p>\n","protected":false},"author":2,"featured_media":1052070,"comment_status":"closed","ping_status":"closed","sticky":false,"template":"","format":"standard","meta":{"footnotes":""},"categories":[68],"tags":[37],"class_list":["post-1052052","post","type-post","status-publish","format-standard","has-post-thumbnail","hentry","category-analiz","tag-sereke"],"blocksy_meta":[],"seo_head":"<!-- This site is optimized with the Yoast SEO plugin v27.5 - https:\/\/yoast.com\/product\/yoast-seo-wordpress\/ -->\n<title>Performansa Meddah\u00ee ya n\u00fb a D\u00fbran Qalkan: Xemilandina peymana daw\u00ee ya di navbera Ocalan \u00fb Dewlet\u00ea de - Darka Maz\u00ee<\/title>\n<meta name=\"robots\" content=\"index, follow, max-snippet:-1, max-image-preview:large, max-video-preview:-1\" \/>\n<link rel=\"canonical\" href=\"https:\/\/darkamazi.info\/archives\/1052052\" \/>\n<meta property=\"og:locale\" content=\"en_US\" \/>\n<meta property=\"og:type\" content=\"article\" \/>\n<meta property=\"og:title\" content=\"Performansa Meddah\u00ee ya n\u00fb a D\u00fbran Qalkan: Xemilandina peymana daw\u00ee ya di navbera Ocalan \u00fb Dewlet\u00ea de - Darka Maz\u00ee\" \/>\n<meta property=\"og:description\" content=\"Hevpeyv\u00eenek bi D\u00fbran Qalkan, endamek\u00ee damezr\u00eener \u00ea PKK \u00ea re, di 11\u00ea Adar\u00ea de li ser Medya Haber, kanala n\u00fb\u00e7eyan a PKK \u00ea ya li Ewropay\u00ea, hate we\u015fandin. Ji ber mijar\u00ean kr\u00eet\u00eek \u00ean wek\u00ee \u015fer\u00ea bi \u00ceran\u00ea re, her kes\u00ee meraq dikir ka di hevpeyv\u00een\u00ea de \u00e7i heb\u00fb. L\u00eabel\u00ea, pi\u015ft\u00ee Ocalan di sala 2026 an [&hellip;]\" \/>\n<meta property=\"og:url\" content=\"https:\/\/darkamazi.info\/archives\/1052052\" \/>\n<meta property=\"og:site_name\" content=\"Darka Maz\u00ee\" \/>\n<meta property=\"article:publisher\" content=\"https:\/\/www.facebook.com\/DarMaziKurmanci\" \/>\n<meta property=\"article:published_time\" content=\"2026-03-14T10:19:32+00:00\" \/>\n<meta property=\"og:image\" content=\"https:\/\/darkamazi.info\/file\/2026\/03\/kalkan-rojhelat.jpg\" \/>\n\t<meta property=\"og:image:width\" content=\"900\" \/>\n\t<meta property=\"og:image:height\" content=\"500\" \/>\n\t<meta property=\"og:image:type\" content=\"image\/jpeg\" \/>\n<meta name=\"author\" content=\"darka mazi\" \/>\n<meta name=\"twitter:card\" content=\"summary_large_image\" \/>\n<meta name=\"twitter:creator\" content=\"@DarkaMaziLatini\" \/>\n<meta name=\"twitter:site\" content=\"@DarkaMaziLatini\" \/>\n<meta name=\"twitter:label1\" content=\"Written by\" \/>\n\t<meta name=\"twitter:data1\" content=\"darka mazi\" \/>\n\t<meta name=\"twitter:label2\" content=\"Est. reading time\" \/>\n\t<meta name=\"twitter:data2\" content=\"6 minutes\" \/>\n<script type=\"application\/ld+json\" class=\"seo-schema-graph\">{\"@context\":\"https:\\\/\\\/schema.org\",\"@graph\":[{\"@type\":\"Article\",\"@id\":\"https:\\\/\\\/darkamazi.info\\\/archives\\\/1052052#article\",\"isPartOf\":{\"@id\":\"https:\\\/\\\/darkamazi.info\\\/archives\\\/1052052\"},\"author\":{\"name\":\"darka mazi\",\"@id\":\"https:\\\/\\\/darkamazi.info\\\/#\\\/schema\\\/person\\\/5ad3e24553a0567993fa8ed4bd0a776c\"},\"headline\":\"Performansa Meddah\u00ee ya n\u00fb a D\u00fbran Qalkan: Xemilandina peymana daw\u00ee ya di navbera Ocalan \u00fb Dewlet\u00ea de\",\"datePublished\":\"2026-03-14T10:19:32+00:00\",\"mainEntityOfPage\":{\"@id\":\"https:\\\/\\\/darkamazi.info\\\/archives\\\/1052052\"},\"wordCount\":1350,\"publisher\":{\"@id\":\"https:\\\/\\\/darkamazi.info\\\/#organization\"},\"image\":{\"@id\":\"https:\\\/\\\/darkamazi.info\\\/archives\\\/1052052#primaryimage\"},\"thumbnailUrl\":\"https:\\\/\\\/darkamazi.info\\\/darka-content\\\/uploads\\\/2026\\\/03\\\/kalkan-rojhelat.jpg\",\"keywords\":[\"sereke\"],\"articleSection\":[\"Anal\u00eez\"],\"inLanguage\":\"en-US\"},{\"@type\":\"WebPage\",\"@id\":\"https:\\\/\\\/darkamazi.info\\\/archives\\\/1052052\",\"url\":\"https:\\\/\\\/darkamazi.info\\\/archives\\\/1052052\",\"name\":\"Performansa Meddah\u00ee ya n\u00fb a D\u00fbran Qalkan: Xemilandina peymana daw\u00ee ya di navbera Ocalan \u00fb Dewlet\u00ea de - Darka Maz\u00ee\",\"isPartOf\":{\"@id\":\"https:\\\/\\\/darkamazi.info\\\/#website\"},\"primaryImageOfPage\":{\"@id\":\"https:\\\/\\\/darkamazi.info\\\/archives\\\/1052052#primaryimage\"},\"image\":{\"@id\":\"https:\\\/\\\/darkamazi.info\\\/archives\\\/1052052#primaryimage\"},\"thumbnailUrl\":\"https:\\\/\\\/darkamazi.info\\\/darka-content\\\/uploads\\\/2026\\\/03\\\/kalkan-rojhelat.jpg\",\"datePublished\":\"2026-03-14T10:19:32+00:00\",\"breadcrumb\":{\"@id\":\"https:\\\/\\\/darkamazi.info\\\/archives\\\/1052052#breadcrumb\"},\"inLanguage\":\"en-US\",\"potentialAction\":[{\"@type\":\"ReadAction\",\"target\":[\"https:\\\/\\\/darkamazi.info\\\/archives\\\/1052052\"]}]},{\"@type\":\"ImageObject\",\"inLanguage\":\"en-US\",\"@id\":\"https:\\\/\\\/darkamazi.info\\\/archives\\\/1052052#primaryimage\",\"url\":\"https:\\\/\\\/darkamazi.info\\\/darka-content\\\/uploads\\\/2026\\\/03\\\/kalkan-rojhelat.jpg\",\"contentUrl\":\"https:\\\/\\\/darkamazi.info\\\/darka-content\\\/uploads\\\/2026\\\/03\\\/kalkan-rojhelat.jpg\",\"width\":900,\"height\":500,\"caption\":\"Performansa Meddah\u00ee ya n\u00fb a D\u00fbran Qalkan: Xemilandina peymana daw\u00ee ya di navbera Ocalan \u00fb Dewlet\u00ea de\"},{\"@type\":\"BreadcrumbList\",\"@id\":\"https:\\\/\\\/darkamazi.info\\\/archives\\\/1052052#breadcrumb\",\"itemListElement\":[{\"@type\":\"ListItem\",\"position\":1,\"name\":\"Home\",\"item\":\"https:\\\/\\\/darkamazi.info\\\/\"},{\"@type\":\"ListItem\",\"position\":2,\"name\":\"Performansa Meddah\u00ee ya n\u00fb a D\u00fbran Qalkan: Xemilandina peymana daw\u00ee ya di navbera Ocalan \u00fb Dewlet\u00ea de\"}]},{\"@type\":\"WebSite\",\"@id\":\"https:\\\/\\\/darkamazi.info\\\/#website\",\"url\":\"https:\\\/\\\/darkamazi.info\\\/\",\"name\":\"Darka Maz\u00ee\",\"description\":\"P\u00eageha Zanyariy\u00ean Nebih\u00eest\u00ee\",\"publisher\":{\"@id\":\"https:\\\/\\\/darkamazi.info\\\/#organization\"},\"potentialAction\":[{\"@type\":\"SearchAction\",\"target\":{\"@type\":\"EntryPoint\",\"urlTemplate\":\"https:\\\/\\\/darkamazi.info\\\/?s={search_term_string}\"},\"query-input\":{\"@type\":\"PropertyValueSpecification\",\"valueRequired\":true,\"valueName\":\"search_term_string\"}}],\"inLanguage\":\"en-US\"},{\"@type\":\"Organization\",\"@id\":\"https:\\\/\\\/darkamazi.info\\\/#organization\",\"name\":\"Darka Maz\u00ee\",\"url\":\"https:\\\/\\\/darkamazi.info\\\/\",\"logo\":{\"@type\":\"ImageObject\",\"inLanguage\":\"en-US\",\"@id\":\"https:\\\/\\\/darkamazi.info\\\/#\\\/schema\\\/logo\\\/image\\\/\",\"url\":\"https:\\\/\\\/darkamazi.info\\\/darka-content\\\/uploads\\\/2017\\\/12\\\/darka-mazi-logo.png\",\"contentUrl\":\"https:\\\/\\\/darkamazi.info\\\/darka-content\\\/uploads\\\/2017\\\/12\\\/darka-mazi-logo.png\",\"width\":151,\"height\":75,\"caption\":\"Darka Maz\u00ee\"},\"image\":{\"@id\":\"https:\\\/\\\/darkamazi.info\\\/#\\\/schema\\\/logo\\\/image\\\/\"},\"sameAs\":[\"https:\\\/\\\/www.facebook.com\\\/DarMaziKurmanci\",\"https:\\\/\\\/x.com\\\/DarkaMaziLatini\",\"https:\\\/\\\/www.instagram.com\\\/darkamazi.kurmanci\\\/\",\"https:\\\/\\\/www.youtube.com\\\/channel\\\/UCa5HkTdmI8U1qCUFuTw8B2g\"]},{\"@type\":\"Person\",\"@id\":\"https:\\\/\\\/darkamazi.info\\\/#\\\/schema\\\/person\\\/5ad3e24553a0567993fa8ed4bd0a776c\",\"name\":\"darka mazi\",\"sameAs\":[\"https:\\\/\\\/darkamazi.info\\\/\"],\"url\":\"https:\\\/\\\/darkamazi.info\\\/archives\\\/author\\\/kurdi\"}]}<\/script>\n<!-- \/ Yoast SEO plugin. -->","seo_head_json":{"title":"Performansa Meddah\u00ee ya n\u00fb a D\u00fbran Qalkan: Xemilandina peymana daw\u00ee ya di navbera Ocalan \u00fb Dewlet\u00ea de - Darka Maz\u00ee","robots":{"index":"index","follow":"follow","max-snippet":"max-snippet:-1","max-image-preview":"max-image-preview:large","max-video-preview":"max-video-preview:-1"},"canonical":"https:\/\/darkamazi.info\/archives\/1052052","og_locale":"en_US","og_type":"article","og_title":"Performansa Meddah\u00ee ya n\u00fb a D\u00fbran Qalkan: Xemilandina peymana daw\u00ee ya di navbera Ocalan \u00fb Dewlet\u00ea de - Darka Maz\u00ee","og_description":"Hevpeyv\u00eenek bi D\u00fbran Qalkan, endamek\u00ee damezr\u00eener \u00ea PKK \u00ea re, di 11\u00ea Adar\u00ea de li ser Medya Haber, kanala n\u00fb\u00e7eyan a PKK \u00ea ya li Ewropay\u00ea, hate we\u015fandin. Ji ber mijar\u00ean kr\u00eet\u00eek \u00ean wek\u00ee \u015fer\u00ea bi \u00ceran\u00ea re, her kes\u00ee meraq dikir ka di hevpeyv\u00een\u00ea de \u00e7i heb\u00fb. L\u00eabel\u00ea, pi\u015ft\u00ee Ocalan di sala 2026 an [&hellip;]","og_url":"https:\/\/darkamazi.info\/archives\/1052052","og_site_name":"Darka Maz\u00ee","article_publisher":"https:\/\/www.facebook.com\/DarMaziKurmanci","article_published_time":"2026-03-14T10:19:32+00:00","og_image":[{"width":900,"height":500,"url":"https:\/\/darkamazi.info\/file\/2026\/03\/kalkan-rojhelat.jpg","type":"image\/jpeg"}],"author":"darka mazi","twitter_card":"summary_large_image","twitter_creator":"@DarkaMaziLatini","twitter_site":"@DarkaMaziLatini","twitter_misc":{"Written by":"darka mazi","Est. reading time":"6 minutes"},"schema":{"@context":"https:\/\/schema.org","@graph":[{"@type":"Article","@id":"https:\/\/darkamazi.info\/archives\/1052052#article","isPartOf":{"@id":"https:\/\/darkamazi.info\/archives\/1052052"},"author":{"name":"darka mazi","@id":"https:\/\/darkamazi.info\/#\/schema\/person\/5ad3e24553a0567993fa8ed4bd0a776c"},"headline":"Performansa Meddah\u00ee ya n\u00fb a D\u00fbran Qalkan: Xemilandina peymana daw\u00ee ya di navbera Ocalan \u00fb Dewlet\u00ea de","datePublished":"2026-03-14T10:19:32+00:00","mainEntityOfPage":{"@id":"https:\/\/darkamazi.info\/archives\/1052052"},"wordCount":1350,"publisher":{"@id":"https:\/\/darkamazi.info\/#organization"},"image":{"@id":"https:\/\/darkamazi.info\/archives\/1052052#primaryimage"},"thumbnailUrl":"https:\/\/darkamazi.info\/file\/2026\/03\/kalkan-rojhelat.jpg","keywords":["sereke"],"articleSection":["Anal\u00eez"],"inLanguage":"en-US"},{"@type":"WebPage","@id":"https:\/\/darkamazi.info\/archives\/1052052","url":"https:\/\/darkamazi.info\/archives\/1052052","name":"Performansa Meddah\u00ee ya n\u00fb a D\u00fbran Qalkan: Xemilandina peymana daw\u00ee ya di navbera Ocalan \u00fb Dewlet\u00ea de - Darka Maz\u00ee","isPartOf":{"@id":"https:\/\/darkamazi.info\/#website"},"primaryImageOfPage":{"@id":"https:\/\/darkamazi.info\/archives\/1052052#primaryimage"},"image":{"@id":"https:\/\/darkamazi.info\/archives\/1052052#primaryimage"},"thumbnailUrl":"https:\/\/darkamazi.info\/file\/2026\/03\/kalkan-rojhelat.jpg","datePublished":"2026-03-14T10:19:32+00:00","breadcrumb":{"@id":"https:\/\/darkamazi.info\/archives\/1052052#breadcrumb"},"inLanguage":"en-US","potentialAction":[{"@type":"ReadAction","target":["https:\/\/darkamazi.info\/archives\/1052052"]}]},{"@type":"ImageObject","inLanguage":"en-US","@id":"https:\/\/darkamazi.info\/archives\/1052052#primaryimage","url":"https:\/\/darkamazi.info\/file\/2026\/03\/kalkan-rojhelat.jpg","contentUrl":"https:\/\/darkamazi.info\/file\/2026\/03\/kalkan-rojhelat.jpg","width":900,"height":500,"caption":"Performansa Meddah\u00ee ya n\u00fb a D\u00fbran Qalkan: Xemilandina peymana daw\u00ee ya di navbera Ocalan \u00fb Dewlet\u00ea de"},{"@type":"BreadcrumbList","@id":"https:\/\/darkamazi.info\/archives\/1052052#breadcrumb","itemListElement":[{"@type":"ListItem","position":1,"name":"Home","item":"https:\/\/darkamazi.info\/"},{"@type":"ListItem","position":2,"name":"Performansa Meddah\u00ee ya n\u00fb a D\u00fbran Qalkan: Xemilandina peymana daw\u00ee ya di navbera Ocalan \u00fb Dewlet\u00ea de"}]},{"@type":"WebSite","@id":"https:\/\/darkamazi.info\/#website","url":"https:\/\/darkamazi.info\/","name":"Darka Maz\u00ee","description":"P\u00eageha Zanyariy\u00ean Nebih\u00eest\u00ee","publisher":{"@id":"https:\/\/darkamazi.info\/#organization"},"potentialAction":[{"@type":"SearchAction","target":{"@type":"EntryPoint","urlTemplate":"https:\/\/darkamazi.info\/?s={search_term_string}"},"query-input":{"@type":"PropertyValueSpecification","valueRequired":true,"valueName":"search_term_string"}}],"inLanguage":"en-US"},{"@type":"Organization","@id":"https:\/\/darkamazi.info\/#organization","name":"Darka Maz\u00ee","url":"https:\/\/darkamazi.info\/","logo":{"@type":"ImageObject","inLanguage":"en-US","@id":"https:\/\/darkamazi.info\/#\/schema\/logo\/image\/","url":"https:\/\/darkamazi.info\/file\/2017\/12\/darka-mazi-logo.png","contentUrl":"https:\/\/darkamazi.info\/file\/2017\/12\/darka-mazi-logo.png","width":151,"height":75,"caption":"Darka Maz\u00ee"},"image":{"@id":"https:\/\/darkamazi.info\/#\/schema\/logo\/image\/"},"sameAs":["https:\/\/www.facebook.com\/DarMaziKurmanci","https:\/\/x.com\/DarkaMaziLatini","https:\/\/www.instagram.com\/darkamazi.kurmanci\/","https:\/\/www.youtube.com\/channel\/UCa5HkTdmI8U1qCUFuTw8B2g"]},{"@type":"Person","@id":"https:\/\/darkamazi.info\/#\/schema\/person\/5ad3e24553a0567993fa8ed4bd0a776c","name":"darka mazi","sameAs":["https:\/\/darkamazi.info\/"],"url":"https:\/\/darkamazi.info\/archives\/author\/kurdi"}]}},"_links":{"self":[{"href":"https:\/\/darkamazi.info\/funavuv\/wp\/v2\/posts\/1052052","targetHints":{"allow":["GET"]}}],"collection":[{"href":"https:\/\/darkamazi.info\/funavuv\/wp\/v2\/posts"}],"about":[{"href":"https:\/\/darkamazi.info\/funavuv\/wp\/v2\/types\/post"}],"author":[{"embeddable":true,"href":"https:\/\/darkamazi.info\/funavuv\/wp\/v2\/users\/2"}],"replies":[{"embeddable":true,"href":"https:\/\/darkamazi.info\/funavuv\/wp\/v2\/comments?post=1052052"}],"version-history":[{"count":0,"href":"https:\/\/darkamazi.info\/funavuv\/wp\/v2\/posts\/1052052\/revisions"}],"wp:featuredmedia":[{"embeddable":true,"href":"https:\/\/darkamazi.info\/funavuv\/wp\/v2\/media\/1052070"}],"wp:attachment":[{"href":"https:\/\/darkamazi.info\/funavuv\/wp\/v2\/media?parent=1052052"}],"wp:term":[{"taxonomy":"category","embeddable":true,"href":"https:\/\/darkamazi.info\/funavuv\/wp\/v2\/categories?post=1052052"},{"taxonomy":"post_tag","embeddable":true,"href":"https:\/\/darkamazi.info\/funavuv\/wp\/v2\/tags?post=1052052"}],"curies":[{"name":"wp","href":"https:\/\/api.w.org\/{rel}","templated":true}]}}