{"id":1052054,"date":"2026-03-11T20:35:43","date_gmt":"2026-03-11T17:35:43","guid":{"rendered":"https:\/\/darkamazi.info\/?p=1052054"},"modified":"2026-03-11T20:35:43","modified_gmt":"2026-03-11T17:35:43","slug":"niqas-di-nav-hevpeymaniya-rojhilate-kurdistane-de-gelo-pjak-hevkareki-pebawerker-e","status":"publish","type":"post","link":"https:\/\/darkamazi.info\/archives\/1052054","title":{"rendered":"N\u00eeqa\u015f di nav Hevpeymaniya Rojhilat\u00ea Kurdistan\u00ea de: Gelo PJAK Hevkarek\u00ee P\u00eabawerker e?"},"content":{"rendered":"<h3 style=\"text-align: justify\"><span style=\"font-family: 'arial black', sans-serif\">P\u00eanc partiy\u00ean Kurd li Rojhilat\u00ea Kurdistan\u00ea di 24 \u00ea Sibat\u00ea de damezrandina &#8220;Hevpeymaniya H\u00eaz\u00ean Siyas\u00ee y\u00ean Kurdistana \u00ceran\u00ea&#8221; ragihandin. Endam\u00ea her\u00ee nakok \u00ea v\u00ea hevpeymaniy\u00ea PJAK e.<\/span><\/h3>\n<h3 style=\"text-align: justify\"><span style=\"font-family: arial, helvetica, sans-serif\">Ji ber ku rabird\u00fbya PJAK nezelal e \u00fb di operasyon\u00ean tar\u00ee de hatiye bikar an\u00een, kurd di derbar\u00ea heb\u00fbna w\u00ea di anva hevpeymaniyek ewqas gir\u00eeng de, bi fikar in.<\/span><\/h3>\n<h3 style=\"text-align: justify\"><span style=\"font-family: 'arial black', sans-serif;font-size: 18pt;color: #8c0707\">\u00c7ima PJAK di bin tar\u00eet\u00eey\u00ea de ye?<\/span><\/h3>\n<h3 style=\"text-align: justify\"><span style=\"font-family: arial, helvetica, sans-serif\">PJAK ne tevgerek ji Rojhilat\u00ea Kurdistan\u00ea ye. Ew li ser tal\u00eemata Ocalan ji girt\u00eegeha \u00cemraliy\u00ea fir\u00eakir\u00ee ji h\u00eala biray\u00ea w\u00ee Osman Ocalan ve hate damezrandin \u00fb pa\u015f\u00ea radest\u00ee Cem\u00eel Bayik hate kirin. Di kongreya damezrandin\u00ea de, ciwan\u00ean ji Rojhilat pir k\u00eamb\u00fbn. Hem\u00ee kadro ji bakur b\u00fbn. Ev h\u00een j\u00ee wisa ye. Her \u00e7end nav\u00ean wek\u00ee Viyan Peyman li ser ekran\u00ea ne j\u00ee, ew hem\u00ee kadroy\u00ean PKK\u2019\u00eane \u00fb ji dervey\u00ee \u00eedeolojiya PKK\u2019\u00ea ti zan\u00eena wan a\u00a0 gelemper\u00ee \u00fb siyaset\u00ea tune ye. Mazl\u00fbm Heften bi salan bij\u00ee\u015fk\u00ea taybet y\u00ea Cem\u00eel Bay\u0131k b\u00fb.<\/span><\/h3>\n<h3 style=\"text-align: justify\"><span style=\"font-family: arial, helvetica, sans-serif\">Ango, kes\u00ean ku j\u00ea re dib\u00eajin r\u00eaber\u00ean PJAK\u2019\u00ea di bin ewleh\u00ee \u00fb fermandariya Cem\u00eel Bayik de ne. B\u00ea dest\u00fbra PKK\u2019\u00ea ew nikarin cih\u00ea p\u00ealavek\u00ea j\u00ee biguher\u00een. Di v\u00ea qonaxa hest\u00eeyar de, b\u00ea guman, ew \u00ea berjewendiy\u00ean PKK\u2019\u00ea bipar\u00eazin, ne y\u00ean gel\u00ea Kurd.<\/span><\/h3>\n<h3 style=\"text-align: justify\"><span style=\"font-family: arial, helvetica, sans-serif\">Her kes dizane ku Cem\u00eel Bayik n\u00fbnertiya bask\u00ea \u00ceran\u00ee y\u00ea nava PKK\u2019\u00ea de dike. Bayik di sala 2004an de bi \u00ceran\u00ea re peymanek stratej\u00eek \u00e7\u00eakir. Di sala 2013an de, PKK\u2019e tevl\u00ee projeya her\u00eam\u00ee ya \u00ceran\u00ea b\u00fb. Bayik du caran bi fermandar\u00ea navdar \u00ea \u00ceran\u00ea Qasim Sil\u00eaman\u00ee re civiya. Di sala 2019an de, di hevpeyv\u00eeneke xwe de Cem\u00eel Bayik bi e\u015fkerey\u00ee got ku &#8220;PKK\u2019e astengiyeke ji bo hevpeymaniya dij\u00ee-\u00ceran\u00ea&#8221;, Bayik di v\u00ea ast\u00ea de \u00ceran par\u00eaz e.<\/span><\/h3>\n<h3 style=\"text-align: justify\"><span style=\"font-family: arial, helvetica, sans-serif\">\u00db ev kes\u00ea hevkar\u00ea stratej\u00eek \u00ea \u00ceran\u00ea, ango Cem\u00eel Bayik, PJAK\u2019\u00ea bi r\u00ea ve dibe.<\/span><\/h3>\n<h3 style=\"text-align: justify\"><span style=\"font-family: 'arial black', sans-serif;font-size: 18pt;color: #8c0707\">PJAK siya Cem\u00eel Bayik \u00fb PKK\u2019\u00ea ye.<\/span><\/h3>\n<h3 style=\"text-align: justify\"><span style=\"font-family: arial, helvetica, sans-serif\">Bi salan e \u00ceran hewl dide ku bi avakirina PJAK\u2019\u00ea li dij\u00ee r\u00eaxistin\u00ean Kurd\u00ee y\u00ean wek\u00ee PDK\u00ce, PAK \u00fb Komeley\u00ea, Kurd\u00ean li Rojhilat\u00ea Kurdistan\u00ea kontrol bike.<\/span><\/h3>\n<h3 style=\"text-align: justify\"><span style=\"font-family: arial, helvetica, sans-serif\">\u00ceran b\u00eanavber baregeh\u00ean r\u00eaxistin\u00ean din \u00ean Rojhilat\u00ee li Hewl\u00ear, Sil\u00eaman\u00ee \u00fb Koyey\u00ea bi m\u00fb\u015fekan bombebaran dike.<\/span><\/h3>\n<h3 style=\"text-align: justify\"><span style=\"font-family: arial, helvetica, sans-serif\">L\u00eabel\u00ea, PJAK bi salan e li Dola Ey\u015f\u00ea, Berde Naz\u00ea, Zel\u00ea, Mave, Xirpap\u00ea, Dola T\u00fby\u00ea, Dambat,K\u00eale Re\u015f\u00ea, Pencw\u00een \u00fb Asos\u00ea, ku ten\u00ea 2-3 km ji baregah\u00ean pasdaran d\u00fbr in, bi dehan kamp ava kirine. Gumrik\u00ea dat\u00eenin \u00fb bac\u00ea ji xelk\u00ea dist\u00eenin. Li aliy\u00ea din \u00ea s\u00eenor, li Mer Gever, Dambat \u00fb Kela Re\u015f bi otomob\u00eelan digerin. Gelo ten\u00ea carek\u00ea \u00ear\u00ee\u015f li wan hatiye kirin? Na. \u00c7ima?<\/span><\/h3>\n<h3 style=\"text-align: justify\"><span style=\"font-family: arial, helvetica, sans-serif\">Ji ber ku \u00ceran\u00ea erk\u00ea parastina s\u00eenor\u00ean xwe daye PKK-PJAK\u2019\u00ea. PJAK weke pasawan\u00ean s\u00eenor li ser hesaba \u00ceran\u00ea li dij\u00ee PDK\u00ce, PAK \u00fb Komeley\u00ea s\u00eenor\u00ea \u00ceran\u00ea dipar\u00eaze. Di 24 \u00ea Gulana 2014an de, PJAK bi PDK\u00ce re, ku tevgereke n\u00fb bi nav\u00ea Rasan li dij\u00ee \u00ceran\u00ea dab\u00fb destp\u00eakirin, pev\u00e7\u00fbnek \u00e7\u00eakir \u00fb du P\u00ea\u015fmergey\u00ean w\u00ea \u015feh\u00eed kirin.<\/span><\/h3>\n<h3 style=\"text-align: justify\"><span style=\"font-family: 'arial black', sans-serif;font-size: 18pt;color: #8c0707\">PJAK a xwed\u00ee rabird\u00fbyek wisa \u00eero dikare \u00e7i helwest\u00ea bigire? Ew\u00ea ten\u00ea wek\u00ee h\u00eazek ku PKK\u2019e bi r\u00eaya w\u00ea temen\u00ea xwe dir\u00eaj bike w\u00ea b\u00ea bikar an\u00een.<\/span><\/h3>\n<h3 style=\"text-align: justify\"><span style=\"font-family: arial, helvetica, sans-serif\">\u00cero, PKK\u2019\u00ea hem\u00ee kadroy\u00ean xwe y\u00ean bakur\u00ee \u00ean ku li Rojava b\u00fbn veki\u015fiyane \u00fb di bin s\u00eewana PJAK\u2019\u00ea de bic\u00eeh kirine \u00fb medyaya xwe j\u00ee bo propagandaya PJAK\u2019\u00ea erkdar kiriye. Yan\u00ee, PKK\u2019e li bend\u00ea ye ku ka d\u00ea nava v\u00ea aloz\u00eey\u00ea de \u00e7i bikeve dest w\u00ea.<\/span><\/h3>\n<h3 style=\"text-align: justify\"><span style=\"font-family: arial, helvetica, sans-serif\">Tevl\u00eeb\u00fbna PJAK\u2019\u00ea di hevpeymaniya di navbera r\u00eaxistin\u00ean Rojhilat\u00ea Kurdistan\u00ea de, an j\u00ee parastina bih\u00eaztir a v\u00ea hevpeymaniy\u00ea ji y\u00ean din, m\u00eesyon \u00fb rast\u00eeya PJAK\u2019\u00ea naguher\u00eene.<\/span><\/h3>\n<h3 style=\"text-align: justify\"><span style=\"font-family: arial, helvetica, sans-serif\">Meseleya esas armanca damezrandina PJAK\u2019\u00ea \u00fb pirsa ka xizmeta k\u00ea dike ye. B\u00eay\u00ee bersiva v\u00ea pirs\u00ea, tu hevpeyman\u00ee nikare baweriyek rast\u00een ava bike, \u00fb guman\u00ean li ser PJAK\u2019\u00ea nay\u00ean rakirin.<\/span><\/h3>\n","protected":false},"excerpt":{"rendered":"<p>P\u00eanc partiy\u00ean Kurd li Rojhilat\u00ea Kurdistan\u00ea di 24 \u00ea Sibat\u00ea de damezrandina &#8220;Hevpeymaniya H\u00eaz\u00ean Siyas\u00ee y\u00ean Kurdistana \u00ceran\u00ea&#8221; ragihandin. Endam\u00ea her\u00ee nakok \u00ea v\u00ea hevpeymaniy\u00ea PJAK e. Ji ber ku rabird\u00fbya PJAK nezelal e \u00fb di operasyon\u00ean tar\u00ee de hatiye bikar an\u00een, kurd di derbar\u00ea heb\u00fbna w\u00ea di anva hevpeymaniyek ewqas gir\u00eeng de, bi fikar [&hellip;]<\/p>\n","protected":false},"author":2,"featured_media":1052055,"comment_status":"closed","ping_status":"closed","sticky":false,"template":"","format":"standard","meta":{"footnotes":""},"categories":[68],"tags":[37],"class_list":["post-1052054","post","type-post","status-publish","format-standard","has-post-thumbnail","hentry","category-analiz","tag-sereke"],"blocksy_meta":[],"seo_head":"<!-- This site is optimized with the Yoast SEO plugin v27.5 - https:\/\/yoast.com\/product\/yoast-seo-wordpress\/ -->\n<title>N\u00eeqa\u015f di nav Hevpeymaniya Rojhilat\u00ea Kurdistan\u00ea de: Gelo PJAK Hevkarek\u00ee P\u00eabawerker e? - Darka Maz\u00ee<\/title>\n<meta name=\"robots\" content=\"index, follow, max-snippet:-1, max-image-preview:large, max-video-preview:-1\" \/>\n<link rel=\"canonical\" href=\"https:\/\/darkamazi.info\/archives\/1052054\" \/>\n<meta property=\"og:locale\" content=\"en_US\" \/>\n<meta property=\"og:type\" content=\"article\" \/>\n<meta property=\"og:title\" content=\"N\u00eeqa\u015f di nav Hevpeymaniya Rojhilat\u00ea Kurdistan\u00ea de: Gelo PJAK Hevkarek\u00ee P\u00eabawerker e? - Darka Maz\u00ee\" \/>\n<meta property=\"og:description\" content=\"P\u00eanc partiy\u00ean Kurd li Rojhilat\u00ea Kurdistan\u00ea di 24 \u00ea Sibat\u00ea de damezrandina &#8220;Hevpeymaniya H\u00eaz\u00ean Siyas\u00ee y\u00ean Kurdistana \u00ceran\u00ea&#8221; ragihandin. Endam\u00ea her\u00ee nakok \u00ea v\u00ea hevpeymaniy\u00ea PJAK e. Ji ber ku rabird\u00fbya PJAK nezelal e \u00fb di operasyon\u00ean tar\u00ee de hatiye bikar an\u00een, kurd di derbar\u00ea heb\u00fbna w\u00ea di anva hevpeymaniyek ewqas gir\u00eeng de, bi fikar [&hellip;]\" \/>\n<meta property=\"og:url\" content=\"https:\/\/darkamazi.info\/archives\/1052054\" \/>\n<meta property=\"og:site_name\" content=\"Darka Maz\u00ee\" \/>\n<meta property=\"article:publisher\" content=\"https:\/\/www.facebook.com\/DarMaziKurmanci\" \/>\n<meta property=\"article:published_time\" content=\"2026-03-11T17:35:43+00:00\" \/>\n<meta property=\"og:image\" content=\"https:\/\/darkamazi.info\/file\/2026\/03\/Rojhilat-Pjak-Info.jpg\" \/>\n\t<meta property=\"og:image:width\" content=\"900\" \/>\n\t<meta property=\"og:image:height\" content=\"475\" \/>\n\t<meta property=\"og:image:type\" content=\"image\/jpeg\" \/>\n<meta name=\"author\" content=\"darka mazi\" \/>\n<meta name=\"twitter:card\" content=\"summary_large_image\" \/>\n<meta name=\"twitter:creator\" content=\"@DarkaMaziLatini\" \/>\n<meta name=\"twitter:site\" content=\"@DarkaMaziLatini\" \/>\n<meta name=\"twitter:label1\" content=\"Written by\" \/>\n\t<meta name=\"twitter:data1\" content=\"darka mazi\" \/>\n\t<meta name=\"twitter:label2\" content=\"Est. reading time\" \/>\n\t<meta name=\"twitter:data2\" content=\"3 minutes\" \/>\n<script type=\"application\/ld+json\" class=\"seo-schema-graph\">{\"@context\":\"https:\\\/\\\/schema.org\",\"@graph\":[{\"@type\":\"Article\",\"@id\":\"https:\\\/\\\/darkamazi.info\\\/archives\\\/1052054#article\",\"isPartOf\":{\"@id\":\"https:\\\/\\\/darkamazi.info\\\/archives\\\/1052054\"},\"author\":{\"name\":\"darka mazi\",\"@id\":\"https:\\\/\\\/darkamazi.info\\\/#\\\/schema\\\/person\\\/5ad3e24553a0567993fa8ed4bd0a776c\"},\"headline\":\"N\u00eeqa\u015f di nav Hevpeymaniya Rojhilat\u00ea Kurdistan\u00ea de: Gelo PJAK Hevkarek\u00ee P\u00eabawerker e?\",\"datePublished\":\"2026-03-11T17:35:43+00:00\",\"mainEntityOfPage\":{\"@id\":\"https:\\\/\\\/darkamazi.info\\\/archives\\\/1052054\"},\"wordCount\":689,\"publisher\":{\"@id\":\"https:\\\/\\\/darkamazi.info\\\/#organization\"},\"image\":{\"@id\":\"https:\\\/\\\/darkamazi.info\\\/archives\\\/1052054#primaryimage\"},\"thumbnailUrl\":\"https:\\\/\\\/darkamazi.info\\\/darka-content\\\/uploads\\\/2026\\\/03\\\/Rojhilat-Pjak-Info.jpg\",\"keywords\":[\"sereke\"],\"articleSection\":[\"Anal\u00eez\"],\"inLanguage\":\"en-US\"},{\"@type\":\"WebPage\",\"@id\":\"https:\\\/\\\/darkamazi.info\\\/archives\\\/1052054\",\"url\":\"https:\\\/\\\/darkamazi.info\\\/archives\\\/1052054\",\"name\":\"N\u00eeqa\u015f di nav Hevpeymaniya Rojhilat\u00ea Kurdistan\u00ea de: Gelo PJAK Hevkarek\u00ee P\u00eabawerker e? - Darka Maz\u00ee\",\"isPartOf\":{\"@id\":\"https:\\\/\\\/darkamazi.info\\\/#website\"},\"primaryImageOfPage\":{\"@id\":\"https:\\\/\\\/darkamazi.info\\\/archives\\\/1052054#primaryimage\"},\"image\":{\"@id\":\"https:\\\/\\\/darkamazi.info\\\/archives\\\/1052054#primaryimage\"},\"thumbnailUrl\":\"https:\\\/\\\/darkamazi.info\\\/darka-content\\\/uploads\\\/2026\\\/03\\\/Rojhilat-Pjak-Info.jpg\",\"datePublished\":\"2026-03-11T17:35:43+00:00\",\"breadcrumb\":{\"@id\":\"https:\\\/\\\/darkamazi.info\\\/archives\\\/1052054#breadcrumb\"},\"inLanguage\":\"en-US\",\"potentialAction\":[{\"@type\":\"ReadAction\",\"target\":[\"https:\\\/\\\/darkamazi.info\\\/archives\\\/1052054\"]}]},{\"@type\":\"ImageObject\",\"inLanguage\":\"en-US\",\"@id\":\"https:\\\/\\\/darkamazi.info\\\/archives\\\/1052054#primaryimage\",\"url\":\"https:\\\/\\\/darkamazi.info\\\/darka-content\\\/uploads\\\/2026\\\/03\\\/Rojhilat-Pjak-Info.jpg\",\"contentUrl\":\"https:\\\/\\\/darkamazi.info\\\/darka-content\\\/uploads\\\/2026\\\/03\\\/Rojhilat-Pjak-Info.jpg\",\"width\":900,\"height\":475,\"caption\":\"Rojhilat-Pjak-Info\"},{\"@type\":\"BreadcrumbList\",\"@id\":\"https:\\\/\\\/darkamazi.info\\\/archives\\\/1052054#breadcrumb\",\"itemListElement\":[{\"@type\":\"ListItem\",\"position\":1,\"name\":\"Home\",\"item\":\"https:\\\/\\\/darkamazi.info\\\/\"},{\"@type\":\"ListItem\",\"position\":2,\"name\":\"N\u00eeqa\u015f di nav Hevpeymaniya Rojhilat\u00ea Kurdistan\u00ea de: Gelo PJAK Hevkarek\u00ee P\u00eabawerker e?\"}]},{\"@type\":\"WebSite\",\"@id\":\"https:\\\/\\\/darkamazi.info\\\/#website\",\"url\":\"https:\\\/\\\/darkamazi.info\\\/\",\"name\":\"Darka Maz\u00ee\",\"description\":\"P\u00eageha Zanyariy\u00ean Nebih\u00eest\u00ee\",\"publisher\":{\"@id\":\"https:\\\/\\\/darkamazi.info\\\/#organization\"},\"potentialAction\":[{\"@type\":\"SearchAction\",\"target\":{\"@type\":\"EntryPoint\",\"urlTemplate\":\"https:\\\/\\\/darkamazi.info\\\/?s={search_term_string}\"},\"query-input\":{\"@type\":\"PropertyValueSpecification\",\"valueRequired\":true,\"valueName\":\"search_term_string\"}}],\"inLanguage\":\"en-US\"},{\"@type\":\"Organization\",\"@id\":\"https:\\\/\\\/darkamazi.info\\\/#organization\",\"name\":\"Darka Maz\u00ee\",\"url\":\"https:\\\/\\\/darkamazi.info\\\/\",\"logo\":{\"@type\":\"ImageObject\",\"inLanguage\":\"en-US\",\"@id\":\"https:\\\/\\\/darkamazi.info\\\/#\\\/schema\\\/logo\\\/image\\\/\",\"url\":\"https:\\\/\\\/darkamazi.info\\\/darka-content\\\/uploads\\\/2017\\\/12\\\/darka-mazi-logo.png\",\"contentUrl\":\"https:\\\/\\\/darkamazi.info\\\/darka-content\\\/uploads\\\/2017\\\/12\\\/darka-mazi-logo.png\",\"width\":151,\"height\":75,\"caption\":\"Darka Maz\u00ee\"},\"image\":{\"@id\":\"https:\\\/\\\/darkamazi.info\\\/#\\\/schema\\\/logo\\\/image\\\/\"},\"sameAs\":[\"https:\\\/\\\/www.facebook.com\\\/DarMaziKurmanci\",\"https:\\\/\\\/x.com\\\/DarkaMaziLatini\",\"https:\\\/\\\/www.instagram.com\\\/darkamazi.kurmanci\\\/\",\"https:\\\/\\\/www.youtube.com\\\/channel\\\/UCa5HkTdmI8U1qCUFuTw8B2g\"]},{\"@type\":\"Person\",\"@id\":\"https:\\\/\\\/darkamazi.info\\\/#\\\/schema\\\/person\\\/5ad3e24553a0567993fa8ed4bd0a776c\",\"name\":\"darka mazi\",\"sameAs\":[\"https:\\\/\\\/darkamazi.info\\\/\"],\"url\":\"https:\\\/\\\/darkamazi.info\\\/archives\\\/author\\\/kurdi\"}]}<\/script>\n<!-- \/ Yoast SEO plugin. -->","seo_head_json":{"title":"N\u00eeqa\u015f di nav Hevpeymaniya Rojhilat\u00ea Kurdistan\u00ea de: Gelo PJAK Hevkarek\u00ee P\u00eabawerker e? - Darka Maz\u00ee","robots":{"index":"index","follow":"follow","max-snippet":"max-snippet:-1","max-image-preview":"max-image-preview:large","max-video-preview":"max-video-preview:-1"},"canonical":"https:\/\/darkamazi.info\/archives\/1052054","og_locale":"en_US","og_type":"article","og_title":"N\u00eeqa\u015f di nav Hevpeymaniya Rojhilat\u00ea Kurdistan\u00ea de: Gelo PJAK Hevkarek\u00ee P\u00eabawerker e? - Darka Maz\u00ee","og_description":"P\u00eanc partiy\u00ean Kurd li Rojhilat\u00ea Kurdistan\u00ea di 24 \u00ea Sibat\u00ea de damezrandina &#8220;Hevpeymaniya H\u00eaz\u00ean Siyas\u00ee y\u00ean Kurdistana \u00ceran\u00ea&#8221; ragihandin. Endam\u00ea her\u00ee nakok \u00ea v\u00ea hevpeymaniy\u00ea PJAK e. Ji ber ku rabird\u00fbya PJAK nezelal e \u00fb di operasyon\u00ean tar\u00ee de hatiye bikar an\u00een, kurd di derbar\u00ea heb\u00fbna w\u00ea di anva hevpeymaniyek ewqas gir\u00eeng de, bi fikar [&hellip;]","og_url":"https:\/\/darkamazi.info\/archives\/1052054","og_site_name":"Darka Maz\u00ee","article_publisher":"https:\/\/www.facebook.com\/DarMaziKurmanci","article_published_time":"2026-03-11T17:35:43+00:00","og_image":[{"width":900,"height":475,"url":"https:\/\/darkamazi.info\/file\/2026\/03\/Rojhilat-Pjak-Info.jpg","type":"image\/jpeg"}],"author":"darka mazi","twitter_card":"summary_large_image","twitter_creator":"@DarkaMaziLatini","twitter_site":"@DarkaMaziLatini","twitter_misc":{"Written by":"darka mazi","Est. reading time":"3 minutes"},"schema":{"@context":"https:\/\/schema.org","@graph":[{"@type":"Article","@id":"https:\/\/darkamazi.info\/archives\/1052054#article","isPartOf":{"@id":"https:\/\/darkamazi.info\/archives\/1052054"},"author":{"name":"darka mazi","@id":"https:\/\/darkamazi.info\/#\/schema\/person\/5ad3e24553a0567993fa8ed4bd0a776c"},"headline":"N\u00eeqa\u015f di nav Hevpeymaniya Rojhilat\u00ea Kurdistan\u00ea de: Gelo PJAK Hevkarek\u00ee P\u00eabawerker e?","datePublished":"2026-03-11T17:35:43+00:00","mainEntityOfPage":{"@id":"https:\/\/darkamazi.info\/archives\/1052054"},"wordCount":689,"publisher":{"@id":"https:\/\/darkamazi.info\/#organization"},"image":{"@id":"https:\/\/darkamazi.info\/archives\/1052054#primaryimage"},"thumbnailUrl":"https:\/\/darkamazi.info\/file\/2026\/03\/Rojhilat-Pjak-Info.jpg","keywords":["sereke"],"articleSection":["Anal\u00eez"],"inLanguage":"en-US"},{"@type":"WebPage","@id":"https:\/\/darkamazi.info\/archives\/1052054","url":"https:\/\/darkamazi.info\/archives\/1052054","name":"N\u00eeqa\u015f di nav Hevpeymaniya Rojhilat\u00ea Kurdistan\u00ea de: Gelo PJAK Hevkarek\u00ee P\u00eabawerker e? - Darka Maz\u00ee","isPartOf":{"@id":"https:\/\/darkamazi.info\/#website"},"primaryImageOfPage":{"@id":"https:\/\/darkamazi.info\/archives\/1052054#primaryimage"},"image":{"@id":"https:\/\/darkamazi.info\/archives\/1052054#primaryimage"},"thumbnailUrl":"https:\/\/darkamazi.info\/file\/2026\/03\/Rojhilat-Pjak-Info.jpg","datePublished":"2026-03-11T17:35:43+00:00","breadcrumb":{"@id":"https:\/\/darkamazi.info\/archives\/1052054#breadcrumb"},"inLanguage":"en-US","potentialAction":[{"@type":"ReadAction","target":["https:\/\/darkamazi.info\/archives\/1052054"]}]},{"@type":"ImageObject","inLanguage":"en-US","@id":"https:\/\/darkamazi.info\/archives\/1052054#primaryimage","url":"https:\/\/darkamazi.info\/file\/2026\/03\/Rojhilat-Pjak-Info.jpg","contentUrl":"https:\/\/darkamazi.info\/file\/2026\/03\/Rojhilat-Pjak-Info.jpg","width":900,"height":475,"caption":"Rojhilat-Pjak-Info"},{"@type":"BreadcrumbList","@id":"https:\/\/darkamazi.info\/archives\/1052054#breadcrumb","itemListElement":[{"@type":"ListItem","position":1,"name":"Home","item":"https:\/\/darkamazi.info\/"},{"@type":"ListItem","position":2,"name":"N\u00eeqa\u015f di nav Hevpeymaniya Rojhilat\u00ea Kurdistan\u00ea de: Gelo PJAK Hevkarek\u00ee P\u00eabawerker e?"}]},{"@type":"WebSite","@id":"https:\/\/darkamazi.info\/#website","url":"https:\/\/darkamazi.info\/","name":"Darka Maz\u00ee","description":"P\u00eageha Zanyariy\u00ean Nebih\u00eest\u00ee","publisher":{"@id":"https:\/\/darkamazi.info\/#organization"},"potentialAction":[{"@type":"SearchAction","target":{"@type":"EntryPoint","urlTemplate":"https:\/\/darkamazi.info\/?s={search_term_string}"},"query-input":{"@type":"PropertyValueSpecification","valueRequired":true,"valueName":"search_term_string"}}],"inLanguage":"en-US"},{"@type":"Organization","@id":"https:\/\/darkamazi.info\/#organization","name":"Darka Maz\u00ee","url":"https:\/\/darkamazi.info\/","logo":{"@type":"ImageObject","inLanguage":"en-US","@id":"https:\/\/darkamazi.info\/#\/schema\/logo\/image\/","url":"https:\/\/darkamazi.info\/file\/2017\/12\/darka-mazi-logo.png","contentUrl":"https:\/\/darkamazi.info\/file\/2017\/12\/darka-mazi-logo.png","width":151,"height":75,"caption":"Darka Maz\u00ee"},"image":{"@id":"https:\/\/darkamazi.info\/#\/schema\/logo\/image\/"},"sameAs":["https:\/\/www.facebook.com\/DarMaziKurmanci","https:\/\/x.com\/DarkaMaziLatini","https:\/\/www.instagram.com\/darkamazi.kurmanci\/","https:\/\/www.youtube.com\/channel\/UCa5HkTdmI8U1qCUFuTw8B2g"]},{"@type":"Person","@id":"https:\/\/darkamazi.info\/#\/schema\/person\/5ad3e24553a0567993fa8ed4bd0a776c","name":"darka mazi","sameAs":["https:\/\/darkamazi.info\/"],"url":"https:\/\/darkamazi.info\/archives\/author\/kurdi"}]}},"_links":{"self":[{"href":"https:\/\/darkamazi.info\/funavuv\/wp\/v2\/posts\/1052054","targetHints":{"allow":["GET"]}}],"collection":[{"href":"https:\/\/darkamazi.info\/funavuv\/wp\/v2\/posts"}],"about":[{"href":"https:\/\/darkamazi.info\/funavuv\/wp\/v2\/types\/post"}],"author":[{"embeddable":true,"href":"https:\/\/darkamazi.info\/funavuv\/wp\/v2\/users\/2"}],"replies":[{"embeddable":true,"href":"https:\/\/darkamazi.info\/funavuv\/wp\/v2\/comments?post=1052054"}],"version-history":[{"count":0,"href":"https:\/\/darkamazi.info\/funavuv\/wp\/v2\/posts\/1052054\/revisions"}],"wp:featuredmedia":[{"embeddable":true,"href":"https:\/\/darkamazi.info\/funavuv\/wp\/v2\/media\/1052055"}],"wp:attachment":[{"href":"https:\/\/darkamazi.info\/funavuv\/wp\/v2\/media?parent=1052054"}],"wp:term":[{"taxonomy":"category","embeddable":true,"href":"https:\/\/darkamazi.info\/funavuv\/wp\/v2\/categories?post=1052054"},{"taxonomy":"post_tag","embeddable":true,"href":"https:\/\/darkamazi.info\/funavuv\/wp\/v2\/tags?post=1052054"}],"curies":[{"name":"wp","href":"https:\/\/api.w.org\/{rel}","templated":true}]}}