{"id":1052058,"date":"2026-03-11T22:53:33","date_gmt":"2026-03-11T19:53:33","guid":{"rendered":"https:\/\/darkamazi.info\/?p=1052058"},"modified":"2026-03-11T22:53:33","modified_gmt":"2026-03-11T19:53:33","slug":"salih-muslim-koca-dawiye-kir","status":"publish","type":"post","link":"https:\/\/darkamazi.info\/archives\/1052058","title":{"rendered":"Salih Muslim ko\u00e7a dawiy\u00ea kir"},"content":{"rendered":"<h3 style=\"text-align: justify\"><span style=\"font-family: 'arial black', sans-serif\"><strong>Salih Muslim bi sedema nexwe\u015fiyan li yek ji nexwe\u015fxaney\u00ean bajar\u00ea Hewl\u00ear\u00ea ko\u00e7a dawiy\u00ea kir.<\/strong><\/span><\/h3>\n<h3 style=\"text-align: justify\"><span style=\"font-family: arial, helvetica, sans-serif\"><strong>Hevserok\u00ea ber\u00ea y\u00ea PYD\u00ea \u00fb kesatiy\u00ea siyas\u00ee y\u00ea Rojavay\u00ea Kurdistan\u00ea Salih Muslim \u00eero (\u00c7ar\u015fem, 11\u00ea Adara 2026\u00ea) ko\u00e7a dawiy\u00ea kir.<\/strong><\/span><\/h3>\n<h3 style=\"text-align: justify\"><span style=\"font-family: arial, helvetica, sans-serif\"><strong>Li gor\u00ee zanyaran, Salih Muslim nexwe\u015fiy\u00ean dil \u00fb gur\u00e7ikan heb\u00fbn \u00fb li nexwe\u015fxaneyeke bajar\u00ea Hewl\u00ear\u00ea ne\u015fterger\u00ee j\u00ea re hat kirin.<\/strong><\/span><\/h3>\n<h3 style=\"text-align: justify\"><span style=\"font-family: arial, helvetica, sans-serif\"><strong>Salih Muslim li sala 1951\u00ea li gund\u00ea \u015e\u00earan\u00ea y\u00ea bajar\u00ea Kobaniy\u00ea hatib\u00fb ser dinyay\u00ea \u00fb li sala 1977\u00ea Zan\u00eengeha Tekn\u00eek\u00ee ya Stenbol\u00ea temam kirib\u00fb.<\/strong><\/span><\/h3>\n","protected":false},"excerpt":{"rendered":"<p>Salih Muslim bi sedema nexwe\u015fiyan li yek ji nexwe\u015fxaney\u00ean bajar\u00ea Hewl\u00ear\u00ea ko\u00e7a dawiy\u00ea kir. Hevserok\u00ea ber\u00ea y\u00ea PYD\u00ea \u00fb kesatiy\u00ea siyas\u00ee y\u00ea Rojavay\u00ea Kurdistan\u00ea Salih Muslim \u00eero (\u00c7ar\u015fem, 11\u00ea Adara 2026\u00ea) ko\u00e7a dawiy\u00ea kir. Li gor\u00ee zanyaran, Salih Muslim nexwe\u015fiy\u00ean dil \u00fb gur\u00e7ikan heb\u00fbn \u00fb li nexwe\u015fxaneyeke bajar\u00ea Hewl\u00ear\u00ea ne\u015fterger\u00ee j\u00ea re hat kirin. Salih [&hellip;]<\/p>\n","protected":false},"author":2,"featured_media":1052059,"comment_status":"closed","ping_status":"closed","sticky":false,"template":"","format":"standard","meta":{"footnotes":""},"categories":[29],"tags":[37],"class_list":["post-1052058","post","type-post","status-publish","format-standard","has-post-thumbnail","hentry","category-kurdistan","tag-sereke"],"blocksy_meta":[],"seo_head":"<!-- This site is optimized with the Yoast SEO plugin v27.5 - https:\/\/yoast.com\/product\/yoast-seo-wordpress\/ -->\n<title>Salih Muslim ko\u00e7a dawiy\u00ea kir - Darka Maz\u00ee<\/title>\n<meta name=\"robots\" content=\"index, follow, max-snippet:-1, max-image-preview:large, max-video-preview:-1\" \/>\n<link rel=\"canonical\" href=\"https:\/\/darkamazi.info\/archives\/1052058\" \/>\n<meta property=\"og:locale\" content=\"en_US\" \/>\n<meta property=\"og:type\" content=\"article\" \/>\n<meta property=\"og:title\" content=\"Salih Muslim ko\u00e7a dawiy\u00ea kir - Darka Maz\u00ee\" \/>\n<meta property=\"og:description\" content=\"Salih Muslim bi sedema nexwe\u015fiyan li yek ji nexwe\u015fxaney\u00ean bajar\u00ea Hewl\u00ear\u00ea ko\u00e7a dawiy\u00ea kir. Hevserok\u00ea ber\u00ea y\u00ea PYD\u00ea \u00fb kesatiy\u00ea siyas\u00ee y\u00ea Rojavay\u00ea Kurdistan\u00ea Salih Muslim \u00eero (\u00c7ar\u015fem, 11\u00ea Adara 2026\u00ea) ko\u00e7a dawiy\u00ea kir. Li gor\u00ee zanyaran, Salih Muslim nexwe\u015fiy\u00ean dil \u00fb gur\u00e7ikan heb\u00fbn \u00fb li nexwe\u015fxaneyeke bajar\u00ea Hewl\u00ear\u00ea ne\u015fterger\u00ee j\u00ea re hat kirin. Salih [&hellip;]\" \/>\n<meta property=\"og:url\" content=\"https:\/\/darkamazi.info\/archives\/1052058\" \/>\n<meta property=\"og:site_name\" content=\"Darka Maz\u00ee\" \/>\n<meta property=\"article:publisher\" content=\"https:\/\/www.facebook.com\/DarMaziKurmanci\" \/>\n<meta property=\"article:published_time\" content=\"2026-03-11T19:53:33+00:00\" \/>\n<meta property=\"og:image\" content=\"https:\/\/darkamazi.info\/file\/2026\/03\/Salih-Muslim-info.jpg\" \/>\n\t<meta property=\"og:image:width\" content=\"900\" \/>\n\t<meta property=\"og:image:height\" content=\"500\" \/>\n\t<meta property=\"og:image:type\" content=\"image\/jpeg\" \/>\n<meta name=\"author\" content=\"darka mazi\" \/>\n<meta name=\"twitter:card\" content=\"summary_large_image\" \/>\n<meta name=\"twitter:creator\" content=\"@DarkaMaziLatini\" \/>\n<meta name=\"twitter:site\" content=\"@DarkaMaziLatini\" \/>\n<meta name=\"twitter:label1\" content=\"Written by\" \/>\n\t<meta name=\"twitter:data1\" content=\"darka mazi\" \/>\n\t<meta name=\"twitter:label2\" content=\"Est. reading time\" \/>\n\t<meta name=\"twitter:data2\" content=\"1 minute\" \/>\n<script type=\"application\/ld+json\" class=\"seo-schema-graph\">{\"@context\":\"https:\\\/\\\/schema.org\",\"@graph\":[{\"@type\":\"Article\",\"@id\":\"https:\\\/\\\/darkamazi.info\\\/archives\\\/1052058#article\",\"isPartOf\":{\"@id\":\"https:\\\/\\\/darkamazi.info\\\/archives\\\/1052058\"},\"author\":{\"name\":\"darka mazi\",\"@id\":\"https:\\\/\\\/darkamazi.info\\\/#\\\/schema\\\/person\\\/5ad3e24553a0567993fa8ed4bd0a776c\"},\"headline\":\"Salih Muslim ko\u00e7a dawiy\u00ea kir\",\"datePublished\":\"2026-03-11T19:53:33+00:00\",\"mainEntityOfPage\":{\"@id\":\"https:\\\/\\\/darkamazi.info\\\/archives\\\/1052058\"},\"wordCount\":92,\"publisher\":{\"@id\":\"https:\\\/\\\/darkamazi.info\\\/#organization\"},\"image\":{\"@id\":\"https:\\\/\\\/darkamazi.info\\\/archives\\\/1052058#primaryimage\"},\"thumbnailUrl\":\"https:\\\/\\\/darkamazi.info\\\/darka-content\\\/uploads\\\/2026\\\/03\\\/Salih-Muslim-info.jpg\",\"keywords\":[\"sereke\"],\"articleSection\":[\"Kurdistan\"],\"inLanguage\":\"en-US\"},{\"@type\":\"WebPage\",\"@id\":\"https:\\\/\\\/darkamazi.info\\\/archives\\\/1052058\",\"url\":\"https:\\\/\\\/darkamazi.info\\\/archives\\\/1052058\",\"name\":\"Salih Muslim ko\u00e7a dawiy\u00ea kir - Darka Maz\u00ee\",\"isPartOf\":{\"@id\":\"https:\\\/\\\/darkamazi.info\\\/#website\"},\"primaryImageOfPage\":{\"@id\":\"https:\\\/\\\/darkamazi.info\\\/archives\\\/1052058#primaryimage\"},\"image\":{\"@id\":\"https:\\\/\\\/darkamazi.info\\\/archives\\\/1052058#primaryimage\"},\"thumbnailUrl\":\"https:\\\/\\\/darkamazi.info\\\/darka-content\\\/uploads\\\/2026\\\/03\\\/Salih-Muslim-info.jpg\",\"datePublished\":\"2026-03-11T19:53:33+00:00\",\"breadcrumb\":{\"@id\":\"https:\\\/\\\/darkamazi.info\\\/archives\\\/1052058#breadcrumb\"},\"inLanguage\":\"en-US\",\"potentialAction\":[{\"@type\":\"ReadAction\",\"target\":[\"https:\\\/\\\/darkamazi.info\\\/archives\\\/1052058\"]}]},{\"@type\":\"ImageObject\",\"inLanguage\":\"en-US\",\"@id\":\"https:\\\/\\\/darkamazi.info\\\/archives\\\/1052058#primaryimage\",\"url\":\"https:\\\/\\\/darkamazi.info\\\/darka-content\\\/uploads\\\/2026\\\/03\\\/Salih-Muslim-info.jpg\",\"contentUrl\":\"https:\\\/\\\/darkamazi.info\\\/darka-content\\\/uploads\\\/2026\\\/03\\\/Salih-Muslim-info.jpg\",\"width\":900,\"height\":500,\"caption\":\"Salih Muslim -info\"},{\"@type\":\"BreadcrumbList\",\"@id\":\"https:\\\/\\\/darkamazi.info\\\/archives\\\/1052058#breadcrumb\",\"itemListElement\":[{\"@type\":\"ListItem\",\"position\":1,\"name\":\"Home\",\"item\":\"https:\\\/\\\/darkamazi.info\\\/\"},{\"@type\":\"ListItem\",\"position\":2,\"name\":\"Salih Muslim ko\u00e7a dawiy\u00ea kir\"}]},{\"@type\":\"WebSite\",\"@id\":\"https:\\\/\\\/darkamazi.info\\\/#website\",\"url\":\"https:\\\/\\\/darkamazi.info\\\/\",\"name\":\"Darka Maz\u00ee\",\"description\":\"P\u00eageha Zanyariy\u00ean Nebih\u00eest\u00ee\",\"publisher\":{\"@id\":\"https:\\\/\\\/darkamazi.info\\\/#organization\"},\"potentialAction\":[{\"@type\":\"SearchAction\",\"target\":{\"@type\":\"EntryPoint\",\"urlTemplate\":\"https:\\\/\\\/darkamazi.info\\\/?s={search_term_string}\"},\"query-input\":{\"@type\":\"PropertyValueSpecification\",\"valueRequired\":true,\"valueName\":\"search_term_string\"}}],\"inLanguage\":\"en-US\"},{\"@type\":\"Organization\",\"@id\":\"https:\\\/\\\/darkamazi.info\\\/#organization\",\"name\":\"Darka Maz\u00ee\",\"url\":\"https:\\\/\\\/darkamazi.info\\\/\",\"logo\":{\"@type\":\"ImageObject\",\"inLanguage\":\"en-US\",\"@id\":\"https:\\\/\\\/darkamazi.info\\\/#\\\/schema\\\/logo\\\/image\\\/\",\"url\":\"https:\\\/\\\/darkamazi.info\\\/darka-content\\\/uploads\\\/2017\\\/12\\\/darka-mazi-logo.png\",\"contentUrl\":\"https:\\\/\\\/darkamazi.info\\\/darka-content\\\/uploads\\\/2017\\\/12\\\/darka-mazi-logo.png\",\"width\":151,\"height\":75,\"caption\":\"Darka Maz\u00ee\"},\"image\":{\"@id\":\"https:\\\/\\\/darkamazi.info\\\/#\\\/schema\\\/logo\\\/image\\\/\"},\"sameAs\":[\"https:\\\/\\\/www.facebook.com\\\/DarMaziKurmanci\",\"https:\\\/\\\/x.com\\\/DarkaMaziLatini\",\"https:\\\/\\\/www.instagram.com\\\/darkamazi.kurmanci\\\/\",\"https:\\\/\\\/www.youtube.com\\\/channel\\\/UCa5HkTdmI8U1qCUFuTw8B2g\"]},{\"@type\":\"Person\",\"@id\":\"https:\\\/\\\/darkamazi.info\\\/#\\\/schema\\\/person\\\/5ad3e24553a0567993fa8ed4bd0a776c\",\"name\":\"darka mazi\",\"sameAs\":[\"https:\\\/\\\/darkamazi.info\\\/\"],\"url\":\"https:\\\/\\\/darkamazi.info\\\/archives\\\/author\\\/kurdi\"}]}<\/script>\n<!-- \/ Yoast SEO plugin. -->","seo_head_json":{"title":"Salih Muslim ko\u00e7a dawiy\u00ea kir - Darka Maz\u00ee","robots":{"index":"index","follow":"follow","max-snippet":"max-snippet:-1","max-image-preview":"max-image-preview:large","max-video-preview":"max-video-preview:-1"},"canonical":"https:\/\/darkamazi.info\/archives\/1052058","og_locale":"en_US","og_type":"article","og_title":"Salih Muslim ko\u00e7a dawiy\u00ea kir - Darka Maz\u00ee","og_description":"Salih Muslim bi sedema nexwe\u015fiyan li yek ji nexwe\u015fxaney\u00ean bajar\u00ea Hewl\u00ear\u00ea ko\u00e7a dawiy\u00ea kir. Hevserok\u00ea ber\u00ea y\u00ea PYD\u00ea \u00fb kesatiy\u00ea siyas\u00ee y\u00ea Rojavay\u00ea Kurdistan\u00ea Salih Muslim \u00eero (\u00c7ar\u015fem, 11\u00ea Adara 2026\u00ea) ko\u00e7a dawiy\u00ea kir. Li gor\u00ee zanyaran, Salih Muslim nexwe\u015fiy\u00ean dil \u00fb gur\u00e7ikan heb\u00fbn \u00fb li nexwe\u015fxaneyeke bajar\u00ea Hewl\u00ear\u00ea ne\u015fterger\u00ee j\u00ea re hat kirin. Salih [&hellip;]","og_url":"https:\/\/darkamazi.info\/archives\/1052058","og_site_name":"Darka Maz\u00ee","article_publisher":"https:\/\/www.facebook.com\/DarMaziKurmanci","article_published_time":"2026-03-11T19:53:33+00:00","og_image":[{"width":900,"height":500,"url":"https:\/\/darkamazi.info\/file\/2026\/03\/Salih-Muslim-info.jpg","type":"image\/jpeg"}],"author":"darka mazi","twitter_card":"summary_large_image","twitter_creator":"@DarkaMaziLatini","twitter_site":"@DarkaMaziLatini","twitter_misc":{"Written by":"darka mazi","Est. reading time":"1 minute"},"schema":{"@context":"https:\/\/schema.org","@graph":[{"@type":"Article","@id":"https:\/\/darkamazi.info\/archives\/1052058#article","isPartOf":{"@id":"https:\/\/darkamazi.info\/archives\/1052058"},"author":{"name":"darka mazi","@id":"https:\/\/darkamazi.info\/#\/schema\/person\/5ad3e24553a0567993fa8ed4bd0a776c"},"headline":"Salih Muslim ko\u00e7a dawiy\u00ea kir","datePublished":"2026-03-11T19:53:33+00:00","mainEntityOfPage":{"@id":"https:\/\/darkamazi.info\/archives\/1052058"},"wordCount":92,"publisher":{"@id":"https:\/\/darkamazi.info\/#organization"},"image":{"@id":"https:\/\/darkamazi.info\/archives\/1052058#primaryimage"},"thumbnailUrl":"https:\/\/darkamazi.info\/file\/2026\/03\/Salih-Muslim-info.jpg","keywords":["sereke"],"articleSection":["Kurdistan"],"inLanguage":"en-US"},{"@type":"WebPage","@id":"https:\/\/darkamazi.info\/archives\/1052058","url":"https:\/\/darkamazi.info\/archives\/1052058","name":"Salih Muslim ko\u00e7a dawiy\u00ea kir - Darka Maz\u00ee","isPartOf":{"@id":"https:\/\/darkamazi.info\/#website"},"primaryImageOfPage":{"@id":"https:\/\/darkamazi.info\/archives\/1052058#primaryimage"},"image":{"@id":"https:\/\/darkamazi.info\/archives\/1052058#primaryimage"},"thumbnailUrl":"https:\/\/darkamazi.info\/file\/2026\/03\/Salih-Muslim-info.jpg","datePublished":"2026-03-11T19:53:33+00:00","breadcrumb":{"@id":"https:\/\/darkamazi.info\/archives\/1052058#breadcrumb"},"inLanguage":"en-US","potentialAction":[{"@type":"ReadAction","target":["https:\/\/darkamazi.info\/archives\/1052058"]}]},{"@type":"ImageObject","inLanguage":"en-US","@id":"https:\/\/darkamazi.info\/archives\/1052058#primaryimage","url":"https:\/\/darkamazi.info\/file\/2026\/03\/Salih-Muslim-info.jpg","contentUrl":"https:\/\/darkamazi.info\/file\/2026\/03\/Salih-Muslim-info.jpg","width":900,"height":500,"caption":"Salih Muslim -info"},{"@type":"BreadcrumbList","@id":"https:\/\/darkamazi.info\/archives\/1052058#breadcrumb","itemListElement":[{"@type":"ListItem","position":1,"name":"Home","item":"https:\/\/darkamazi.info\/"},{"@type":"ListItem","position":2,"name":"Salih Muslim ko\u00e7a dawiy\u00ea kir"}]},{"@type":"WebSite","@id":"https:\/\/darkamazi.info\/#website","url":"https:\/\/darkamazi.info\/","name":"Darka Maz\u00ee","description":"P\u00eageha Zanyariy\u00ean Nebih\u00eest\u00ee","publisher":{"@id":"https:\/\/darkamazi.info\/#organization"},"potentialAction":[{"@type":"SearchAction","target":{"@type":"EntryPoint","urlTemplate":"https:\/\/darkamazi.info\/?s={search_term_string}"},"query-input":{"@type":"PropertyValueSpecification","valueRequired":true,"valueName":"search_term_string"}}],"inLanguage":"en-US"},{"@type":"Organization","@id":"https:\/\/darkamazi.info\/#organization","name":"Darka Maz\u00ee","url":"https:\/\/darkamazi.info\/","logo":{"@type":"ImageObject","inLanguage":"en-US","@id":"https:\/\/darkamazi.info\/#\/schema\/logo\/image\/","url":"https:\/\/darkamazi.info\/file\/2017\/12\/darka-mazi-logo.png","contentUrl":"https:\/\/darkamazi.info\/file\/2017\/12\/darka-mazi-logo.png","width":151,"height":75,"caption":"Darka Maz\u00ee"},"image":{"@id":"https:\/\/darkamazi.info\/#\/schema\/logo\/image\/"},"sameAs":["https:\/\/www.facebook.com\/DarMaziKurmanci","https:\/\/x.com\/DarkaMaziLatini","https:\/\/www.instagram.com\/darkamazi.kurmanci\/","https:\/\/www.youtube.com\/channel\/UCa5HkTdmI8U1qCUFuTw8B2g"]},{"@type":"Person","@id":"https:\/\/darkamazi.info\/#\/schema\/person\/5ad3e24553a0567993fa8ed4bd0a776c","name":"darka mazi","sameAs":["https:\/\/darkamazi.info\/"],"url":"https:\/\/darkamazi.info\/archives\/author\/kurdi"}]}},"_links":{"self":[{"href":"https:\/\/darkamazi.info\/funavuv\/wp\/v2\/posts\/1052058","targetHints":{"allow":["GET"]}}],"collection":[{"href":"https:\/\/darkamazi.info\/funavuv\/wp\/v2\/posts"}],"about":[{"href":"https:\/\/darkamazi.info\/funavuv\/wp\/v2\/types\/post"}],"author":[{"embeddable":true,"href":"https:\/\/darkamazi.info\/funavuv\/wp\/v2\/users\/2"}],"replies":[{"embeddable":true,"href":"https:\/\/darkamazi.info\/funavuv\/wp\/v2\/comments?post=1052058"}],"version-history":[{"count":0,"href":"https:\/\/darkamazi.info\/funavuv\/wp\/v2\/posts\/1052058\/revisions"}],"wp:featuredmedia":[{"embeddable":true,"href":"https:\/\/darkamazi.info\/funavuv\/wp\/v2\/media\/1052059"}],"wp:attachment":[{"href":"https:\/\/darkamazi.info\/funavuv\/wp\/v2\/media?parent=1052058"}],"wp:term":[{"taxonomy":"category","embeddable":true,"href":"https:\/\/darkamazi.info\/funavuv\/wp\/v2\/categories?post=1052058"},{"taxonomy":"post_tag","embeddable":true,"href":"https:\/\/darkamazi.info\/funavuv\/wp\/v2\/tags?post=1052058"}],"curies":[{"name":"wp","href":"https:\/\/api.w.org\/{rel}","templated":true}]}}