{"id":1052061,"date":"2026-03-12T12:05:16","date_gmt":"2026-03-12T09:05:16","guid":{"rendered":"https:\/\/darkamazi.info\/?p=1052061"},"modified":"2026-03-12T12:05:16","modified_gmt":"2026-03-12T09:05:16","slug":"konsule-irane-li-hewlere-xiyaneta-navdewleti-li-me-hatiye-kirin","status":"publish","type":"post","link":"https:\/\/darkamazi.info\/archives\/1052061","title":{"rendered":"Konsul\u00ea \u00ceran\u00ea li Hewl\u00ear\u00ea: Xiyaneta navdewlet\u00ee li me hatiye kirin"},"content":{"rendered":"<h3 style=\"text-align: justify\"><span style=\"font-family: 'arial black', sans-serif\">Konsul\u00ea Gi\u015ft\u00ee y\u00ea \u00ceran\u00ea li Hewl\u00ear\u00ea Feramerz Esed\u00ee ragihand, \u015fer li ser welat\u00ea w\u00ee hatiye ferzkirin \u00fb got ku di dema dan\u00fbstandin\u00ean li Cenev\u00ea de &#8220;xiyaneteke navdewlet\u00ee&#8221; li wan hatiye kirin.<\/span><\/h3>\n<h3 style=\"text-align: justify\"><span style=\"font-family: arial, helvetica, sans-serif\">Konsul\u00ea Gi\u015ft\u00ee y\u00ea Komara \u00ceslam\u00ee ya \u00ceran\u00ea li Hewl\u00ear\u00ea Feramerz Esed\u00ee \u00eero 12\u00ea Adar\u00ea di konferanseke rojnamevaniy\u00ea de diyar kir, di dema gera daw\u00ee ya dan\u00fbstandin\u00ean di navbera Tehran \u00fb Washington\u00ea de ku li bajar\u00ea Cenev\u00ea y\u00ea Sw\u00eesrey\u00ea bir\u00eave di\u00e7\u00fb, &#8220;xiyaneta navdewlet\u00ee&#8221; li wan hatiye kirin \u00fb hem\u00fb h\u00eal\u00ean sor \u00ean d\u00eeplomat\u00eek hatine binp\u00eakirin.<\/span><\/h3>\n<h3 style=\"text-align: justify\"><span style=\"font-family: arial, helvetica, sans-serif\">Esed\u00ee tekez kir, \u015fandeya \u00ceran\u00ea li ser daxwaza welat\u00ean nav\u00e7ey\u00ea careke din dest bi guft\u00fbgoy\u00ean ligel Amer\u00eekay\u00ea kirib\u00fb. Herwiha destn\u00ee\u015fan kir ku her \u00e7end baweriya wan bi rayedar\u00ean Washington\u00ea tune b\u00fb j\u00ee, wan derfet dab\u00fb d\u00eeplomasiy\u00ea \u00fb got: &#8220;Di dir\u00eajahiya d\u00eerok\u00ea de Amer\u00eeka di dan\u00fbstandinan de ti dem\u00ea rastgo neb\u00fbye.&#8221;<\/span><\/h3>\n<h3 style=\"text-align: justify\"><span style=\"font-family: arial, helvetica, sans-serif\">Konsul\u00ea \u00ceran\u00ea destn\u00ee\u015fan kir, welat\u00ea w\u00ee naxwaze \u015fer bike, l\u00ea ew ne\u00e7ar mane ku berevaniy\u00ea li xwe bikin. Herwiha got: &#8220;P\u00ea\u015f\u00ee \u00cesra\u00eel \u00fb Amer\u00eekay\u00ea \u00ear\u00ee\u015f\u00ee welat\u00ea me kirin \u00fb \u015fer li ser me ferz kirin. \u015eer \u00fb dan\u00fbstandin ti dem\u00ea bi hev re nabin. Ev \u015fer\u00ea li dij\u00ee \u00ceran\u00ea, ne ten\u00ea li dij\u00ee me ye, l\u00ea bel\u00ea li dij\u00ee d\u00eeplomasiya navdewlet\u00ee ye.&#8221;<\/span><\/h3>\n<h3 style=\"text-align: justify\"><span style=\"font-family: arial, helvetica, sans-serif\">Feramerz Esed\u00ee di daxuyaniya xwe de bal ki\u015fand ser ziyan\u00ean siv\u00eel \u00fb got ku di roja yekem a \u015fer de, Amer\u00eeka \u00fb \u00cesra\u00eel\u00ea dibistanek bombebaran kiriye. Li gor\u00ee gotin\u00ean w\u00ee, di encama w\u00ea bombebaran\u00ea de z\u00eadetir\u00ee 100 xwendekar\u00ean zarok hatine ku\u015ftin. Esed\u00ee got j\u00ee, ev b\u00fbyer li ser asta c\u00eehan\u00ea \u00fb heta li navxweya Amer\u00eekay\u00ea j\u00ee b\u00fbye sedema neraz\u00eeb\u00fbn\u00ean mezin.<\/span><\/h3>\n","protected":false},"excerpt":{"rendered":"<p>Konsul\u00ea Gi\u015ft\u00ee y\u00ea \u00ceran\u00ea li Hewl\u00ear\u00ea Feramerz Esed\u00ee ragihand, \u015fer li ser welat\u00ea w\u00ee hatiye ferzkirin \u00fb got ku di dema dan\u00fbstandin\u00ean li Cenev\u00ea de &#8220;xiyaneteke navdewlet\u00ee&#8221; li wan hatiye kirin. Konsul\u00ea Gi\u015ft\u00ee y\u00ea Komara \u00ceslam\u00ee ya \u00ceran\u00ea li Hewl\u00ear\u00ea Feramerz Esed\u00ee \u00eero 12\u00ea Adar\u00ea di konferanseke rojnamevaniy\u00ea de diyar kir, di dema gera daw\u00ee [&hellip;]<\/p>\n","protected":false},"author":2,"featured_media":1052062,"comment_status":"closed","ping_status":"closed","sticky":false,"template":"","format":"standard","meta":{"footnotes":""},"categories":[29],"tags":[37],"class_list":["post-1052061","post","type-post","status-publish","format-standard","has-post-thumbnail","hentry","category-kurdistan","tag-sereke"],"blocksy_meta":[],"seo_head":"<!-- This site is optimized with the Yoast SEO plugin v27.5 - https:\/\/yoast.com\/product\/yoast-seo-wordpress\/ -->\n<title>Konsul\u00ea \u00ceran\u00ea li Hewl\u00ear\u00ea: Xiyaneta navdewlet\u00ee li me hatiye kirin - Darka Maz\u00ee<\/title>\n<meta name=\"robots\" content=\"index, follow, max-snippet:-1, max-image-preview:large, max-video-preview:-1\" \/>\n<link rel=\"canonical\" href=\"https:\/\/darkamazi.info\/archives\/1052061\" \/>\n<meta property=\"og:locale\" content=\"en_US\" \/>\n<meta property=\"og:type\" content=\"article\" \/>\n<meta property=\"og:title\" content=\"Konsul\u00ea \u00ceran\u00ea li Hewl\u00ear\u00ea: Xiyaneta navdewlet\u00ee li me hatiye kirin - Darka Maz\u00ee\" \/>\n<meta property=\"og:description\" content=\"Konsul\u00ea Gi\u015ft\u00ee y\u00ea \u00ceran\u00ea li Hewl\u00ear\u00ea Feramerz Esed\u00ee ragihand, \u015fer li ser welat\u00ea w\u00ee hatiye ferzkirin \u00fb got ku di dema dan\u00fbstandin\u00ean li Cenev\u00ea de &#8220;xiyaneteke navdewlet\u00ee&#8221; li wan hatiye kirin. Konsul\u00ea Gi\u015ft\u00ee y\u00ea Komara \u00ceslam\u00ee ya \u00ceran\u00ea li Hewl\u00ear\u00ea Feramerz Esed\u00ee \u00eero 12\u00ea Adar\u00ea di konferanseke rojnamevaniy\u00ea de diyar kir, di dema gera daw\u00ee [&hellip;]\" \/>\n<meta property=\"og:url\" content=\"https:\/\/darkamazi.info\/archives\/1052061\" \/>\n<meta property=\"og:site_name\" content=\"Darka Maz\u00ee\" \/>\n<meta property=\"article:publisher\" content=\"https:\/\/www.facebook.com\/DarMaziKurmanci\" \/>\n<meta property=\"article:published_time\" content=\"2026-03-12T09:05:16+00:00\" \/>\n<meta property=\"og:image\" content=\"https:\/\/darkamazi.info\/file\/2026\/03\/Iran-Konsul-Erbil.jpg\" \/>\n\t<meta property=\"og:image:width\" content=\"900\" \/>\n\t<meta property=\"og:image:height\" content=\"500\" \/>\n\t<meta property=\"og:image:type\" content=\"image\/jpeg\" \/>\n<meta name=\"author\" content=\"darka mazi\" \/>\n<meta name=\"twitter:card\" content=\"summary_large_image\" \/>\n<meta name=\"twitter:creator\" content=\"@DarkaMaziLatini\" \/>\n<meta name=\"twitter:site\" content=\"@DarkaMaziLatini\" \/>\n<meta name=\"twitter:label1\" content=\"Written by\" \/>\n\t<meta name=\"twitter:data1\" content=\"darka mazi\" \/>\n\t<meta name=\"twitter:label2\" content=\"Est. reading time\" \/>\n\t<meta name=\"twitter:data2\" content=\"2 minutes\" \/>\n<script type=\"application\/ld+json\" class=\"seo-schema-graph\">{\"@context\":\"https:\\\/\\\/schema.org\",\"@graph\":[{\"@type\":\"Article\",\"@id\":\"https:\\\/\\\/darkamazi.info\\\/archives\\\/1052061#article\",\"isPartOf\":{\"@id\":\"https:\\\/\\\/darkamazi.info\\\/archives\\\/1052061\"},\"author\":{\"name\":\"darka mazi\",\"@id\":\"https:\\\/\\\/darkamazi.info\\\/#\\\/schema\\\/person\\\/5ad3e24553a0567993fa8ed4bd0a776c\"},\"headline\":\"Konsul\u00ea \u00ceran\u00ea li Hewl\u00ear\u00ea: Xiyaneta navdewlet\u00ee li me hatiye kirin\",\"datePublished\":\"2026-03-12T09:05:16+00:00\",\"mainEntityOfPage\":{\"@id\":\"https:\\\/\\\/darkamazi.info\\\/archives\\\/1052061\"},\"wordCount\":306,\"publisher\":{\"@id\":\"https:\\\/\\\/darkamazi.info\\\/#organization\"},\"image\":{\"@id\":\"https:\\\/\\\/darkamazi.info\\\/archives\\\/1052061#primaryimage\"},\"thumbnailUrl\":\"https:\\\/\\\/darkamazi.info\\\/darka-content\\\/uploads\\\/2026\\\/03\\\/Iran-Konsul-Erbil.jpg\",\"keywords\":[\"sereke\"],\"articleSection\":[\"Kurdistan\"],\"inLanguage\":\"en-US\"},{\"@type\":\"WebPage\",\"@id\":\"https:\\\/\\\/darkamazi.info\\\/archives\\\/1052061\",\"url\":\"https:\\\/\\\/darkamazi.info\\\/archives\\\/1052061\",\"name\":\"Konsul\u00ea \u00ceran\u00ea li Hewl\u00ear\u00ea: Xiyaneta navdewlet\u00ee li me hatiye kirin - Darka Maz\u00ee\",\"isPartOf\":{\"@id\":\"https:\\\/\\\/darkamazi.info\\\/#website\"},\"primaryImageOfPage\":{\"@id\":\"https:\\\/\\\/darkamazi.info\\\/archives\\\/1052061#primaryimage\"},\"image\":{\"@id\":\"https:\\\/\\\/darkamazi.info\\\/archives\\\/1052061#primaryimage\"},\"thumbnailUrl\":\"https:\\\/\\\/darkamazi.info\\\/darka-content\\\/uploads\\\/2026\\\/03\\\/Iran-Konsul-Erbil.jpg\",\"datePublished\":\"2026-03-12T09:05:16+00:00\",\"breadcrumb\":{\"@id\":\"https:\\\/\\\/darkamazi.info\\\/archives\\\/1052061#breadcrumb\"},\"inLanguage\":\"en-US\",\"potentialAction\":[{\"@type\":\"ReadAction\",\"target\":[\"https:\\\/\\\/darkamazi.info\\\/archives\\\/1052061\"]}]},{\"@type\":\"ImageObject\",\"inLanguage\":\"en-US\",\"@id\":\"https:\\\/\\\/darkamazi.info\\\/archives\\\/1052061#primaryimage\",\"url\":\"https:\\\/\\\/darkamazi.info\\\/darka-content\\\/uploads\\\/2026\\\/03\\\/Iran-Konsul-Erbil.jpg\",\"contentUrl\":\"https:\\\/\\\/darkamazi.info\\\/darka-content\\\/uploads\\\/2026\\\/03\\\/Iran-Konsul-Erbil.jpg\",\"width\":900,\"height\":500,\"caption\":\"Iran-Konsul-Erbil\"},{\"@type\":\"BreadcrumbList\",\"@id\":\"https:\\\/\\\/darkamazi.info\\\/archives\\\/1052061#breadcrumb\",\"itemListElement\":[{\"@type\":\"ListItem\",\"position\":1,\"name\":\"Home\",\"item\":\"https:\\\/\\\/darkamazi.info\\\/\"},{\"@type\":\"ListItem\",\"position\":2,\"name\":\"Konsul\u00ea \u00ceran\u00ea li Hewl\u00ear\u00ea: Xiyaneta navdewlet\u00ee li me hatiye kirin\"}]},{\"@type\":\"WebSite\",\"@id\":\"https:\\\/\\\/darkamazi.info\\\/#website\",\"url\":\"https:\\\/\\\/darkamazi.info\\\/\",\"name\":\"Darka Maz\u00ee\",\"description\":\"P\u00eageha Zanyariy\u00ean Nebih\u00eest\u00ee\",\"publisher\":{\"@id\":\"https:\\\/\\\/darkamazi.info\\\/#organization\"},\"potentialAction\":[{\"@type\":\"SearchAction\",\"target\":{\"@type\":\"EntryPoint\",\"urlTemplate\":\"https:\\\/\\\/darkamazi.info\\\/?s={search_term_string}\"},\"query-input\":{\"@type\":\"PropertyValueSpecification\",\"valueRequired\":true,\"valueName\":\"search_term_string\"}}],\"inLanguage\":\"en-US\"},{\"@type\":\"Organization\",\"@id\":\"https:\\\/\\\/darkamazi.info\\\/#organization\",\"name\":\"Darka Maz\u00ee\",\"url\":\"https:\\\/\\\/darkamazi.info\\\/\",\"logo\":{\"@type\":\"ImageObject\",\"inLanguage\":\"en-US\",\"@id\":\"https:\\\/\\\/darkamazi.info\\\/#\\\/schema\\\/logo\\\/image\\\/\",\"url\":\"https:\\\/\\\/darkamazi.info\\\/darka-content\\\/uploads\\\/2017\\\/12\\\/darka-mazi-logo.png\",\"contentUrl\":\"https:\\\/\\\/darkamazi.info\\\/darka-content\\\/uploads\\\/2017\\\/12\\\/darka-mazi-logo.png\",\"width\":151,\"height\":75,\"caption\":\"Darka Maz\u00ee\"},\"image\":{\"@id\":\"https:\\\/\\\/darkamazi.info\\\/#\\\/schema\\\/logo\\\/image\\\/\"},\"sameAs\":[\"https:\\\/\\\/www.facebook.com\\\/DarMaziKurmanci\",\"https:\\\/\\\/x.com\\\/DarkaMaziLatini\",\"https:\\\/\\\/www.instagram.com\\\/darkamazi.kurmanci\\\/\",\"https:\\\/\\\/www.youtube.com\\\/channel\\\/UCa5HkTdmI8U1qCUFuTw8B2g\"]},{\"@type\":\"Person\",\"@id\":\"https:\\\/\\\/darkamazi.info\\\/#\\\/schema\\\/person\\\/5ad3e24553a0567993fa8ed4bd0a776c\",\"name\":\"darka mazi\",\"sameAs\":[\"https:\\\/\\\/darkamazi.info\\\/\"],\"url\":\"https:\\\/\\\/darkamazi.info\\\/archives\\\/author\\\/kurdi\"}]}<\/script>\n<!-- \/ Yoast SEO plugin. -->","seo_head_json":{"title":"Konsul\u00ea \u00ceran\u00ea li Hewl\u00ear\u00ea: Xiyaneta navdewlet\u00ee li me hatiye kirin - Darka Maz\u00ee","robots":{"index":"index","follow":"follow","max-snippet":"max-snippet:-1","max-image-preview":"max-image-preview:large","max-video-preview":"max-video-preview:-1"},"canonical":"https:\/\/darkamazi.info\/archives\/1052061","og_locale":"en_US","og_type":"article","og_title":"Konsul\u00ea \u00ceran\u00ea li Hewl\u00ear\u00ea: Xiyaneta navdewlet\u00ee li me hatiye kirin - Darka Maz\u00ee","og_description":"Konsul\u00ea Gi\u015ft\u00ee y\u00ea \u00ceran\u00ea li Hewl\u00ear\u00ea Feramerz Esed\u00ee ragihand, \u015fer li ser welat\u00ea w\u00ee hatiye ferzkirin \u00fb got ku di dema dan\u00fbstandin\u00ean li Cenev\u00ea de &#8220;xiyaneteke navdewlet\u00ee&#8221; li wan hatiye kirin. Konsul\u00ea Gi\u015ft\u00ee y\u00ea Komara \u00ceslam\u00ee ya \u00ceran\u00ea li Hewl\u00ear\u00ea Feramerz Esed\u00ee \u00eero 12\u00ea Adar\u00ea di konferanseke rojnamevaniy\u00ea de diyar kir, di dema gera daw\u00ee [&hellip;]","og_url":"https:\/\/darkamazi.info\/archives\/1052061","og_site_name":"Darka Maz\u00ee","article_publisher":"https:\/\/www.facebook.com\/DarMaziKurmanci","article_published_time":"2026-03-12T09:05:16+00:00","og_image":[{"width":900,"height":500,"url":"https:\/\/darkamazi.info\/file\/2026\/03\/Iran-Konsul-Erbil.jpg","type":"image\/jpeg"}],"author":"darka mazi","twitter_card":"summary_large_image","twitter_creator":"@DarkaMaziLatini","twitter_site":"@DarkaMaziLatini","twitter_misc":{"Written by":"darka mazi","Est. reading time":"2 minutes"},"schema":{"@context":"https:\/\/schema.org","@graph":[{"@type":"Article","@id":"https:\/\/darkamazi.info\/archives\/1052061#article","isPartOf":{"@id":"https:\/\/darkamazi.info\/archives\/1052061"},"author":{"name":"darka mazi","@id":"https:\/\/darkamazi.info\/#\/schema\/person\/5ad3e24553a0567993fa8ed4bd0a776c"},"headline":"Konsul\u00ea \u00ceran\u00ea li Hewl\u00ear\u00ea: Xiyaneta navdewlet\u00ee li me hatiye kirin","datePublished":"2026-03-12T09:05:16+00:00","mainEntityOfPage":{"@id":"https:\/\/darkamazi.info\/archives\/1052061"},"wordCount":306,"publisher":{"@id":"https:\/\/darkamazi.info\/#organization"},"image":{"@id":"https:\/\/darkamazi.info\/archives\/1052061#primaryimage"},"thumbnailUrl":"https:\/\/darkamazi.info\/file\/2026\/03\/Iran-Konsul-Erbil.jpg","keywords":["sereke"],"articleSection":["Kurdistan"],"inLanguage":"en-US"},{"@type":"WebPage","@id":"https:\/\/darkamazi.info\/archives\/1052061","url":"https:\/\/darkamazi.info\/archives\/1052061","name":"Konsul\u00ea \u00ceran\u00ea li Hewl\u00ear\u00ea: Xiyaneta navdewlet\u00ee li me hatiye kirin - Darka Maz\u00ee","isPartOf":{"@id":"https:\/\/darkamazi.info\/#website"},"primaryImageOfPage":{"@id":"https:\/\/darkamazi.info\/archives\/1052061#primaryimage"},"image":{"@id":"https:\/\/darkamazi.info\/archives\/1052061#primaryimage"},"thumbnailUrl":"https:\/\/darkamazi.info\/file\/2026\/03\/Iran-Konsul-Erbil.jpg","datePublished":"2026-03-12T09:05:16+00:00","breadcrumb":{"@id":"https:\/\/darkamazi.info\/archives\/1052061#breadcrumb"},"inLanguage":"en-US","potentialAction":[{"@type":"ReadAction","target":["https:\/\/darkamazi.info\/archives\/1052061"]}]},{"@type":"ImageObject","inLanguage":"en-US","@id":"https:\/\/darkamazi.info\/archives\/1052061#primaryimage","url":"https:\/\/darkamazi.info\/file\/2026\/03\/Iran-Konsul-Erbil.jpg","contentUrl":"https:\/\/darkamazi.info\/file\/2026\/03\/Iran-Konsul-Erbil.jpg","width":900,"height":500,"caption":"Iran-Konsul-Erbil"},{"@type":"BreadcrumbList","@id":"https:\/\/darkamazi.info\/archives\/1052061#breadcrumb","itemListElement":[{"@type":"ListItem","position":1,"name":"Home","item":"https:\/\/darkamazi.info\/"},{"@type":"ListItem","position":2,"name":"Konsul\u00ea \u00ceran\u00ea li Hewl\u00ear\u00ea: Xiyaneta navdewlet\u00ee li me hatiye kirin"}]},{"@type":"WebSite","@id":"https:\/\/darkamazi.info\/#website","url":"https:\/\/darkamazi.info\/","name":"Darka Maz\u00ee","description":"P\u00eageha Zanyariy\u00ean Nebih\u00eest\u00ee","publisher":{"@id":"https:\/\/darkamazi.info\/#organization"},"potentialAction":[{"@type":"SearchAction","target":{"@type":"EntryPoint","urlTemplate":"https:\/\/darkamazi.info\/?s={search_term_string}"},"query-input":{"@type":"PropertyValueSpecification","valueRequired":true,"valueName":"search_term_string"}}],"inLanguage":"en-US"},{"@type":"Organization","@id":"https:\/\/darkamazi.info\/#organization","name":"Darka Maz\u00ee","url":"https:\/\/darkamazi.info\/","logo":{"@type":"ImageObject","inLanguage":"en-US","@id":"https:\/\/darkamazi.info\/#\/schema\/logo\/image\/","url":"https:\/\/darkamazi.info\/file\/2017\/12\/darka-mazi-logo.png","contentUrl":"https:\/\/darkamazi.info\/file\/2017\/12\/darka-mazi-logo.png","width":151,"height":75,"caption":"Darka Maz\u00ee"},"image":{"@id":"https:\/\/darkamazi.info\/#\/schema\/logo\/image\/"},"sameAs":["https:\/\/www.facebook.com\/DarMaziKurmanci","https:\/\/x.com\/DarkaMaziLatini","https:\/\/www.instagram.com\/darkamazi.kurmanci\/","https:\/\/www.youtube.com\/channel\/UCa5HkTdmI8U1qCUFuTw8B2g"]},{"@type":"Person","@id":"https:\/\/darkamazi.info\/#\/schema\/person\/5ad3e24553a0567993fa8ed4bd0a776c","name":"darka mazi","sameAs":["https:\/\/darkamazi.info\/"],"url":"https:\/\/darkamazi.info\/archives\/author\/kurdi"}]}},"_links":{"self":[{"href":"https:\/\/darkamazi.info\/funavuv\/wp\/v2\/posts\/1052061","targetHints":{"allow":["GET"]}}],"collection":[{"href":"https:\/\/darkamazi.info\/funavuv\/wp\/v2\/posts"}],"about":[{"href":"https:\/\/darkamazi.info\/funavuv\/wp\/v2\/types\/post"}],"author":[{"embeddable":true,"href":"https:\/\/darkamazi.info\/funavuv\/wp\/v2\/users\/2"}],"replies":[{"embeddable":true,"href":"https:\/\/darkamazi.info\/funavuv\/wp\/v2\/comments?post=1052061"}],"version-history":[{"count":0,"href":"https:\/\/darkamazi.info\/funavuv\/wp\/v2\/posts\/1052061\/revisions"}],"wp:featuredmedia":[{"embeddable":true,"href":"https:\/\/darkamazi.info\/funavuv\/wp\/v2\/media\/1052062"}],"wp:attachment":[{"href":"https:\/\/darkamazi.info\/funavuv\/wp\/v2\/media?parent=1052061"}],"wp:term":[{"taxonomy":"category","embeddable":true,"href":"https:\/\/darkamazi.info\/funavuv\/wp\/v2\/categories?post=1052061"},{"taxonomy":"post_tag","embeddable":true,"href":"https:\/\/darkamazi.info\/funavuv\/wp\/v2\/tags?post=1052061"}],"curies":[{"name":"wp","href":"https:\/\/api.w.org\/{rel}","templated":true}]}}