{"id":1052067,"date":"2026-03-12T21:08:23","date_gmt":"2026-03-12T18:08:23","guid":{"rendered":"https:\/\/darkamazi.info\/?p=1052067"},"modified":"2026-03-12T21:08:23","modified_gmt":"2026-03-12T18:08:23","slug":"duran-kalkan-ewlehiya-tirkiye-ji-aliye-serok-apo-ve-te-misogerkirin","status":"publish","type":"post","link":"https:\/\/darkamazi.info\/archives\/1052067","title":{"rendered":"D\u00fbran Kalkan: Ewlehiya Tirkiy\u00ea ji aliy\u00ea Serok Apo ve t\u00ea misogerkirin"},"content":{"rendered":"<h3 style=\"text-align: justify\"><span style=\"font-family: 'arial black', sans-serif\">D\u00fbran Kalkan, serkirdey\u00ea PKK\u00ea, be\u015fdar\u00ee Medya Haber\u00ea b\u00fb \u00fb \u00e7end daxuyaniy\u00ean gir\u00eeng dan. Kalkan nirxandin\u00ean xwe li ser b\u00fbyer\u00ean rojane kirin.<\/span><\/h3>\n<h3 style=\"text-align: justify\"><span style=\"font-family: arial, helvetica, sans-serif\">Di axaftina xwe de, Kalkan ku endam\u00ea damezr\u00eener y\u00ea PKK\u00ea ye, wek\u00ee endam\u00ea Akademiya Zanist\u00ean Civak\u00ee behsa Ocalan kir.<\/span><\/h3>\n<h3 style=\"text-align: justify\"><span style=\"font-family: arial, helvetica, sans-serif\">Pi\u015ft\u00ee p\u00eavajoya ku ji h\u00eala Ocalan ve hatiye destp\u00eakirin \u00fb hilwe\u015fandina PKK\u00ea, di naverok \u00fb \u015f\u00eawey\u00ea be\u015fdarb\u00fbna telev\u00eezyon\u00ea ya r\u00eaveber\u00ean PKK\u00ea de guher\u00eenek gir\u00eeng \u00e7\u00eab\u00fbye. Li \u015f\u00fbna \u015f\u00eerovey\u00ean siyas\u00ee, ew niha b\u00eatir li ser pesn\u00ea rola Ocalan \u00fb nirxandin\u00ean w\u00ee disekinin.<\/span><\/h3>\n<h3 style=\"text-align: justify\"><span style=\"font-family: 'arial black', sans-serif;font-size: 18pt;color: #8a0808\">Kalkan di axaftina xwe de ev n\u00eaz\u00eekat\u00ee domand. Di tevahiya axaftina xwe de, w\u00ee bang li Tirkiy\u00ea kir, bi nerm\u00ee pesn\u00ea Bah\u00e7eli da, \u00fb bi nerm\u00ee gef li kes\u00ean ku rexn\u00ea li Ocalan dikin xwar. W\u00ee her wiha bang li dewleta Tirkiyey\u00ea kir ku li dij\u00ee kes\u00ean ku rexn\u00ea li Ocalan dikin helwest bigire.<\/span><\/h3>\n<h3 style=\"text-align: justify\"><span style=\"font-family: arial, helvetica, sans-serif\">Kalkan her wiha li ser \u00ear\u00ee\u015fa \u00cesra\u00eel \u00fb Amer\u00eekay\u00ea ya li ser \u00ceran\u00ea j\u00ee \u015f\u00eerove kir, \u00fb diyar kir ku her \u00e7end ew &#8220;li dij\u00ee \u015fer&#8221; b\u00fbn j\u00ee, wan bi nerm\u00ee parastina \u00ceran\u00ea kirin \u00fb behsa parastina yekpar\u00e7eyiya axa \u00ceran\u00ea kir.<\/span><\/h3>\n<h3 style=\"text-align: justify\"><span style=\"font-family: arial, helvetica, sans-serif\">Di axaftina xwe de, w\u00ee gef li hem\u00fb kes\u00ean ku rexn\u00ea li Ocalan digirin xwar \u00fb diyar kir ku p\u00eavajoya ku ji h\u00eala Ocalan ve hatiye destp\u00eakirin Tirkiy\u00ea li ser p\u00eeyan dih\u00eale.<\/span><\/h3>\n<h3 style=\"text-align: justify\"><span style=\"font-family: 'arial black', sans-serif;color: #808080\">Xal\u00ean sereke y\u00ean ku di daxuyaniya Kalkan de hatine destn\u00ee\u015fankirin ev b\u00fbn.<\/span><\/h3>\n<h3 style=\"text-align: justify\"><span style=\"font-family: 'arial black', sans-serif;font-size: 18pt;color: #8a0808\">Kalkan: P\u00eavajoya ku ji h\u00eala R\u00eaber Apo ve hat\u00ee p\u00ea\u015fxistin ewlehiya Tirkiy\u00ea misoger dike<\/span><\/h3>\n<h3 style=\"text-align: justify\"><span style=\"font-family: arial, helvetica, sans-serif\">Kalkan di axaftina xwe de behsa nakokiy\u00ean li \u00ceran \u00fb Rojhilata Nav\u00een j\u00ee kir \u00fb diyar kir ku Ocalan Tirkiy\u00ea ji aloziyan dipar\u00eaze \u00fb w\u00ea yekgirt\u00ee \u00fb li ser piyan dih\u00eale. Kalkan got ku Tirkiy\u00ea ne bi m\u00fb\u015fek\u00ean NATO y\u00ea t\u00ea parastin, l\u00ea bi r\u00eaya Ocalan t\u00ea parastin \u00fb wiha got: &#8220;Ewlekariya Tirkiy\u00ea bi p\u00eavajoya a\u015ft\u00ee \u00fb civaka demokrat\u00eek t\u00ea misogerkirin. R\u00eaber Apo w\u00ea misoger dike. Ev yek pir a\u015fkere b\u00fbye. Mezinah\u00ee, cid\u00eeb\u00fbn \u00fb n\u00eaz\u00eekt\u00eeya xetereyan e\u015fkere ye. Li Tirkey\u00ea her kes v\u00ea yek\u00ea qeb\u00fbl dike. Rew\u015fa Rojhilata Nav\u00een j\u00ee zelal e. M\u00eenak, li ser Tirkiye hin gef hene, l\u00ea d\u00eesa j\u00ee, li gor\u00ee haw\u00eerdora Rojhilata Nav\u00een, Tirk\u00eeye her\u00ee aram \u00fb bi xwebawer dij\u00ee. Bi x\u00eara \u00e7i? Bi x\u00eara p\u00eavajoya a\u015ft\u00ee \u00fb civaka demokrat\u00eek a ku ji h\u00eala R\u00eaber Apo ve hat\u00ee p\u00ea\u015fxistin.&#8221;<\/span><\/h3>\n<h3 style=\"text-align: justify\"><span style=\"font-family: 'arial black', sans-serif;font-size: 18pt;color: #8a0808\">D\u00fbran Kalkan Bang li Dewlet\u00ea Kir ku Ocalan Bipar\u00eaze<\/span><\/h3>\n<h3 style=\"text-align: justify\"><span style=\"font-family: arial, helvetica, sans-serif\">Kalkan di axaftina xwe de diyar kir ku tev\u00ee rola Ocalan di parastina Tirkiy\u00ea de, h\u00een j\u00ee kes\u00ean di hundir\u00ea Tirkiy\u00ea de hene ku rexn\u00ea li w\u00ee dikin \u00fb gotin, &#8220;Her \u00e7end ev rast\u00ee be j\u00ee, hin kes h\u00een j\u00ee heqaret\u00ea li Ocalan dikin, p\u00eavajoy\u00ea rexne dikin. Bi rast\u00ee j\u00ee ev yek me b\u00eazar dike. Mirov dikare b\u00eaje ev kes, nizanin an j\u00ee f\u00eam nakin.&#8221;<\/span><\/h3>\n<h3 style=\"text-align: justify\"><span style=\"font-family: arial, helvetica, sans-serif\">Kalkan bang li AKP\u00ea \u00fb MHP\u00ea kir \u00fb ji wan xwest ku bi kes\u00ean ku rexn\u00ea li Ocalan digirin re \u015fer bikin. W\u00ee her wiha diyar kir: &#8220;Li dij\u00ee van kesan t\u00eako\u015f\u00eenek hindik heye. M\u00eenak, hin derdor, nemaze y\u00ean di desthilatdariy\u00ea de, dema ku ti\u015ftek bandor\u00ea li wan dike, q\u00eeyamet\u00ea radikin. Ew pirsgir\u00eakan anal\u00eez dikin \u00fb \u00e7areseriyan p\u00ea\u015fk\u00ea\u015f dikin. L\u00ea ew li hember heqaret\u00ean li dij\u00ee kesek\u00ee ku gav\u00ean ewqas gir\u00eeng av\u00eatiye \u00fb p\u00eavajoy\u00ean ji bo p\u00ea\u015feroj \u00fb ewlehiya Tirkiy\u00ea p\u00ea\u015fxistiye b\u00eadeng in. Ev b\u00eadeng\u00ee h\u00eav\u00ee \u00fb baweriy\u00ea dide van derdor\u00ean nijadperest, \u015foven\u00eest \u00fb fa\u015f\u00eest.&#8221;<\/span><\/h3>\n<h3 style=\"text-align: justify\"><span style=\"font-family: 'arial black', sans-serif;font-size: 18pt;color: #8a0808\">Kalkan: Ji bo Parastina Tirkiy\u00ea Div\u00ea Ocalan B\u00ea Azadkirin<\/span><\/h3>\n<h3 style=\"text-align: justify\"><span style=\"font-family: arial, helvetica, sans-serif\">Kalkan gotin\u00ean balk\u00ea\u015f di daxuyaniya xwe de derbar\u00ea pirsgir\u00eaka Kurd kirin . W\u00ee kiryar\u00ean dewlet\u00ea y\u00ean bi salan li dij\u00ee Kurdan ne wek\u00ee kolonyal\u00eezm an binp\u00eakirina mafan, l\u00ea ten\u00ea wek\u00ee &#8220;\u015fa\u015f\u00ee&#8221; bi nav kir.<\/span><\/h3>\n<h3 style=\"text-align: justify\"><span style=\"font-family: arial, helvetica, sans-serif\">Kalkan be\u015fek gir\u00eeng ji axaftina xwe ji bo daxwaza azadkirina Ocalan terxan kir \u00fb got, &#8220;Div\u00ea gav\u00ean bi rast\u00ee biryardar werin av\u00eatin da ku R\u00eaber Apo bikaribe bi azad\u00ee bij\u00ee \u00fb bixebite. P\u00ea\u015feroja Tirkiy\u00ea, ewlehiya w\u00ea, her ti\u015ft bi p\u00eavajoya a\u015ft\u00ee \u00fb civaka demokrat\u00eek a ku ji h\u00eala R\u00eaber Apo ve hat\u00ee p\u00ea\u015fxistin ve gir\u00eaday\u00ee ye. ger \u015fert\u00ean Ocalan ba\u015ftir bikin, ew dikare h\u00een \u00e7\u00eatir xizmeta Dewleta Tirkiy\u00ea bike.\u201d<\/span><\/h3>\n<h3 style=\"text-align: justify\"><span style=\"font-family: 'arial black', sans-serif;font-size: 18pt;color: #8a0808\">Kalkan: Div\u00ea \u015fert \u00fb merc\u00ean vegera mal\u00ea werin afirandin<\/span><\/h3>\n<h3 style=\"text-align: justify\"><span style=\"font-family: arial, helvetica, sans-serif\">Kalkan li ser merc\u00ean daketina Ger\u00eela ji \u00e7iyayan j\u00ee \u015f\u00eerove kir. W\u00ee diyar nekir ku ew \u00e7i dixwazin, l\u00ea bi gelemper\u00ee behsa &#8220;Qan\u00fbn\u00ean Azadiy\u00ea&#8221; kir \u00fb got: &#8220;Div\u00ea qan\u00fbn\u00ean azadiy\u00ea werin dan\u00een. Div\u00ea \u00e7ar\u00e7oveyek yasay\u00ee were damezrandin; em amade ne. L\u00ea em ne amade ne ku b\u00eay\u00ee ku \u00e7ar\u00e7oveyek yasay\u00ee hebe bib\u00eajin &#8216;werin xwe \u00eentihar&#8217;. bikin&#8221;<\/span><\/h3>\n<h3 style=\"text-align: justify\"><span style=\"font-family: arial, helvetica, sans-serif\">W\u00ee li ser n\u00eeqa\u015f\u00ean &#8220;Ji n\u00fb ve entegrekirina nav civak\u00ea&#8221; y\u00ean endam\u00ean PKK\u00ea j\u00ee bertek n\u00ee\u015fan da \u00fb got ku ew ji gel d\u00fbr n\u00eenin, ku pirsgir\u00eakek wan bi ji n\u00fb ve entegrekirina nav civak\u00ea re nine.<\/span><\/h3>\n<h3 style=\"text-align: justify\"><span style=\"font-family: 'arial black', sans-serif;font-size: 18pt;color: #8a0808\">Kalkan: Div\u00ea li \u00ceran\u00ea Tirkiye Berdevka Kurd\u00ean Be<\/span><\/h3>\n<h3 style=\"text-align: justify\"><span style=\"font-family: arial, helvetica, sans-serif\">Be\u015fek din a axaftina Kalkan li ser operasyon\u00ean li \u00ceran\u00ea b\u00fb. Kalkan diyar kir ku ew li dij\u00ee \u015fer\u00ea li \u00ceran\u00ea ne \u00fb got ku operasyon armanc dike ku serwer\u00eeya \u00ceran \u00fb Tirkiy\u00ea t\u00eak bibe. W\u00ee her wiha pirs\u00ee, &#8220;Ger \u00cesra\u00eel \u00fb Emer\u00eeka bi ser bikevin d\u00ea \u00e7i bi dest bixin?&#8221;<\/span><\/h3>\n<h3 style=\"text-align: justify\"><span style=\"font-family: arial, helvetica, sans-serif\">Kalkan her wiha \u00eedia kir ku li \u00ceran\u00ea di navbera Azer\u00ee \u00fb Kurdan de pirsgir\u00eak tune ne \u00fb got, &#8220;Div\u00ea h\u00eaz\u00ean demokrat\u00eek \u00ean \u00ceran\u00ea \u00fb h\u00eaz\u00ean welatpar\u00eaz \u00ean azad\u00eexwaz \u00ean Kurdistan\u00ea di t\u00eakiliyek \u00fb hevpeymaniy\u00ea de bin. Bi raya me, ev ti\u015ft\u00ea rast e. Ji ber ku div\u00ea bi r\u00eaya demokrat\u00eekkirina \u00ceran\u00ea were \u00e7areserkirin. Ji bo v\u00ea yek\u00ea, h\u00eaz\u00ean demokrat\u00eek \u00ean azad\u00eexwaz \u00fb h\u00eaz\u00ean siyas\u00ee y\u00ean \u00ceran \u00fb Kurdistan\u00ea bi hev re dixebitin, di hevpeymaniy\u00ea de ne. Ev \u015f\u00eereta me ji wan re ye. P\u00eadiv\u00ee ye ku ew ji n\u00eaz\u00eekatiy\u00ean neteweperest, dewlet-netew d\u00fbr bisekinin. Div\u00ea ew li aliy\u00ea gel bin. Div\u00ea ew li aliy\u00ea yek\u00eet\u00ee \u00fb demokrasiy\u00ea bin.&#8221;<\/span><\/h3>\n<h3 style=\"text-align: justify\"><span style=\"font-family: arial, helvetica, sans-serif\">Kalkan her wiha got ku div\u00ea Tirkiye \u00ceran\u00ea par\u00eazvan \u00fb berdevka Kurdan be. W\u00ee her wiha diyar kir ku Kurdan \u00e7i l\u00eager\u00een\u00ean din n\u00eenin \u00fb got, &#8220;Kurd li \u00ceran\u00ea xerabiyan nakin.&#8221;<\/span><\/h3>\n","protected":false},"excerpt":{"rendered":"<p>D\u00fbran Kalkan, serkirdey\u00ea PKK\u00ea, be\u015fdar\u00ee Medya Haber\u00ea b\u00fb \u00fb \u00e7end daxuyaniy\u00ean gir\u00eeng dan. Kalkan nirxandin\u00ean xwe li ser b\u00fbyer\u00ean rojane kirin. Di axaftina xwe de, Kalkan ku endam\u00ea damezr\u00eener y\u00ea PKK\u00ea ye, wek\u00ee endam\u00ea Akademiya Zanist\u00ean Civak\u00ee behsa Ocalan kir. Pi\u015ft\u00ee p\u00eavajoya ku ji h\u00eala Ocalan ve hatiye destp\u00eakirin \u00fb hilwe\u015fandina PKK\u00ea, di naverok \u00fb [&hellip;]<\/p>\n","protected":false},"author":2,"featured_media":1052068,"comment_status":"closed","ping_status":"closed","sticky":false,"template":"","format":"standard","meta":{"footnotes":""},"categories":[68],"tags":[42,44,37],"class_list":["post-1052067","post","type-post","status-publish","format-standard","has-post-thumbnail","hentry","category-analiz","tag-duran-kalkan","tag-ocelan","tag-sereke"],"blocksy_meta":[],"seo_head":"<!-- This site is optimized with the Yoast SEO plugin v27.5 - https:\/\/yoast.com\/product\/yoast-seo-wordpress\/ -->\n<title>D\u00fbran Kalkan: Ewlehiya Tirkiy\u00ea ji aliy\u00ea Serok Apo ve t\u00ea misogerkirin - Darka Maz\u00ee<\/title>\n<meta name=\"robots\" content=\"index, follow, max-snippet:-1, max-image-preview:large, max-video-preview:-1\" \/>\n<link rel=\"canonical\" href=\"https:\/\/darkamazi.info\/archives\/1052067\" \/>\n<meta property=\"og:locale\" content=\"en_US\" \/>\n<meta property=\"og:type\" content=\"article\" \/>\n<meta property=\"og:title\" content=\"D\u00fbran Kalkan: Ewlehiya Tirkiy\u00ea ji aliy\u00ea Serok Apo ve t\u00ea misogerkirin - Darka Maz\u00ee\" \/>\n<meta property=\"og:description\" content=\"D\u00fbran Kalkan, serkirdey\u00ea PKK\u00ea, be\u015fdar\u00ee Medya Haber\u00ea b\u00fb \u00fb \u00e7end daxuyaniy\u00ean gir\u00eeng dan. Kalkan nirxandin\u00ean xwe li ser b\u00fbyer\u00ean rojane kirin. Di axaftina xwe de, Kalkan ku endam\u00ea damezr\u00eener y\u00ea PKK\u00ea ye, wek\u00ee endam\u00ea Akademiya Zanist\u00ean Civak\u00ee behsa Ocalan kir. Pi\u015ft\u00ee p\u00eavajoya ku ji h\u00eala Ocalan ve hatiye destp\u00eakirin \u00fb hilwe\u015fandina PKK\u00ea, di naverok \u00fb [&hellip;]\" \/>\n<meta property=\"og:url\" content=\"https:\/\/darkamazi.info\/archives\/1052067\" \/>\n<meta property=\"og:site_name\" content=\"Darka Maz\u00ee\" \/>\n<meta property=\"article:publisher\" content=\"https:\/\/www.facebook.com\/DarMaziKurmanci\" \/>\n<meta property=\"article:published_time\" content=\"2026-03-12T18:08:23+00:00\" \/>\n<meta property=\"og:image\" content=\"https:\/\/darkamazi.info\/file\/2026\/03\/Duran-tirk-info.jpg\" \/>\n\t<meta property=\"og:image:width\" content=\"900\" \/>\n\t<meta property=\"og:image:height\" content=\"500\" \/>\n\t<meta property=\"og:image:type\" content=\"image\/jpeg\" \/>\n<meta name=\"author\" content=\"darka mazi\" \/>\n<meta name=\"twitter:card\" content=\"summary_large_image\" \/>\n<meta name=\"twitter:creator\" content=\"@DarkaMaziLatini\" \/>\n<meta name=\"twitter:site\" content=\"@DarkaMaziLatini\" \/>\n<meta name=\"twitter:label1\" content=\"Written by\" \/>\n\t<meta name=\"twitter:data1\" content=\"darka mazi\" \/>\n\t<meta name=\"twitter:label2\" content=\"Est. reading time\" \/>\n\t<meta name=\"twitter:data2\" content=\"5 minutes\" \/>\n<script type=\"application\/ld+json\" class=\"seo-schema-graph\">{\"@context\":\"https:\\\/\\\/schema.org\",\"@graph\":[{\"@type\":\"Article\",\"@id\":\"https:\\\/\\\/darkamazi.info\\\/archives\\\/1052067#article\",\"isPartOf\":{\"@id\":\"https:\\\/\\\/darkamazi.info\\\/archives\\\/1052067\"},\"author\":{\"name\":\"darka mazi\",\"@id\":\"https:\\\/\\\/darkamazi.info\\\/#\\\/schema\\\/person\\\/5ad3e24553a0567993fa8ed4bd0a776c\"},\"headline\":\"D\u00fbran Kalkan: Ewlehiya Tirkiy\u00ea ji aliy\u00ea Serok Apo ve t\u00ea misogerkirin\",\"datePublished\":\"2026-03-12T18:08:23+00:00\",\"mainEntityOfPage\":{\"@id\":\"https:\\\/\\\/darkamazi.info\\\/archives\\\/1052067\"},\"wordCount\":1112,\"publisher\":{\"@id\":\"https:\\\/\\\/darkamazi.info\\\/#organization\"},\"image\":{\"@id\":\"https:\\\/\\\/darkamazi.info\\\/archives\\\/1052067#primaryimage\"},\"thumbnailUrl\":\"https:\\\/\\\/darkamazi.info\\\/darka-content\\\/uploads\\\/2026\\\/03\\\/Duran-tirk-info.jpg\",\"keywords\":[\"Duran Kalkan\",\"Ocelan\",\"sereke\"],\"articleSection\":[\"Anal\u00eez\"],\"inLanguage\":\"en-US\"},{\"@type\":\"WebPage\",\"@id\":\"https:\\\/\\\/darkamazi.info\\\/archives\\\/1052067\",\"url\":\"https:\\\/\\\/darkamazi.info\\\/archives\\\/1052067\",\"name\":\"D\u00fbran Kalkan: Ewlehiya Tirkiy\u00ea ji aliy\u00ea Serok Apo ve t\u00ea misogerkirin - Darka Maz\u00ee\",\"isPartOf\":{\"@id\":\"https:\\\/\\\/darkamazi.info\\\/#website\"},\"primaryImageOfPage\":{\"@id\":\"https:\\\/\\\/darkamazi.info\\\/archives\\\/1052067#primaryimage\"},\"image\":{\"@id\":\"https:\\\/\\\/darkamazi.info\\\/archives\\\/1052067#primaryimage\"},\"thumbnailUrl\":\"https:\\\/\\\/darkamazi.info\\\/darka-content\\\/uploads\\\/2026\\\/03\\\/Duran-tirk-info.jpg\",\"datePublished\":\"2026-03-12T18:08:23+00:00\",\"breadcrumb\":{\"@id\":\"https:\\\/\\\/darkamazi.info\\\/archives\\\/1052067#breadcrumb\"},\"inLanguage\":\"en-US\",\"potentialAction\":[{\"@type\":\"ReadAction\",\"target\":[\"https:\\\/\\\/darkamazi.info\\\/archives\\\/1052067\"]}]},{\"@type\":\"ImageObject\",\"inLanguage\":\"en-US\",\"@id\":\"https:\\\/\\\/darkamazi.info\\\/archives\\\/1052067#primaryimage\",\"url\":\"https:\\\/\\\/darkamazi.info\\\/darka-content\\\/uploads\\\/2026\\\/03\\\/Duran-tirk-info.jpg\",\"contentUrl\":\"https:\\\/\\\/darkamazi.info\\\/darka-content\\\/uploads\\\/2026\\\/03\\\/Duran-tirk-info.jpg\",\"width\":900,\"height\":500,\"caption\":\"D\u00fbran tirk-info\"},{\"@type\":\"BreadcrumbList\",\"@id\":\"https:\\\/\\\/darkamazi.info\\\/archives\\\/1052067#breadcrumb\",\"itemListElement\":[{\"@type\":\"ListItem\",\"position\":1,\"name\":\"Home\",\"item\":\"https:\\\/\\\/darkamazi.info\\\/\"},{\"@type\":\"ListItem\",\"position\":2,\"name\":\"D\u00fbran Kalkan: Ewlehiya Tirkiy\u00ea ji aliy\u00ea Serok Apo ve t\u00ea misogerkirin\"}]},{\"@type\":\"WebSite\",\"@id\":\"https:\\\/\\\/darkamazi.info\\\/#website\",\"url\":\"https:\\\/\\\/darkamazi.info\\\/\",\"name\":\"Darka Maz\u00ee\",\"description\":\"P\u00eageha Zanyariy\u00ean Nebih\u00eest\u00ee\",\"publisher\":{\"@id\":\"https:\\\/\\\/darkamazi.info\\\/#organization\"},\"potentialAction\":[{\"@type\":\"SearchAction\",\"target\":{\"@type\":\"EntryPoint\",\"urlTemplate\":\"https:\\\/\\\/darkamazi.info\\\/?s={search_term_string}\"},\"query-input\":{\"@type\":\"PropertyValueSpecification\",\"valueRequired\":true,\"valueName\":\"search_term_string\"}}],\"inLanguage\":\"en-US\"},{\"@type\":\"Organization\",\"@id\":\"https:\\\/\\\/darkamazi.info\\\/#organization\",\"name\":\"Darka Maz\u00ee\",\"url\":\"https:\\\/\\\/darkamazi.info\\\/\",\"logo\":{\"@type\":\"ImageObject\",\"inLanguage\":\"en-US\",\"@id\":\"https:\\\/\\\/darkamazi.info\\\/#\\\/schema\\\/logo\\\/image\\\/\",\"url\":\"https:\\\/\\\/darkamazi.info\\\/darka-content\\\/uploads\\\/2017\\\/12\\\/darka-mazi-logo.png\",\"contentUrl\":\"https:\\\/\\\/darkamazi.info\\\/darka-content\\\/uploads\\\/2017\\\/12\\\/darka-mazi-logo.png\",\"width\":151,\"height\":75,\"caption\":\"Darka Maz\u00ee\"},\"image\":{\"@id\":\"https:\\\/\\\/darkamazi.info\\\/#\\\/schema\\\/logo\\\/image\\\/\"},\"sameAs\":[\"https:\\\/\\\/www.facebook.com\\\/DarMaziKurmanci\",\"https:\\\/\\\/x.com\\\/DarkaMaziLatini\",\"https:\\\/\\\/www.instagram.com\\\/darkamazi.kurmanci\\\/\",\"https:\\\/\\\/www.youtube.com\\\/channel\\\/UCa5HkTdmI8U1qCUFuTw8B2g\"]},{\"@type\":\"Person\",\"@id\":\"https:\\\/\\\/darkamazi.info\\\/#\\\/schema\\\/person\\\/5ad3e24553a0567993fa8ed4bd0a776c\",\"name\":\"darka mazi\",\"sameAs\":[\"https:\\\/\\\/darkamazi.info\\\/\"],\"url\":\"https:\\\/\\\/darkamazi.info\\\/archives\\\/author\\\/kurdi\"}]}<\/script>\n<!-- \/ Yoast SEO plugin. -->","seo_head_json":{"title":"D\u00fbran Kalkan: Ewlehiya Tirkiy\u00ea ji aliy\u00ea Serok Apo ve t\u00ea misogerkirin - Darka Maz\u00ee","robots":{"index":"index","follow":"follow","max-snippet":"max-snippet:-1","max-image-preview":"max-image-preview:large","max-video-preview":"max-video-preview:-1"},"canonical":"https:\/\/darkamazi.info\/archives\/1052067","og_locale":"en_US","og_type":"article","og_title":"D\u00fbran Kalkan: Ewlehiya Tirkiy\u00ea ji aliy\u00ea Serok Apo ve t\u00ea misogerkirin - Darka Maz\u00ee","og_description":"D\u00fbran Kalkan, serkirdey\u00ea PKK\u00ea, be\u015fdar\u00ee Medya Haber\u00ea b\u00fb \u00fb \u00e7end daxuyaniy\u00ean gir\u00eeng dan. Kalkan nirxandin\u00ean xwe li ser b\u00fbyer\u00ean rojane kirin. Di axaftina xwe de, Kalkan ku endam\u00ea damezr\u00eener y\u00ea PKK\u00ea ye, wek\u00ee endam\u00ea Akademiya Zanist\u00ean Civak\u00ee behsa Ocalan kir. Pi\u015ft\u00ee p\u00eavajoya ku ji h\u00eala Ocalan ve hatiye destp\u00eakirin \u00fb hilwe\u015fandina PKK\u00ea, di naverok \u00fb [&hellip;]","og_url":"https:\/\/darkamazi.info\/archives\/1052067","og_site_name":"Darka Maz\u00ee","article_publisher":"https:\/\/www.facebook.com\/DarMaziKurmanci","article_published_time":"2026-03-12T18:08:23+00:00","og_image":[{"width":900,"height":500,"url":"https:\/\/darkamazi.info\/file\/2026\/03\/Duran-tirk-info.jpg","type":"image\/jpeg"}],"author":"darka mazi","twitter_card":"summary_large_image","twitter_creator":"@DarkaMaziLatini","twitter_site":"@DarkaMaziLatini","twitter_misc":{"Written by":"darka mazi","Est. reading time":"5 minutes"},"schema":{"@context":"https:\/\/schema.org","@graph":[{"@type":"Article","@id":"https:\/\/darkamazi.info\/archives\/1052067#article","isPartOf":{"@id":"https:\/\/darkamazi.info\/archives\/1052067"},"author":{"name":"darka mazi","@id":"https:\/\/darkamazi.info\/#\/schema\/person\/5ad3e24553a0567993fa8ed4bd0a776c"},"headline":"D\u00fbran Kalkan: Ewlehiya Tirkiy\u00ea ji aliy\u00ea Serok Apo ve t\u00ea misogerkirin","datePublished":"2026-03-12T18:08:23+00:00","mainEntityOfPage":{"@id":"https:\/\/darkamazi.info\/archives\/1052067"},"wordCount":1112,"publisher":{"@id":"https:\/\/darkamazi.info\/#organization"},"image":{"@id":"https:\/\/darkamazi.info\/archives\/1052067#primaryimage"},"thumbnailUrl":"https:\/\/darkamazi.info\/file\/2026\/03\/Duran-tirk-info.jpg","keywords":["Duran Kalkan","Ocelan","sereke"],"articleSection":["Anal\u00eez"],"inLanguage":"en-US"},{"@type":"WebPage","@id":"https:\/\/darkamazi.info\/archives\/1052067","url":"https:\/\/darkamazi.info\/archives\/1052067","name":"D\u00fbran Kalkan: Ewlehiya Tirkiy\u00ea ji aliy\u00ea Serok Apo ve t\u00ea misogerkirin - Darka Maz\u00ee","isPartOf":{"@id":"https:\/\/darkamazi.info\/#website"},"primaryImageOfPage":{"@id":"https:\/\/darkamazi.info\/archives\/1052067#primaryimage"},"image":{"@id":"https:\/\/darkamazi.info\/archives\/1052067#primaryimage"},"thumbnailUrl":"https:\/\/darkamazi.info\/file\/2026\/03\/Duran-tirk-info.jpg","datePublished":"2026-03-12T18:08:23+00:00","breadcrumb":{"@id":"https:\/\/darkamazi.info\/archives\/1052067#breadcrumb"},"inLanguage":"en-US","potentialAction":[{"@type":"ReadAction","target":["https:\/\/darkamazi.info\/archives\/1052067"]}]},{"@type":"ImageObject","inLanguage":"en-US","@id":"https:\/\/darkamazi.info\/archives\/1052067#primaryimage","url":"https:\/\/darkamazi.info\/file\/2026\/03\/Duran-tirk-info.jpg","contentUrl":"https:\/\/darkamazi.info\/file\/2026\/03\/Duran-tirk-info.jpg","width":900,"height":500,"caption":"D\u00fbran tirk-info"},{"@type":"BreadcrumbList","@id":"https:\/\/darkamazi.info\/archives\/1052067#breadcrumb","itemListElement":[{"@type":"ListItem","position":1,"name":"Home","item":"https:\/\/darkamazi.info\/"},{"@type":"ListItem","position":2,"name":"D\u00fbran Kalkan: Ewlehiya Tirkiy\u00ea ji aliy\u00ea Serok Apo ve t\u00ea misogerkirin"}]},{"@type":"WebSite","@id":"https:\/\/darkamazi.info\/#website","url":"https:\/\/darkamazi.info\/","name":"Darka Maz\u00ee","description":"P\u00eageha Zanyariy\u00ean Nebih\u00eest\u00ee","publisher":{"@id":"https:\/\/darkamazi.info\/#organization"},"potentialAction":[{"@type":"SearchAction","target":{"@type":"EntryPoint","urlTemplate":"https:\/\/darkamazi.info\/?s={search_term_string}"},"query-input":{"@type":"PropertyValueSpecification","valueRequired":true,"valueName":"search_term_string"}}],"inLanguage":"en-US"},{"@type":"Organization","@id":"https:\/\/darkamazi.info\/#organization","name":"Darka Maz\u00ee","url":"https:\/\/darkamazi.info\/","logo":{"@type":"ImageObject","inLanguage":"en-US","@id":"https:\/\/darkamazi.info\/#\/schema\/logo\/image\/","url":"https:\/\/darkamazi.info\/file\/2017\/12\/darka-mazi-logo.png","contentUrl":"https:\/\/darkamazi.info\/file\/2017\/12\/darka-mazi-logo.png","width":151,"height":75,"caption":"Darka Maz\u00ee"},"image":{"@id":"https:\/\/darkamazi.info\/#\/schema\/logo\/image\/"},"sameAs":["https:\/\/www.facebook.com\/DarMaziKurmanci","https:\/\/x.com\/DarkaMaziLatini","https:\/\/www.instagram.com\/darkamazi.kurmanci\/","https:\/\/www.youtube.com\/channel\/UCa5HkTdmI8U1qCUFuTw8B2g"]},{"@type":"Person","@id":"https:\/\/darkamazi.info\/#\/schema\/person\/5ad3e24553a0567993fa8ed4bd0a776c","name":"darka mazi","sameAs":["https:\/\/darkamazi.info\/"],"url":"https:\/\/darkamazi.info\/archives\/author\/kurdi"}]}},"_links":{"self":[{"href":"https:\/\/darkamazi.info\/funavuv\/wp\/v2\/posts\/1052067","targetHints":{"allow":["GET"]}}],"collection":[{"href":"https:\/\/darkamazi.info\/funavuv\/wp\/v2\/posts"}],"about":[{"href":"https:\/\/darkamazi.info\/funavuv\/wp\/v2\/types\/post"}],"author":[{"embeddable":true,"href":"https:\/\/darkamazi.info\/funavuv\/wp\/v2\/users\/2"}],"replies":[{"embeddable":true,"href":"https:\/\/darkamazi.info\/funavuv\/wp\/v2\/comments?post=1052067"}],"version-history":[{"count":0,"href":"https:\/\/darkamazi.info\/funavuv\/wp\/v2\/posts\/1052067\/revisions"}],"wp:featuredmedia":[{"embeddable":true,"href":"https:\/\/darkamazi.info\/funavuv\/wp\/v2\/media\/1052068"}],"wp:attachment":[{"href":"https:\/\/darkamazi.info\/funavuv\/wp\/v2\/media?parent=1052067"}],"wp:term":[{"taxonomy":"category","embeddable":true,"href":"https:\/\/darkamazi.info\/funavuv\/wp\/v2\/categories?post=1052067"},{"taxonomy":"post_tag","embeddable":true,"href":"https:\/\/darkamazi.info\/funavuv\/wp\/v2\/tags?post=1052067"}],"curies":[{"name":"wp","href":"https:\/\/api.w.org\/{rel}","templated":true}]}}