{"id":1052078,"date":"2026-03-14T17:12:07","date_gmt":"2026-03-14T14:12:07","guid":{"rendered":"https:\/\/darkamazi.info\/?p=1052078"},"modified":"2026-03-14T17:12:07","modified_gmt":"2026-03-14T14:12:07","slug":"123-sal-di-ser-jidayikbuna-general-mela-mistefa-barzani-derbas-dibin","status":"publish","type":"post","link":"https:\/\/darkamazi.info\/archives\/1052078","title":{"rendered":"123 sal di ser jidayikb\u00fbna general Mela Mistefa Barzan\u00ee derbas dibin"},"content":{"rendered":"<h3 style=\"text-align: justify\"><span style=\"font-family: 'arial black', sans-serif\">\u00cero 123 sal di ser b\u00fbna st\u00earkeke ge\u015f a asman\u00ea xebata rizgar\u00eexwaziya Kurdistan\u00ea re derbaz dibin, ku ew j\u00ee Barzaniy\u00ea Nemir (Mela Mistefay\u00ea Barzan\u00ee) ye.<\/span><\/h3>\n<h3 style=\"text-align: justify\">Her di jiy\u00ea ciwantiy\u00ea de hesta netewey\u00ee di dil\u00ea Barzaniy\u00ea Nemir de binecih b\u00fb \u00fb serkirdetiya bi dehan dastan\u00ean azatiy\u00ea li dij\u00ee neyar\u00ean Kurdan kiriye, heta digehe w\u00ea roj\u00ea ku li nexwe\u015fxaneyeke Wa\u015fintona paytexta Amer\u00eekay\u00ea wexera dawiy\u00ea kir.<\/h3>\n<h3 style=\"text-align: justify\">Mela Mistefay\u00ea Barzan\u00ee di qonaxeke d\u00eerok\u00ee ya \u00e7areniv\u00eessaz de xebat li dij\u00ee dagirker\u00ean xwed\u00ee h\u00eaz \u00fb pi\u015ftevan\u00ee hilbijart, ku gel\u00ea Kurd di serdemeke pir\u00ee azar \u00fb nexwe\u015f\u00ee de dijiya \u00fb ji bil\u00ee Xud\u00ea \u00fb rewatiya doza xwe \u00fb amadeb\u00fbna kur \u00fb ke\u00e7\u00ean xwe ji bo mirin\u00ea \u00e7i pi\u015ft \u00fb penayeke din neb\u00fb, l\u00ea bi \u00eeradeya bih\u00eaz \u00fb heb\u00fbna baweriy\u00ea bi xwe \u00fb doza xwe ya rewa, ji bo \u00e7irkeyek\u00ea j\u00ee baweriya w\u00ee serkirdey\u00ea d\u00eerok\u00ee y\u00ea Kurdan nehejiya \u00fb m\u00eerateke mezin ji t\u00eako\u015f\u00een\u00ea li dij\u00ee stem \u00fb zordariy\u00ea ji bo gel\u00ea xwe y\u00ea steml\u00eakir\u00ee li d\u00fb xwe h\u00eala.<\/h3>\n<h3 style=\"text-align: justify\">Ew kar\u00eazma li roja 14\u00ea Adara 1903\u00ea li gund\u00ea Barzan\u00ea hat ser dinyay\u00ea \u00fb her di jiy\u00ea ciwantiy\u00ea de hizira rizgar\u00eexwaziya gel\u00ea w\u00ee di dil\u00ea w\u00ee de binecih b\u00fb.<\/h3>\n<h3 style=\"text-align: justify\">Jiyan \u00fb westgeh\u00ean xebat \u00fb t\u00eako\u015f\u00eena Mela Mistefay\u00ea Barzan\u00ee:<\/h3>\n<h3 style=\"text-align: justify\">Mela Mistefay\u00ea Barzan\u00ee kur\u00ea p\u00eanc\u00ea \u00fb dawiy\u00ea y\u00ea \u015e\u00eax Mihemed\u00ea Barzan\u00ee li roja 14\u00ea Adara 1903\u00ea li gund\u00ea Barzan\u00ea hat ser dinyay\u00ea.<\/h3>\n<h3 style=\"text-align: justify\">Di sala 1904\u00ea de bav\u00ea w\u00ee \u015e\u00eax Mihemed wexera dawiy\u00ea kir \u00fb biray\u00ea w\u00ee \u015e\u00eax Ebdilselam erk\u00ea r\u00eabertiya Barzaniyan wergirt.<\/h3>\n<h3 style=\"text-align: justify\">Dema temen\u00ea Mela Mistefay\u00ea Barzan\u00ee 3 sal b\u00fb, h\u00eaz\u00ean Osmaniyan \u00ear\u00ee\u015f\u00ee devera wan kir \u00fb biray\u00ea w\u00ee \u015e\u00eax Ebdilselan \u00eaxis\u00eer kir \u00fb Mela Mistefa \u00fb diya w\u00ee j\u00ee 9 mehan hatin z\u00eendan\u00eekirin.<\/h3>\n<h3 style=\"text-align: justify\">Mela Mistefay\u00ea Barzan\u00ee li sala 1919\u00ea tevl\u00ee \u015fore\u015fa \u015e\u00eax Mehm\u00fbd\u00ea Hef\u00eed b\u00fb \u00fb b\u00fb berpirs\u00ea h\u00eazeke 300 kes\u00ee.<\/h3>\n<h3 style=\"text-align: justify\">Li sala 1920\u00ea \u015e\u00eax Ehmed Barzan\u00ee Mela Mistefa \u015fand ba \u015e\u00eax Se\u00eed\u00ea P\u00eeran li Bakur\u00ea Kurdistan\u00ea, ji bo ku hevaheng\u00ee di navbera \u015fore\u015fa \u015e\u00eax Se\u00eed \u00fb \u015fore\u015fa \u015e\u00eax Mehm\u00fbd\u00ea Hef\u00eed de b\u00ea kirin.<\/h3>\n<h3 style=\"text-align: justify\">Mela Mistefa di sal\u00ean 1931-1932an de, li devera Barzan \u00fb li gund\u00ean M\u00eargesor \u00fb \u015e\u00earwan fermandariya P\u00ea\u015fmergey\u00ean ku \u015fer\u00ea \u00cengl\u00eezan dikirin, kir. J\u00eerb\u00fbna Mela Mistefa di war\u00ea serbaz\u00ee \u00fb \u015ferkeriy\u00ea de li wir e\u015fkere b\u00fb.<\/h3>\n<h3 style=\"text-align: justify\">Li sala 1932\u00ea, dema hik\u00fbmeta w\u00ea dem\u00ea ya Iraq\u00ea bi al\u00eekariya Bir\u00eetanya \u00eari\u015f\u00ee h\u00eaz\u00ean Kurd kir, \u015e\u00eax Ehmed\u00ea Barzan\u00ee hat girtin \u00fb ji ber w\u00ea j\u00ee Mela Mistefay\u00ee dest bi r\u00eabert\u00ee \u00fb r\u00eaxistina h\u00eaz\u00ean Kurdan kir.<\/h3>\n<h3 style=\"text-align: justify\">Hik\u00fbmeta Iraq\u00ea salek\u00ea pi\u015ft\u00ee w\u00ee \u015fer\u00ee l\u00eabor\u00een ji bo h\u00eaz\u00ean P\u00ea\u015fmergeyan \u00fb malbat\u00ean Barzan\u00ee derxist \u00fb ji ber w\u00ea j\u00ee ji sala 1936 heta 1943 \u00e7alakiy\u00ean serbaz\u00ee ji aliy\u00ea P\u00ea\u015fmergeyan ve hatin sekinandin. Li sala 1943 d\u00eesa xebata P\u00ea\u015fmergetiy\u00ea \u00fb bizava Kurd\u00ee ji aliy\u00ea Mela Mistefay\u00ea Barzan\u00ee ve dest p\u00ea kir.<\/h3>\n<h3 style=\"text-align: justify\">Mela Mistefay\u00ea Barzan\u00ee kar\u00ee \u015fert \u00fb merc\u00ean w\u00ea dem\u00ea, ku \u015fer\u00ea c\u00eehan\u00ea y\u00ea duy\u00ea heb\u00fb, her wiha k\u00fbdetaya ku li dij\u00ee hik\u00fbmeta w\u00ea dem\u00ea ya Iraq\u00ea hat kirin, di feydey\u00ea Kurdan de bi kar b\u00eene \u00fb cardin vegere gund\u00ea xwe li devera Barzan\u00ea. Tevahiya peywendiy\u00ean xwe bi hik\u00fbmeta Iraq\u00ea re qetandin \u00fb daxwaza hik\u00fbmeta lawaz ya Iraq\u00ea red kir. Hik\u00fbmeta Iraq\u00ea daxwaz kirib\u00fb ku P\u00ea\u015fmergeyan \u015fer sekinandiba.<\/h3>\n<h3 style=\"text-align: justify\">Pi\u015ft\u00ee ku Mela Mistefay\u00ea Barzan\u00ee kar\u00ee h\u00eazeke 2500 kes\u00ee kom bike \u00fb xwe bih\u00eaz bike l\u00ea pi\u015ft\u00ee sal \u00fb n\u00eev\u00ea, hik\u00fbmeta Iraq\u00ea bi h\u00eazeke mezin \u00eari\u015f\u00ee devera Barzan\u00ea kir. H\u00eaz\u00ean P\u00ea\u015fmerge bi fermandehiya Mela Mistefay\u00ee \u015ferek\u00ee mezin kir l\u00ea pa\u015f\u00ea veki\u015fiyan devera Kan\u00eere\u015f\u00ea ya li ser s\u00eenor\u00ea Tirkiyey\u00ea ango Bakur\u00ea Kurdistan\u00ea.<\/h3>\n<h3 style=\"text-align: justify\">11\u00ea Adara 1970 Barzan\u00ee \u00fb hik\u00fbmeta Iraq\u00ea li ser projeya otonom\u00ee bo Kurdistan\u00ea lihev kir \u00fb bo cara yek\u00ea di d\u00eeroka \u015fore\u015f\u00ean Kurdistan\u00ea de, Kurdan kar\u00ee bi xebata 9 salan destkeftiyeke wisa mezin bi dest bixin.<\/h3>\n<h3 style=\"text-align: justify\">Li sala 1968\u00ea partiya Beis k\u00fbdetayek li dij\u00ee hik\u00fbmeta Iraq\u00ea kir. \u015eert \u00fb merc hatin guhertin \u00fb Mela Mistefay\u00ea Barzan\u00ee bi hik\u00fbmet\u00ea re dest bi muzaker\u00ea kir. Berhema w\u00ea muzaker\u00ea lihevkirina 11\u00ea Adara 1970\u00ea b\u00fb. Li gor\u00ee w\u00ea lihevkirin\u00ea, Kurd b\u00fbn \u015fir\u00eek\u00ean hik\u00fbmeta Iraq\u00ea \u00fb ziman\u00ea Kurd\u00ee b\u00fb ziman\u00ea ferm\u00ee \u00fb Kurdistan j\u00ee b\u00fb her\u00eameke xweser. L\u00ea pa\u015f\u00ea hik\u00fbmeta Iraq\u00ea xwe ji w\u00ea lihevkirin\u00ea vediz\u00ee \u00fb li sala 1975\u00ea bi \u00ceran\u00ea re li Cezay\u00eer\u00ea lihevkirinek \u00eemze kir.<\/h3>\n<h3 style=\"text-align: justify\">Pi\u015ft\u00ee w\u00ea lihevkirina sala 1975\u00ea, careke din Barzaniy\u00ea Nemir \u00e7avd\u00ear\u00ee \u00fb serperi\u015ftiya dan\u00eena bingeha \u015fore\u015feke din kir.<\/h3>\n<h3 style=\"text-align: justify\">Mela Mistefay\u00ea Barzan\u00ee li d\u00fbmah\u00eeka sala 1975\u00ea nexwe\u015f b\u00fb \u00fb ji ber w\u00ea j\u00ee \u00e7\u00fb Amer\u00eekay\u00ea. Barzan\u00ee li roja 1\u00ea Adara sala 1979\u00ea li Amer\u00eekay\u00ea wexera dawiy\u00ea kir. Term\u00ea w\u00ee bi awayek\u00ee demk\u00ee li bajar\u00ea \u015einoy\u00ea y\u00ea Rojhilat\u00ea Kurdistan\u00ea hat ve\u015fartin.<\/h3>\n<h3 style=\"text-align: justify\">Pi\u015ft\u00ee Serhildana sala 1991\u00ea, term\u00ean Mela Mistefay\u00ea Barzan\u00ee \u00fb \u00cedr\u00ees Barzan\u00ee li roja 6\u00ea Cotmeh\u00ea ji Rojhilat\u00ea Kurdistan\u00ea bo devera Barzan\u00ea hatin veguhestin \u00fb li cih\u00ea b\u00fbna wan hatin ve\u015fartin.<\/h3>\n","protected":false},"excerpt":{"rendered":"<p>\u00cero 123 sal di ser b\u00fbna st\u00earkeke ge\u015f a asman\u00ea xebata rizgar\u00eexwaziya Kurdistan\u00ea re derbaz dibin, ku ew j\u00ee Barzaniy\u00ea Nemir (Mela Mistefay\u00ea Barzan\u00ee) ye. Her di jiy\u00ea ciwantiy\u00ea de hesta netewey\u00ee di dil\u00ea Barzaniy\u00ea Nemir de binecih b\u00fb \u00fb serkirdetiya bi dehan dastan\u00ean azatiy\u00ea li dij\u00ee neyar\u00ean Kurdan kiriye, heta digehe w\u00ea roj\u00ea ku [&hellip;]<\/p>\n","protected":false},"author":2,"featured_media":1052080,"comment_status":"closed","ping_status":"closed","sticky":false,"template":"","format":"standard","meta":{"footnotes":""},"categories":[29],"tags":[37],"class_list":["post-1052078","post","type-post","status-publish","format-standard","has-post-thumbnail","hentry","category-kurdistan","tag-sereke"],"blocksy_meta":[],"seo_head":"<!-- This site is optimized with the Yoast SEO plugin v27.5 - https:\/\/yoast.com\/product\/yoast-seo-wordpress\/ -->\n<title>123 sal di ser jidayikb\u00fbna general Mela Mistefa Barzan\u00ee derbas dibin - Darka Maz\u00ee<\/title>\n<meta name=\"robots\" content=\"index, follow, max-snippet:-1, max-image-preview:large, max-video-preview:-1\" \/>\n<link rel=\"canonical\" href=\"https:\/\/darkamazi.info\/archives\/1052078\" \/>\n<meta property=\"og:locale\" content=\"en_US\" \/>\n<meta property=\"og:type\" content=\"article\" \/>\n<meta property=\"og:title\" content=\"123 sal di ser jidayikb\u00fbna general Mela Mistefa Barzan\u00ee derbas dibin - Darka Maz\u00ee\" \/>\n<meta property=\"og:description\" content=\"\u00cero 123 sal di ser b\u00fbna st\u00earkeke ge\u015f a asman\u00ea xebata rizgar\u00eexwaziya Kurdistan\u00ea re derbaz dibin, ku ew j\u00ee Barzaniy\u00ea Nemir (Mela Mistefay\u00ea Barzan\u00ee) ye. Her di jiy\u00ea ciwantiy\u00ea de hesta netewey\u00ee di dil\u00ea Barzaniy\u00ea Nemir de binecih b\u00fb \u00fb serkirdetiya bi dehan dastan\u00ean azatiy\u00ea li dij\u00ee neyar\u00ean Kurdan kiriye, heta digehe w\u00ea roj\u00ea ku [&hellip;]\" \/>\n<meta property=\"og:url\" content=\"https:\/\/darkamazi.info\/archives\/1052078\" \/>\n<meta property=\"og:site_name\" content=\"Darka Maz\u00ee\" \/>\n<meta property=\"article:publisher\" content=\"https:\/\/www.facebook.com\/DarMaziKurmanci\" \/>\n<meta property=\"article:published_time\" content=\"2026-03-14T14:12:07+00:00\" \/>\n<meta property=\"og:image\" content=\"https:\/\/darkamazi.info\/file\/2026\/03\/mustefa-barzani-1.jpg\" \/>\n\t<meta property=\"og:image:width\" content=\"900\" \/>\n\t<meta property=\"og:image:height\" content=\"497\" \/>\n\t<meta property=\"og:image:type\" content=\"image\/jpeg\" \/>\n<meta name=\"author\" content=\"darka mazi\" \/>\n<meta name=\"twitter:card\" content=\"summary_large_image\" \/>\n<meta name=\"twitter:creator\" content=\"@DarkaMaziLatini\" \/>\n<meta name=\"twitter:site\" content=\"@DarkaMaziLatini\" \/>\n<meta name=\"twitter:label1\" content=\"Written by\" \/>\n\t<meta name=\"twitter:data1\" content=\"darka mazi\" \/>\n\t<meta name=\"twitter:label2\" content=\"Est. reading time\" \/>\n\t<meta name=\"twitter:data2\" content=\"4 minutes\" \/>\n<script type=\"application\/ld+json\" class=\"seo-schema-graph\">{\"@context\":\"https:\\\/\\\/schema.org\",\"@graph\":[{\"@type\":\"Article\",\"@id\":\"https:\\\/\\\/darkamazi.info\\\/archives\\\/1052078#article\",\"isPartOf\":{\"@id\":\"https:\\\/\\\/darkamazi.info\\\/archives\\\/1052078\"},\"author\":{\"name\":\"darka mazi\",\"@id\":\"https:\\\/\\\/darkamazi.info\\\/#\\\/schema\\\/person\\\/5ad3e24553a0567993fa8ed4bd0a776c\"},\"headline\":\"123 sal di ser jidayikb\u00fbna general Mela Mistefa Barzan\u00ee derbas dibin\",\"datePublished\":\"2026-03-14T14:12:07+00:00\",\"mainEntityOfPage\":{\"@id\":\"https:\\\/\\\/darkamazi.info\\\/archives\\\/1052078\"},\"wordCount\":828,\"publisher\":{\"@id\":\"https:\\\/\\\/darkamazi.info\\\/#organization\"},\"image\":{\"@id\":\"https:\\\/\\\/darkamazi.info\\\/archives\\\/1052078#primaryimage\"},\"thumbnailUrl\":\"https:\\\/\\\/darkamazi.info\\\/darka-content\\\/uploads\\\/2026\\\/03\\\/mustefa-barzani-1.jpg\",\"keywords\":[\"sereke\"],\"articleSection\":[\"Kurdistan\"],\"inLanguage\":\"en-US\"},{\"@type\":\"WebPage\",\"@id\":\"https:\\\/\\\/darkamazi.info\\\/archives\\\/1052078\",\"url\":\"https:\\\/\\\/darkamazi.info\\\/archives\\\/1052078\",\"name\":\"123 sal di ser jidayikb\u00fbna general Mela Mistefa Barzan\u00ee derbas dibin - Darka Maz\u00ee\",\"isPartOf\":{\"@id\":\"https:\\\/\\\/darkamazi.info\\\/#website\"},\"primaryImageOfPage\":{\"@id\":\"https:\\\/\\\/darkamazi.info\\\/archives\\\/1052078#primaryimage\"},\"image\":{\"@id\":\"https:\\\/\\\/darkamazi.info\\\/archives\\\/1052078#primaryimage\"},\"thumbnailUrl\":\"https:\\\/\\\/darkamazi.info\\\/darka-content\\\/uploads\\\/2026\\\/03\\\/mustefa-barzani-1.jpg\",\"datePublished\":\"2026-03-14T14:12:07+00:00\",\"breadcrumb\":{\"@id\":\"https:\\\/\\\/darkamazi.info\\\/archives\\\/1052078#breadcrumb\"},\"inLanguage\":\"en-US\",\"potentialAction\":[{\"@type\":\"ReadAction\",\"target\":[\"https:\\\/\\\/darkamazi.info\\\/archives\\\/1052078\"]}]},{\"@type\":\"ImageObject\",\"inLanguage\":\"en-US\",\"@id\":\"https:\\\/\\\/darkamazi.info\\\/archives\\\/1052078#primaryimage\",\"url\":\"https:\\\/\\\/darkamazi.info\\\/darka-content\\\/uploads\\\/2026\\\/03\\\/mustefa-barzani-1.jpg\",\"contentUrl\":\"https:\\\/\\\/darkamazi.info\\\/darka-content\\\/uploads\\\/2026\\\/03\\\/mustefa-barzani-1.jpg\",\"width\":900,\"height\":497,\"caption\":\"123 sal di ser jidayikb\u00fbna general Mela Mistefa Barzan\u00ee derbas dibin\"},{\"@type\":\"BreadcrumbList\",\"@id\":\"https:\\\/\\\/darkamazi.info\\\/archives\\\/1052078#breadcrumb\",\"itemListElement\":[{\"@type\":\"ListItem\",\"position\":1,\"name\":\"Home\",\"item\":\"https:\\\/\\\/darkamazi.info\\\/\"},{\"@type\":\"ListItem\",\"position\":2,\"name\":\"123 sal di ser jidayikb\u00fbna general Mela Mistefa Barzan\u00ee derbas dibin\"}]},{\"@type\":\"WebSite\",\"@id\":\"https:\\\/\\\/darkamazi.info\\\/#website\",\"url\":\"https:\\\/\\\/darkamazi.info\\\/\",\"name\":\"Darka Maz\u00ee\",\"description\":\"P\u00eageha Zanyariy\u00ean Nebih\u00eest\u00ee\",\"publisher\":{\"@id\":\"https:\\\/\\\/darkamazi.info\\\/#organization\"},\"potentialAction\":[{\"@type\":\"SearchAction\",\"target\":{\"@type\":\"EntryPoint\",\"urlTemplate\":\"https:\\\/\\\/darkamazi.info\\\/?s={search_term_string}\"},\"query-input\":{\"@type\":\"PropertyValueSpecification\",\"valueRequired\":true,\"valueName\":\"search_term_string\"}}],\"inLanguage\":\"en-US\"},{\"@type\":\"Organization\",\"@id\":\"https:\\\/\\\/darkamazi.info\\\/#organization\",\"name\":\"Darka Maz\u00ee\",\"url\":\"https:\\\/\\\/darkamazi.info\\\/\",\"logo\":{\"@type\":\"ImageObject\",\"inLanguage\":\"en-US\",\"@id\":\"https:\\\/\\\/darkamazi.info\\\/#\\\/schema\\\/logo\\\/image\\\/\",\"url\":\"https:\\\/\\\/darkamazi.info\\\/darka-content\\\/uploads\\\/2017\\\/12\\\/darka-mazi-logo.png\",\"contentUrl\":\"https:\\\/\\\/darkamazi.info\\\/darka-content\\\/uploads\\\/2017\\\/12\\\/darka-mazi-logo.png\",\"width\":151,\"height\":75,\"caption\":\"Darka Maz\u00ee\"},\"image\":{\"@id\":\"https:\\\/\\\/darkamazi.info\\\/#\\\/schema\\\/logo\\\/image\\\/\"},\"sameAs\":[\"https:\\\/\\\/www.facebook.com\\\/DarMaziKurmanci\",\"https:\\\/\\\/x.com\\\/DarkaMaziLatini\",\"https:\\\/\\\/www.instagram.com\\\/darkamazi.kurmanci\\\/\",\"https:\\\/\\\/www.youtube.com\\\/channel\\\/UCa5HkTdmI8U1qCUFuTw8B2g\"]},{\"@type\":\"Person\",\"@id\":\"https:\\\/\\\/darkamazi.info\\\/#\\\/schema\\\/person\\\/5ad3e24553a0567993fa8ed4bd0a776c\",\"name\":\"darka mazi\",\"sameAs\":[\"https:\\\/\\\/darkamazi.info\\\/\"],\"url\":\"https:\\\/\\\/darkamazi.info\\\/archives\\\/author\\\/kurdi\"}]}<\/script>\n<!-- \/ Yoast SEO plugin. -->","seo_head_json":{"title":"123 sal di ser jidayikb\u00fbna general Mela Mistefa Barzan\u00ee derbas dibin - Darka Maz\u00ee","robots":{"index":"index","follow":"follow","max-snippet":"max-snippet:-1","max-image-preview":"max-image-preview:large","max-video-preview":"max-video-preview:-1"},"canonical":"https:\/\/darkamazi.info\/archives\/1052078","og_locale":"en_US","og_type":"article","og_title":"123 sal di ser jidayikb\u00fbna general Mela Mistefa Barzan\u00ee derbas dibin - Darka Maz\u00ee","og_description":"\u00cero 123 sal di ser b\u00fbna st\u00earkeke ge\u015f a asman\u00ea xebata rizgar\u00eexwaziya Kurdistan\u00ea re derbaz dibin, ku ew j\u00ee Barzaniy\u00ea Nemir (Mela Mistefay\u00ea Barzan\u00ee) ye. Her di jiy\u00ea ciwantiy\u00ea de hesta netewey\u00ee di dil\u00ea Barzaniy\u00ea Nemir de binecih b\u00fb \u00fb serkirdetiya bi dehan dastan\u00ean azatiy\u00ea li dij\u00ee neyar\u00ean Kurdan kiriye, heta digehe w\u00ea roj\u00ea ku [&hellip;]","og_url":"https:\/\/darkamazi.info\/archives\/1052078","og_site_name":"Darka Maz\u00ee","article_publisher":"https:\/\/www.facebook.com\/DarMaziKurmanci","article_published_time":"2026-03-14T14:12:07+00:00","og_image":[{"width":900,"height":497,"url":"https:\/\/darkamazi.info\/file\/2026\/03\/mustefa-barzani-1.jpg","type":"image\/jpeg"}],"author":"darka mazi","twitter_card":"summary_large_image","twitter_creator":"@DarkaMaziLatini","twitter_site":"@DarkaMaziLatini","twitter_misc":{"Written by":"darka mazi","Est. reading time":"4 minutes"},"schema":{"@context":"https:\/\/schema.org","@graph":[{"@type":"Article","@id":"https:\/\/darkamazi.info\/archives\/1052078#article","isPartOf":{"@id":"https:\/\/darkamazi.info\/archives\/1052078"},"author":{"name":"darka mazi","@id":"https:\/\/darkamazi.info\/#\/schema\/person\/5ad3e24553a0567993fa8ed4bd0a776c"},"headline":"123 sal di ser jidayikb\u00fbna general Mela Mistefa Barzan\u00ee derbas dibin","datePublished":"2026-03-14T14:12:07+00:00","mainEntityOfPage":{"@id":"https:\/\/darkamazi.info\/archives\/1052078"},"wordCount":828,"publisher":{"@id":"https:\/\/darkamazi.info\/#organization"},"image":{"@id":"https:\/\/darkamazi.info\/archives\/1052078#primaryimage"},"thumbnailUrl":"https:\/\/darkamazi.info\/file\/2026\/03\/mustefa-barzani-1.jpg","keywords":["sereke"],"articleSection":["Kurdistan"],"inLanguage":"en-US"},{"@type":"WebPage","@id":"https:\/\/darkamazi.info\/archives\/1052078","url":"https:\/\/darkamazi.info\/archives\/1052078","name":"123 sal di ser jidayikb\u00fbna general Mela Mistefa Barzan\u00ee derbas dibin - Darka Maz\u00ee","isPartOf":{"@id":"https:\/\/darkamazi.info\/#website"},"primaryImageOfPage":{"@id":"https:\/\/darkamazi.info\/archives\/1052078#primaryimage"},"image":{"@id":"https:\/\/darkamazi.info\/archives\/1052078#primaryimage"},"thumbnailUrl":"https:\/\/darkamazi.info\/file\/2026\/03\/mustefa-barzani-1.jpg","datePublished":"2026-03-14T14:12:07+00:00","breadcrumb":{"@id":"https:\/\/darkamazi.info\/archives\/1052078#breadcrumb"},"inLanguage":"en-US","potentialAction":[{"@type":"ReadAction","target":["https:\/\/darkamazi.info\/archives\/1052078"]}]},{"@type":"ImageObject","inLanguage":"en-US","@id":"https:\/\/darkamazi.info\/archives\/1052078#primaryimage","url":"https:\/\/darkamazi.info\/file\/2026\/03\/mustefa-barzani-1.jpg","contentUrl":"https:\/\/darkamazi.info\/file\/2026\/03\/mustefa-barzani-1.jpg","width":900,"height":497,"caption":"123 sal di ser jidayikb\u00fbna general Mela Mistefa Barzan\u00ee derbas dibin"},{"@type":"BreadcrumbList","@id":"https:\/\/darkamazi.info\/archives\/1052078#breadcrumb","itemListElement":[{"@type":"ListItem","position":1,"name":"Home","item":"https:\/\/darkamazi.info\/"},{"@type":"ListItem","position":2,"name":"123 sal di ser jidayikb\u00fbna general Mela Mistefa Barzan\u00ee derbas dibin"}]},{"@type":"WebSite","@id":"https:\/\/darkamazi.info\/#website","url":"https:\/\/darkamazi.info\/","name":"Darka Maz\u00ee","description":"P\u00eageha Zanyariy\u00ean Nebih\u00eest\u00ee","publisher":{"@id":"https:\/\/darkamazi.info\/#organization"},"potentialAction":[{"@type":"SearchAction","target":{"@type":"EntryPoint","urlTemplate":"https:\/\/darkamazi.info\/?s={search_term_string}"},"query-input":{"@type":"PropertyValueSpecification","valueRequired":true,"valueName":"search_term_string"}}],"inLanguage":"en-US"},{"@type":"Organization","@id":"https:\/\/darkamazi.info\/#organization","name":"Darka Maz\u00ee","url":"https:\/\/darkamazi.info\/","logo":{"@type":"ImageObject","inLanguage":"en-US","@id":"https:\/\/darkamazi.info\/#\/schema\/logo\/image\/","url":"https:\/\/darkamazi.info\/file\/2017\/12\/darka-mazi-logo.png","contentUrl":"https:\/\/darkamazi.info\/file\/2017\/12\/darka-mazi-logo.png","width":151,"height":75,"caption":"Darka Maz\u00ee"},"image":{"@id":"https:\/\/darkamazi.info\/#\/schema\/logo\/image\/"},"sameAs":["https:\/\/www.facebook.com\/DarMaziKurmanci","https:\/\/x.com\/DarkaMaziLatini","https:\/\/www.instagram.com\/darkamazi.kurmanci\/","https:\/\/www.youtube.com\/channel\/UCa5HkTdmI8U1qCUFuTw8B2g"]},{"@type":"Person","@id":"https:\/\/darkamazi.info\/#\/schema\/person\/5ad3e24553a0567993fa8ed4bd0a776c","name":"darka mazi","sameAs":["https:\/\/darkamazi.info\/"],"url":"https:\/\/darkamazi.info\/archives\/author\/kurdi"}]}},"_links":{"self":[{"href":"https:\/\/darkamazi.info\/funavuv\/wp\/v2\/posts\/1052078","targetHints":{"allow":["GET"]}}],"collection":[{"href":"https:\/\/darkamazi.info\/funavuv\/wp\/v2\/posts"}],"about":[{"href":"https:\/\/darkamazi.info\/funavuv\/wp\/v2\/types\/post"}],"author":[{"embeddable":true,"href":"https:\/\/darkamazi.info\/funavuv\/wp\/v2\/users\/2"}],"replies":[{"embeddable":true,"href":"https:\/\/darkamazi.info\/funavuv\/wp\/v2\/comments?post=1052078"}],"version-history":[{"count":0,"href":"https:\/\/darkamazi.info\/funavuv\/wp\/v2\/posts\/1052078\/revisions"}],"wp:featuredmedia":[{"embeddable":true,"href":"https:\/\/darkamazi.info\/funavuv\/wp\/v2\/media\/1052080"}],"wp:attachment":[{"href":"https:\/\/darkamazi.info\/funavuv\/wp\/v2\/media?parent=1052078"}],"wp:term":[{"taxonomy":"category","embeddable":true,"href":"https:\/\/darkamazi.info\/funavuv\/wp\/v2\/categories?post=1052078"},{"taxonomy":"post_tag","embeddable":true,"href":"https:\/\/darkamazi.info\/funavuv\/wp\/v2\/tags?post=1052078"}],"curies":[{"name":"wp","href":"https:\/\/api.w.org\/{rel}","templated":true}]}}