{"id":1052082,"date":"2026-03-14T20:18:44","date_gmt":"2026-03-14T17:18:44","guid":{"rendered":"https:\/\/darkamazi.info\/?p=1052082"},"modified":"2026-03-14T20:18:44","modified_gmt":"2026-03-14T17:18:44","slug":"hakan-fidan-em-daxwaz-ji-irane-dikin-ku-erisen-xwe-yen-li-ser-welatan-rawestine","status":"publish","type":"post","link":"https:\/\/darkamazi.info\/archives\/1052082","title":{"rendered":"Hakan F\u00eedan: Em daxwaz ji \u00ceran\u00ea dikin ku \u00ear\u00ee\u015f\u00ean xwe y\u00ean li ser welatan rawest\u00eene"},"content":{"rendered":"<h3 style=\"text-align: justify\"><span style=\"font-family: 'arial black', sans-serif\">Wez\u00eer\u00ea Derve y\u00ea Tirkiyey\u00ea di daxuyaniyek\u00ea de ragihand, div\u00ea destdir\u00eaj\u00ee \u00fb \u00ear\u00ee\u015f\u00ean li ser \u00ceran\u00ea b\u00eane rawestandin, di heman dem\u00ea de div\u00ea \u00ceran j\u00ee \u00ead\u00ee welat\u00ean c\u00eeran armanc negire.<\/span><\/h3>\n<h3 style=\"text-align: justify\">Wez\u00eer\u00ea Derve y\u00ea Tirkiyey\u00ea Hakan F\u00eedan \u00eero 14\u00ea Adar\u00ea di daxuyaniyek\u00ea de ragihand: &#8220;P\u00eaw\u00eest e destdir\u00eajiya li ser \u00ceran\u00ea were rawestandin. Di heman dem\u00ea de em daxwaz ji \u00ceran\u00ea j\u00ee dikin ku \u00ear\u00ee\u015f\u00ean xwe y\u00ean li ser welat\u00ean din rawest\u00eene.&#8221;<\/h3>\n<h3 style=\"text-align: justify\">Wez\u00eer\u00ea Derve y\u00ea Tirkiyey\u00ea amaje bi w\u00ea yek\u00ea kir, ew derbar\u00ea w\u00ea m\u00fb\u015feka ku duh di ser asman\u00ea welat\u00ea wan re derbas b\u00fbye, bi aliy\u00ean peywend\u00eedar \u00ean \u00ceran\u00ea re di t\u00eakiliya rasterast de ne.<\/h3>\n<h3 style=\"text-align: justify\">Herwiha F\u00eedan n\u00eegeraniya welat\u00ea xwe an\u00ee ziman \u00fb got: &#8220;Em n\u00eegeran in ji hewildan\u00ean hik\u00fbmeta Netanyahu ku bi hinceta r\u00fbbir\u00fbb\u00fbna Hizbullah\u00ea, li Libnan\u00ea qirkirina etn\u00eek\u00ee p\u00eak t\u00eene.&#8221;<\/h3>\n<h3 style=\"text-align: justify\">Ev daxuyaniya Hakan F\u00eedan di demek\u00ea de t\u00ea, Rojhilata Nav\u00een di nav rage\u015f\u00ee \u00fb aloziyeke pir mezin de ye. \u00car\u00ee\u015f\u00ean \u00cesra\u00eel \u00fb Amer\u00eekay\u00ea y\u00ean li ser \u00ceran\u00ea berdewam dikin; \u00ceran j\u00ee wek\u00ee bersivdan, bi hinceta heb\u00fbna binkey\u00ean Amer\u00eekay\u00ea li her\u00eam\u00ea, berdewam e di bombebarana \u00cesra\u00eel \u00fb welat\u00ean c\u00eeran de.<\/h3>\n","protected":false},"excerpt":{"rendered":"<p>Wez\u00eer\u00ea Derve y\u00ea Tirkiyey\u00ea di daxuyaniyek\u00ea de ragihand, div\u00ea destdir\u00eaj\u00ee \u00fb \u00ear\u00ee\u015f\u00ean li ser \u00ceran\u00ea b\u00eane rawestandin, di heman dem\u00ea de div\u00ea \u00ceran j\u00ee \u00ead\u00ee welat\u00ean c\u00eeran armanc negire. Wez\u00eer\u00ea Derve y\u00ea Tirkiyey\u00ea Hakan F\u00eedan \u00eero 14\u00ea Adar\u00ea di daxuyaniyek\u00ea de ragihand: &#8220;P\u00eaw\u00eest e destdir\u00eajiya li ser \u00ceran\u00ea were rawestandin. Di heman dem\u00ea de em [&hellip;]<\/p>\n","protected":false},"author":2,"featured_media":1052083,"comment_status":"closed","ping_status":"closed","sticky":false,"template":"","format":"standard","meta":{"footnotes":""},"categories":[31],"tags":[37],"class_list":["post-1052082","post","type-post","status-publish","format-standard","has-post-thumbnail","hentry","category-rojhelata-navin","tag-sereke"],"blocksy_meta":[],"seo_head":"<!-- This site is optimized with the Yoast SEO plugin v27.5 - https:\/\/yoast.com\/product\/yoast-seo-wordpress\/ -->\n<title>Hakan F\u00eedan: Em daxwaz ji \u00ceran\u00ea dikin ku \u00ear\u00ee\u015f\u00ean xwe y\u00ean li ser welatan rawest\u00eene - Darka Maz\u00ee<\/title>\n<meta name=\"robots\" content=\"index, follow, max-snippet:-1, max-image-preview:large, max-video-preview:-1\" \/>\n<link rel=\"canonical\" href=\"https:\/\/darkamazi.info\/archives\/1052082\" \/>\n<meta property=\"og:locale\" content=\"en_US\" \/>\n<meta property=\"og:type\" content=\"article\" \/>\n<meta property=\"og:title\" content=\"Hakan F\u00eedan: Em daxwaz ji \u00ceran\u00ea dikin ku \u00ear\u00ee\u015f\u00ean xwe y\u00ean li ser welatan rawest\u00eene - Darka Maz\u00ee\" \/>\n<meta property=\"og:description\" content=\"Wez\u00eer\u00ea Derve y\u00ea Tirkiyey\u00ea di daxuyaniyek\u00ea de ragihand, div\u00ea destdir\u00eaj\u00ee \u00fb \u00ear\u00ee\u015f\u00ean li ser \u00ceran\u00ea b\u00eane rawestandin, di heman dem\u00ea de div\u00ea \u00ceran j\u00ee \u00ead\u00ee welat\u00ean c\u00eeran armanc negire. Wez\u00eer\u00ea Derve y\u00ea Tirkiyey\u00ea Hakan F\u00eedan \u00eero 14\u00ea Adar\u00ea di daxuyaniyek\u00ea de ragihand: &#8220;P\u00eaw\u00eest e destdir\u00eajiya li ser \u00ceran\u00ea were rawestandin. Di heman dem\u00ea de em [&hellip;]\" \/>\n<meta property=\"og:url\" content=\"https:\/\/darkamazi.info\/archives\/1052082\" \/>\n<meta property=\"og:site_name\" content=\"Darka Maz\u00ee\" \/>\n<meta property=\"article:publisher\" content=\"https:\/\/www.facebook.com\/DarMaziKurmanci\" \/>\n<meta property=\"article:published_time\" content=\"2026-03-14T17:18:44+00:00\" \/>\n<meta property=\"og:image\" content=\"https:\/\/darkamazi.info\/file\/2026\/03\/Fidan-1.jpg\" \/>\n\t<meta property=\"og:image:width\" content=\"900\" \/>\n\t<meta property=\"og:image:height\" content=\"500\" \/>\n\t<meta property=\"og:image:type\" content=\"image\/jpeg\" \/>\n<meta name=\"author\" content=\"darka mazi\" \/>\n<meta name=\"twitter:card\" content=\"summary_large_image\" \/>\n<meta name=\"twitter:creator\" content=\"@DarkaMaziLatini\" \/>\n<meta name=\"twitter:site\" content=\"@DarkaMaziLatini\" \/>\n<meta name=\"twitter:label1\" content=\"Written by\" \/>\n\t<meta name=\"twitter:data1\" content=\"darka mazi\" \/>\n\t<meta name=\"twitter:label2\" content=\"Est. reading time\" \/>\n\t<meta name=\"twitter:data2\" content=\"1 minute\" \/>\n<script type=\"application\/ld+json\" class=\"seo-schema-graph\">{\"@context\":\"https:\\\/\\\/schema.org\",\"@graph\":[{\"@type\":\"Article\",\"@id\":\"https:\\\/\\\/darkamazi.info\\\/archives\\\/1052082#article\",\"isPartOf\":{\"@id\":\"https:\\\/\\\/darkamazi.info\\\/archives\\\/1052082\"},\"author\":{\"name\":\"darka mazi\",\"@id\":\"https:\\\/\\\/darkamazi.info\\\/#\\\/schema\\\/person\\\/5ad3e24553a0567993fa8ed4bd0a776c\"},\"headline\":\"Hakan F\u00eedan: Em daxwaz ji \u00ceran\u00ea dikin ku \u00ear\u00ee\u015f\u00ean xwe y\u00ean li ser welatan rawest\u00eene\",\"datePublished\":\"2026-03-14T17:18:44+00:00\",\"mainEntityOfPage\":{\"@id\":\"https:\\\/\\\/darkamazi.info\\\/archives\\\/1052082\"},\"wordCount\":237,\"publisher\":{\"@id\":\"https:\\\/\\\/darkamazi.info\\\/#organization\"},\"image\":{\"@id\":\"https:\\\/\\\/darkamazi.info\\\/archives\\\/1052082#primaryimage\"},\"thumbnailUrl\":\"https:\\\/\\\/darkamazi.info\\\/darka-content\\\/uploads\\\/2026\\\/03\\\/Fidan-1.jpg\",\"keywords\":[\"sereke\"],\"articleSection\":[\"Rojhelata nav\u00een\"],\"inLanguage\":\"en-US\"},{\"@type\":\"WebPage\",\"@id\":\"https:\\\/\\\/darkamazi.info\\\/archives\\\/1052082\",\"url\":\"https:\\\/\\\/darkamazi.info\\\/archives\\\/1052082\",\"name\":\"Hakan F\u00eedan: Em daxwaz ji \u00ceran\u00ea dikin ku \u00ear\u00ee\u015f\u00ean xwe y\u00ean li ser welatan rawest\u00eene - Darka Maz\u00ee\",\"isPartOf\":{\"@id\":\"https:\\\/\\\/darkamazi.info\\\/#website\"},\"primaryImageOfPage\":{\"@id\":\"https:\\\/\\\/darkamazi.info\\\/archives\\\/1052082#primaryimage\"},\"image\":{\"@id\":\"https:\\\/\\\/darkamazi.info\\\/archives\\\/1052082#primaryimage\"},\"thumbnailUrl\":\"https:\\\/\\\/darkamazi.info\\\/darka-content\\\/uploads\\\/2026\\\/03\\\/Fidan-1.jpg\",\"datePublished\":\"2026-03-14T17:18:44+00:00\",\"breadcrumb\":{\"@id\":\"https:\\\/\\\/darkamazi.info\\\/archives\\\/1052082#breadcrumb\"},\"inLanguage\":\"en-US\",\"potentialAction\":[{\"@type\":\"ReadAction\",\"target\":[\"https:\\\/\\\/darkamazi.info\\\/archives\\\/1052082\"]}]},{\"@type\":\"ImageObject\",\"inLanguage\":\"en-US\",\"@id\":\"https:\\\/\\\/darkamazi.info\\\/archives\\\/1052082#primaryimage\",\"url\":\"https:\\\/\\\/darkamazi.info\\\/darka-content\\\/uploads\\\/2026\\\/03\\\/Fidan-1.jpg\",\"contentUrl\":\"https:\\\/\\\/darkamazi.info\\\/darka-content\\\/uploads\\\/2026\\\/03\\\/Fidan-1.jpg\",\"width\":900,\"height\":500,\"caption\":\"Hakan F\u00eedan: Em daxwaz ji \u00ceran\u00ea dikin ku \u00ear\u00ee\u015f\u00ean xwe y\u00ean li ser welatan rawest\u00eene\"},{\"@type\":\"BreadcrumbList\",\"@id\":\"https:\\\/\\\/darkamazi.info\\\/archives\\\/1052082#breadcrumb\",\"itemListElement\":[{\"@type\":\"ListItem\",\"position\":1,\"name\":\"Home\",\"item\":\"https:\\\/\\\/darkamazi.info\\\/\"},{\"@type\":\"ListItem\",\"position\":2,\"name\":\"Hakan F\u00eedan: Em daxwaz ji \u00ceran\u00ea dikin ku \u00ear\u00ee\u015f\u00ean xwe y\u00ean li ser welatan rawest\u00eene\"}]},{\"@type\":\"WebSite\",\"@id\":\"https:\\\/\\\/darkamazi.info\\\/#website\",\"url\":\"https:\\\/\\\/darkamazi.info\\\/\",\"name\":\"Darka Maz\u00ee\",\"description\":\"P\u00eageha Zanyariy\u00ean Nebih\u00eest\u00ee\",\"publisher\":{\"@id\":\"https:\\\/\\\/darkamazi.info\\\/#organization\"},\"potentialAction\":[{\"@type\":\"SearchAction\",\"target\":{\"@type\":\"EntryPoint\",\"urlTemplate\":\"https:\\\/\\\/darkamazi.info\\\/?s={search_term_string}\"},\"query-input\":{\"@type\":\"PropertyValueSpecification\",\"valueRequired\":true,\"valueName\":\"search_term_string\"}}],\"inLanguage\":\"en-US\"},{\"@type\":\"Organization\",\"@id\":\"https:\\\/\\\/darkamazi.info\\\/#organization\",\"name\":\"Darka Maz\u00ee\",\"url\":\"https:\\\/\\\/darkamazi.info\\\/\",\"logo\":{\"@type\":\"ImageObject\",\"inLanguage\":\"en-US\",\"@id\":\"https:\\\/\\\/darkamazi.info\\\/#\\\/schema\\\/logo\\\/image\\\/\",\"url\":\"https:\\\/\\\/darkamazi.info\\\/darka-content\\\/uploads\\\/2017\\\/12\\\/darka-mazi-logo.png\",\"contentUrl\":\"https:\\\/\\\/darkamazi.info\\\/darka-content\\\/uploads\\\/2017\\\/12\\\/darka-mazi-logo.png\",\"width\":151,\"height\":75,\"caption\":\"Darka Maz\u00ee\"},\"image\":{\"@id\":\"https:\\\/\\\/darkamazi.info\\\/#\\\/schema\\\/logo\\\/image\\\/\"},\"sameAs\":[\"https:\\\/\\\/www.facebook.com\\\/DarMaziKurmanci\",\"https:\\\/\\\/x.com\\\/DarkaMaziLatini\",\"https:\\\/\\\/www.instagram.com\\\/darkamazi.kurmanci\\\/\",\"https:\\\/\\\/www.youtube.com\\\/channel\\\/UCa5HkTdmI8U1qCUFuTw8B2g\"]},{\"@type\":\"Person\",\"@id\":\"https:\\\/\\\/darkamazi.info\\\/#\\\/schema\\\/person\\\/5ad3e24553a0567993fa8ed4bd0a776c\",\"name\":\"darka mazi\",\"sameAs\":[\"https:\\\/\\\/darkamazi.info\\\/\"],\"url\":\"https:\\\/\\\/darkamazi.info\\\/archives\\\/author\\\/kurdi\"}]}<\/script>\n<!-- \/ Yoast SEO plugin. -->","seo_head_json":{"title":"Hakan F\u00eedan: Em daxwaz ji \u00ceran\u00ea dikin ku \u00ear\u00ee\u015f\u00ean xwe y\u00ean li ser welatan rawest\u00eene - Darka Maz\u00ee","robots":{"index":"index","follow":"follow","max-snippet":"max-snippet:-1","max-image-preview":"max-image-preview:large","max-video-preview":"max-video-preview:-1"},"canonical":"https:\/\/darkamazi.info\/archives\/1052082","og_locale":"en_US","og_type":"article","og_title":"Hakan F\u00eedan: Em daxwaz ji \u00ceran\u00ea dikin ku \u00ear\u00ee\u015f\u00ean xwe y\u00ean li ser welatan rawest\u00eene - Darka Maz\u00ee","og_description":"Wez\u00eer\u00ea Derve y\u00ea Tirkiyey\u00ea di daxuyaniyek\u00ea de ragihand, div\u00ea destdir\u00eaj\u00ee \u00fb \u00ear\u00ee\u015f\u00ean li ser \u00ceran\u00ea b\u00eane rawestandin, di heman dem\u00ea de div\u00ea \u00ceran j\u00ee \u00ead\u00ee welat\u00ean c\u00eeran armanc negire. Wez\u00eer\u00ea Derve y\u00ea Tirkiyey\u00ea Hakan F\u00eedan \u00eero 14\u00ea Adar\u00ea di daxuyaniyek\u00ea de ragihand: &#8220;P\u00eaw\u00eest e destdir\u00eajiya li ser \u00ceran\u00ea were rawestandin. Di heman dem\u00ea de em [&hellip;]","og_url":"https:\/\/darkamazi.info\/archives\/1052082","og_site_name":"Darka Maz\u00ee","article_publisher":"https:\/\/www.facebook.com\/DarMaziKurmanci","article_published_time":"2026-03-14T17:18:44+00:00","og_image":[{"width":900,"height":500,"url":"https:\/\/darkamazi.info\/file\/2026\/03\/Fidan-1.jpg","type":"image\/jpeg"}],"author":"darka mazi","twitter_card":"summary_large_image","twitter_creator":"@DarkaMaziLatini","twitter_site":"@DarkaMaziLatini","twitter_misc":{"Written by":"darka mazi","Est. reading time":"1 minute"},"schema":{"@context":"https:\/\/schema.org","@graph":[{"@type":"Article","@id":"https:\/\/darkamazi.info\/archives\/1052082#article","isPartOf":{"@id":"https:\/\/darkamazi.info\/archives\/1052082"},"author":{"name":"darka mazi","@id":"https:\/\/darkamazi.info\/#\/schema\/person\/5ad3e24553a0567993fa8ed4bd0a776c"},"headline":"Hakan F\u00eedan: Em daxwaz ji \u00ceran\u00ea dikin ku \u00ear\u00ee\u015f\u00ean xwe y\u00ean li ser welatan rawest\u00eene","datePublished":"2026-03-14T17:18:44+00:00","mainEntityOfPage":{"@id":"https:\/\/darkamazi.info\/archives\/1052082"},"wordCount":237,"publisher":{"@id":"https:\/\/darkamazi.info\/#organization"},"image":{"@id":"https:\/\/darkamazi.info\/archives\/1052082#primaryimage"},"thumbnailUrl":"https:\/\/darkamazi.info\/file\/2026\/03\/Fidan-1.jpg","keywords":["sereke"],"articleSection":["Rojhelata nav\u00een"],"inLanguage":"en-US"},{"@type":"WebPage","@id":"https:\/\/darkamazi.info\/archives\/1052082","url":"https:\/\/darkamazi.info\/archives\/1052082","name":"Hakan F\u00eedan: Em daxwaz ji \u00ceran\u00ea dikin ku \u00ear\u00ee\u015f\u00ean xwe y\u00ean li ser welatan rawest\u00eene - Darka Maz\u00ee","isPartOf":{"@id":"https:\/\/darkamazi.info\/#website"},"primaryImageOfPage":{"@id":"https:\/\/darkamazi.info\/archives\/1052082#primaryimage"},"image":{"@id":"https:\/\/darkamazi.info\/archives\/1052082#primaryimage"},"thumbnailUrl":"https:\/\/darkamazi.info\/file\/2026\/03\/Fidan-1.jpg","datePublished":"2026-03-14T17:18:44+00:00","breadcrumb":{"@id":"https:\/\/darkamazi.info\/archives\/1052082#breadcrumb"},"inLanguage":"en-US","potentialAction":[{"@type":"ReadAction","target":["https:\/\/darkamazi.info\/archives\/1052082"]}]},{"@type":"ImageObject","inLanguage":"en-US","@id":"https:\/\/darkamazi.info\/archives\/1052082#primaryimage","url":"https:\/\/darkamazi.info\/file\/2026\/03\/Fidan-1.jpg","contentUrl":"https:\/\/darkamazi.info\/file\/2026\/03\/Fidan-1.jpg","width":900,"height":500,"caption":"Hakan F\u00eedan: Em daxwaz ji \u00ceran\u00ea dikin ku \u00ear\u00ee\u015f\u00ean xwe y\u00ean li ser welatan rawest\u00eene"},{"@type":"BreadcrumbList","@id":"https:\/\/darkamazi.info\/archives\/1052082#breadcrumb","itemListElement":[{"@type":"ListItem","position":1,"name":"Home","item":"https:\/\/darkamazi.info\/"},{"@type":"ListItem","position":2,"name":"Hakan F\u00eedan: Em daxwaz ji \u00ceran\u00ea dikin ku \u00ear\u00ee\u015f\u00ean xwe y\u00ean li ser welatan rawest\u00eene"}]},{"@type":"WebSite","@id":"https:\/\/darkamazi.info\/#website","url":"https:\/\/darkamazi.info\/","name":"Darka Maz\u00ee","description":"P\u00eageha Zanyariy\u00ean Nebih\u00eest\u00ee","publisher":{"@id":"https:\/\/darkamazi.info\/#organization"},"potentialAction":[{"@type":"SearchAction","target":{"@type":"EntryPoint","urlTemplate":"https:\/\/darkamazi.info\/?s={search_term_string}"},"query-input":{"@type":"PropertyValueSpecification","valueRequired":true,"valueName":"search_term_string"}}],"inLanguage":"en-US"},{"@type":"Organization","@id":"https:\/\/darkamazi.info\/#organization","name":"Darka Maz\u00ee","url":"https:\/\/darkamazi.info\/","logo":{"@type":"ImageObject","inLanguage":"en-US","@id":"https:\/\/darkamazi.info\/#\/schema\/logo\/image\/","url":"https:\/\/darkamazi.info\/file\/2017\/12\/darka-mazi-logo.png","contentUrl":"https:\/\/darkamazi.info\/file\/2017\/12\/darka-mazi-logo.png","width":151,"height":75,"caption":"Darka Maz\u00ee"},"image":{"@id":"https:\/\/darkamazi.info\/#\/schema\/logo\/image\/"},"sameAs":["https:\/\/www.facebook.com\/DarMaziKurmanci","https:\/\/x.com\/DarkaMaziLatini","https:\/\/www.instagram.com\/darkamazi.kurmanci\/","https:\/\/www.youtube.com\/channel\/UCa5HkTdmI8U1qCUFuTw8B2g"]},{"@type":"Person","@id":"https:\/\/darkamazi.info\/#\/schema\/person\/5ad3e24553a0567993fa8ed4bd0a776c","name":"darka mazi","sameAs":["https:\/\/darkamazi.info\/"],"url":"https:\/\/darkamazi.info\/archives\/author\/kurdi"}]}},"_links":{"self":[{"href":"https:\/\/darkamazi.info\/funavuv\/wp\/v2\/posts\/1052082","targetHints":{"allow":["GET"]}}],"collection":[{"href":"https:\/\/darkamazi.info\/funavuv\/wp\/v2\/posts"}],"about":[{"href":"https:\/\/darkamazi.info\/funavuv\/wp\/v2\/types\/post"}],"author":[{"embeddable":true,"href":"https:\/\/darkamazi.info\/funavuv\/wp\/v2\/users\/2"}],"replies":[{"embeddable":true,"href":"https:\/\/darkamazi.info\/funavuv\/wp\/v2\/comments?post=1052082"}],"version-history":[{"count":0,"href":"https:\/\/darkamazi.info\/funavuv\/wp\/v2\/posts\/1052082\/revisions"}],"wp:featuredmedia":[{"embeddable":true,"href":"https:\/\/darkamazi.info\/funavuv\/wp\/v2\/media\/1052083"}],"wp:attachment":[{"href":"https:\/\/darkamazi.info\/funavuv\/wp\/v2\/media?parent=1052082"}],"wp:term":[{"taxonomy":"category","embeddable":true,"href":"https:\/\/darkamazi.info\/funavuv\/wp\/v2\/categories?post=1052082"},{"taxonomy":"post_tag","embeddable":true,"href":"https:\/\/darkamazi.info\/funavuv\/wp\/v2\/tags?post=1052082"}],"curies":[{"name":"wp","href":"https:\/\/api.w.org\/{rel}","templated":true}]}}