{"id":1052087,"date":"2026-03-16T11:44:06","date_gmt":"2026-03-16T08:44:06","guid":{"rendered":"https:\/\/darkamazi.info\/?p=1052087"},"modified":"2026-03-16T11:44:06","modified_gmt":"2026-03-16T08:44:06","slug":"38-sal-di-ser-kimyabarana-helebceye-re-derbas-dibin","status":"publish","type":"post","link":"https:\/\/darkamazi.info\/archives\/1052087","title":{"rendered":"38 sal di ser K\u00eemyabarana Helebcey\u00ea re derbas dibin"},"content":{"rendered":"<h3 style=\"text-align: justify\"><span style=\"font-family: 'arial black', sans-serif\">\u00a0\u00cero 38 sal di ser k\u00eemyabarana bajar\u00ea Helebcey\u00ea re derbas dibin. Tev\u00ee derbasb\u00fbna s\u00ea dehsalan \u00fb he\u015ft salan, h\u00een j\u00ee \u015fop\u00ean wan gaz\u00ean kujer li ser la\u015f\u00ea qurbaniyan diyar in \u00fb bir\u00een\u00ean xelk\u00ea baj\u00ear nehatine derman kirin.<\/span><\/h3>\n<h3 style=\"text-align: justify\">Di 16\u00ea Adara 1988an de, di roj\u00ean daw\u00ee y\u00ean \u015fer\u00ea Iraq-\u00ceran\u00ea de, rej\u00eema Beis a Iraq\u00ea bajar\u00ea Helebcey\u00ea bi gaz\u00ean jehraw\u00ee y\u00ean wek\u00ee Xerdel, Siyan\u00eed, Sar\u00een \u00fb Tab\u00fbn\u00ea k\u00eemyabaran kir. Di encama v\u00ea \u00ear\u00ee\u015fa hov de 5 hezar Kurd \u015feh\u00eed b\u00fbn \u00fb bi hezaran kes j\u00ee bir\u00eendar b\u00fbn.<\/h3>\n<h3 style=\"text-align: justify\">K\u00eemyabarana Helebcey\u00ea ne ten\u00ea komkujiyek b\u00fb, l\u00ea b\u00fb sedema ko\u00e7berb\u00fbna 140 hezar kesan. Bi sedan zarok ji malbat\u00ean xwe qut b\u00fbn \u00fb h\u00een j\u00ee \u00e7aren\u00fbsa gelek ji wan ne diyar e. Rej\u00eema Beis Helebce \u00fb bajarok\u00ean derdor\u00ea (S\u00eerwan, Xurmal, Biyare, Seyidsadiq) bi temam\u00ee w\u00earan kirin. Ten\u00ea li bajar\u00ea Helebcey\u00ea 25 hezar xan\u00ee hatin r\u00fbxandin \u00fb bajar bi erd\u00ea re hat yekkirin.<\/h3>\n<h3 style=\"text-align: justify\"><span style=\"font-family: 'arial black', sans-serif\">Bexda qereb\u00fbya Helebcey\u00ea nake<\/span><\/h3>\n<h3 style=\"text-align: justify\">Tev\u00ee ku di sala 2010an de Dadgeha Bilind a Tawanan a Iraq\u00ea k\u00eemyabarana Helebcey\u00ea wek\u00ee &#8220;Jenos\u00eed&#8221; nas kir, l\u00ea hik\u00fbmet\u00ean Iraq\u00ea y\u00ean pi\u015ft\u00ee sala 2003an, heta niha qereb\u00fbya mad\u00ee \u00fb manew\u00ee ya qurbaniyan nekiriye.<\/h3>\n<h3 style=\"text-align: justify\">Balk\u00ea\u015f e ku roja 10\u00ea Adara 2025an, Hik\u00fbmeta Federal a Iraq\u00ea ragihand ku roja 16\u00ea Adar\u00ea li seranser\u00ea welat betlaneya ferm\u00ee ye, l\u00ea ti p\u00eangavek ji bo qereb\u00fbkirina malbat\u00ean \u015feh\u00eedan neav\u00eat.<\/h3>\n<h3 style=\"text-align: justify\"><span style=\"font-family: 'arial black', sans-serif\">Rew\u015fa tenduristiy\u00ea \u00fb Nexwe\u015fxaneya Berketiyan<\/span><\/h3>\n<h3 style=\"text-align: justify\">Di sala 2019an de nexwe\u015fxaneyeke taybet ji bo berketiy\u00ean \u00e7ek\u00ean k\u00eemyaw\u00ee hat vekirin. L\u00ea bel\u00ea h\u00een j\u00ee k\u00ea\u015feya derman \u00fb am\u00fbr\u00ean bij\u00ee\u015fk\u00ee berdewam e. Niha li Helebcey\u00ea n\u00eaz\u00eek\u00ee 400 berketiy\u00ean k\u00eemyabaray\u00ea bi awayek\u00ee berdewam p\u00eadiviya wan bi \u00e7areseriya bij\u00ee\u015fk\u00ee heye \u00fb be\u015fek ji wan ji bo dermankirin\u00ea di\u00e7in dervay\u00ee welat.<\/h3>\n<h3 style=\"text-align: justify\"><span style=\"font-family: 'arial black', sans-serif\">Helebce wek\u00ee par\u00eazgeh: Ge\u015fep\u00eadan \u00fb Abor\u00ee<\/span><\/h3>\n<h3 style=\"text-align: justify\">Helebce di 13\u00ea Adara 2014an de ji qezay\u00ea veguher\u00ee par\u00eazgeh\u00ea. Di \u00e7ar\u00e7oveya kar\u00ean Kab\u00eeneya Nehem a Hik\u00fbmeta Her\u00eama Kurdistan\u00ea de, 132 projey\u00ean cuda li s\u00eenor\u00ea par\u00eazgeh\u00ea hatine c\u00eebic\u00eekirin. Yek ji serkeftin\u00ean her\u00ee mezin \u00ea v\u00ea dawiy\u00ea ew e ku Helebce b\u00fb yekem\u00een bajar\u00ea Kurdistan\u00ea ku kar\u00ea xizmeta elektr\u00eek\u00ea l\u00ea b\u00fbye 24 saet.<\/h3>\n<h3 style=\"text-align: justify\">Helebce ya ku bi axa xwe ya bi bereket \u00fb xwezaya xwe ya bedew t\u00ea naskirin, xwed\u00ee 110 hezar donim zeviy\u00ean \u00e7andiniy\u00ea ye \u00fb &#8220;Fest\u00eevala Hinar\u00ea&#8221; ya baj\u00ear salane bi deh hezaran t\u00fbr\u00eestan diki\u015f\u00eene cem xwe; her wiha bi navend\u00ean xwe y\u00ean t\u00fbr\u00eest\u00eek \u00ean wek\u00ee \u00c7awg, Bawek\u00fb\u00e7ek, Gulan, Aw\u00easer \u00fb Zelm\u00ea salane m\u00eavandariya n\u00eaz\u00eek\u00ee 300 hezar ge\u015ftyaran dike.<\/h3>\n<h3 style=\"text-align: justify\">\u00cero li seranser\u00ea Kurdistan\u00ea \u00fb li dervay\u00ee welat, Kurdistaniyan bi deqeyek r\u00eazgirtin \u00fb bi \u00e7alakiy\u00ean cuda, salvegera 38em\u00een a k\u00eemyabarana Helebcey\u00ea bi b\u00eer an\u00een \u00fb ser\u00ea xwe li ber giyana \u015feh\u00eedan tewandin.<\/h3>\n","protected":false},"excerpt":{"rendered":"<p>\u00a0\u00cero 38 sal di ser k\u00eemyabarana bajar\u00ea Helebcey\u00ea re derbas dibin. Tev\u00ee derbasb\u00fbna s\u00ea dehsalan \u00fb he\u015ft salan, h\u00een j\u00ee \u015fop\u00ean wan gaz\u00ean kujer li ser la\u015f\u00ea qurbaniyan diyar in \u00fb bir\u00een\u00ean xelk\u00ea baj\u00ear nehatine derman kirin. Di 16\u00ea Adara 1988an de, di roj\u00ean daw\u00ee y\u00ean \u015fer\u00ea Iraq-\u00ceran\u00ea de, rej\u00eema Beis a Iraq\u00ea bajar\u00ea Helebcey\u00ea [&hellip;]<\/p>\n","protected":false},"author":2,"featured_media":1052088,"comment_status":"closed","ping_status":"closed","sticky":false,"template":"","format":"standard","meta":{"footnotes":""},"categories":[29],"tags":[37],"class_list":["post-1052087","post","type-post","status-publish","format-standard","has-post-thumbnail","hentry","category-kurdistan","tag-sereke"],"blocksy_meta":[],"seo_head":"<!-- This site is optimized with the Yoast SEO plugin v27.5 - https:\/\/yoast.com\/product\/yoast-seo-wordpress\/ -->\n<title>38 sal di ser K\u00eemyabarana Helebcey\u00ea re derbas dibin - Darka Maz\u00ee<\/title>\n<meta name=\"robots\" content=\"index, follow, max-snippet:-1, max-image-preview:large, max-video-preview:-1\" \/>\n<link rel=\"canonical\" href=\"https:\/\/darkamazi.info\/archives\/1052087\" \/>\n<meta property=\"og:locale\" content=\"en_US\" \/>\n<meta property=\"og:type\" content=\"article\" \/>\n<meta property=\"og:title\" content=\"38 sal di ser K\u00eemyabarana Helebcey\u00ea re derbas dibin - Darka Maz\u00ee\" \/>\n<meta property=\"og:description\" content=\"\u00a0\u00cero 38 sal di ser k\u00eemyabarana bajar\u00ea Helebcey\u00ea re derbas dibin. Tev\u00ee derbasb\u00fbna s\u00ea dehsalan \u00fb he\u015ft salan, h\u00een j\u00ee \u015fop\u00ean wan gaz\u00ean kujer li ser la\u015f\u00ea qurbaniyan diyar in \u00fb bir\u00een\u00ean xelk\u00ea baj\u00ear nehatine derman kirin. Di 16\u00ea Adara 1988an de, di roj\u00ean daw\u00ee y\u00ean \u015fer\u00ea Iraq-\u00ceran\u00ea de, rej\u00eema Beis a Iraq\u00ea bajar\u00ea Helebcey\u00ea [&hellip;]\" \/>\n<meta property=\"og:url\" content=\"https:\/\/darkamazi.info\/archives\/1052087\" \/>\n<meta property=\"og:site_name\" content=\"Darka Maz\u00ee\" \/>\n<meta property=\"article:publisher\" content=\"https:\/\/www.facebook.com\/DarMaziKurmanci\" \/>\n<meta property=\"article:published_time\" content=\"2026-03-16T08:44:06+00:00\" \/>\n<meta property=\"og:image\" content=\"https:\/\/darkamazi.info\/file\/2026\/03\/helebce.jpg\" \/>\n\t<meta property=\"og:image:width\" content=\"900\" \/>\n\t<meta property=\"og:image:height\" content=\"497\" \/>\n\t<meta property=\"og:image:type\" content=\"image\/jpeg\" \/>\n<meta name=\"author\" content=\"darka mazi\" \/>\n<meta name=\"twitter:card\" content=\"summary_large_image\" \/>\n<meta name=\"twitter:creator\" content=\"@DarkaMaziLatini\" \/>\n<meta name=\"twitter:site\" content=\"@DarkaMaziLatini\" \/>\n<meta name=\"twitter:label1\" content=\"Written by\" \/>\n\t<meta name=\"twitter:data1\" content=\"darka mazi\" \/>\n\t<meta name=\"twitter:label2\" content=\"Est. reading time\" \/>\n\t<meta name=\"twitter:data2\" content=\"3 minutes\" \/>\n<script type=\"application\/ld+json\" class=\"seo-schema-graph\">{\"@context\":\"https:\\\/\\\/schema.org\",\"@graph\":[{\"@type\":\"Article\",\"@id\":\"https:\\\/\\\/darkamazi.info\\\/archives\\\/1052087#article\",\"isPartOf\":{\"@id\":\"https:\\\/\\\/darkamazi.info\\\/archives\\\/1052087\"},\"author\":{\"name\":\"darka mazi\",\"@id\":\"https:\\\/\\\/darkamazi.info\\\/#\\\/schema\\\/person\\\/5ad3e24553a0567993fa8ed4bd0a776c\"},\"headline\":\"38 sal di ser K\u00eemyabarana Helebcey\u00ea re derbas dibin\",\"datePublished\":\"2026-03-16T08:44:06+00:00\",\"mainEntityOfPage\":{\"@id\":\"https:\\\/\\\/darkamazi.info\\\/archives\\\/1052087\"},\"wordCount\":506,\"publisher\":{\"@id\":\"https:\\\/\\\/darkamazi.info\\\/#organization\"},\"image\":{\"@id\":\"https:\\\/\\\/darkamazi.info\\\/archives\\\/1052087#primaryimage\"},\"thumbnailUrl\":\"https:\\\/\\\/darkamazi.info\\\/darka-content\\\/uploads\\\/2026\\\/03\\\/helebce.jpg\",\"keywords\":[\"sereke\"],\"articleSection\":[\"Kurdistan\"],\"inLanguage\":\"en-US\"},{\"@type\":\"WebPage\",\"@id\":\"https:\\\/\\\/darkamazi.info\\\/archives\\\/1052087\",\"url\":\"https:\\\/\\\/darkamazi.info\\\/archives\\\/1052087\",\"name\":\"38 sal di ser K\u00eemyabarana Helebcey\u00ea re derbas dibin - Darka Maz\u00ee\",\"isPartOf\":{\"@id\":\"https:\\\/\\\/darkamazi.info\\\/#website\"},\"primaryImageOfPage\":{\"@id\":\"https:\\\/\\\/darkamazi.info\\\/archives\\\/1052087#primaryimage\"},\"image\":{\"@id\":\"https:\\\/\\\/darkamazi.info\\\/archives\\\/1052087#primaryimage\"},\"thumbnailUrl\":\"https:\\\/\\\/darkamazi.info\\\/darka-content\\\/uploads\\\/2026\\\/03\\\/helebce.jpg\",\"datePublished\":\"2026-03-16T08:44:06+00:00\",\"breadcrumb\":{\"@id\":\"https:\\\/\\\/darkamazi.info\\\/archives\\\/1052087#breadcrumb\"},\"inLanguage\":\"en-US\",\"potentialAction\":[{\"@type\":\"ReadAction\",\"target\":[\"https:\\\/\\\/darkamazi.info\\\/archives\\\/1052087\"]}]},{\"@type\":\"ImageObject\",\"inLanguage\":\"en-US\",\"@id\":\"https:\\\/\\\/darkamazi.info\\\/archives\\\/1052087#primaryimage\",\"url\":\"https:\\\/\\\/darkamazi.info\\\/darka-content\\\/uploads\\\/2026\\\/03\\\/helebce.jpg\",\"contentUrl\":\"https:\\\/\\\/darkamazi.info\\\/darka-content\\\/uploads\\\/2026\\\/03\\\/helebce.jpg\",\"width\":900,\"height\":497,\"caption\":\"38 sal di ser K\u00eemyabarana Helebcey\u00ea re derbas dibin\"},{\"@type\":\"BreadcrumbList\",\"@id\":\"https:\\\/\\\/darkamazi.info\\\/archives\\\/1052087#breadcrumb\",\"itemListElement\":[{\"@type\":\"ListItem\",\"position\":1,\"name\":\"Home\",\"item\":\"https:\\\/\\\/darkamazi.info\\\/\"},{\"@type\":\"ListItem\",\"position\":2,\"name\":\"38 sal di ser K\u00eemyabarana Helebcey\u00ea re derbas dibin\"}]},{\"@type\":\"WebSite\",\"@id\":\"https:\\\/\\\/darkamazi.info\\\/#website\",\"url\":\"https:\\\/\\\/darkamazi.info\\\/\",\"name\":\"Darka Maz\u00ee\",\"description\":\"P\u00eageha Zanyariy\u00ean Nebih\u00eest\u00ee\",\"publisher\":{\"@id\":\"https:\\\/\\\/darkamazi.info\\\/#organization\"},\"potentialAction\":[{\"@type\":\"SearchAction\",\"target\":{\"@type\":\"EntryPoint\",\"urlTemplate\":\"https:\\\/\\\/darkamazi.info\\\/?s={search_term_string}\"},\"query-input\":{\"@type\":\"PropertyValueSpecification\",\"valueRequired\":true,\"valueName\":\"search_term_string\"}}],\"inLanguage\":\"en-US\"},{\"@type\":\"Organization\",\"@id\":\"https:\\\/\\\/darkamazi.info\\\/#organization\",\"name\":\"Darka Maz\u00ee\",\"url\":\"https:\\\/\\\/darkamazi.info\\\/\",\"logo\":{\"@type\":\"ImageObject\",\"inLanguage\":\"en-US\",\"@id\":\"https:\\\/\\\/darkamazi.info\\\/#\\\/schema\\\/logo\\\/image\\\/\",\"url\":\"https:\\\/\\\/darkamazi.info\\\/darka-content\\\/uploads\\\/2017\\\/12\\\/darka-mazi-logo.png\",\"contentUrl\":\"https:\\\/\\\/darkamazi.info\\\/darka-content\\\/uploads\\\/2017\\\/12\\\/darka-mazi-logo.png\",\"width\":151,\"height\":75,\"caption\":\"Darka Maz\u00ee\"},\"image\":{\"@id\":\"https:\\\/\\\/darkamazi.info\\\/#\\\/schema\\\/logo\\\/image\\\/\"},\"sameAs\":[\"https:\\\/\\\/www.facebook.com\\\/DarMaziKurmanci\",\"https:\\\/\\\/x.com\\\/DarkaMaziLatini\",\"https:\\\/\\\/www.instagram.com\\\/darkamazi.kurmanci\\\/\",\"https:\\\/\\\/www.youtube.com\\\/channel\\\/UCa5HkTdmI8U1qCUFuTw8B2g\"]},{\"@type\":\"Person\",\"@id\":\"https:\\\/\\\/darkamazi.info\\\/#\\\/schema\\\/person\\\/5ad3e24553a0567993fa8ed4bd0a776c\",\"name\":\"darka mazi\",\"sameAs\":[\"https:\\\/\\\/darkamazi.info\\\/\"],\"url\":\"https:\\\/\\\/darkamazi.info\\\/archives\\\/author\\\/kurdi\"}]}<\/script>\n<!-- \/ Yoast SEO plugin. -->","seo_head_json":{"title":"38 sal di ser K\u00eemyabarana Helebcey\u00ea re derbas dibin - Darka Maz\u00ee","robots":{"index":"index","follow":"follow","max-snippet":"max-snippet:-1","max-image-preview":"max-image-preview:large","max-video-preview":"max-video-preview:-1"},"canonical":"https:\/\/darkamazi.info\/archives\/1052087","og_locale":"en_US","og_type":"article","og_title":"38 sal di ser K\u00eemyabarana Helebcey\u00ea re derbas dibin - Darka Maz\u00ee","og_description":"\u00a0\u00cero 38 sal di ser k\u00eemyabarana bajar\u00ea Helebcey\u00ea re derbas dibin. Tev\u00ee derbasb\u00fbna s\u00ea dehsalan \u00fb he\u015ft salan, h\u00een j\u00ee \u015fop\u00ean wan gaz\u00ean kujer li ser la\u015f\u00ea qurbaniyan diyar in \u00fb bir\u00een\u00ean xelk\u00ea baj\u00ear nehatine derman kirin. Di 16\u00ea Adara 1988an de, di roj\u00ean daw\u00ee y\u00ean \u015fer\u00ea Iraq-\u00ceran\u00ea de, rej\u00eema Beis a Iraq\u00ea bajar\u00ea Helebcey\u00ea [&hellip;]","og_url":"https:\/\/darkamazi.info\/archives\/1052087","og_site_name":"Darka Maz\u00ee","article_publisher":"https:\/\/www.facebook.com\/DarMaziKurmanci","article_published_time":"2026-03-16T08:44:06+00:00","og_image":[{"width":900,"height":497,"url":"https:\/\/darkamazi.info\/file\/2026\/03\/helebce.jpg","type":"image\/jpeg"}],"author":"darka mazi","twitter_card":"summary_large_image","twitter_creator":"@DarkaMaziLatini","twitter_site":"@DarkaMaziLatini","twitter_misc":{"Written by":"darka mazi","Est. reading time":"3 minutes"},"schema":{"@context":"https:\/\/schema.org","@graph":[{"@type":"Article","@id":"https:\/\/darkamazi.info\/archives\/1052087#article","isPartOf":{"@id":"https:\/\/darkamazi.info\/archives\/1052087"},"author":{"name":"darka mazi","@id":"https:\/\/darkamazi.info\/#\/schema\/person\/5ad3e24553a0567993fa8ed4bd0a776c"},"headline":"38 sal di ser K\u00eemyabarana Helebcey\u00ea re derbas dibin","datePublished":"2026-03-16T08:44:06+00:00","mainEntityOfPage":{"@id":"https:\/\/darkamazi.info\/archives\/1052087"},"wordCount":506,"publisher":{"@id":"https:\/\/darkamazi.info\/#organization"},"image":{"@id":"https:\/\/darkamazi.info\/archives\/1052087#primaryimage"},"thumbnailUrl":"https:\/\/darkamazi.info\/file\/2026\/03\/helebce.jpg","keywords":["sereke"],"articleSection":["Kurdistan"],"inLanguage":"en-US"},{"@type":"WebPage","@id":"https:\/\/darkamazi.info\/archives\/1052087","url":"https:\/\/darkamazi.info\/archives\/1052087","name":"38 sal di ser K\u00eemyabarana Helebcey\u00ea re derbas dibin - Darka Maz\u00ee","isPartOf":{"@id":"https:\/\/darkamazi.info\/#website"},"primaryImageOfPage":{"@id":"https:\/\/darkamazi.info\/archives\/1052087#primaryimage"},"image":{"@id":"https:\/\/darkamazi.info\/archives\/1052087#primaryimage"},"thumbnailUrl":"https:\/\/darkamazi.info\/file\/2026\/03\/helebce.jpg","datePublished":"2026-03-16T08:44:06+00:00","breadcrumb":{"@id":"https:\/\/darkamazi.info\/archives\/1052087#breadcrumb"},"inLanguage":"en-US","potentialAction":[{"@type":"ReadAction","target":["https:\/\/darkamazi.info\/archives\/1052087"]}]},{"@type":"ImageObject","inLanguage":"en-US","@id":"https:\/\/darkamazi.info\/archives\/1052087#primaryimage","url":"https:\/\/darkamazi.info\/file\/2026\/03\/helebce.jpg","contentUrl":"https:\/\/darkamazi.info\/file\/2026\/03\/helebce.jpg","width":900,"height":497,"caption":"38 sal di ser K\u00eemyabarana Helebcey\u00ea re derbas dibin"},{"@type":"BreadcrumbList","@id":"https:\/\/darkamazi.info\/archives\/1052087#breadcrumb","itemListElement":[{"@type":"ListItem","position":1,"name":"Home","item":"https:\/\/darkamazi.info\/"},{"@type":"ListItem","position":2,"name":"38 sal di ser K\u00eemyabarana Helebcey\u00ea re derbas dibin"}]},{"@type":"WebSite","@id":"https:\/\/darkamazi.info\/#website","url":"https:\/\/darkamazi.info\/","name":"Darka Maz\u00ee","description":"P\u00eageha Zanyariy\u00ean Nebih\u00eest\u00ee","publisher":{"@id":"https:\/\/darkamazi.info\/#organization"},"potentialAction":[{"@type":"SearchAction","target":{"@type":"EntryPoint","urlTemplate":"https:\/\/darkamazi.info\/?s={search_term_string}"},"query-input":{"@type":"PropertyValueSpecification","valueRequired":true,"valueName":"search_term_string"}}],"inLanguage":"en-US"},{"@type":"Organization","@id":"https:\/\/darkamazi.info\/#organization","name":"Darka Maz\u00ee","url":"https:\/\/darkamazi.info\/","logo":{"@type":"ImageObject","inLanguage":"en-US","@id":"https:\/\/darkamazi.info\/#\/schema\/logo\/image\/","url":"https:\/\/darkamazi.info\/file\/2017\/12\/darka-mazi-logo.png","contentUrl":"https:\/\/darkamazi.info\/file\/2017\/12\/darka-mazi-logo.png","width":151,"height":75,"caption":"Darka Maz\u00ee"},"image":{"@id":"https:\/\/darkamazi.info\/#\/schema\/logo\/image\/"},"sameAs":["https:\/\/www.facebook.com\/DarMaziKurmanci","https:\/\/x.com\/DarkaMaziLatini","https:\/\/www.instagram.com\/darkamazi.kurmanci\/","https:\/\/www.youtube.com\/channel\/UCa5HkTdmI8U1qCUFuTw8B2g"]},{"@type":"Person","@id":"https:\/\/darkamazi.info\/#\/schema\/person\/5ad3e24553a0567993fa8ed4bd0a776c","name":"darka mazi","sameAs":["https:\/\/darkamazi.info\/"],"url":"https:\/\/darkamazi.info\/archives\/author\/kurdi"}]}},"_links":{"self":[{"href":"https:\/\/darkamazi.info\/funavuv\/wp\/v2\/posts\/1052087","targetHints":{"allow":["GET"]}}],"collection":[{"href":"https:\/\/darkamazi.info\/funavuv\/wp\/v2\/posts"}],"about":[{"href":"https:\/\/darkamazi.info\/funavuv\/wp\/v2\/types\/post"}],"author":[{"embeddable":true,"href":"https:\/\/darkamazi.info\/funavuv\/wp\/v2\/users\/2"}],"replies":[{"embeddable":true,"href":"https:\/\/darkamazi.info\/funavuv\/wp\/v2\/comments?post=1052087"}],"version-history":[{"count":0,"href":"https:\/\/darkamazi.info\/funavuv\/wp\/v2\/posts\/1052087\/revisions"}],"wp:featuredmedia":[{"embeddable":true,"href":"https:\/\/darkamazi.info\/funavuv\/wp\/v2\/media\/1052088"}],"wp:attachment":[{"href":"https:\/\/darkamazi.info\/funavuv\/wp\/v2\/media?parent=1052087"}],"wp:term":[{"taxonomy":"category","embeddable":true,"href":"https:\/\/darkamazi.info\/funavuv\/wp\/v2\/categories?post=1052087"},{"taxonomy":"post_tag","embeddable":true,"href":"https:\/\/darkamazi.info\/funavuv\/wp\/v2\/tags?post=1052087"}],"curies":[{"name":"wp","href":"https:\/\/api.w.org\/{rel}","templated":true}]}}