{"id":1052102,"date":"2026-03-17T13:58:48","date_gmt":"2026-03-17T10:58:48","guid":{"rendered":"https:\/\/darkamazi.info\/?p=1052102"},"modified":"2026-03-17T13:58:48","modified_gmt":"2026-03-17T10:58:48","slug":"ke-ela-emin-terorkir","status":"publish","type":"post","link":"https:\/\/darkamazi.info\/archives\/1052102","title":{"rendered":"K\u00ea Ela Em\u00een terorkir?"},"content":{"rendered":"<div class=\"wpb-content-wrapper\"><p>[darkamazi_row][darkamazi_column][darkamazi_video link=&#8221;https:\/\/www.youtube.com\/watch?v=3es69xrqapA&#8221; css=&#8221;&#8221;][darkamazi_column_text]<\/p>\n<h3 style=\"text-align: justify;\"><span style=\"font-family: 'arial black', sans-serif;\">Ela Em\u00een xortek\u00ee temen 33 sal\u00ee ji Qam\u00ee\u015flo b\u00fb. Ela hat ku\u015ftin. Peras\u00fby\u00ean w\u00ee, ser\u00ea w\u00ee \u00fb poz\u00ea w\u00ee \u015fikandi b\u00fbn; li ser r\u00fb \u00fb pi\u015fta w\u00ee bir\u00een\u00ean giran heb\u00fbn; \u00fb li ser ling\u00ean w\u00ee \u015f\u00fbna \u015fewat \u00fb bir\u00een\u00ean xedar heb\u00fbn Ela bi \u00ee\u015fkencey\u00eak\u00ee hovane hatib\u00fb ku\u015ftin.<\/span><\/h3>\n<h3 style=\"text-align: justify;\"><span style=\"font-family: 'arial black', sans-serif; color: #8c0808;\">K\u00ea Ela ku\u015ft?<\/span><\/h3>\n<h3 style=\"text-align: justify;\"><span style=\"font-family: 'arial black', sans-serif; color: #8c0808;\">Dewleta S\u00fbriy\u00ea? Naa.<\/span><\/h3>\n<h3 style=\"text-align: justify;\"><span style=\"font-family: 'arial black', sans-serif; color: #8c0808;\">Dewleta Tirkiy\u00ea? Naa.<\/span><\/h3>\n<h3 style=\"text-align: justify;\"><span style=\"font-family: arial, helvetica, sans-serif;\">Ela ji aliy\u00ea h\u00eaz\u00ean ewlehiy\u00ea y\u00ean Rojava ve hat ku\u015ftin. Mezl\u00fbm Ebd\u00ee j\u00ee qeb\u00fbl kir ku kes\u00ean ku Ela girtine h\u00eaz\u00ean ewlehiya Rojava b\u00fbn.<\/span><\/h3>\n<h3 style=\"text-align: justify;\"><span style=\"font-family: arial, helvetica, sans-serif;\">Pi\u015ft\u00ee Ela ku\u015ftin, raporek derew li ser hat amadekirin ku t\u00ea de \u00eedia dikir ew bi kr\u00eeza dil mir\u00ee ye. Heya, r\u00eaxistina ciwanan a PKK \u00ea, Ciwan\u00ean \u015eore\u015fger, kon\u00ea \u015f\u00een\u00ea y\u00ea Ela j\u00ee \u015fewitand. Dema ku mijar di medyay\u00ea de hat ragihandin \u00fb di nav Kurdan de b\u00fb sedema neraz\u00eeb\u00fbn\u00ea, r\u00eaveberiya Rojava hewl da ku rew\u015f\u00ea man\u00eepule bike. N\u00fb\u00e7egihanek\u00ee TV ya Rohan\u00ee, bi \u00eediaya ku n\u00fb\u00e7eyan radigih\u00eene, daxuyaniya dayik\u00ea Ela ku gotib\u00fb \u201cdi nav gr\u00fbpa y\u00ean kur\u00eamin bir\u00ee de jin j\u00ee heb\u00fbn\u201d qut kir \u00fb wel\u00ea we\u015fand.<\/span><\/h3>\n<h3 style=\"text-align: justify;\"><span style=\"font-family: arial, helvetica, sans-serif;\">Hesab\u00ean medyaya civak\u00ee y\u00ean PKK \u00ea bi awayek\u00ee ve\u015fart\u00ee hewl didin ku rew\u015f\u00ea bi raya gi\u015ft\u00ee bidin qeb\u00fblkirin bi gotina &#8220;H\u00eaz\u00ean me y\u00ean \u00e7ekdar hene, kes nikare \u00ear\u00ee\u015f\u00ee nirx\u00ean me bike.&#8221; Rew\u015fenb\u00eer\u00ean li Bakur, Rojava \u00fb Ba\u015f\u00fbr dib\u00eajin &#8220;P\u00eavajo pir hest\u00eeyar e, ev rexne zirar\u00ea didin partiya me,&#8221; \u00fb banga b\u00eadengiy\u00ea dikin.<\/span><\/h3>\n<h3 style=\"text-align: justify;\"><span style=\"font-family: arial, helvetica, sans-serif;\">\u00c7ima div\u00ea em b\u00eadeng bim\u00eenin? Gelo qey ew modela \u201cr\u00eaveberiya azad \u00fb demokratik\u201d ku dihat reklam kirin li Rojava ev b\u00fb? Kurd pi\u015ftgir\u00ee nedan ku h\u00eaz\u00ean ewley\u00ee y\u00ean Rojava ku Kurdan bikujin.<\/span><\/h3>\n<h3 style=\"text-align: justify;\"><span style=\"font-family: arial, helvetica, sans-serif;\">Di Gulana 2021 an de, Em\u00een \u00cesa ji aliy\u00ea r\u00eaveberiya Rojava ve hate bin\u00e7avkirin, \u00fb di 28 \u00ea Hez\u00eeran\u00ea de, cenazey\u00ea w\u00ee y\u00ea \u00ee\u015fkencekir\u00ee radest\u00ee malbata w\u00ee hate kirin.<\/span><\/h3>\n<h3 style=\"text-align: justify;\"><span style=\"font-family: arial, helvetica, sans-serif;\">Beng\u00een El\u00ee di 1 \u00ea Cotmeha 2022 an de, ji ber ku li dij\u00ee revandina xwi\u015fka xwe ji aliy\u00ea Ciwan\u00ean \u015eore\u015fger ve derketib\u00fb, hate bin\u00e7avkirin. Rojek \u015f\u00fbnda, cenazey\u00ea Beng\u00een \u00ea \u00ee\u015fkencekir\u00ee radest\u00ee malbata w\u00ee hate kirin. Malbata bi xizan\u00ee \u00fb b\u00ea\u00e7arey\u00ee nikar\u00eeb\u00fb deng\u00ea xwe j\u00ee terora Rojava re derxin.<\/span><\/h3>\n<h3 style=\"text-align: justify;\"><span style=\"font-family: 'arial black', sans-serif; color: #8c0808; font-size: 18pt;\">Qat\u00eel\u00ean Beng\u00een \u00fb Em\u00een h\u00een j\u00ee azad in<\/span><\/h3>\n<h3 style=\"text-align: justify;\"><span style=\"font-family: 'arial black', sans-serif; color: #8c0808; font-size: 14pt;\">Ger di van b\u00fbyeran de b\u00eadeng\u00ee nehatiba parastin, dibe ku Ela nehatiba ku\u015ftin<\/span><\/h3>\n<h3 style=\"text-align: justify;\"><span style=\"font-family: arial, helvetica, sans-serif;\">\u00c7ima Ela hate ku\u015ftin? Ji ber ku Ela rexney\u00ean li ser pol\u00eet\u00eekay\u00ean r\u00eaveberiya Rojava li ser medyaya civak\u00ee we\u015fandib\u00fb. Ela hate girtin \u00fb \u00ee\u015fkencekirin da ku kes\u00ean ku Rojava rexne dikin, nemaze y\u00ean li Ewropay\u00ea, bitirs\u00eenin. R\u00eaveberiya Rojava weke qe\u015fmera mil bi mil bi bermahiy\u00ean DAI\u015e \u00ea y\u00ean \u00eero li \u015eam\u00ea desthiltin w\u00eaneyan digirin l\u00ea ji ber rexnek\u00ee ciwan\u00ean Kurdan bi \u00ee\u015fkence dikujin. Ev nay\u00ea qeb\u00fblkirin.<\/span><\/h3>\n<h3 style=\"text-align: justify;\"><span style=\"font-family: arial, helvetica, sans-serif;\">R\u00eaveberiya Rojava ji ber pol\u00eet\u00eekay\u00ean xwe y\u00ean ber\u00ea y\u00ean pi\u015ft\u00ee peymana entegrasyon\u00ea ya bi \u015eam\u00ea re hate rexnekirin. Niha ew dixwazin van rexnegiran b\u00eadeng bikin. Ji bo v\u00ea armanc\u00ea, ew siyasetek zor\u00ea \u00fb \u00e7avtirsandin\u00ea bi kar t\u00eenin. \u00celham Ehmed \u00fb Rojhilat Efr\u00een li Ewropay\u00ea bi raya gi\u015ft\u00ee re civ\u00eenan li dar dixin, hewl didin ku xwe balk\u00ea\u015f n\u00ee\u015fan bidin, atmosferek hestyar\u00ee biafir\u00eenin \u00fb mirovan b\u00eadeng bikin. Ji aliyek\u00ee din ve, li cih\u00ean ku h\u00eaz\u00ean wan \u00ean \u00e7ekdar hene, ew j\u00ee siyasetek zor\u00ea bi kar t\u00eenin, bi armanca tapeserkirin \u00fb \u00e7avtirsandina rexnegir \u00fb dijber\u00ean xwe.<\/span><\/h3>\n<h3 style=\"text-align: justify;\"><span style=\"font-family: 'arial black', sans-serif; color: #8c0808; font-size: 18pt;\">PKK S\u00eeyaseta \u015eekir \u00fb qam\u00e7\u00ee dime\u015f\u00eene<\/span><\/h3>\n<h3 style=\"text-align: justify;\"><span style=\"font-family: arial, helvetica, sans-serif;\">Ji aliyek\u00ee ve xwe \u015f\u00ear\u00een dike, \u00fb ji aliy\u00ea din ve, l\u00fbleya tifeng\u00ea n\u00ee\u015fan didin da ku her kes\u00ee b\u00eadeng bikin. PKK kevne\u015fop\u00ee \u00fb kultira ku\u015ftina dijberan an\u00ee Rojava. PKK \u00fb Ocalan xwe wek\u00ee xwedayan p\u00eanasedikin, ji b\u00fb ney\u00ean rexnekirin. PKK li ser Kurd\u00ean Rojava farzdike ku biq\u00eerin bij\u00ee bij\u00ee Ocalan. R\u00eaveberiya Rojava heman siyaset\u00ea li ser gel disep\u00eene.<\/span><\/h3>\n<h3 style=\"text-align: justify;\"><span style=\"font-family: arial, helvetica, sans-serif;\">Di nav Rojava de, dezgahk\u00ee k\u00fbr \u00ea PKK \u00ea heye ku bi diz\u00ee van operasyonan p\u00eak t\u00eene. Ev dezgeh ji hin kadroy\u00ean Bakur\u00ea Kurdistan\u00ea j\u00ee dinav de p\u00eak t\u00ea. Ew xwe wek\u00ee berpirsiyar\u00ea &#8220;parastina xeta PKK \u00ea&#8221; dib\u00eenin. Ji bo v\u00ea armanc\u00ea, ew her r\u00eabaz\u00ea bikar t\u00eenin da ku hem di nava cemawer\u00ea xwe de hem j\u00ee din ava h\u00eaz\u00ean muxalef de xeta PKK \u00ea bipar\u00eazin. Kujer\u00ean Ela ev dezgeh\u00ea k\u00fbr \u00ea PKK \u00ea di nav Rojava de ne.<\/span><\/h3>\n<h3 style=\"text-align: justify;\"><span style=\"font-family: arial, helvetica, sans-serif;\">Heta ku r\u00eaveberiya Rojava van p\u00eakhatey\u00ean k\u00fbr feshnekin \u00fb nasnameya PKK \u00ea li ser xwe neav\u00eajin, p\u00ea\u015f\u00eeya b\u00fbyer\u00ean terorkirin\u00ean bi v\u00ee \u015f\u00eawaz\u00ee nay\u00ean asteng kirin. B\u00fbyera Ela Emin ne c\u00eenayetek\u00ee asay\u00ee ye; ew s\u00eestemat\u00eezekirin \u00fb rewakirina c\u00eenayeta ye. Div\u00ea her kes hember\u00ee v\u00ea c\u00eenayet\u00ea deng\u00ea xwe bilind bike da ku \u00e7i c\u00eenayet\u00ean din \u00e7\u00eanebin.<\/span><\/h3>\n<p>[\/darkamazi_column_text][\/darkamazi_column][\/darkamazi_row]<\/p>\n<\/div>","protected":false},"excerpt":{"rendered":"<p>[darkamazi_row][darkamazi_column][darkamazi_video link=&#8221;https:\/\/www.youtube.com\/watch?v=3es69xrqapA&#8221; css=&#8221;&#8221;][darkamazi_column_text] Ela Em\u00een xortek\u00ee temen 33 sal\u00ee ji Qam\u00ee\u015flo b\u00fb. Ela hat ku\u015ftin. Peras\u00fby\u00ean w\u00ee, ser\u00ea w\u00ee \u00fb poz\u00ea w\u00ee \u015fikandi b\u00fbn; li ser r\u00fb \u00fb pi\u015fta w\u00ee bir\u00een\u00ean giran heb\u00fbn; \u00fb li ser ling\u00ean w\u00ee \u015f\u00fbna \u015fewat \u00fb bir\u00een\u00ean xedar heb\u00fbn Ela bi \u00ee\u015fkencey\u00eak\u00ee hovane hatib\u00fb ku\u015ftin. K\u00ea Ela ku\u015ft? Dewleta S\u00fbriy\u00ea? [&hellip;]<\/p>\n","protected":false},"author":2,"featured_media":1052105,"comment_status":"closed","ping_status":"closed","sticky":false,"template":"epic_custom_post_template-1006382","format":"standard","meta":{"footnotes":""},"categories":[65],"tags":[37],"class_list":["post-1052102","post","type-post","status-publish","format-standard","has-post-thumbnail","hentry","category-vidiyo","tag-sereke"],"blocksy_meta":[],"seo_head":"<!-- This site is optimized with the Yoast SEO plugin v27.5 - https:\/\/yoast.com\/product\/yoast-seo-wordpress\/ -->\n<title>K\u00ea Ela Em\u00een terorkir? - Darka Maz\u00ee<\/title>\n<meta name=\"robots\" content=\"index, follow, max-snippet:-1, max-image-preview:large, max-video-preview:-1\" \/>\n<link rel=\"canonical\" href=\"https:\/\/darkamazi.info\/archives\/1052102\" \/>\n<meta property=\"og:locale\" content=\"en_US\" \/>\n<meta property=\"og:type\" content=\"article\" \/>\n<meta property=\"og:title\" content=\"K\u00ea Ela Em\u00een terorkir? - Darka Maz\u00ee\" \/>\n<meta property=\"og:description\" content=\"[darkamazi_row][darkamazi_column][darkamazi_video link=&#8221;https:\/\/www.youtube.com\/watch?v=3es69xrqapA&#8221; css=&#8221;&#8221;][darkamazi_column_text] Ela Em\u00een xortek\u00ee temen 33 sal\u00ee ji Qam\u00ee\u015flo b\u00fb. Ela hat ku\u015ftin. Peras\u00fby\u00ean w\u00ee, ser\u00ea w\u00ee \u00fb poz\u00ea w\u00ee \u015fikandi b\u00fbn; li ser r\u00fb \u00fb pi\u015fta w\u00ee bir\u00een\u00ean giran heb\u00fbn; \u00fb li ser ling\u00ean w\u00ee \u015f\u00fbna \u015fewat \u00fb bir\u00een\u00ean xedar heb\u00fbn Ela bi \u00ee\u015fkencey\u00eak\u00ee hovane hatib\u00fb ku\u015ftin. K\u00ea Ela ku\u015ft? Dewleta S\u00fbriy\u00ea? [&hellip;]\" \/>\n<meta property=\"og:url\" content=\"https:\/\/darkamazi.info\/archives\/1052102\" \/>\n<meta property=\"og:site_name\" content=\"Darka Maz\u00ee\" \/>\n<meta property=\"article:publisher\" content=\"https:\/\/www.facebook.com\/DarMaziKurmanci\" \/>\n<meta property=\"article:published_time\" content=\"2026-03-17T10:58:48+00:00\" \/>\n<meta property=\"og:image\" content=\"https:\/\/darkamazi.info\/file\/2026\/03\/ela-emin.jpg\" \/>\n\t<meta property=\"og:image:width\" content=\"900\" \/>\n\t<meta property=\"og:image:height\" content=\"500\" \/>\n\t<meta property=\"og:image:type\" content=\"image\/jpeg\" \/>\n<meta name=\"author\" content=\"darka mazi\" \/>\n<meta name=\"twitter:card\" content=\"summary_large_image\" \/>\n<meta name=\"twitter:creator\" content=\"@DarkaMaziLatini\" \/>\n<meta name=\"twitter:site\" content=\"@DarkaMaziLatini\" \/>\n<meta name=\"twitter:label1\" content=\"Written by\" \/>\n\t<meta name=\"twitter:data1\" content=\"darka mazi\" \/>\n\t<meta name=\"twitter:label2\" content=\"Est. reading time\" \/>\n\t<meta name=\"twitter:data2\" content=\"4 minutes\" \/>\n<script type=\"application\/ld+json\" class=\"seo-schema-graph\">{\"@context\":\"https:\\\/\\\/schema.org\",\"@graph\":[{\"@type\":\"Article\",\"@id\":\"https:\\\/\\\/darkamazi.info\\\/archives\\\/1052102#article\",\"isPartOf\":{\"@id\":\"https:\\\/\\\/darkamazi.info\\\/archives\\\/1052102\"},\"author\":{\"name\":\"darka mazi\",\"@id\":\"https:\\\/\\\/darkamazi.info\\\/#\\\/schema\\\/person\\\/5ad3e24553a0567993fa8ed4bd0a776c\"},\"headline\":\"K\u00ea Ela Em\u00een terorkir?\",\"datePublished\":\"2026-03-17T10:58:48+00:00\",\"mainEntityOfPage\":{\"@id\":\"https:\\\/\\\/darkamazi.info\\\/archives\\\/1052102\"},\"wordCount\":869,\"publisher\":{\"@id\":\"https:\\\/\\\/darkamazi.info\\\/#organization\"},\"image\":{\"@id\":\"https:\\\/\\\/darkamazi.info\\\/archives\\\/1052102#primaryimage\"},\"thumbnailUrl\":\"https:\\\/\\\/darkamazi.info\\\/darka-content\\\/uploads\\\/2026\\\/03\\\/ela-emin.jpg\",\"keywords\":[\"sereke\"],\"articleSection\":[\"V\u00eed\u00eeyo\"],\"inLanguage\":\"en-US\"},{\"@type\":\"WebPage\",\"@id\":\"https:\\\/\\\/darkamazi.info\\\/archives\\\/1052102\",\"url\":\"https:\\\/\\\/darkamazi.info\\\/archives\\\/1052102\",\"name\":\"K\u00ea Ela Em\u00een terorkir? - Darka Maz\u00ee\",\"isPartOf\":{\"@id\":\"https:\\\/\\\/darkamazi.info\\\/#website\"},\"primaryImageOfPage\":{\"@id\":\"https:\\\/\\\/darkamazi.info\\\/archives\\\/1052102#primaryimage\"},\"image\":{\"@id\":\"https:\\\/\\\/darkamazi.info\\\/archives\\\/1052102#primaryimage\"},\"thumbnailUrl\":\"https:\\\/\\\/darkamazi.info\\\/darka-content\\\/uploads\\\/2026\\\/03\\\/ela-emin.jpg\",\"datePublished\":\"2026-03-17T10:58:48+00:00\",\"breadcrumb\":{\"@id\":\"https:\\\/\\\/darkamazi.info\\\/archives\\\/1052102#breadcrumb\"},\"inLanguage\":\"en-US\",\"potentialAction\":[{\"@type\":\"ReadAction\",\"target\":[\"https:\\\/\\\/darkamazi.info\\\/archives\\\/1052102\"]}]},{\"@type\":\"ImageObject\",\"inLanguage\":\"en-US\",\"@id\":\"https:\\\/\\\/darkamazi.info\\\/archives\\\/1052102#primaryimage\",\"url\":\"https:\\\/\\\/darkamazi.info\\\/darka-content\\\/uploads\\\/2026\\\/03\\\/ela-emin.jpg\",\"contentUrl\":\"https:\\\/\\\/darkamazi.info\\\/darka-content\\\/uploads\\\/2026\\\/03\\\/ela-emin.jpg\",\"width\":900,\"height\":500,\"caption\":\"K\u00ea Ela Em\u00een terorkir?\"},{\"@type\":\"BreadcrumbList\",\"@id\":\"https:\\\/\\\/darkamazi.info\\\/archives\\\/1052102#breadcrumb\",\"itemListElement\":[{\"@type\":\"ListItem\",\"position\":1,\"name\":\"Home\",\"item\":\"https:\\\/\\\/darkamazi.info\\\/\"},{\"@type\":\"ListItem\",\"position\":2,\"name\":\"K\u00ea Ela Em\u00een terorkir?\"}]},{\"@type\":\"WebSite\",\"@id\":\"https:\\\/\\\/darkamazi.info\\\/#website\",\"url\":\"https:\\\/\\\/darkamazi.info\\\/\",\"name\":\"Darka Maz\u00ee\",\"description\":\"P\u00eageha Zanyariy\u00ean Nebih\u00eest\u00ee\",\"publisher\":{\"@id\":\"https:\\\/\\\/darkamazi.info\\\/#organization\"},\"potentialAction\":[{\"@type\":\"SearchAction\",\"target\":{\"@type\":\"EntryPoint\",\"urlTemplate\":\"https:\\\/\\\/darkamazi.info\\\/?s={search_term_string}\"},\"query-input\":{\"@type\":\"PropertyValueSpecification\",\"valueRequired\":true,\"valueName\":\"search_term_string\"}}],\"inLanguage\":\"en-US\"},{\"@type\":\"Organization\",\"@id\":\"https:\\\/\\\/darkamazi.info\\\/#organization\",\"name\":\"Darka Maz\u00ee\",\"url\":\"https:\\\/\\\/darkamazi.info\\\/\",\"logo\":{\"@type\":\"ImageObject\",\"inLanguage\":\"en-US\",\"@id\":\"https:\\\/\\\/darkamazi.info\\\/#\\\/schema\\\/logo\\\/image\\\/\",\"url\":\"https:\\\/\\\/darkamazi.info\\\/darka-content\\\/uploads\\\/2017\\\/12\\\/darka-mazi-logo.png\",\"contentUrl\":\"https:\\\/\\\/darkamazi.info\\\/darka-content\\\/uploads\\\/2017\\\/12\\\/darka-mazi-logo.png\",\"width\":151,\"height\":75,\"caption\":\"Darka Maz\u00ee\"},\"image\":{\"@id\":\"https:\\\/\\\/darkamazi.info\\\/#\\\/schema\\\/logo\\\/image\\\/\"},\"sameAs\":[\"https:\\\/\\\/www.facebook.com\\\/DarMaziKurmanci\",\"https:\\\/\\\/x.com\\\/DarkaMaziLatini\",\"https:\\\/\\\/www.instagram.com\\\/darkamazi.kurmanci\\\/\",\"https:\\\/\\\/www.youtube.com\\\/channel\\\/UCa5HkTdmI8U1qCUFuTw8B2g\"]},{\"@type\":\"Person\",\"@id\":\"https:\\\/\\\/darkamazi.info\\\/#\\\/schema\\\/person\\\/5ad3e24553a0567993fa8ed4bd0a776c\",\"name\":\"darka mazi\",\"sameAs\":[\"https:\\\/\\\/darkamazi.info\\\/\"],\"url\":\"https:\\\/\\\/darkamazi.info\\\/archives\\\/author\\\/kurdi\"}]}<\/script>\n<!-- \/ Yoast SEO plugin. -->","seo_head_json":{"title":"K\u00ea Ela Em\u00een terorkir? - Darka Maz\u00ee","robots":{"index":"index","follow":"follow","max-snippet":"max-snippet:-1","max-image-preview":"max-image-preview:large","max-video-preview":"max-video-preview:-1"},"canonical":"https:\/\/darkamazi.info\/archives\/1052102","og_locale":"en_US","og_type":"article","og_title":"K\u00ea Ela Em\u00een terorkir? - Darka Maz\u00ee","og_description":"[darkamazi_row][darkamazi_column][darkamazi_video link=&#8221;https:\/\/www.youtube.com\/watch?v=3es69xrqapA&#8221; css=&#8221;&#8221;][darkamazi_column_text] Ela Em\u00een xortek\u00ee temen 33 sal\u00ee ji Qam\u00ee\u015flo b\u00fb. Ela hat ku\u015ftin. Peras\u00fby\u00ean w\u00ee, ser\u00ea w\u00ee \u00fb poz\u00ea w\u00ee \u015fikandi b\u00fbn; li ser r\u00fb \u00fb pi\u015fta w\u00ee bir\u00een\u00ean giran heb\u00fbn; \u00fb li ser ling\u00ean w\u00ee \u015f\u00fbna \u015fewat \u00fb bir\u00een\u00ean xedar heb\u00fbn Ela bi \u00ee\u015fkencey\u00eak\u00ee hovane hatib\u00fb ku\u015ftin. K\u00ea Ela ku\u015ft? Dewleta S\u00fbriy\u00ea? [&hellip;]","og_url":"https:\/\/darkamazi.info\/archives\/1052102","og_site_name":"Darka Maz\u00ee","article_publisher":"https:\/\/www.facebook.com\/DarMaziKurmanci","article_published_time":"2026-03-17T10:58:48+00:00","og_image":[{"width":900,"height":500,"url":"https:\/\/darkamazi.info\/file\/2026\/03\/ela-emin.jpg","type":"image\/jpeg"}],"author":"darka mazi","twitter_card":"summary_large_image","twitter_creator":"@DarkaMaziLatini","twitter_site":"@DarkaMaziLatini","twitter_misc":{"Written by":"darka mazi","Est. reading time":"4 minutes"},"schema":{"@context":"https:\/\/schema.org","@graph":[{"@type":"Article","@id":"https:\/\/darkamazi.info\/archives\/1052102#article","isPartOf":{"@id":"https:\/\/darkamazi.info\/archives\/1052102"},"author":{"name":"darka mazi","@id":"https:\/\/darkamazi.info\/#\/schema\/person\/5ad3e24553a0567993fa8ed4bd0a776c"},"headline":"K\u00ea Ela Em\u00een terorkir?","datePublished":"2026-03-17T10:58:48+00:00","mainEntityOfPage":{"@id":"https:\/\/darkamazi.info\/archives\/1052102"},"wordCount":869,"publisher":{"@id":"https:\/\/darkamazi.info\/#organization"},"image":{"@id":"https:\/\/darkamazi.info\/archives\/1052102#primaryimage"},"thumbnailUrl":"https:\/\/darkamazi.info\/file\/2026\/03\/ela-emin.jpg","keywords":["sereke"],"articleSection":["V\u00eed\u00eeyo"],"inLanguage":"en-US"},{"@type":"WebPage","@id":"https:\/\/darkamazi.info\/archives\/1052102","url":"https:\/\/darkamazi.info\/archives\/1052102","name":"K\u00ea Ela Em\u00een terorkir? - Darka Maz\u00ee","isPartOf":{"@id":"https:\/\/darkamazi.info\/#website"},"primaryImageOfPage":{"@id":"https:\/\/darkamazi.info\/archives\/1052102#primaryimage"},"image":{"@id":"https:\/\/darkamazi.info\/archives\/1052102#primaryimage"},"thumbnailUrl":"https:\/\/darkamazi.info\/file\/2026\/03\/ela-emin.jpg","datePublished":"2026-03-17T10:58:48+00:00","breadcrumb":{"@id":"https:\/\/darkamazi.info\/archives\/1052102#breadcrumb"},"inLanguage":"en-US","potentialAction":[{"@type":"ReadAction","target":["https:\/\/darkamazi.info\/archives\/1052102"]}]},{"@type":"ImageObject","inLanguage":"en-US","@id":"https:\/\/darkamazi.info\/archives\/1052102#primaryimage","url":"https:\/\/darkamazi.info\/file\/2026\/03\/ela-emin.jpg","contentUrl":"https:\/\/darkamazi.info\/file\/2026\/03\/ela-emin.jpg","width":900,"height":500,"caption":"K\u00ea Ela Em\u00een terorkir?"},{"@type":"BreadcrumbList","@id":"https:\/\/darkamazi.info\/archives\/1052102#breadcrumb","itemListElement":[{"@type":"ListItem","position":1,"name":"Home","item":"https:\/\/darkamazi.info\/"},{"@type":"ListItem","position":2,"name":"K\u00ea Ela Em\u00een terorkir?"}]},{"@type":"WebSite","@id":"https:\/\/darkamazi.info\/#website","url":"https:\/\/darkamazi.info\/","name":"Darka Maz\u00ee","description":"P\u00eageha Zanyariy\u00ean Nebih\u00eest\u00ee","publisher":{"@id":"https:\/\/darkamazi.info\/#organization"},"potentialAction":[{"@type":"SearchAction","target":{"@type":"EntryPoint","urlTemplate":"https:\/\/darkamazi.info\/?s={search_term_string}"},"query-input":{"@type":"PropertyValueSpecification","valueRequired":true,"valueName":"search_term_string"}}],"inLanguage":"en-US"},{"@type":"Organization","@id":"https:\/\/darkamazi.info\/#organization","name":"Darka Maz\u00ee","url":"https:\/\/darkamazi.info\/","logo":{"@type":"ImageObject","inLanguage":"en-US","@id":"https:\/\/darkamazi.info\/#\/schema\/logo\/image\/","url":"https:\/\/darkamazi.info\/file\/2017\/12\/darka-mazi-logo.png","contentUrl":"https:\/\/darkamazi.info\/file\/2017\/12\/darka-mazi-logo.png","width":151,"height":75,"caption":"Darka Maz\u00ee"},"image":{"@id":"https:\/\/darkamazi.info\/#\/schema\/logo\/image\/"},"sameAs":["https:\/\/www.facebook.com\/DarMaziKurmanci","https:\/\/x.com\/DarkaMaziLatini","https:\/\/www.instagram.com\/darkamazi.kurmanci\/","https:\/\/www.youtube.com\/channel\/UCa5HkTdmI8U1qCUFuTw8B2g"]},{"@type":"Person","@id":"https:\/\/darkamazi.info\/#\/schema\/person\/5ad3e24553a0567993fa8ed4bd0a776c","name":"darka mazi","sameAs":["https:\/\/darkamazi.info\/"],"url":"https:\/\/darkamazi.info\/archives\/author\/kurdi"}]}},"_links":{"self":[{"href":"https:\/\/darkamazi.info\/funavuv\/wp\/v2\/posts\/1052102","targetHints":{"allow":["GET"]}}],"collection":[{"href":"https:\/\/darkamazi.info\/funavuv\/wp\/v2\/posts"}],"about":[{"href":"https:\/\/darkamazi.info\/funavuv\/wp\/v2\/types\/post"}],"author":[{"embeddable":true,"href":"https:\/\/darkamazi.info\/funavuv\/wp\/v2\/users\/2"}],"replies":[{"embeddable":true,"href":"https:\/\/darkamazi.info\/funavuv\/wp\/v2\/comments?post=1052102"}],"version-history":[{"count":0,"href":"https:\/\/darkamazi.info\/funavuv\/wp\/v2\/posts\/1052102\/revisions"}],"wp:featuredmedia":[{"embeddable":true,"href":"https:\/\/darkamazi.info\/funavuv\/wp\/v2\/media\/1052105"}],"wp:attachment":[{"href":"https:\/\/darkamazi.info\/funavuv\/wp\/v2\/media?parent=1052102"}],"wp:term":[{"taxonomy":"category","embeddable":true,"href":"https:\/\/darkamazi.info\/funavuv\/wp\/v2\/categories?post=1052102"},{"taxonomy":"post_tag","embeddable":true,"href":"https:\/\/darkamazi.info\/funavuv\/wp\/v2\/tags?post=1052102"}],"curies":[{"name":"wp","href":"https:\/\/api.w.org\/{rel}","templated":true}]}}