{"id":1052593,"date":"2026-04-25T20:17:17","date_gmt":"2026-04-25T17:17:17","guid":{"rendered":"https:\/\/darkamazi.info\/?p=1052593"},"modified":"2026-04-25T20:17:17","modified_gmt":"2026-04-25T17:17:17","slug":"hakan-fidan-tirkiye-amade-ye-tengava-hurmize-ji-minan-paqij-bike","status":"publish","type":"post","link":"https:\/\/darkamazi.info\/archives\/1052593","title":{"rendered":"Hakan Fidan: Tirkiye amade ye tengava Hurmiz\u00ea ji m\u00eenan paqij bike"},"content":{"rendered":"<h3 style=\"text-align: justify;\"><span style=\"font-family: 'arial black', sans-serif;\">Wez\u00eer\u00ea Derve y\u00ea Tirkiyey\u00ea Hakan Fidan ragihand ku eger Amer\u00eeka \u00fb \u00ceran bigih\u00eejin peymaneke a\u015ftiy\u00ea, welat\u00ea w\u00ee amade ye be\u015fdar\u00ee operasyon\u00ean navdewlet\u00ee y\u00ean ji bo paqijkirina m\u00een\u00ean li tengava Hurmiz\u00ea bibe. Fidan ev gav wek\u00ee &#8220;erke k\u00ea mirov\u00ee&#8221; p\u00eanase kir \u00fb destn\u00ee\u015fan kir ku armanca wan asay\u00eekirina rew\u015fa ge\u015ft\u00ean deryay\u00ee ye.<\/span><\/h3>\n<h3 style=\"text-align: justify;\">Roja \u015eemiy\u00ea, 25\u00ea N\u00eesana 2026an, Hakan Fidan li London\u00ea di civ\u00eeneke ligel rojnamevanan de diyar kir ku Enqere bi er\u00ean\u00ee li proseya rakirina m\u00een\u00ean deryay\u00ee y\u00ean li tengava Hurmiz\u00ea din\u00eare. Fidan got: &#8220;T\u00ea pay\u00een ku pi\u015ft\u00ee \u00eemzekirina peymana a\u015ftiy\u00ea, t\u00eemeke tekn\u00eek\u00ee ji welat\u00ean cuda dest bi paqijkirina ger\u00fby\u00ea bikin; Tirkiye j\u00ee amade ye di v\u00ea erka tekn\u00eek\u00ee de al\u00eekariy\u00ea bike.&#8221;<\/h3>\n<h3 style=\"text-align: justify;\">Wez\u00eer\u00ea Derve y\u00ea Tirkiyey\u00ea tekez kir ku be\u015fdariya welat\u00ea w\u00ee ten\u00ea ji bo mebest\u00ean tekn\u00eek\u00ee ye, ne serbaz\u00ee. Fidan hi\u015fyariyeke zelal da \u00fb got, &#8220;Enqere bi tu away\u00ee nabe par\u00e7eyek ji operasyoneke ku welat\u00ea me wek\u00ee aliyek\u00ee di nav pev\u00e7\u00fbneke n\u00fb de n\u00ee\u015fan bide. Eger di p\u00ea\u015feroj\u00ea de tu hevpeymaniyek ber bi al\u00eegir\u00ee an \u015fer ve bi\u00e7e, Tirkiye d\u00ea di helwesta xwe de vegere.&#8221;<\/h3>\n<h3 style=\"text-align: justify;\">Hakan Fidan di derbar\u00ea kr\u00eeza navdewlet\u00ee ya li ser bernameya atom\u00ee ya \u00ceran\u00ea de j\u00ee ge\u015fb\u00eeniya xwe n\u00ee\u015fan da. W\u00ee h\u00eav\u00ee kir ku ev pirsgir\u00eak di gera b\u00ea ya dan\u00fbstandin\u00ean ku d\u00ea li Pakistan\u00ea b\u00ean kirin de werin \u00e7areserkirin. Fidan di dawiy\u00ea de an\u00ee ziman ku armanca serek\u00ee ya Tirkiyey\u00ea ew e ku ge\u015ft\u00ean ke\u015ftiyan li tengava Hurmiz\u00ea bi ewleh\u00ee \u00fb b\u00eay\u00ee day\u00eena bac \u00fb rism\u00ean z\u00eade, vegerin rew\u015fa xwe ya asay\u00ee.<\/h3>\n","protected":false},"excerpt":{"rendered":"<p>Wez\u00eer\u00ea Derve y\u00ea Tirkiyey\u00ea Hakan Fidan ragihand ku eger Amer\u00eeka \u00fb \u00ceran bigih\u00eejin peymaneke a\u015ftiy\u00ea, welat\u00ea w\u00ee amade ye be\u015fdar\u00ee operasyon\u00ean navdewlet\u00ee y\u00ean ji bo paqijkirina m\u00een\u00ean li tengava Hurmiz\u00ea bibe. Fidan ev gav wek\u00ee &#8220;erke k\u00ea mirov\u00ee&#8221; p\u00eanase kir \u00fb destn\u00ee\u015fan kir ku armanca wan asay\u00eekirina rew\u015fa ge\u015ft\u00ean deryay\u00ee ye. Roja \u015eemiy\u00ea, 25\u00ea N\u00eesana [&hellip;]<\/p>\n","protected":false},"author":2,"featured_media":1052594,"comment_status":"closed","ping_status":"closed","sticky":false,"template":"","format":"standard","meta":{"footnotes":""},"categories":[31],"tags":[37],"class_list":["post-1052593","post","type-post","status-publish","format-standard","has-post-thumbnail","hentry","category-rojhelata-navin","tag-sereke"],"blocksy_meta":[],"seo_head":"<!-- This site is optimized with the Yoast SEO plugin v27.4 - https:\/\/yoast.com\/product\/yoast-seo-wordpress\/ -->\n<title>Hakan Fidan: Tirkiye amade ye tengava Hurmiz\u00ea ji m\u00eenan paqij bike - Darka Maz\u00ee<\/title>\n<meta name=\"robots\" content=\"index, follow, max-snippet:-1, max-image-preview:large, max-video-preview:-1\" \/>\n<link rel=\"canonical\" href=\"https:\/\/darkamazi.info\/archives\/1052593\" \/>\n<meta property=\"og:locale\" content=\"en_US\" \/>\n<meta property=\"og:type\" content=\"article\" \/>\n<meta property=\"og:title\" content=\"Hakan Fidan: Tirkiye amade ye tengava Hurmiz\u00ea ji m\u00eenan paqij bike - Darka Maz\u00ee\" \/>\n<meta property=\"og:description\" content=\"Wez\u00eer\u00ea Derve y\u00ea Tirkiyey\u00ea Hakan Fidan ragihand ku eger Amer\u00eeka \u00fb \u00ceran bigih\u00eejin peymaneke a\u015ftiy\u00ea, welat\u00ea w\u00ee amade ye be\u015fdar\u00ee operasyon\u00ean navdewlet\u00ee y\u00ean ji bo paqijkirina m\u00een\u00ean li tengava Hurmiz\u00ea bibe. Fidan ev gav wek\u00ee &#8220;erke k\u00ea mirov\u00ee&#8221; p\u00eanase kir \u00fb destn\u00ee\u015fan kir ku armanca wan asay\u00eekirina rew\u015fa ge\u015ft\u00ean deryay\u00ee ye. Roja \u015eemiy\u00ea, 25\u00ea N\u00eesana [&hellip;]\" \/>\n<meta property=\"og:url\" content=\"https:\/\/darkamazi.info\/archives\/1052593\" \/>\n<meta property=\"og:site_name\" content=\"Darka Maz\u00ee\" \/>\n<meta property=\"article:publisher\" content=\"https:\/\/www.facebook.com\/DarMaziKurmanci\" \/>\n<meta property=\"article:published_time\" content=\"2026-04-25T17:17:17+00:00\" \/>\n<meta property=\"og:image\" content=\"https:\/\/darkamazi.info\/file\/2026\/04\/Hakan-Fidan-Halab.jpg\" \/>\n\t<meta property=\"og:image:width\" content=\"900\" \/>\n\t<meta property=\"og:image:height\" content=\"500\" \/>\n\t<meta property=\"og:image:type\" content=\"image\/jpeg\" \/>\n<meta name=\"author\" content=\"darka mazi\" \/>\n<meta name=\"twitter:card\" content=\"summary_large_image\" \/>\n<meta name=\"twitter:creator\" content=\"@DarkaMaziLatini\" \/>\n<meta name=\"twitter:site\" content=\"@DarkaMaziLatini\" \/>\n<meta name=\"twitter:label1\" content=\"Written by\" \/>\n\t<meta name=\"twitter:data1\" content=\"darka mazi\" \/>\n\t<meta name=\"twitter:label2\" content=\"Est. reading time\" \/>\n\t<meta name=\"twitter:data2\" content=\"2 minutes\" \/>\n<script type=\"application\/ld+json\" class=\"seo-schema-graph\">{\"@context\":\"https:\\\/\\\/schema.org\",\"@graph\":[{\"@type\":\"Article\",\"@id\":\"https:\\\/\\\/darkamazi.info\\\/archives\\\/1052593#article\",\"isPartOf\":{\"@id\":\"https:\\\/\\\/darkamazi.info\\\/archives\\\/1052593\"},\"author\":{\"name\":\"darka mazi\",\"@id\":\"https:\\\/\\\/darkamazi.info\\\/#\\\/schema\\\/person\\\/5ad3e24553a0567993fa8ed4bd0a776c\"},\"headline\":\"Hakan Fidan: Tirkiye amade ye tengava Hurmiz\u00ea ji m\u00eenan paqij bike\",\"datePublished\":\"2026-04-25T17:17:17+00:00\",\"mainEntityOfPage\":{\"@id\":\"https:\\\/\\\/darkamazi.info\\\/archives\\\/1052593\"},\"wordCount\":312,\"publisher\":{\"@id\":\"https:\\\/\\\/darkamazi.info\\\/#organization\"},\"image\":{\"@id\":\"https:\\\/\\\/darkamazi.info\\\/archives\\\/1052593#primaryimage\"},\"thumbnailUrl\":\"https:\\\/\\\/darkamazi.info\\\/darka-content\\\/uploads\\\/2026\\\/04\\\/Hakan-Fidan-Halab.jpg\",\"keywords\":[\"sereke\"],\"articleSection\":[\"Rojhelata nav\u00een\"],\"inLanguage\":\"en-US\"},{\"@type\":\"WebPage\",\"@id\":\"https:\\\/\\\/darkamazi.info\\\/archives\\\/1052593\",\"url\":\"https:\\\/\\\/darkamazi.info\\\/archives\\\/1052593\",\"name\":\"Hakan Fidan: Tirkiye amade ye tengava Hurmiz\u00ea ji m\u00eenan paqij bike - Darka Maz\u00ee\",\"isPartOf\":{\"@id\":\"https:\\\/\\\/darkamazi.info\\\/#website\"},\"primaryImageOfPage\":{\"@id\":\"https:\\\/\\\/darkamazi.info\\\/archives\\\/1052593#primaryimage\"},\"image\":{\"@id\":\"https:\\\/\\\/darkamazi.info\\\/archives\\\/1052593#primaryimage\"},\"thumbnailUrl\":\"https:\\\/\\\/darkamazi.info\\\/darka-content\\\/uploads\\\/2026\\\/04\\\/Hakan-Fidan-Halab.jpg\",\"datePublished\":\"2026-04-25T17:17:17+00:00\",\"breadcrumb\":{\"@id\":\"https:\\\/\\\/darkamazi.info\\\/archives\\\/1052593#breadcrumb\"},\"inLanguage\":\"en-US\",\"potentialAction\":[{\"@type\":\"ReadAction\",\"target\":[\"https:\\\/\\\/darkamazi.info\\\/archives\\\/1052593\"]}]},{\"@type\":\"ImageObject\",\"inLanguage\":\"en-US\",\"@id\":\"https:\\\/\\\/darkamazi.info\\\/archives\\\/1052593#primaryimage\",\"url\":\"https:\\\/\\\/darkamazi.info\\\/darka-content\\\/uploads\\\/2026\\\/04\\\/Hakan-Fidan-Halab.jpg\",\"contentUrl\":\"https:\\\/\\\/darkamazi.info\\\/darka-content\\\/uploads\\\/2026\\\/04\\\/Hakan-Fidan-Halab.jpg\",\"width\":900,\"height\":500,\"caption\":\"Hakan Fidan: Tirkiye amade ye tengava Hurmiz\u00ea ji m\u00eenan paqij bike\"},{\"@type\":\"BreadcrumbList\",\"@id\":\"https:\\\/\\\/darkamazi.info\\\/archives\\\/1052593#breadcrumb\",\"itemListElement\":[{\"@type\":\"ListItem\",\"position\":1,\"name\":\"Home\",\"item\":\"https:\\\/\\\/darkamazi.info\\\/\"},{\"@type\":\"ListItem\",\"position\":2,\"name\":\"Hakan Fidan: Tirkiye amade ye tengava Hurmiz\u00ea ji m\u00eenan paqij bike\"}]},{\"@type\":\"WebSite\",\"@id\":\"https:\\\/\\\/darkamazi.info\\\/#website\",\"url\":\"https:\\\/\\\/darkamazi.info\\\/\",\"name\":\"Darka Maz\u00ee\",\"description\":\"P\u00eageha Zanyariy\u00ean Nebih\u00eest\u00ee\",\"publisher\":{\"@id\":\"https:\\\/\\\/darkamazi.info\\\/#organization\"},\"potentialAction\":[{\"@type\":\"SearchAction\",\"target\":{\"@type\":\"EntryPoint\",\"urlTemplate\":\"https:\\\/\\\/darkamazi.info\\\/?s={search_term_string}\"},\"query-input\":{\"@type\":\"PropertyValueSpecification\",\"valueRequired\":true,\"valueName\":\"search_term_string\"}}],\"inLanguage\":\"en-US\"},{\"@type\":\"Organization\",\"@id\":\"https:\\\/\\\/darkamazi.info\\\/#organization\",\"name\":\"Darka Maz\u00ee\",\"url\":\"https:\\\/\\\/darkamazi.info\\\/\",\"logo\":{\"@type\":\"ImageObject\",\"inLanguage\":\"en-US\",\"@id\":\"https:\\\/\\\/darkamazi.info\\\/#\\\/schema\\\/logo\\\/image\\\/\",\"url\":\"https:\\\/\\\/darkamazi.info\\\/darka-content\\\/uploads\\\/2017\\\/12\\\/darka-mazi-logo.png\",\"contentUrl\":\"https:\\\/\\\/darkamazi.info\\\/darka-content\\\/uploads\\\/2017\\\/12\\\/darka-mazi-logo.png\",\"width\":151,\"height\":75,\"caption\":\"Darka Maz\u00ee\"},\"image\":{\"@id\":\"https:\\\/\\\/darkamazi.info\\\/#\\\/schema\\\/logo\\\/image\\\/\"},\"sameAs\":[\"https:\\\/\\\/www.facebook.com\\\/DarMaziKurmanci\",\"https:\\\/\\\/x.com\\\/DarkaMaziLatini\",\"https:\\\/\\\/www.instagram.com\\\/darkamazi.kurmanci\\\/\",\"https:\\\/\\\/www.youtube.com\\\/channel\\\/UCa5HkTdmI8U1qCUFuTw8B2g\"]},{\"@type\":\"Person\",\"@id\":\"https:\\\/\\\/darkamazi.info\\\/#\\\/schema\\\/person\\\/5ad3e24553a0567993fa8ed4bd0a776c\",\"name\":\"darka mazi\",\"sameAs\":[\"https:\\\/\\\/darkamazi.info\\\/\"],\"url\":\"https:\\\/\\\/darkamazi.info\\\/archives\\\/author\\\/kurdi\"}]}<\/script>\n<!-- \/ Yoast SEO plugin. -->","seo_head_json":{"title":"Hakan Fidan: Tirkiye amade ye tengava Hurmiz\u00ea ji m\u00eenan paqij bike - Darka Maz\u00ee","robots":{"index":"index","follow":"follow","max-snippet":"max-snippet:-1","max-image-preview":"max-image-preview:large","max-video-preview":"max-video-preview:-1"},"canonical":"https:\/\/darkamazi.info\/archives\/1052593","og_locale":"en_US","og_type":"article","og_title":"Hakan Fidan: Tirkiye amade ye tengava Hurmiz\u00ea ji m\u00eenan paqij bike - Darka Maz\u00ee","og_description":"Wez\u00eer\u00ea Derve y\u00ea Tirkiyey\u00ea Hakan Fidan ragihand ku eger Amer\u00eeka \u00fb \u00ceran bigih\u00eejin peymaneke a\u015ftiy\u00ea, welat\u00ea w\u00ee amade ye be\u015fdar\u00ee operasyon\u00ean navdewlet\u00ee y\u00ean ji bo paqijkirina m\u00een\u00ean li tengava Hurmiz\u00ea bibe. Fidan ev gav wek\u00ee &#8220;erke k\u00ea mirov\u00ee&#8221; p\u00eanase kir \u00fb destn\u00ee\u015fan kir ku armanca wan asay\u00eekirina rew\u015fa ge\u015ft\u00ean deryay\u00ee ye. Roja \u015eemiy\u00ea, 25\u00ea N\u00eesana [&hellip;]","og_url":"https:\/\/darkamazi.info\/archives\/1052593","og_site_name":"Darka Maz\u00ee","article_publisher":"https:\/\/www.facebook.com\/DarMaziKurmanci","article_published_time":"2026-04-25T17:17:17+00:00","og_image":[{"width":900,"height":500,"url":"https:\/\/darkamazi.info\/file\/2026\/04\/Hakan-Fidan-Halab.jpg","type":"image\/jpeg"}],"author":"darka mazi","twitter_card":"summary_large_image","twitter_creator":"@DarkaMaziLatini","twitter_site":"@DarkaMaziLatini","twitter_misc":{"Written by":"darka mazi","Est. reading time":"2 minutes"},"schema":{"@context":"https:\/\/schema.org","@graph":[{"@type":"Article","@id":"https:\/\/darkamazi.info\/archives\/1052593#article","isPartOf":{"@id":"https:\/\/darkamazi.info\/archives\/1052593"},"author":{"name":"darka mazi","@id":"https:\/\/darkamazi.info\/#\/schema\/person\/5ad3e24553a0567993fa8ed4bd0a776c"},"headline":"Hakan Fidan: Tirkiye amade ye tengava Hurmiz\u00ea ji m\u00eenan paqij bike","datePublished":"2026-04-25T17:17:17+00:00","mainEntityOfPage":{"@id":"https:\/\/darkamazi.info\/archives\/1052593"},"wordCount":312,"publisher":{"@id":"https:\/\/darkamazi.info\/#organization"},"image":{"@id":"https:\/\/darkamazi.info\/archives\/1052593#primaryimage"},"thumbnailUrl":"https:\/\/darkamazi.info\/file\/2026\/04\/Hakan-Fidan-Halab.jpg","keywords":["sereke"],"articleSection":["Rojhelata nav\u00een"],"inLanguage":"en-US"},{"@type":"WebPage","@id":"https:\/\/darkamazi.info\/archives\/1052593","url":"https:\/\/darkamazi.info\/archives\/1052593","name":"Hakan Fidan: Tirkiye amade ye tengava Hurmiz\u00ea ji m\u00eenan paqij bike - Darka Maz\u00ee","isPartOf":{"@id":"https:\/\/darkamazi.info\/#website"},"primaryImageOfPage":{"@id":"https:\/\/darkamazi.info\/archives\/1052593#primaryimage"},"image":{"@id":"https:\/\/darkamazi.info\/archives\/1052593#primaryimage"},"thumbnailUrl":"https:\/\/darkamazi.info\/file\/2026\/04\/Hakan-Fidan-Halab.jpg","datePublished":"2026-04-25T17:17:17+00:00","breadcrumb":{"@id":"https:\/\/darkamazi.info\/archives\/1052593#breadcrumb"},"inLanguage":"en-US","potentialAction":[{"@type":"ReadAction","target":["https:\/\/darkamazi.info\/archives\/1052593"]}]},{"@type":"ImageObject","inLanguage":"en-US","@id":"https:\/\/darkamazi.info\/archives\/1052593#primaryimage","url":"https:\/\/darkamazi.info\/file\/2026\/04\/Hakan-Fidan-Halab.jpg","contentUrl":"https:\/\/darkamazi.info\/file\/2026\/04\/Hakan-Fidan-Halab.jpg","width":900,"height":500,"caption":"Hakan Fidan: Tirkiye amade ye tengava Hurmiz\u00ea ji m\u00eenan paqij bike"},{"@type":"BreadcrumbList","@id":"https:\/\/darkamazi.info\/archives\/1052593#breadcrumb","itemListElement":[{"@type":"ListItem","position":1,"name":"Home","item":"https:\/\/darkamazi.info\/"},{"@type":"ListItem","position":2,"name":"Hakan Fidan: Tirkiye amade ye tengava Hurmiz\u00ea ji m\u00eenan paqij bike"}]},{"@type":"WebSite","@id":"https:\/\/darkamazi.info\/#website","url":"https:\/\/darkamazi.info\/","name":"Darka Maz\u00ee","description":"P\u00eageha Zanyariy\u00ean Nebih\u00eest\u00ee","publisher":{"@id":"https:\/\/darkamazi.info\/#organization"},"potentialAction":[{"@type":"SearchAction","target":{"@type":"EntryPoint","urlTemplate":"https:\/\/darkamazi.info\/?s={search_term_string}"},"query-input":{"@type":"PropertyValueSpecification","valueRequired":true,"valueName":"search_term_string"}}],"inLanguage":"en-US"},{"@type":"Organization","@id":"https:\/\/darkamazi.info\/#organization","name":"Darka Maz\u00ee","url":"https:\/\/darkamazi.info\/","logo":{"@type":"ImageObject","inLanguage":"en-US","@id":"https:\/\/darkamazi.info\/#\/schema\/logo\/image\/","url":"https:\/\/darkamazi.info\/file\/2017\/12\/darka-mazi-logo.png","contentUrl":"https:\/\/darkamazi.info\/file\/2017\/12\/darka-mazi-logo.png","width":151,"height":75,"caption":"Darka Maz\u00ee"},"image":{"@id":"https:\/\/darkamazi.info\/#\/schema\/logo\/image\/"},"sameAs":["https:\/\/www.facebook.com\/DarMaziKurmanci","https:\/\/x.com\/DarkaMaziLatini","https:\/\/www.instagram.com\/darkamazi.kurmanci\/","https:\/\/www.youtube.com\/channel\/UCa5HkTdmI8U1qCUFuTw8B2g"]},{"@type":"Person","@id":"https:\/\/darkamazi.info\/#\/schema\/person\/5ad3e24553a0567993fa8ed4bd0a776c","name":"darka mazi","sameAs":["https:\/\/darkamazi.info\/"],"url":"https:\/\/darkamazi.info\/archives\/author\/kurdi"}]}},"_links":{"self":[{"href":"https:\/\/darkamazi.info\/funavuv\/wp\/v2\/posts\/1052593","targetHints":{"allow":["GET"]}}],"collection":[{"href":"https:\/\/darkamazi.info\/funavuv\/wp\/v2\/posts"}],"about":[{"href":"https:\/\/darkamazi.info\/funavuv\/wp\/v2\/types\/post"}],"author":[{"embeddable":true,"href":"https:\/\/darkamazi.info\/funavuv\/wp\/v2\/users\/2"}],"replies":[{"embeddable":true,"href":"https:\/\/darkamazi.info\/funavuv\/wp\/v2\/comments?post=1052593"}],"version-history":[{"count":1,"href":"https:\/\/darkamazi.info\/funavuv\/wp\/v2\/posts\/1052593\/revisions"}],"predecessor-version":[{"id":1052595,"href":"https:\/\/darkamazi.info\/funavuv\/wp\/v2\/posts\/1052593\/revisions\/1052595"}],"wp:featuredmedia":[{"embeddable":true,"href":"https:\/\/darkamazi.info\/funavuv\/wp\/v2\/media\/1052594"}],"wp:attachment":[{"href":"https:\/\/darkamazi.info\/funavuv\/wp\/v2\/media?parent=1052593"}],"wp:term":[{"taxonomy":"category","embeddable":true,"href":"https:\/\/darkamazi.info\/funavuv\/wp\/v2\/categories?post=1052593"},{"taxonomy":"post_tag","embeddable":true,"href":"https:\/\/darkamazi.info\/funavuv\/wp\/v2\/tags?post=1052593"}],"curies":[{"name":"wp","href":"https:\/\/api.w.org\/{rel}","templated":true}]}}