{"id":1052599,"date":"2026-04-26T12:51:41","date_gmt":"2026-04-26T09:51:41","guid":{"rendered":"https:\/\/darkamazi.info\/?p=1052599"},"modified":"2026-04-26T12:51:41","modified_gmt":"2026-04-26T09:51:41","slug":"pdk-merc-u-daxwazen-xwe-di-paketeke-yekgirti-de-peskesi-bexdaye-dike","status":"publish","type":"post","link":"https:\/\/darkamazi.info\/archives\/1052599","title":{"rendered":"PDK merc \u00fb daxwaz\u00ean Xwe di &#8220;Pak\u00eateke Yekgirt\u00ee&#8221; de p\u00ea\u015fk\u00ea\u015f\u00ee Bexday\u00ea dike"},"content":{"rendered":"<h3 style=\"text-align: justify;\"><span style=\"font-family: 'arial black', sans-serif;\">Pol\u00eetburoya Partiya Demokrat a Kurdistan\u00ea (PDK) tevahiya merc, daxwaz \u00fb n\u00eegeraniy\u00ean xwe di pak\u00eateke taybet de kom kirine \u00fb biryar e li ser v\u00ea bingeh\u00ea ligel aliy\u00ean Iraq\u00ee dest bi dan\u00fbstandinan bike. Ev p\u00eangava PDK\u00ea di demek\u00ea de t\u00ea ku hewl\u00ean navdewlet\u00ee \u00fb navxwey\u00ee ji bo \u00e7areserkirina kr\u00eeza siyas\u00ee ya navbera Hewl\u00ear \u00fb Bexday\u00ea z\u00eade b\u00fbne.<\/span><\/h3>\n<h3 style=\"text-align: justify;\">\u00c7avkaniyeke bilind ji PDK\u00ea ji medyay\u00ea re ragihand ku pol\u00eetburoya partiy\u00ea amadekariy\u00ean xwe temam kirine. \u00c7avkaniy\u00ea diyar kir ku ew ji proseya siyas\u00ee ya Iraq\u00ea nek\u015fiyane, l\u00ea bel\u00ea ji ber hinek &#8220;p\u00ea\u015f\u00ealkariy\u00ean dest\u00fbr\u00ee \u00fb yasay\u00ee&#8221; n\u00eegeran in \u00fb vegeriyane Hewl\u00ear\u00ea. Hat destn\u00ee\u015fankirin ku biryara vegera bo Bexday\u00ea, di dest\u00ea serkirdayetiya PDK\u00ea de ye \u00fb ew yek bi nemana n\u00eegeraniyan \u00fb \u00e7areserkirina pirsgir\u00eakan ve gir\u00eaday\u00ee ye.<\/h3>\n<h3 style=\"text-align: justify;\">Li gor\u00ee agahiyan, \u00eero Yek\u015fem\u00ea (26\u00ea N\u00eesana 2026), \u015fandeke bilind a serok\u00ean fraks\u00eeyon\u00ean Parlamentoya Iraq\u00ea serdana Hewl\u00ear\u00ea dike. Armanca v\u00ea serdan\u00ea civ\u00eena ligel fraks\u00eeyona PDK\u00ea ye, daku zem\u00eenek ji bo lihevkirin\u00ea were amadekirin \u00fb parlamenter\u00ean PDK\u00ea vegerin nava hol\u00ean civ\u00een\u00ean parlamentoy\u00ea.<\/h3>\n<h3 style=\"text-align: justify;\">Ev tevgera d\u00eeplomat\u00eek pi\u015ft\u00ee w\u00ea yek\u00ea t\u00ea ku Serokatiya Parlamentoya Iraq\u00ea di civ\u00eena 22\u00ea N\u00eesan\u00ea de daxwaz ji serok\u00ean fraks\u00eeyonan kirib\u00fb ku l\u00eejneyeke hevbe\u015f ava bikin. Erka sereke ya v\u00ea l\u00eejney\u00ea ew e ku ligel PDK\u00ea li ser wan asteng \u00fb hokeran biaxivin ku b\u00fbne sedema baykotkirina civ\u00een\u00ean parlamentoy\u00ea.<\/h3>\n<h3 style=\"text-align: justify;\">P\u00ea\u015ftir fraks\u00eeyona PDK\u00ea bi daxuyaniyeke ferm\u00ee ragihandib\u00fb ku baykotkirina wan wek\u00ee neraz\u00eeb\u00fbnek\u00ea ye li dij\u00ee kar\u00ean dervey\u00ee dest\u00fbr\u00ea y\u00ean di nava parlamentoy\u00ea de r\u00fb didin. \u00c7avd\u00ear\u00ean siyas\u00ee li bend\u00ea ne ku ev &#8220;pak\u00eata PDK\u00ea&#8221; bibe kil\u00eeta \u00e7areseriy\u00ea an j\u00ee bibe destp\u00eaka qonaxeke n\u00fb ya dan\u00fbstandin\u00ean dijwar di navbera her du aliyan de.<\/h3>\n","protected":false},"excerpt":{"rendered":"<p>Pol\u00eetburoya Partiya Demokrat a Kurdistan\u00ea (PDK) tevahiya merc, daxwaz \u00fb n\u00eegeraniy\u00ean xwe di pak\u00eateke taybet de kom kirine \u00fb biryar e li ser v\u00ea bingeh\u00ea ligel aliy\u00ean Iraq\u00ee dest bi dan\u00fbstandinan bike. Ev p\u00eangava PDK\u00ea di demek\u00ea de t\u00ea ku hewl\u00ean navdewlet\u00ee \u00fb navxwey\u00ee ji bo \u00e7areserkirina kr\u00eeza siyas\u00ee ya navbera Hewl\u00ear \u00fb Bexday\u00ea z\u00eade [&hellip;]<\/p>\n","protected":false},"author":2,"featured_media":1052600,"comment_status":"closed","ping_status":"closed","sticky":false,"template":"","format":"standard","meta":{"footnotes":""},"categories":[29],"tags":[37],"class_list":["post-1052599","post","type-post","status-publish","format-standard","has-post-thumbnail","hentry","category-kurdistan","tag-sereke"],"blocksy_meta":[],"seo_head":"<!-- This site is optimized with the Yoast SEO plugin v27.4 - https:\/\/yoast.com\/product\/yoast-seo-wordpress\/ -->\n<title>PDK merc \u00fb daxwaz\u00ean Xwe di &quot;Pak\u00eateke Yekgirt\u00ee&quot; de p\u00ea\u015fk\u00ea\u015f\u00ee Bexday\u00ea dike - Darka Maz\u00ee<\/title>\n<meta name=\"robots\" content=\"index, follow, max-snippet:-1, max-image-preview:large, max-video-preview:-1\" \/>\n<link rel=\"canonical\" href=\"https:\/\/darkamazi.info\/archives\/1052599\" \/>\n<meta property=\"og:locale\" content=\"en_US\" \/>\n<meta property=\"og:type\" content=\"article\" \/>\n<meta property=\"og:title\" content=\"PDK merc \u00fb daxwaz\u00ean Xwe di &quot;Pak\u00eateke Yekgirt\u00ee&quot; de p\u00ea\u015fk\u00ea\u015f\u00ee Bexday\u00ea dike - Darka Maz\u00ee\" \/>\n<meta property=\"og:description\" content=\"Pol\u00eetburoya Partiya Demokrat a Kurdistan\u00ea (PDK) tevahiya merc, daxwaz \u00fb n\u00eegeraniy\u00ean xwe di pak\u00eateke taybet de kom kirine \u00fb biryar e li ser v\u00ea bingeh\u00ea ligel aliy\u00ean Iraq\u00ee dest bi dan\u00fbstandinan bike. Ev p\u00eangava PDK\u00ea di demek\u00ea de t\u00ea ku hewl\u00ean navdewlet\u00ee \u00fb navxwey\u00ee ji bo \u00e7areserkirina kr\u00eeza siyas\u00ee ya navbera Hewl\u00ear \u00fb Bexday\u00ea z\u00eade [&hellip;]\" \/>\n<meta property=\"og:url\" content=\"https:\/\/darkamazi.info\/archives\/1052599\" \/>\n<meta property=\"og:site_name\" content=\"Darka Maz\u00ee\" \/>\n<meta property=\"article:publisher\" content=\"https:\/\/www.facebook.com\/DarMaziKurmanci\" \/>\n<meta property=\"article:published_time\" content=\"2026-04-26T09:51:41+00:00\" \/>\n<meta property=\"og:image\" content=\"https:\/\/darkamazi.info\/file\/2026\/04\/PDK-KDP-Net-1.jpg\" \/>\n\t<meta property=\"og:image:width\" content=\"900\" \/>\n\t<meta property=\"og:image:height\" content=\"500\" \/>\n\t<meta property=\"og:image:type\" content=\"image\/jpeg\" \/>\n<meta name=\"author\" content=\"darka mazi\" \/>\n<meta name=\"twitter:card\" content=\"summary_large_image\" \/>\n<meta name=\"twitter:creator\" content=\"@DarkaMaziLatini\" \/>\n<meta name=\"twitter:site\" content=\"@DarkaMaziLatini\" \/>\n<meta name=\"twitter:label1\" content=\"Written by\" \/>\n\t<meta name=\"twitter:data1\" content=\"darka mazi\" \/>\n\t<meta name=\"twitter:label2\" content=\"Est. reading time\" \/>\n\t<meta name=\"twitter:data2\" content=\"2 minutes\" \/>\n<script type=\"application\/ld+json\" class=\"seo-schema-graph\">{\"@context\":\"https:\\\/\\\/schema.org\",\"@graph\":[{\"@type\":\"Article\",\"@id\":\"https:\\\/\\\/darkamazi.info\\\/archives\\\/1052599#article\",\"isPartOf\":{\"@id\":\"https:\\\/\\\/darkamazi.info\\\/archives\\\/1052599\"},\"author\":{\"name\":\"darka mazi\",\"@id\":\"https:\\\/\\\/darkamazi.info\\\/#\\\/schema\\\/person\\\/5ad3e24553a0567993fa8ed4bd0a776c\"},\"headline\":\"PDK merc \u00fb daxwaz\u00ean Xwe di &#8220;Pak\u00eateke Yekgirt\u00ee&#8221; de p\u00ea\u015fk\u00ea\u015f\u00ee Bexday\u00ea dike\",\"datePublished\":\"2026-04-26T09:51:41+00:00\",\"mainEntityOfPage\":{\"@id\":\"https:\\\/\\\/darkamazi.info\\\/archives\\\/1052599\"},\"wordCount\":327,\"publisher\":{\"@id\":\"https:\\\/\\\/darkamazi.info\\\/#organization\"},\"image\":{\"@id\":\"https:\\\/\\\/darkamazi.info\\\/archives\\\/1052599#primaryimage\"},\"thumbnailUrl\":\"https:\\\/\\\/darkamazi.info\\\/darka-content\\\/uploads\\\/2026\\\/04\\\/PDK-KDP-Net-1.jpg\",\"keywords\":[\"sereke\"],\"articleSection\":[\"Kurdistan\"],\"inLanguage\":\"en-US\"},{\"@type\":\"WebPage\",\"@id\":\"https:\\\/\\\/darkamazi.info\\\/archives\\\/1052599\",\"url\":\"https:\\\/\\\/darkamazi.info\\\/archives\\\/1052599\",\"name\":\"PDK merc \u00fb daxwaz\u00ean Xwe di \\\"Pak\u00eateke Yekgirt\u00ee\\\" de p\u00ea\u015fk\u00ea\u015f\u00ee Bexday\u00ea dike - Darka Maz\u00ee\",\"isPartOf\":{\"@id\":\"https:\\\/\\\/darkamazi.info\\\/#website\"},\"primaryImageOfPage\":{\"@id\":\"https:\\\/\\\/darkamazi.info\\\/archives\\\/1052599#primaryimage\"},\"image\":{\"@id\":\"https:\\\/\\\/darkamazi.info\\\/archives\\\/1052599#primaryimage\"},\"thumbnailUrl\":\"https:\\\/\\\/darkamazi.info\\\/darka-content\\\/uploads\\\/2026\\\/04\\\/PDK-KDP-Net-1.jpg\",\"datePublished\":\"2026-04-26T09:51:41+00:00\",\"breadcrumb\":{\"@id\":\"https:\\\/\\\/darkamazi.info\\\/archives\\\/1052599#breadcrumb\"},\"inLanguage\":\"en-US\",\"potentialAction\":[{\"@type\":\"ReadAction\",\"target\":[\"https:\\\/\\\/darkamazi.info\\\/archives\\\/1052599\"]}]},{\"@type\":\"ImageObject\",\"inLanguage\":\"en-US\",\"@id\":\"https:\\\/\\\/darkamazi.info\\\/archives\\\/1052599#primaryimage\",\"url\":\"https:\\\/\\\/darkamazi.info\\\/darka-content\\\/uploads\\\/2026\\\/04\\\/PDK-KDP-Net-1.jpg\",\"contentUrl\":\"https:\\\/\\\/darkamazi.info\\\/darka-content\\\/uploads\\\/2026\\\/04\\\/PDK-KDP-Net-1.jpg\",\"width\":900,\"height\":500,\"caption\":\"PDK merc \u00fb daxwaz\u00ean Xwe di \\\"Pak\u00eateke Yekgirt\u00ee\\\" de p\u00ea\u015fk\u00ea\u015f\u00ee Bexday\u00ea dike\"},{\"@type\":\"BreadcrumbList\",\"@id\":\"https:\\\/\\\/darkamazi.info\\\/archives\\\/1052599#breadcrumb\",\"itemListElement\":[{\"@type\":\"ListItem\",\"position\":1,\"name\":\"Home\",\"item\":\"https:\\\/\\\/darkamazi.info\\\/\"},{\"@type\":\"ListItem\",\"position\":2,\"name\":\"PDK merc \u00fb daxwaz\u00ean Xwe di &#8220;Pak\u00eateke Yekgirt\u00ee&#8221; de p\u00ea\u015fk\u00ea\u015f\u00ee Bexday\u00ea dike\"}]},{\"@type\":\"WebSite\",\"@id\":\"https:\\\/\\\/darkamazi.info\\\/#website\",\"url\":\"https:\\\/\\\/darkamazi.info\\\/\",\"name\":\"Darka Maz\u00ee\",\"description\":\"P\u00eageha Zanyariy\u00ean Nebih\u00eest\u00ee\",\"publisher\":{\"@id\":\"https:\\\/\\\/darkamazi.info\\\/#organization\"},\"potentialAction\":[{\"@type\":\"SearchAction\",\"target\":{\"@type\":\"EntryPoint\",\"urlTemplate\":\"https:\\\/\\\/darkamazi.info\\\/?s={search_term_string}\"},\"query-input\":{\"@type\":\"PropertyValueSpecification\",\"valueRequired\":true,\"valueName\":\"search_term_string\"}}],\"inLanguage\":\"en-US\"},{\"@type\":\"Organization\",\"@id\":\"https:\\\/\\\/darkamazi.info\\\/#organization\",\"name\":\"Darka Maz\u00ee\",\"url\":\"https:\\\/\\\/darkamazi.info\\\/\",\"logo\":{\"@type\":\"ImageObject\",\"inLanguage\":\"en-US\",\"@id\":\"https:\\\/\\\/darkamazi.info\\\/#\\\/schema\\\/logo\\\/image\\\/\",\"url\":\"https:\\\/\\\/darkamazi.info\\\/darka-content\\\/uploads\\\/2017\\\/12\\\/darka-mazi-logo.png\",\"contentUrl\":\"https:\\\/\\\/darkamazi.info\\\/darka-content\\\/uploads\\\/2017\\\/12\\\/darka-mazi-logo.png\",\"width\":151,\"height\":75,\"caption\":\"Darka Maz\u00ee\"},\"image\":{\"@id\":\"https:\\\/\\\/darkamazi.info\\\/#\\\/schema\\\/logo\\\/image\\\/\"},\"sameAs\":[\"https:\\\/\\\/www.facebook.com\\\/DarMaziKurmanci\",\"https:\\\/\\\/x.com\\\/DarkaMaziLatini\",\"https:\\\/\\\/www.instagram.com\\\/darkamazi.kurmanci\\\/\",\"https:\\\/\\\/www.youtube.com\\\/channel\\\/UCa5HkTdmI8U1qCUFuTw8B2g\"]},{\"@type\":\"Person\",\"@id\":\"https:\\\/\\\/darkamazi.info\\\/#\\\/schema\\\/person\\\/5ad3e24553a0567993fa8ed4bd0a776c\",\"name\":\"darka mazi\",\"sameAs\":[\"https:\\\/\\\/darkamazi.info\\\/\"],\"url\":\"https:\\\/\\\/darkamazi.info\\\/archives\\\/author\\\/kurdi\"}]}<\/script>\n<!-- \/ Yoast SEO plugin. -->","seo_head_json":{"title":"PDK merc \u00fb daxwaz\u00ean Xwe di \"Pak\u00eateke Yekgirt\u00ee\" de p\u00ea\u015fk\u00ea\u015f\u00ee Bexday\u00ea dike - Darka Maz\u00ee","robots":{"index":"index","follow":"follow","max-snippet":"max-snippet:-1","max-image-preview":"max-image-preview:large","max-video-preview":"max-video-preview:-1"},"canonical":"https:\/\/darkamazi.info\/archives\/1052599","og_locale":"en_US","og_type":"article","og_title":"PDK merc \u00fb daxwaz\u00ean Xwe di \"Pak\u00eateke Yekgirt\u00ee\" de p\u00ea\u015fk\u00ea\u015f\u00ee Bexday\u00ea dike - Darka Maz\u00ee","og_description":"Pol\u00eetburoya Partiya Demokrat a Kurdistan\u00ea (PDK) tevahiya merc, daxwaz \u00fb n\u00eegeraniy\u00ean xwe di pak\u00eateke taybet de kom kirine \u00fb biryar e li ser v\u00ea bingeh\u00ea ligel aliy\u00ean Iraq\u00ee dest bi dan\u00fbstandinan bike. Ev p\u00eangava PDK\u00ea di demek\u00ea de t\u00ea ku hewl\u00ean navdewlet\u00ee \u00fb navxwey\u00ee ji bo \u00e7areserkirina kr\u00eeza siyas\u00ee ya navbera Hewl\u00ear \u00fb Bexday\u00ea z\u00eade [&hellip;]","og_url":"https:\/\/darkamazi.info\/archives\/1052599","og_site_name":"Darka Maz\u00ee","article_publisher":"https:\/\/www.facebook.com\/DarMaziKurmanci","article_published_time":"2026-04-26T09:51:41+00:00","og_image":[{"width":900,"height":500,"url":"https:\/\/darkamazi.info\/file\/2026\/04\/PDK-KDP-Net-1.jpg","type":"image\/jpeg"}],"author":"darka mazi","twitter_card":"summary_large_image","twitter_creator":"@DarkaMaziLatini","twitter_site":"@DarkaMaziLatini","twitter_misc":{"Written by":"darka mazi","Est. reading time":"2 minutes"},"schema":{"@context":"https:\/\/schema.org","@graph":[{"@type":"Article","@id":"https:\/\/darkamazi.info\/archives\/1052599#article","isPartOf":{"@id":"https:\/\/darkamazi.info\/archives\/1052599"},"author":{"name":"darka mazi","@id":"https:\/\/darkamazi.info\/#\/schema\/person\/5ad3e24553a0567993fa8ed4bd0a776c"},"headline":"PDK merc \u00fb daxwaz\u00ean Xwe di &#8220;Pak\u00eateke Yekgirt\u00ee&#8221; de p\u00ea\u015fk\u00ea\u015f\u00ee Bexday\u00ea dike","datePublished":"2026-04-26T09:51:41+00:00","mainEntityOfPage":{"@id":"https:\/\/darkamazi.info\/archives\/1052599"},"wordCount":327,"publisher":{"@id":"https:\/\/darkamazi.info\/#organization"},"image":{"@id":"https:\/\/darkamazi.info\/archives\/1052599#primaryimage"},"thumbnailUrl":"https:\/\/darkamazi.info\/file\/2026\/04\/PDK-KDP-Net-1.jpg","keywords":["sereke"],"articleSection":["Kurdistan"],"inLanguage":"en-US"},{"@type":"WebPage","@id":"https:\/\/darkamazi.info\/archives\/1052599","url":"https:\/\/darkamazi.info\/archives\/1052599","name":"PDK merc \u00fb daxwaz\u00ean Xwe di \"Pak\u00eateke Yekgirt\u00ee\" de p\u00ea\u015fk\u00ea\u015f\u00ee Bexday\u00ea dike - Darka Maz\u00ee","isPartOf":{"@id":"https:\/\/darkamazi.info\/#website"},"primaryImageOfPage":{"@id":"https:\/\/darkamazi.info\/archives\/1052599#primaryimage"},"image":{"@id":"https:\/\/darkamazi.info\/archives\/1052599#primaryimage"},"thumbnailUrl":"https:\/\/darkamazi.info\/file\/2026\/04\/PDK-KDP-Net-1.jpg","datePublished":"2026-04-26T09:51:41+00:00","breadcrumb":{"@id":"https:\/\/darkamazi.info\/archives\/1052599#breadcrumb"},"inLanguage":"en-US","potentialAction":[{"@type":"ReadAction","target":["https:\/\/darkamazi.info\/archives\/1052599"]}]},{"@type":"ImageObject","inLanguage":"en-US","@id":"https:\/\/darkamazi.info\/archives\/1052599#primaryimage","url":"https:\/\/darkamazi.info\/file\/2026\/04\/PDK-KDP-Net-1.jpg","contentUrl":"https:\/\/darkamazi.info\/file\/2026\/04\/PDK-KDP-Net-1.jpg","width":900,"height":500,"caption":"PDK merc \u00fb daxwaz\u00ean Xwe di \"Pak\u00eateke Yekgirt\u00ee\" de p\u00ea\u015fk\u00ea\u015f\u00ee Bexday\u00ea dike"},{"@type":"BreadcrumbList","@id":"https:\/\/darkamazi.info\/archives\/1052599#breadcrumb","itemListElement":[{"@type":"ListItem","position":1,"name":"Home","item":"https:\/\/darkamazi.info\/"},{"@type":"ListItem","position":2,"name":"PDK merc \u00fb daxwaz\u00ean Xwe di &#8220;Pak\u00eateke Yekgirt\u00ee&#8221; de p\u00ea\u015fk\u00ea\u015f\u00ee Bexday\u00ea dike"}]},{"@type":"WebSite","@id":"https:\/\/darkamazi.info\/#website","url":"https:\/\/darkamazi.info\/","name":"Darka Maz\u00ee","description":"P\u00eageha Zanyariy\u00ean Nebih\u00eest\u00ee","publisher":{"@id":"https:\/\/darkamazi.info\/#organization"},"potentialAction":[{"@type":"SearchAction","target":{"@type":"EntryPoint","urlTemplate":"https:\/\/darkamazi.info\/?s={search_term_string}"},"query-input":{"@type":"PropertyValueSpecification","valueRequired":true,"valueName":"search_term_string"}}],"inLanguage":"en-US"},{"@type":"Organization","@id":"https:\/\/darkamazi.info\/#organization","name":"Darka Maz\u00ee","url":"https:\/\/darkamazi.info\/","logo":{"@type":"ImageObject","inLanguage":"en-US","@id":"https:\/\/darkamazi.info\/#\/schema\/logo\/image\/","url":"https:\/\/darkamazi.info\/file\/2017\/12\/darka-mazi-logo.png","contentUrl":"https:\/\/darkamazi.info\/file\/2017\/12\/darka-mazi-logo.png","width":151,"height":75,"caption":"Darka Maz\u00ee"},"image":{"@id":"https:\/\/darkamazi.info\/#\/schema\/logo\/image\/"},"sameAs":["https:\/\/www.facebook.com\/DarMaziKurmanci","https:\/\/x.com\/DarkaMaziLatini","https:\/\/www.instagram.com\/darkamazi.kurmanci\/","https:\/\/www.youtube.com\/channel\/UCa5HkTdmI8U1qCUFuTw8B2g"]},{"@type":"Person","@id":"https:\/\/darkamazi.info\/#\/schema\/person\/5ad3e24553a0567993fa8ed4bd0a776c","name":"darka mazi","sameAs":["https:\/\/darkamazi.info\/"],"url":"https:\/\/darkamazi.info\/archives\/author\/kurdi"}]}},"_links":{"self":[{"href":"https:\/\/darkamazi.info\/funavuv\/wp\/v2\/posts\/1052599","targetHints":{"allow":["GET"]}}],"collection":[{"href":"https:\/\/darkamazi.info\/funavuv\/wp\/v2\/posts"}],"about":[{"href":"https:\/\/darkamazi.info\/funavuv\/wp\/v2\/types\/post"}],"author":[{"embeddable":true,"href":"https:\/\/darkamazi.info\/funavuv\/wp\/v2\/users\/2"}],"replies":[{"embeddable":true,"href":"https:\/\/darkamazi.info\/funavuv\/wp\/v2\/comments?post=1052599"}],"version-history":[{"count":1,"href":"https:\/\/darkamazi.info\/funavuv\/wp\/v2\/posts\/1052599\/revisions"}],"predecessor-version":[{"id":1052601,"href":"https:\/\/darkamazi.info\/funavuv\/wp\/v2\/posts\/1052599\/revisions\/1052601"}],"wp:featuredmedia":[{"embeddable":true,"href":"https:\/\/darkamazi.info\/funavuv\/wp\/v2\/media\/1052600"}],"wp:attachment":[{"href":"https:\/\/darkamazi.info\/funavuv\/wp\/v2\/media?parent=1052599"}],"wp:term":[{"taxonomy":"category","embeddable":true,"href":"https:\/\/darkamazi.info\/funavuv\/wp\/v2\/categories?post=1052599"},{"taxonomy":"post_tag","embeddable":true,"href":"https:\/\/darkamazi.info\/funavuv\/wp\/v2\/tags?post=1052599"}],"curies":[{"name":"wp","href":"https:\/\/api.w.org\/{rel}","templated":true}]}}