{"id":1052602,"date":"2026-04-26T17:33:37","date_gmt":"2026-04-26T14:33:37","guid":{"rendered":"https:\/\/darkamazi.info\/?p=1052602"},"modified":"2026-04-26T17:33:37","modified_gmt":"2026-04-26T14:33:37","slug":"ocalan-pirsgireka-kurdan-ne-yeketiya-neteweye-yeketiya-demokratike","status":"publish","type":"post","link":"https:\/\/darkamazi.info\/archives\/1052602","title":{"rendered":"Ocalan: Pirsgir\u00eaka Kurdan ne yek\u00eat\u00eeya neteweye, yek\u00eat\u00eeya demokrat\u00eeke !!"},"content":{"rendered":"<h3 style=\"text-align: justify;\"><span style=\"font-family: 'arial black', sans-serif;\">R\u00eaber\u00ea PKK\u00ea Abdullah Ocalan ji Konferansa \u201cKurd\u00ean Bakur Yek\u00eetiya Xwe ya Netewey\u00ee N\u00eeqa\u015f Dikin\u201d a li Amed\u00ea re peyamek \u015fand. \u00db t\u00eada gotiye ku: pirsgir\u00eaka Kurdan ne yek\u00eat\u00eeya neteweye, belku yek\u00eat\u00eeya demokrat\u00eeke!!.<\/span><\/h3>\n<h3 style=\"text-align: justify;\"><span style=\"font-family: arial, helvetica, sans-serif;\">Ocalan destn\u00ee\u015fan kir ku komkirina kongreyeke berfireh a yek\u00eetiya demokrat\u00eek ji bo derxistina hol\u00ea ya aqil\u00ea hevpar \u00fb \u00eeradeya hevpar erkeke lezg\u00een e.<\/span><\/h3>\n<h3 style=\"text-align: justify;\"><span style=\"font-family: arial, helvetica, sans-serif;\">Konferansa \u00censiyat\u00eefa Yek\u00eetiya Demokrat\u00eek a bi sernav\u00ea \u201cKurd\u00ean Bakur Yek\u00eetiya Xwe ya Netewey\u00ee N\u00eeqa\u015f Dikin\u201d didome.<\/span><\/h3>\n<h3 style=\"text-align: justify;\"><span style=\"font-family: arial, helvetica, sans-serif;\">Konferans li Salona Konferansan a Al\u00ee Em\u00eer\u00ee ya \u015earedariya Bajar\u00ea Mezin a Amed\u00ea t\u00ea lidarxistin.<\/span><\/h3>\n<h3 style=\"text-align: justify;\"><span style=\"font-family: arial, helvetica, sans-serif;\">R\u00eaber\u00ea PKK\u00ea Abdullah Ocalan peyamek ji v\u00ea konferans\u00ea re \u015fand \u00fb ew peyam ji aliy\u00ea H\u00eelm\u00ee Aydogduy\u00ea ji Sekreteryaya \u00censiyat\u00eefa Yek\u00eetiya Demokrat\u00eek ve hat xwendin.<\/span><\/h3>\n<h3 style=\"text-align: justify;\"><span style=\"font-family: arial, helvetica, sans-serif;\">Di peyama Abdullah Ocalan de ev ti\u015ft hatin gotin:<\/span><\/h3>\n<h3 style=\"text-align: justify;\"><span style=\"font-family: arial, helvetica, sans-serif;\">&#8220;Be\u015fdar\u00ean h\u00eaja, berdewamiya heb\u00fbna civakek\u00ea rasterast bi h\u00eaza w\u00ea ya veguher\u00eena li gor\u00ee rastiy\u00ean serdem\u00ea ve gir\u00eaday\u00ee ye.<\/span><\/h3>\n<h3 style=\"text-align: justify;\"><span style=\"font-family: arial, helvetica, sans-serif;\">Ti avahiyeke civak\u00ee ya ku neguhere, venehuhere \u00fb d\u00eenam\u00eek\u00ean xwe y\u00ean navxwey\u00ee li ser zem\u00eeneke demokrat\u00eek ji n\u00fb ve ava neke, nikare may\u00eende bibe.<\/span><\/h3>\n<h3 style=\"text-align: justify;\"><span style=\"font-family: arial, helvetica, sans-serif;\">Kurd j\u00ee ji ber pol\u00eet\u00eekay\u00ean \u00eenkar, \u00eemha \u00fb zext\u00ea y\u00ean ku bi salan e r\u00fbbir\u00fby\u00ee wan dibin, ji derfeta ku v\u00ea veguhastin\u00ea di away\u00ea w\u00ea y\u00ea xwezay\u00ee de p\u00eak b\u00eenin b\u00eapar hatine hi\u015ftin.<\/span><\/h3>\n<h3 style=\"text-align: justify;\"><span style=\"font-family: arial, helvetica, sans-serif;\">Pirsgir\u00eaka bingeh\u00een a ku \u00eero li p\u00ea\u015fiya me ye ew e b\u00ea ka d\u00ea civaka Kurd \u00e7awa bibe civakeke demokrat\u00eek \u00fb n\u00fbjen.<\/span><\/h3>\n<h3 style=\"text-align: justify;\"><span style=\"font-family: arial, helvetica, sans-serif;\">Berdewamiya v\u00ea rastiy\u00ea bi w\u00ea yek\u00ea ve gir\u00eaday\u00ee ye ku karibe di qad\u00ean siyaset, abor\u00ee, perwerde, tendurist\u00ee \u00fb \u00e7and\u00ea de \u00eeradeya xwe derxe hol\u00ea.<\/span><\/h3>\n<h3 style=\"text-align: justify;\"><span style=\"font-family: arial, helvetica, sans-serif;\">Ev yek j\u00ee ten\u00ea bi saz\u00eeb\u00fbneke xurt a siyas\u00ee \u00fb civak\u00ee p\u00eakan e.<\/span><\/h3>\n<h3 style=\"text-align: justify;\"><span style=\"font-family: arial, helvetica, sans-serif;\">Civaka demokrat\u00eek p\u00eaw\u00eest\u00ee bi p\u00eavajoyeke hi\u015fmendane ya avakirin\u00ea heye.<\/span><\/h3>\n<h3 style=\"text-align: justify;\"><span style=\"font-family: arial, helvetica, sans-serif;\">Ev avakirin ne bi tundiy\u00ea \u00fb ne j\u00ee bi ferzkirin\u00ea dikare were p\u00eakan\u00een.<\/span><\/h3>\n<h3 style=\"text-align: justify;\"><span style=\"font-family: arial, helvetica, sans-serif;\">Ev yek bi r\u00eaxistinb\u00fbneke civak\u00ee ya piral\u00ee ya ku li ser zem\u00eena siyaseta demokrat\u00eek \u00fb hiq\u00fbq\u00ea t\u00ea me\u015fandin p\u00eakan e.<\/span><\/h3>\n<h3 style=\"text-align: justify;\"><span style=\"font-family: arial, helvetica, sans-serif;\">Ji n\u00fb ve destgirtina civak\u00eeb\u00fbn, abor\u00ee, \u00e7and, ziman \u00fb d\u00eerok\u00ea ya li gor\u00ee esas\u00ean demokrat\u00eek, bingeha v\u00ea p\u00eavajoy\u00ea p\u00eak t\u00eene. Demokras\u00ee li cih\u00ea ku zor \u00fb zext tune be \u015f\u00een dibe.<\/span><\/h3>\n<h3 style=\"text-align: justify;\"><span style=\"font-family: arial, helvetica, sans-serif;\">Ji ber v\u00ea yek\u00ea div\u00ea civaka Kurd ne ten\u00ea li hember\u00ee derve, di p\u00eawendiy\u00ean xwe y\u00ean navxwey\u00ee de j\u00ee ji n\u00fb ve avab\u00fbneke ku xwe disp\u00eare prens\u00eeb\u00ean demokrat\u00eek esas bigire.<\/span><\/h3>\n<h3 style=\"text-align: justify;\"><span style=\"font-family: arial, helvetica, sans-serif;\">Dema ku em di p\u00eawendiy\u00ean xwe y\u00ean bi netewe-dewletan re \u00e7areseriya demokrat\u00eek \u00fb dan \u00fb standin\u00ea dipar\u00eazin, div\u00ea em di nava xwe de j\u00ee ne tundiy\u00ea l\u00ea siyaseta demokrat\u00eek \u00fb hiq\u00fbq\u00ea esas bigirin.<\/span><\/h3>\n<h3 style=\"text-align: justify;\"><span style=\"font-family: arial, helvetica, sans-serif;\">R\u00eaya yek\u00eetiya demokrat\u00eek di dan \u00fb standina demokrat\u00eek re derbas dibe.<\/span><\/h3>\n<h3 style=\"text-align: justify;\"><span style=\"font-family: arial, helvetica, sans-serif;\">Yek ji pirsgir\u00eak\u00ean her\u00ee bingeh\u00een \u00ean gel\u00ea Kurd, pirsgir\u00eaka yek\u00eetiy\u00ea ye. Ji ber v\u00ea sedem\u00ea yek\u00eetiya demokrat\u00eek p\u00eaw\u00eestiyeke d\u00eerok\u00ee ye.<\/span><\/h3>\n<h3 style=\"text-align: justify;\"><span style=\"font-family: arial, helvetica, sans-serif;\">Komkirina kongreyeke berfireh a yek\u00eetiya demokrat\u00eek ji bo derxistina hol\u00ea ya aqil\u00ea hevpar \u00fb \u00eeradeya hevpar erkeke lezg\u00een e.<\/span><\/h3>\n<h3 style=\"text-align: justify;\"><span style=\"font-family: arial, helvetica, sans-serif;\">Dema ku Kurd li welat\u00ean ku l\u00ea dij\u00een bi r\u00eaya dan \u00fb standin\u00ean demokrat\u00eek li \u00e7areseriy\u00ea digerin, div\u00ea pirsgir\u00eak\u00ean di nava xwe de j\u00ee bi heman r\u00eabaz\u00ea \u00e7areser bikin.<\/span><\/h3>\n<h3 style=\"text-align: justify;\"><span style=\"font-family: arial, helvetica, sans-serif;\">L\u00ea bel\u00ea li p\u00ea\u015fiya v\u00ea p\u00eavajoy\u00ea, s\u00eestema e\u015f\u00eert\u00ee, qeb\u00eelet\u00ee \u00fb p\u00eawendiy\u00ean teng \u00ean ku civak\u00ea per\u00e7e dikin wek\u00ee astengiyeke gir\u00eeng disekine.<\/span><\/h3>\n<h3 style=\"text-align: justify;\"><span style=\"font-family: arial, helvetica, sans-serif;\">V\u00ea zihniyet\u00ea avahiya civak\u00ee qels kiriye \u00fb xisar\u00ean cid\u00ee \u00e7\u00eakirine. B\u00eay\u00ee ku em bi v\u00ea rastiy\u00ea re r\u00fbbir\u00fb bibin avakirina yek\u00eetiya demokrat\u00eek ne p\u00eakan e.<\/span><\/h3>\n<h3 style=\"text-align: justify;\"><span style=\"font-family: arial, helvetica, sans-serif;\">\u00c7\u00eakirina atmosfereke civak\u00ee ya ku pev\u00e7\u00fbn\u00ean xwe y\u00ean navxwey\u00ee li pey xwe hi\u015ftibe \u00fb xwe bisp\u00eare r\u00eazgirtina dual\u00ee p\u00eakan e.<\/span><\/h3>\n<h3 style=\"text-align: justify;\"><span style=\"font-family: arial, helvetica, sans-serif;\">R\u00eaya v\u00ea yek\u00ea j\u00ee di serdestkirina esas\u00ean demokrat\u00eek a li ser hem\u00fb qad\u00ean jiyan\u00ea re derbas dibe.<\/span><\/h3>\n<h3 style=\"text-align: justify;\"><span style=\"font-family: arial, helvetica, sans-serif;\">Belavkirina v\u00ea t\u00eagihi\u015ftin\u00ea ya di nav civak\u00ea de ku di ser\u00ee de di nav p\u00eakhatey\u00ean siyas\u00ee de, erka her\u00ee gir\u00eeng a serdema p\u00ea\u015fiya me ye.<\/span><\/h3>\n<h3 style=\"text-align: justify;\"><span style=\"font-family: arial, helvetica, sans-serif;\">Serdema li p\u00ea\u015fiya me, ji bo civaka Kurd serdema ji n\u00fb ve avab\u00fbn\u00ea ye.<\/span><\/h3>\n<h3 style=\"text-align: justify;\"><span style=\"font-family: arial, helvetica, sans-serif;\">Bingeha v\u00ea avab\u00fbn\u00ea j\u00ee d\u00ea yek\u00eetiya demokrat\u00eek, siyaseta demokrat\u00eek \u00fb dan \u00fb standin\u00ean demokrat\u00eek bin.<\/span><\/h3>\n<h3 style=\"text-align: justify;\"><span style=\"font-family: arial, helvetica, sans-serif;\">Her gava ku li ser v\u00ea bingeh\u00ea were av\u00eatin, d\u00ea pa\u015feroja me ya hevpar diyar bike.<\/span><\/h3>\n<h3 style=\"text-align: justify;\"><span style=\"font-family: arial, helvetica, sans-serif;\">Ez bi hezkirin \u00fb r\u00eaz\u00ean xwe y\u00ean b\u00eas\u00eenor we hem\u00fbyan silav dikim.<\/span><\/h3>\n<h3 style=\"text-align: justify;\"><span style=\"font-family: arial, helvetica, sans-serif;\">Abdullah Ocalan<\/span><br \/>\n<span style=\"font-family: arial, helvetica, sans-serif;\">\u00cemral\u00ee&#8221;<\/span><\/h3>\n","protected":false},"excerpt":{"rendered":"<p>R\u00eaber\u00ea PKK\u00ea Abdullah Ocalan ji Konferansa \u201cKurd\u00ean Bakur Yek\u00eetiya Xwe ya Netewey\u00ee N\u00eeqa\u015f Dikin\u201d a li Amed\u00ea re peyamek \u015fand. \u00db t\u00eada gotiye ku: pirsgir\u00eaka Kurdan ne yek\u00eat\u00eeya neteweye, belku yek\u00eat\u00eeya demokrat\u00eeke!!. Ocalan destn\u00ee\u015fan kir ku komkirina kongreyeke berfireh a yek\u00eetiya demokrat\u00eek ji bo derxistina hol\u00ea ya aqil\u00ea hevpar \u00fb \u00eeradeya hevpar erkeke lezg\u00een e. [&hellip;]<\/p>\n","protected":false},"author":2,"featured_media":1052603,"comment_status":"closed","ping_status":"closed","sticky":false,"template":"","format":"standard","meta":{"footnotes":""},"categories":[29],"tags":[37],"class_list":["post-1052602","post","type-post","status-publish","format-standard","has-post-thumbnail","hentry","category-kurdistan","tag-sereke"],"blocksy_meta":[],"seo_head":"<!-- This site is optimized with the Yoast SEO plugin v27.4 - https:\/\/yoast.com\/product\/yoast-seo-wordpress\/ -->\n<title>Ocalan: Pirsgir\u00eaka Kurdan ne yek\u00eat\u00eeya neteweye, yek\u00eat\u00eeya demokrat\u00eeke !! - Darka Maz\u00ee<\/title>\n<meta name=\"robots\" content=\"index, follow, max-snippet:-1, max-image-preview:large, max-video-preview:-1\" \/>\n<link rel=\"canonical\" href=\"https:\/\/darkamazi.info\/archives\/1052602\" \/>\n<meta property=\"og:locale\" content=\"en_US\" \/>\n<meta property=\"og:type\" content=\"article\" \/>\n<meta property=\"og:title\" content=\"Ocalan: Pirsgir\u00eaka Kurdan ne yek\u00eat\u00eeya neteweye, yek\u00eat\u00eeya demokrat\u00eeke !! - Darka Maz\u00ee\" \/>\n<meta property=\"og:description\" content=\"R\u00eaber\u00ea PKK\u00ea Abdullah Ocalan ji Konferansa \u201cKurd\u00ean Bakur Yek\u00eetiya Xwe ya Netewey\u00ee N\u00eeqa\u015f Dikin\u201d a li Amed\u00ea re peyamek \u015fand. \u00db t\u00eada gotiye ku: pirsgir\u00eaka Kurdan ne yek\u00eat\u00eeya neteweye, belku yek\u00eat\u00eeya demokrat\u00eeke!!. Ocalan destn\u00ee\u015fan kir ku komkirina kongreyeke berfireh a yek\u00eetiya demokrat\u00eek ji bo derxistina hol\u00ea ya aqil\u00ea hevpar \u00fb \u00eeradeya hevpar erkeke lezg\u00een e. [&hellip;]\" \/>\n<meta property=\"og:url\" content=\"https:\/\/darkamazi.info\/archives\/1052602\" \/>\n<meta property=\"og:site_name\" content=\"Darka Maz\u00ee\" \/>\n<meta property=\"article:publisher\" content=\"https:\/\/www.facebook.com\/DarMaziKurmanci\" \/>\n<meta property=\"article:published_time\" content=\"2026-04-26T14:33:37+00:00\" \/>\n<meta property=\"og:image\" content=\"https:\/\/darkamazi.info\/file\/2026\/04\/Ocalan-Peyam-4-2026-info.jpg\" \/>\n\t<meta property=\"og:image:width\" content=\"900\" \/>\n\t<meta property=\"og:image:height\" content=\"500\" \/>\n\t<meta property=\"og:image:type\" content=\"image\/jpeg\" \/>\n<meta name=\"author\" content=\"darka mazi\" \/>\n<meta name=\"twitter:card\" content=\"summary_large_image\" \/>\n<meta name=\"twitter:creator\" content=\"@DarkaMaziLatini\" \/>\n<meta name=\"twitter:site\" content=\"@DarkaMaziLatini\" \/>\n<meta name=\"twitter:label1\" content=\"Written by\" \/>\n\t<meta name=\"twitter:data1\" content=\"darka mazi\" \/>\n\t<meta name=\"twitter:label2\" content=\"Est. reading time\" \/>\n\t<meta name=\"twitter:data2\" content=\"3 minutes\" \/>\n<script type=\"application\/ld+json\" class=\"seo-schema-graph\">{\"@context\":\"https:\\\/\\\/schema.org\",\"@graph\":[{\"@type\":\"Article\",\"@id\":\"https:\\\/\\\/darkamazi.info\\\/archives\\\/1052602#article\",\"isPartOf\":{\"@id\":\"https:\\\/\\\/darkamazi.info\\\/archives\\\/1052602\"},\"author\":{\"name\":\"darka mazi\",\"@id\":\"https:\\\/\\\/darkamazi.info\\\/#\\\/schema\\\/person\\\/5ad3e24553a0567993fa8ed4bd0a776c\"},\"headline\":\"Ocalan: Pirsgir\u00eaka Kurdan ne yek\u00eat\u00eeya neteweye, yek\u00eat\u00eeya demokrat\u00eeke !!\",\"datePublished\":\"2026-04-26T14:33:37+00:00\",\"mainEntityOfPage\":{\"@id\":\"https:\\\/\\\/darkamazi.info\\\/archives\\\/1052602\"},\"wordCount\":800,\"publisher\":{\"@id\":\"https:\\\/\\\/darkamazi.info\\\/#organization\"},\"image\":{\"@id\":\"https:\\\/\\\/darkamazi.info\\\/archives\\\/1052602#primaryimage\"},\"thumbnailUrl\":\"https:\\\/\\\/darkamazi.info\\\/darka-content\\\/uploads\\\/2026\\\/04\\\/Ocalan-Peyam-4-2026-info.jpg\",\"keywords\":[\"sereke\"],\"articleSection\":[\"Kurdistan\"],\"inLanguage\":\"en-US\"},{\"@type\":\"WebPage\",\"@id\":\"https:\\\/\\\/darkamazi.info\\\/archives\\\/1052602\",\"url\":\"https:\\\/\\\/darkamazi.info\\\/archives\\\/1052602\",\"name\":\"Ocalan: Pirsgir\u00eaka Kurdan ne yek\u00eat\u00eeya neteweye, yek\u00eat\u00eeya demokrat\u00eeke !! - Darka Maz\u00ee\",\"isPartOf\":{\"@id\":\"https:\\\/\\\/darkamazi.info\\\/#website\"},\"primaryImageOfPage\":{\"@id\":\"https:\\\/\\\/darkamazi.info\\\/archives\\\/1052602#primaryimage\"},\"image\":{\"@id\":\"https:\\\/\\\/darkamazi.info\\\/archives\\\/1052602#primaryimage\"},\"thumbnailUrl\":\"https:\\\/\\\/darkamazi.info\\\/darka-content\\\/uploads\\\/2026\\\/04\\\/Ocalan-Peyam-4-2026-info.jpg\",\"datePublished\":\"2026-04-26T14:33:37+00:00\",\"breadcrumb\":{\"@id\":\"https:\\\/\\\/darkamazi.info\\\/archives\\\/1052602#breadcrumb\"},\"inLanguage\":\"en-US\",\"potentialAction\":[{\"@type\":\"ReadAction\",\"target\":[\"https:\\\/\\\/darkamazi.info\\\/archives\\\/1052602\"]}]},{\"@type\":\"ImageObject\",\"inLanguage\":\"en-US\",\"@id\":\"https:\\\/\\\/darkamazi.info\\\/archives\\\/1052602#primaryimage\",\"url\":\"https:\\\/\\\/darkamazi.info\\\/darka-content\\\/uploads\\\/2026\\\/04\\\/Ocalan-Peyam-4-2026-info.jpg\",\"contentUrl\":\"https:\\\/\\\/darkamazi.info\\\/darka-content\\\/uploads\\\/2026\\\/04\\\/Ocalan-Peyam-4-2026-info.jpg\",\"width\":900,\"height\":500,\"caption\":\"Ocalan-Peyam-4-2026-info\"},{\"@type\":\"BreadcrumbList\",\"@id\":\"https:\\\/\\\/darkamazi.info\\\/archives\\\/1052602#breadcrumb\",\"itemListElement\":[{\"@type\":\"ListItem\",\"position\":1,\"name\":\"Home\",\"item\":\"https:\\\/\\\/darkamazi.info\\\/\"},{\"@type\":\"ListItem\",\"position\":2,\"name\":\"Ocalan: Pirsgir\u00eaka Kurdan ne yek\u00eat\u00eeya neteweye, yek\u00eat\u00eeya demokrat\u00eeke !!\"}]},{\"@type\":\"WebSite\",\"@id\":\"https:\\\/\\\/darkamazi.info\\\/#website\",\"url\":\"https:\\\/\\\/darkamazi.info\\\/\",\"name\":\"Darka Maz\u00ee\",\"description\":\"P\u00eageha Zanyariy\u00ean Nebih\u00eest\u00ee\",\"publisher\":{\"@id\":\"https:\\\/\\\/darkamazi.info\\\/#organization\"},\"potentialAction\":[{\"@type\":\"SearchAction\",\"target\":{\"@type\":\"EntryPoint\",\"urlTemplate\":\"https:\\\/\\\/darkamazi.info\\\/?s={search_term_string}\"},\"query-input\":{\"@type\":\"PropertyValueSpecification\",\"valueRequired\":true,\"valueName\":\"search_term_string\"}}],\"inLanguage\":\"en-US\"},{\"@type\":\"Organization\",\"@id\":\"https:\\\/\\\/darkamazi.info\\\/#organization\",\"name\":\"Darka Maz\u00ee\",\"url\":\"https:\\\/\\\/darkamazi.info\\\/\",\"logo\":{\"@type\":\"ImageObject\",\"inLanguage\":\"en-US\",\"@id\":\"https:\\\/\\\/darkamazi.info\\\/#\\\/schema\\\/logo\\\/image\\\/\",\"url\":\"https:\\\/\\\/darkamazi.info\\\/darka-content\\\/uploads\\\/2017\\\/12\\\/darka-mazi-logo.png\",\"contentUrl\":\"https:\\\/\\\/darkamazi.info\\\/darka-content\\\/uploads\\\/2017\\\/12\\\/darka-mazi-logo.png\",\"width\":151,\"height\":75,\"caption\":\"Darka Maz\u00ee\"},\"image\":{\"@id\":\"https:\\\/\\\/darkamazi.info\\\/#\\\/schema\\\/logo\\\/image\\\/\"},\"sameAs\":[\"https:\\\/\\\/www.facebook.com\\\/DarMaziKurmanci\",\"https:\\\/\\\/x.com\\\/DarkaMaziLatini\",\"https:\\\/\\\/www.instagram.com\\\/darkamazi.kurmanci\\\/\",\"https:\\\/\\\/www.youtube.com\\\/channel\\\/UCa5HkTdmI8U1qCUFuTw8B2g\"]},{\"@type\":\"Person\",\"@id\":\"https:\\\/\\\/darkamazi.info\\\/#\\\/schema\\\/person\\\/5ad3e24553a0567993fa8ed4bd0a776c\",\"name\":\"darka mazi\",\"sameAs\":[\"https:\\\/\\\/darkamazi.info\\\/\"],\"url\":\"https:\\\/\\\/darkamazi.info\\\/archives\\\/author\\\/kurdi\"}]}<\/script>\n<!-- \/ Yoast SEO plugin. -->","seo_head_json":{"title":"Ocalan: Pirsgir\u00eaka Kurdan ne yek\u00eat\u00eeya neteweye, yek\u00eat\u00eeya demokrat\u00eeke !! - Darka Maz\u00ee","robots":{"index":"index","follow":"follow","max-snippet":"max-snippet:-1","max-image-preview":"max-image-preview:large","max-video-preview":"max-video-preview:-1"},"canonical":"https:\/\/darkamazi.info\/archives\/1052602","og_locale":"en_US","og_type":"article","og_title":"Ocalan: Pirsgir\u00eaka Kurdan ne yek\u00eat\u00eeya neteweye, yek\u00eat\u00eeya demokrat\u00eeke !! - Darka Maz\u00ee","og_description":"R\u00eaber\u00ea PKK\u00ea Abdullah Ocalan ji Konferansa \u201cKurd\u00ean Bakur Yek\u00eetiya Xwe ya Netewey\u00ee N\u00eeqa\u015f Dikin\u201d a li Amed\u00ea re peyamek \u015fand. \u00db t\u00eada gotiye ku: pirsgir\u00eaka Kurdan ne yek\u00eat\u00eeya neteweye, belku yek\u00eat\u00eeya demokrat\u00eeke!!. Ocalan destn\u00ee\u015fan kir ku komkirina kongreyeke berfireh a yek\u00eetiya demokrat\u00eek ji bo derxistina hol\u00ea ya aqil\u00ea hevpar \u00fb \u00eeradeya hevpar erkeke lezg\u00een e. [&hellip;]","og_url":"https:\/\/darkamazi.info\/archives\/1052602","og_site_name":"Darka Maz\u00ee","article_publisher":"https:\/\/www.facebook.com\/DarMaziKurmanci","article_published_time":"2026-04-26T14:33:37+00:00","og_image":[{"width":900,"height":500,"url":"https:\/\/darkamazi.info\/file\/2026\/04\/Ocalan-Peyam-4-2026-info.jpg","type":"image\/jpeg"}],"author":"darka mazi","twitter_card":"summary_large_image","twitter_creator":"@DarkaMaziLatini","twitter_site":"@DarkaMaziLatini","twitter_misc":{"Written by":"darka mazi","Est. reading time":"3 minutes"},"schema":{"@context":"https:\/\/schema.org","@graph":[{"@type":"Article","@id":"https:\/\/darkamazi.info\/archives\/1052602#article","isPartOf":{"@id":"https:\/\/darkamazi.info\/archives\/1052602"},"author":{"name":"darka mazi","@id":"https:\/\/darkamazi.info\/#\/schema\/person\/5ad3e24553a0567993fa8ed4bd0a776c"},"headline":"Ocalan: Pirsgir\u00eaka Kurdan ne yek\u00eat\u00eeya neteweye, yek\u00eat\u00eeya demokrat\u00eeke !!","datePublished":"2026-04-26T14:33:37+00:00","mainEntityOfPage":{"@id":"https:\/\/darkamazi.info\/archives\/1052602"},"wordCount":800,"publisher":{"@id":"https:\/\/darkamazi.info\/#organization"},"image":{"@id":"https:\/\/darkamazi.info\/archives\/1052602#primaryimage"},"thumbnailUrl":"https:\/\/darkamazi.info\/file\/2026\/04\/Ocalan-Peyam-4-2026-info.jpg","keywords":["sereke"],"articleSection":["Kurdistan"],"inLanguage":"en-US"},{"@type":"WebPage","@id":"https:\/\/darkamazi.info\/archives\/1052602","url":"https:\/\/darkamazi.info\/archives\/1052602","name":"Ocalan: Pirsgir\u00eaka Kurdan ne yek\u00eat\u00eeya neteweye, yek\u00eat\u00eeya demokrat\u00eeke !! - Darka Maz\u00ee","isPartOf":{"@id":"https:\/\/darkamazi.info\/#website"},"primaryImageOfPage":{"@id":"https:\/\/darkamazi.info\/archives\/1052602#primaryimage"},"image":{"@id":"https:\/\/darkamazi.info\/archives\/1052602#primaryimage"},"thumbnailUrl":"https:\/\/darkamazi.info\/file\/2026\/04\/Ocalan-Peyam-4-2026-info.jpg","datePublished":"2026-04-26T14:33:37+00:00","breadcrumb":{"@id":"https:\/\/darkamazi.info\/archives\/1052602#breadcrumb"},"inLanguage":"en-US","potentialAction":[{"@type":"ReadAction","target":["https:\/\/darkamazi.info\/archives\/1052602"]}]},{"@type":"ImageObject","inLanguage":"en-US","@id":"https:\/\/darkamazi.info\/archives\/1052602#primaryimage","url":"https:\/\/darkamazi.info\/file\/2026\/04\/Ocalan-Peyam-4-2026-info.jpg","contentUrl":"https:\/\/darkamazi.info\/file\/2026\/04\/Ocalan-Peyam-4-2026-info.jpg","width":900,"height":500,"caption":"Ocalan-Peyam-4-2026-info"},{"@type":"BreadcrumbList","@id":"https:\/\/darkamazi.info\/archives\/1052602#breadcrumb","itemListElement":[{"@type":"ListItem","position":1,"name":"Home","item":"https:\/\/darkamazi.info\/"},{"@type":"ListItem","position":2,"name":"Ocalan: Pirsgir\u00eaka Kurdan ne yek\u00eat\u00eeya neteweye, yek\u00eat\u00eeya demokrat\u00eeke !!"}]},{"@type":"WebSite","@id":"https:\/\/darkamazi.info\/#website","url":"https:\/\/darkamazi.info\/","name":"Darka Maz\u00ee","description":"P\u00eageha Zanyariy\u00ean Nebih\u00eest\u00ee","publisher":{"@id":"https:\/\/darkamazi.info\/#organization"},"potentialAction":[{"@type":"SearchAction","target":{"@type":"EntryPoint","urlTemplate":"https:\/\/darkamazi.info\/?s={search_term_string}"},"query-input":{"@type":"PropertyValueSpecification","valueRequired":true,"valueName":"search_term_string"}}],"inLanguage":"en-US"},{"@type":"Organization","@id":"https:\/\/darkamazi.info\/#organization","name":"Darka Maz\u00ee","url":"https:\/\/darkamazi.info\/","logo":{"@type":"ImageObject","inLanguage":"en-US","@id":"https:\/\/darkamazi.info\/#\/schema\/logo\/image\/","url":"https:\/\/darkamazi.info\/file\/2017\/12\/darka-mazi-logo.png","contentUrl":"https:\/\/darkamazi.info\/file\/2017\/12\/darka-mazi-logo.png","width":151,"height":75,"caption":"Darka Maz\u00ee"},"image":{"@id":"https:\/\/darkamazi.info\/#\/schema\/logo\/image\/"},"sameAs":["https:\/\/www.facebook.com\/DarMaziKurmanci","https:\/\/x.com\/DarkaMaziLatini","https:\/\/www.instagram.com\/darkamazi.kurmanci\/","https:\/\/www.youtube.com\/channel\/UCa5HkTdmI8U1qCUFuTw8B2g"]},{"@type":"Person","@id":"https:\/\/darkamazi.info\/#\/schema\/person\/5ad3e24553a0567993fa8ed4bd0a776c","name":"darka mazi","sameAs":["https:\/\/darkamazi.info\/"],"url":"https:\/\/darkamazi.info\/archives\/author\/kurdi"}]}},"_links":{"self":[{"href":"https:\/\/darkamazi.info\/funavuv\/wp\/v2\/posts\/1052602","targetHints":{"allow":["GET"]}}],"collection":[{"href":"https:\/\/darkamazi.info\/funavuv\/wp\/v2\/posts"}],"about":[{"href":"https:\/\/darkamazi.info\/funavuv\/wp\/v2\/types\/post"}],"author":[{"embeddable":true,"href":"https:\/\/darkamazi.info\/funavuv\/wp\/v2\/users\/2"}],"replies":[{"embeddable":true,"href":"https:\/\/darkamazi.info\/funavuv\/wp\/v2\/comments?post=1052602"}],"version-history":[{"count":1,"href":"https:\/\/darkamazi.info\/funavuv\/wp\/v2\/posts\/1052602\/revisions"}],"predecessor-version":[{"id":1052604,"href":"https:\/\/darkamazi.info\/funavuv\/wp\/v2\/posts\/1052602\/revisions\/1052604"}],"wp:featuredmedia":[{"embeddable":true,"href":"https:\/\/darkamazi.info\/funavuv\/wp\/v2\/media\/1052603"}],"wp:attachment":[{"href":"https:\/\/darkamazi.info\/funavuv\/wp\/v2\/media?parent=1052602"}],"wp:term":[{"taxonomy":"category","embeddable":true,"href":"https:\/\/darkamazi.info\/funavuv\/wp\/v2\/categories?post=1052602"},{"taxonomy":"post_tag","embeddable":true,"href":"https:\/\/darkamazi.info\/funavuv\/wp\/v2\/tags?post=1052602"}],"curies":[{"name":"wp","href":"https:\/\/api.w.org\/{rel}","templated":true}]}}