{"id":1052615,"date":"2026-04-27T13:45:05","date_gmt":"2026-04-27T10:45:05","guid":{"rendered":"https:\/\/darkamazi.info\/?p=1052615"},"modified":"2026-04-27T13:45:05","modified_gmt":"2026-04-27T10:45:05","slug":"konferansa-yekitiya-neteweyi-ya-kurden-bakur-yekiti-ji-bo-me-mecburiyet-e","status":"publish","type":"post","link":"https:\/\/darkamazi.info\/archives\/1052615","title":{"rendered":"Konferansa yek\u00eetiya netewey\u00ee ya kurd\u00ean bakur: &#8220;Yek\u00eet\u00ee ji bo me mecb\u00fbriyet e&#8221;"},"content":{"rendered":"<h3 style=\"text-align: justify;\"><span style=\"font-family: 'arial black', sans-serif;\">Kurd\u00ean Bakur di konferanseke berfireh \u00fb d\u00eerok\u00ee de li ser p\u00eaw\u00eestiya yek\u00eetiya netewey\u00ee civiyan. Di konferansa bi nav\u00ea \u201cKurd\u00ean Bakur Yek\u00eetiya Xwe Ya Netewey\u00ee N\u00eeqa\u015f Dikin\u201d de, bang li hem\u00fb h\u00eaz\u00ean siyas\u00ee hat kirin ku nakokiy\u00ean navxwey\u00ee bidin aliyek\u00ee \u00fb li ser stratejiyeke netewey\u00ee ya hevpar li hev bikin. Di konferans\u00ea de hat destn\u00ee\u015fankirin ku di sedsala n\u00fb ya Rojhilata Nav\u00een de, yek\u00eet\u00ee tekane garantiya parastina heb\u00fbn \u00fb destkeftiy\u00ean gel\u00ea Kurd e.<\/span><\/h3>\n<h3 style=\"text-align: justify;\">Lidarxistina v\u00ea konferans\u00ea di salvegera &#8220;Konferansa Yekr\u00eaz\u00ee \u00fb Yekhelwest\u00ee&#8221; ya partiy\u00ean Rojavaya Kurdistan\u00ea (26\u00ea N\u00eesana 2025an) de, wek\u00ee peyameke xurt a pi\u015ftgiriy\u00ea hat nirxandin. Be\u015fdaran diyar kirin ku m\u00eena mertala pola ya li Koban\u00ee \u00fb parastina Rojava, div\u00ea \u00eero j\u00ee dir\u00fb\u015fmeya &#8220;Gel\u00ea Kurd Yek e&#8221; bibe bingeha tevgera siyas\u00ee ya li her \u00e7ar par\u00e7ey\u00ean Kurdistan\u00ea.<\/h3>\n<h3 style=\"text-align: justify;\">Di encamnameya konferans\u00ea de bal hat ki\u015fandin ser hewldan\u00ean d\u00eerok\u00ee y\u00ean r\u00eaber\u00ean Kurd. Hat bi b\u00eer xistin ku bi saya hewldan\u00ean Serok Mam Celal &#8220;Protokola 1993&#8221; li \u015eam\u00ea hatib\u00fb \u00eemzekirin \u00fb di sala 2013an de j\u00ee bi banga Bir\u00eaz Abdullah Ocalan \u00fb destp\u00ea\u015fxeriya Bir\u00eaz Mes\u00fbd Barzan\u00ee, Kurd gelek\u00ee n\u00eaz\u00eek\u00ee Kongreya Netewey\u00ee bib\u00fbn. Be\u015fdaran tekez kirin ku her \u00e7end destwerdan\u00ean derve heta niha r\u00ea li yek\u00eetiy\u00ea girtibin j\u00ee, \u00eero fersend\u00ean d\u00eerok\u00ee ji bo gih\u00ee\u015ftina v\u00ea armanc\u00ea ji her dem\u00ea z\u00eadetir in.<\/h3>\n<h3 style=\"text-align: justify;\">Konferans\u00ea bal ki\u015fand ser kr\u00eez\u00ean li welat\u00ean c\u00eeran j\u00ee:<\/h3>\n<h3 style=\"text-align: justify;\">Li Tirkiyey\u00ea: Daxwaz hat kirin ku p\u00eavajoya a\u015ftiy\u00ea ji gotin\u00ea derkeve \u00fb bibe xwed\u00ee \u00e7ar\u00e7oveyeke yasay\u00ee. Hat gotin ku div\u00ea nasnameya Kurd di makezagon\u00ea de were m\u00eesogerkirin \u00fb girtiy\u00ean siyas\u00ee serbest werin berdan.<\/h3>\n<h3 style=\"text-align: justify;\">Li \u00ceran\u00ea: Konferans\u00ea pi\u015ftgiriya xwe ji bo hewldana \u015fe\u015f partiy\u00ean Rojhilat\u00ea Kurdistan\u00ea ya ji bo avakirina &#8220;Eniyeke Hevpar&#8221; ragihand \u00fb daxwaz kir ku c\u00eehan v\u00ea daxwaza rewa nas bike.<\/h3>\n<h3 style=\"text-align: justify;\">Di dawiya konferans\u00ea de hat destn\u00ee\u015fankirin ku par\u00e7eb\u00fbn her tim r\u00ea li ber komplo \u00fb qirkirin\u00ea vekiriye. Be\u015fdaran bang li hem\u00fb partiy\u00ean siyas\u00ee kirin ku berjewendiy\u00ean takekes\u00ee \u00fb part\u00eezan\u00ee deynin aliyek\u00ee \u00fb li gor\u00ee \u00eeradeya gel a ji bo yek\u00eetiy\u00ea gavan biav\u00eajin. &#8220;Yek\u00eet\u00ee ne ten\u00ea terc\u00eehek e, ji bo sedsala n\u00fb mecb\u00fbriyeteke jiyan\u00ee ye.&#8221;<\/h3>\n","protected":false},"excerpt":{"rendered":"<p>Kurd\u00ean Bakur di konferanseke berfireh \u00fb d\u00eerok\u00ee de li ser p\u00eaw\u00eestiya yek\u00eetiya netewey\u00ee civiyan. Di konferansa bi nav\u00ea \u201cKurd\u00ean Bakur Yek\u00eetiya Xwe Ya Netewey\u00ee N\u00eeqa\u015f Dikin\u201d de, bang li hem\u00fb h\u00eaz\u00ean siyas\u00ee hat kirin ku nakokiy\u00ean navxwey\u00ee bidin aliyek\u00ee \u00fb li ser stratejiyeke netewey\u00ee ya hevpar li hev bikin. Di konferans\u00ea de hat destn\u00ee\u015fankirin ku [&hellip;]<\/p>\n","protected":false},"author":2,"featured_media":1052616,"comment_status":"closed","ping_status":"closed","sticky":false,"template":"","format":"standard","meta":{"footnotes":""},"categories":[29],"tags":[37],"class_list":["post-1052615","post","type-post","status-publish","format-standard","has-post-thumbnail","hentry","category-kurdistan","tag-sereke"],"blocksy_meta":[],"seo_head":"<!-- This site is optimized with the Yoast SEO plugin v27.4 - https:\/\/yoast.com\/product\/yoast-seo-wordpress\/ -->\n<title>Konferansa yek\u00eetiya netewey\u00ee ya kurd\u00ean bakur: &quot;Yek\u00eet\u00ee ji bo me mecb\u00fbriyet e&quot; - Darka Maz\u00ee<\/title>\n<meta name=\"robots\" content=\"index, follow, max-snippet:-1, max-image-preview:large, max-video-preview:-1\" \/>\n<link rel=\"canonical\" href=\"https:\/\/darkamazi.info\/archives\/1052615\" \/>\n<meta property=\"og:locale\" content=\"en_US\" \/>\n<meta property=\"og:type\" content=\"article\" \/>\n<meta property=\"og:title\" content=\"Konferansa yek\u00eetiya netewey\u00ee ya kurd\u00ean bakur: &quot;Yek\u00eet\u00ee ji bo me mecb\u00fbriyet e&quot; - Darka Maz\u00ee\" \/>\n<meta property=\"og:description\" content=\"Kurd\u00ean Bakur di konferanseke berfireh \u00fb d\u00eerok\u00ee de li ser p\u00eaw\u00eestiya yek\u00eetiya netewey\u00ee civiyan. Di konferansa bi nav\u00ea \u201cKurd\u00ean Bakur Yek\u00eetiya Xwe Ya Netewey\u00ee N\u00eeqa\u015f Dikin\u201d de, bang li hem\u00fb h\u00eaz\u00ean siyas\u00ee hat kirin ku nakokiy\u00ean navxwey\u00ee bidin aliyek\u00ee \u00fb li ser stratejiyeke netewey\u00ee ya hevpar li hev bikin. Di konferans\u00ea de hat destn\u00ee\u015fankirin ku [&hellip;]\" \/>\n<meta property=\"og:url\" content=\"https:\/\/darkamazi.info\/archives\/1052615\" \/>\n<meta property=\"og:site_name\" content=\"Darka Maz\u00ee\" \/>\n<meta property=\"article:publisher\" content=\"https:\/\/www.facebook.com\/DarMaziKurmanci\" \/>\n<meta property=\"article:published_time\" content=\"2026-04-27T10:45:05+00:00\" \/>\n<meta property=\"og:image\" content=\"https:\/\/darkamazi.info\/file\/2026\/04\/kurden-bakur-yekitiya-netewi.jpg\" \/>\n\t<meta property=\"og:image:width\" content=\"1562\" \/>\n\t<meta property=\"og:image:height\" content=\"878\" \/>\n\t<meta property=\"og:image:type\" content=\"image\/jpeg\" \/>\n<meta name=\"author\" content=\"darka mazi\" \/>\n<meta name=\"twitter:card\" content=\"summary_large_image\" \/>\n<meta name=\"twitter:creator\" content=\"@DarkaMaziLatini\" \/>\n<meta name=\"twitter:site\" content=\"@DarkaMaziLatini\" \/>\n<meta name=\"twitter:label1\" content=\"Written by\" \/>\n\t<meta name=\"twitter:data1\" content=\"darka mazi\" \/>\n\t<meta name=\"twitter:label2\" content=\"Est. reading time\" \/>\n\t<meta name=\"twitter:data2\" content=\"2 minutes\" \/>\n<script type=\"application\/ld+json\" class=\"seo-schema-graph\">{\"@context\":\"https:\\\/\\\/schema.org\",\"@graph\":[{\"@type\":\"Article\",\"@id\":\"https:\\\/\\\/darkamazi.info\\\/archives\\\/1052615#article\",\"isPartOf\":{\"@id\":\"https:\\\/\\\/darkamazi.info\\\/archives\\\/1052615\"},\"author\":{\"name\":\"darka mazi\",\"@id\":\"https:\\\/\\\/darkamazi.info\\\/#\\\/schema\\\/person\\\/5ad3e24553a0567993fa8ed4bd0a776c\"},\"headline\":\"Konferansa yek\u00eetiya netewey\u00ee ya kurd\u00ean bakur: &#8220;Yek\u00eet\u00ee ji bo me mecb\u00fbriyet e&#8221;\",\"datePublished\":\"2026-04-27T10:45:05+00:00\",\"mainEntityOfPage\":{\"@id\":\"https:\\\/\\\/darkamazi.info\\\/archives\\\/1052615\"},\"wordCount\":405,\"publisher\":{\"@id\":\"https:\\\/\\\/darkamazi.info\\\/#organization\"},\"image\":{\"@id\":\"https:\\\/\\\/darkamazi.info\\\/archives\\\/1052615#primaryimage\"},\"thumbnailUrl\":\"https:\\\/\\\/darkamazi.info\\\/darka-content\\\/uploads\\\/2026\\\/04\\\/kurden-bakur-yekitiya-netewi.jpg\",\"keywords\":[\"sereke\"],\"articleSection\":[\"Kurdistan\"],\"inLanguage\":\"en-US\"},{\"@type\":\"WebPage\",\"@id\":\"https:\\\/\\\/darkamazi.info\\\/archives\\\/1052615\",\"url\":\"https:\\\/\\\/darkamazi.info\\\/archives\\\/1052615\",\"name\":\"Konferansa yek\u00eetiya netewey\u00ee ya kurd\u00ean bakur: \\\"Yek\u00eet\u00ee ji bo me mecb\u00fbriyet e\\\" - Darka Maz\u00ee\",\"isPartOf\":{\"@id\":\"https:\\\/\\\/darkamazi.info\\\/#website\"},\"primaryImageOfPage\":{\"@id\":\"https:\\\/\\\/darkamazi.info\\\/archives\\\/1052615#primaryimage\"},\"image\":{\"@id\":\"https:\\\/\\\/darkamazi.info\\\/archives\\\/1052615#primaryimage\"},\"thumbnailUrl\":\"https:\\\/\\\/darkamazi.info\\\/darka-content\\\/uploads\\\/2026\\\/04\\\/kurden-bakur-yekitiya-netewi.jpg\",\"datePublished\":\"2026-04-27T10:45:05+00:00\",\"breadcrumb\":{\"@id\":\"https:\\\/\\\/darkamazi.info\\\/archives\\\/1052615#breadcrumb\"},\"inLanguage\":\"en-US\",\"potentialAction\":[{\"@type\":\"ReadAction\",\"target\":[\"https:\\\/\\\/darkamazi.info\\\/archives\\\/1052615\"]}]},{\"@type\":\"ImageObject\",\"inLanguage\":\"en-US\",\"@id\":\"https:\\\/\\\/darkamazi.info\\\/archives\\\/1052615#primaryimage\",\"url\":\"https:\\\/\\\/darkamazi.info\\\/darka-content\\\/uploads\\\/2026\\\/04\\\/kurden-bakur-yekitiya-netewi.jpg\",\"contentUrl\":\"https:\\\/\\\/darkamazi.info\\\/darka-content\\\/uploads\\\/2026\\\/04\\\/kurden-bakur-yekitiya-netewi.jpg\",\"width\":1562,\"height\":878,\"caption\":\"Konferansa yek\u00eetiya netewey\u00ee ya kurd\u00ean bakur: \\\"Yek\u00eet\u00ee ji bo me mecb\u00fbriyet e\\\"\"},{\"@type\":\"BreadcrumbList\",\"@id\":\"https:\\\/\\\/darkamazi.info\\\/archives\\\/1052615#breadcrumb\",\"itemListElement\":[{\"@type\":\"ListItem\",\"position\":1,\"name\":\"Home\",\"item\":\"https:\\\/\\\/darkamazi.info\\\/\"},{\"@type\":\"ListItem\",\"position\":2,\"name\":\"Konferansa yek\u00eetiya netewey\u00ee ya kurd\u00ean bakur: &#8220;Yek\u00eet\u00ee ji bo me mecb\u00fbriyet e&#8221;\"}]},{\"@type\":\"WebSite\",\"@id\":\"https:\\\/\\\/darkamazi.info\\\/#website\",\"url\":\"https:\\\/\\\/darkamazi.info\\\/\",\"name\":\"Darka Maz\u00ee\",\"description\":\"P\u00eageha Zanyariy\u00ean Nebih\u00eest\u00ee\",\"publisher\":{\"@id\":\"https:\\\/\\\/darkamazi.info\\\/#organization\"},\"potentialAction\":[{\"@type\":\"SearchAction\",\"target\":{\"@type\":\"EntryPoint\",\"urlTemplate\":\"https:\\\/\\\/darkamazi.info\\\/?s={search_term_string}\"},\"query-input\":{\"@type\":\"PropertyValueSpecification\",\"valueRequired\":true,\"valueName\":\"search_term_string\"}}],\"inLanguage\":\"en-US\"},{\"@type\":\"Organization\",\"@id\":\"https:\\\/\\\/darkamazi.info\\\/#organization\",\"name\":\"Darka Maz\u00ee\",\"url\":\"https:\\\/\\\/darkamazi.info\\\/\",\"logo\":{\"@type\":\"ImageObject\",\"inLanguage\":\"en-US\",\"@id\":\"https:\\\/\\\/darkamazi.info\\\/#\\\/schema\\\/logo\\\/image\\\/\",\"url\":\"https:\\\/\\\/darkamazi.info\\\/darka-content\\\/uploads\\\/2017\\\/12\\\/darka-mazi-logo.png\",\"contentUrl\":\"https:\\\/\\\/darkamazi.info\\\/darka-content\\\/uploads\\\/2017\\\/12\\\/darka-mazi-logo.png\",\"width\":151,\"height\":75,\"caption\":\"Darka Maz\u00ee\"},\"image\":{\"@id\":\"https:\\\/\\\/darkamazi.info\\\/#\\\/schema\\\/logo\\\/image\\\/\"},\"sameAs\":[\"https:\\\/\\\/www.facebook.com\\\/DarMaziKurmanci\",\"https:\\\/\\\/x.com\\\/DarkaMaziLatini\",\"https:\\\/\\\/www.instagram.com\\\/darkamazi.kurmanci\\\/\",\"https:\\\/\\\/www.youtube.com\\\/channel\\\/UCa5HkTdmI8U1qCUFuTw8B2g\"]},{\"@type\":\"Person\",\"@id\":\"https:\\\/\\\/darkamazi.info\\\/#\\\/schema\\\/person\\\/5ad3e24553a0567993fa8ed4bd0a776c\",\"name\":\"darka mazi\",\"sameAs\":[\"https:\\\/\\\/darkamazi.info\\\/\"],\"url\":\"https:\\\/\\\/darkamazi.info\\\/archives\\\/author\\\/kurdi\"}]}<\/script>\n<!-- \/ Yoast SEO plugin. -->","seo_head_json":{"title":"Konferansa yek\u00eetiya netewey\u00ee ya kurd\u00ean bakur: \"Yek\u00eet\u00ee ji bo me mecb\u00fbriyet e\" - Darka Maz\u00ee","robots":{"index":"index","follow":"follow","max-snippet":"max-snippet:-1","max-image-preview":"max-image-preview:large","max-video-preview":"max-video-preview:-1"},"canonical":"https:\/\/darkamazi.info\/archives\/1052615","og_locale":"en_US","og_type":"article","og_title":"Konferansa yek\u00eetiya netewey\u00ee ya kurd\u00ean bakur: \"Yek\u00eet\u00ee ji bo me mecb\u00fbriyet e\" - Darka Maz\u00ee","og_description":"Kurd\u00ean Bakur di konferanseke berfireh \u00fb d\u00eerok\u00ee de li ser p\u00eaw\u00eestiya yek\u00eetiya netewey\u00ee civiyan. Di konferansa bi nav\u00ea \u201cKurd\u00ean Bakur Yek\u00eetiya Xwe Ya Netewey\u00ee N\u00eeqa\u015f Dikin\u201d de, bang li hem\u00fb h\u00eaz\u00ean siyas\u00ee hat kirin ku nakokiy\u00ean navxwey\u00ee bidin aliyek\u00ee \u00fb li ser stratejiyeke netewey\u00ee ya hevpar li hev bikin. Di konferans\u00ea de hat destn\u00ee\u015fankirin ku [&hellip;]","og_url":"https:\/\/darkamazi.info\/archives\/1052615","og_site_name":"Darka Maz\u00ee","article_publisher":"https:\/\/www.facebook.com\/DarMaziKurmanci","article_published_time":"2026-04-27T10:45:05+00:00","og_image":[{"width":1562,"height":878,"url":"https:\/\/darkamazi.info\/file\/2026\/04\/kurden-bakur-yekitiya-netewi.jpg","type":"image\/jpeg"}],"author":"darka mazi","twitter_card":"summary_large_image","twitter_creator":"@DarkaMaziLatini","twitter_site":"@DarkaMaziLatini","twitter_misc":{"Written by":"darka mazi","Est. reading time":"2 minutes"},"schema":{"@context":"https:\/\/schema.org","@graph":[{"@type":"Article","@id":"https:\/\/darkamazi.info\/archives\/1052615#article","isPartOf":{"@id":"https:\/\/darkamazi.info\/archives\/1052615"},"author":{"name":"darka mazi","@id":"https:\/\/darkamazi.info\/#\/schema\/person\/5ad3e24553a0567993fa8ed4bd0a776c"},"headline":"Konferansa yek\u00eetiya netewey\u00ee ya kurd\u00ean bakur: &#8220;Yek\u00eet\u00ee ji bo me mecb\u00fbriyet e&#8221;","datePublished":"2026-04-27T10:45:05+00:00","mainEntityOfPage":{"@id":"https:\/\/darkamazi.info\/archives\/1052615"},"wordCount":405,"publisher":{"@id":"https:\/\/darkamazi.info\/#organization"},"image":{"@id":"https:\/\/darkamazi.info\/archives\/1052615#primaryimage"},"thumbnailUrl":"https:\/\/darkamazi.info\/file\/2026\/04\/kurden-bakur-yekitiya-netewi.jpg","keywords":["sereke"],"articleSection":["Kurdistan"],"inLanguage":"en-US"},{"@type":"WebPage","@id":"https:\/\/darkamazi.info\/archives\/1052615","url":"https:\/\/darkamazi.info\/archives\/1052615","name":"Konferansa yek\u00eetiya netewey\u00ee ya kurd\u00ean bakur: \"Yek\u00eet\u00ee ji bo me mecb\u00fbriyet e\" - Darka Maz\u00ee","isPartOf":{"@id":"https:\/\/darkamazi.info\/#website"},"primaryImageOfPage":{"@id":"https:\/\/darkamazi.info\/archives\/1052615#primaryimage"},"image":{"@id":"https:\/\/darkamazi.info\/archives\/1052615#primaryimage"},"thumbnailUrl":"https:\/\/darkamazi.info\/file\/2026\/04\/kurden-bakur-yekitiya-netewi.jpg","datePublished":"2026-04-27T10:45:05+00:00","breadcrumb":{"@id":"https:\/\/darkamazi.info\/archives\/1052615#breadcrumb"},"inLanguage":"en-US","potentialAction":[{"@type":"ReadAction","target":["https:\/\/darkamazi.info\/archives\/1052615"]}]},{"@type":"ImageObject","inLanguage":"en-US","@id":"https:\/\/darkamazi.info\/archives\/1052615#primaryimage","url":"https:\/\/darkamazi.info\/file\/2026\/04\/kurden-bakur-yekitiya-netewi.jpg","contentUrl":"https:\/\/darkamazi.info\/file\/2026\/04\/kurden-bakur-yekitiya-netewi.jpg","width":1562,"height":878,"caption":"Konferansa yek\u00eetiya netewey\u00ee ya kurd\u00ean bakur: \"Yek\u00eet\u00ee ji bo me mecb\u00fbriyet e\""},{"@type":"BreadcrumbList","@id":"https:\/\/darkamazi.info\/archives\/1052615#breadcrumb","itemListElement":[{"@type":"ListItem","position":1,"name":"Home","item":"https:\/\/darkamazi.info\/"},{"@type":"ListItem","position":2,"name":"Konferansa yek\u00eetiya netewey\u00ee ya kurd\u00ean bakur: &#8220;Yek\u00eet\u00ee ji bo me mecb\u00fbriyet e&#8221;"}]},{"@type":"WebSite","@id":"https:\/\/darkamazi.info\/#website","url":"https:\/\/darkamazi.info\/","name":"Darka Maz\u00ee","description":"P\u00eageha Zanyariy\u00ean Nebih\u00eest\u00ee","publisher":{"@id":"https:\/\/darkamazi.info\/#organization"},"potentialAction":[{"@type":"SearchAction","target":{"@type":"EntryPoint","urlTemplate":"https:\/\/darkamazi.info\/?s={search_term_string}"},"query-input":{"@type":"PropertyValueSpecification","valueRequired":true,"valueName":"search_term_string"}}],"inLanguage":"en-US"},{"@type":"Organization","@id":"https:\/\/darkamazi.info\/#organization","name":"Darka Maz\u00ee","url":"https:\/\/darkamazi.info\/","logo":{"@type":"ImageObject","inLanguage":"en-US","@id":"https:\/\/darkamazi.info\/#\/schema\/logo\/image\/","url":"https:\/\/darkamazi.info\/file\/2017\/12\/darka-mazi-logo.png","contentUrl":"https:\/\/darkamazi.info\/file\/2017\/12\/darka-mazi-logo.png","width":151,"height":75,"caption":"Darka Maz\u00ee"},"image":{"@id":"https:\/\/darkamazi.info\/#\/schema\/logo\/image\/"},"sameAs":["https:\/\/www.facebook.com\/DarMaziKurmanci","https:\/\/x.com\/DarkaMaziLatini","https:\/\/www.instagram.com\/darkamazi.kurmanci\/","https:\/\/www.youtube.com\/channel\/UCa5HkTdmI8U1qCUFuTw8B2g"]},{"@type":"Person","@id":"https:\/\/darkamazi.info\/#\/schema\/person\/5ad3e24553a0567993fa8ed4bd0a776c","name":"darka mazi","sameAs":["https:\/\/darkamazi.info\/"],"url":"https:\/\/darkamazi.info\/archives\/author\/kurdi"}]}},"_links":{"self":[{"href":"https:\/\/darkamazi.info\/funavuv\/wp\/v2\/posts\/1052615","targetHints":{"allow":["GET"]}}],"collection":[{"href":"https:\/\/darkamazi.info\/funavuv\/wp\/v2\/posts"}],"about":[{"href":"https:\/\/darkamazi.info\/funavuv\/wp\/v2\/types\/post"}],"author":[{"embeddable":true,"href":"https:\/\/darkamazi.info\/funavuv\/wp\/v2\/users\/2"}],"replies":[{"embeddable":true,"href":"https:\/\/darkamazi.info\/funavuv\/wp\/v2\/comments?post=1052615"}],"version-history":[{"count":1,"href":"https:\/\/darkamazi.info\/funavuv\/wp\/v2\/posts\/1052615\/revisions"}],"predecessor-version":[{"id":1052617,"href":"https:\/\/darkamazi.info\/funavuv\/wp\/v2\/posts\/1052615\/revisions\/1052617"}],"wp:featuredmedia":[{"embeddable":true,"href":"https:\/\/darkamazi.info\/funavuv\/wp\/v2\/media\/1052616"}],"wp:attachment":[{"href":"https:\/\/darkamazi.info\/funavuv\/wp\/v2\/media?parent=1052615"}],"wp:term":[{"taxonomy":"category","embeddable":true,"href":"https:\/\/darkamazi.info\/funavuv\/wp\/v2\/categories?post=1052615"},{"taxonomy":"post_tag","embeddable":true,"href":"https:\/\/darkamazi.info\/funavuv\/wp\/v2\/tags?post=1052615"}],"curies":[{"name":"wp","href":"https:\/\/api.w.org\/{rel}","templated":true}]}}