{"id":1052618,"date":"2026-04-27T19:04:57","date_gmt":"2026-04-27T16:04:57","guid":{"rendered":"https:\/\/darkamazi.info\/?p=1052618"},"modified":"2026-04-27T19:04:57","modified_gmt":"2026-04-27T16:04:57","slug":"pkke-di-navbera-cekdanina-sembolik-u-rastiya-meydani-de","status":"publish","type":"post","link":"https:\/\/darkamazi.info\/archives\/1052618","title":{"rendered":"PKKe di navbera \u00e7ekdan\u00eena sembol\u00eek \u00fb rastiya meydan\u00ee de"},"content":{"rendered":"<h3 style=\"text-align: justify;\"><span style=\"font-family: 'arial black', sans-serif;\">Tev\u00ee ku PKK\u00ea xwe hilwe\u015fandiye \u00fb \u00e7ek av\u00eatine, l\u00eabel\u00ea h\u00eaj \u00e7alak e. Ji sercem\u00ea 100 \u015fikeft \u00fb tun\u00ealan 30 vala kirine \u00fb 70 di bin kontrola w\u00ea de ne. aliy\u00ea tirk tekez dike ku heta niha tu gav\u00ean prat\u00eek\u00ee \u00fb gi\u015ftgir ji bo \u00e7ekdan\u00eena PKK\u00ea nehatine d\u00eetin.<\/span><\/h3>\n<h3 style=\"text-align: justify;\"><span style=\"font-family: 'arial black', sans-serif; color: #8c0808; font-size: 18pt;\">Tu gav\u00ean prat\u00eek\u00ee \u00fb gi\u015ftgir ji bo \u00e7ekdan\u00eena PKK\u00ea nehatine d\u00eetin<\/span><\/h3>\n<h3 style=\"text-align: justify;\"><span style=\"font-family: arial, helvetica, sans-serif;\">Li gor\u00ee wan agahiy\u00ean ku di medyay\u00ean Tirkiyey\u00ea de \u00fb bi taybet\u00ee di rojnameya &#8220;H\u00fcrriyet&#8221;\u00ea de hatine belavkirin, aliy\u00ea tirk tekez dike ku heta niha tu gav\u00ean prat\u00eek\u00ee \u00fb gi\u015ftgir ji bo \u00e7ekdan\u00eena PKK\u00ea nehatine d\u00eetin. Medya amaje bi w\u00ea dike ku wan gav\u00ean heta niha hatine av\u00eatin, z\u00eadetir xwed\u00ee &#8220;reng\u00ea sembol\u00eek&#8221; b\u00fbne \u00fb negih\u00ee\u015ftine asta \u00e7ekdan\u00eena temam\u00ee an j\u00ee bidaw\u00eekirina heb\u00fbna \u00e7ekdar\u00ee li nav\u00e7ey\u00ean \u00e7iyay\u00ee.<\/span><\/h3>\n<h3 style=\"text-align: justify;\"><span style=\"font-family: 'arial black', sans-serif; color: #8c0808; font-size: 18pt;\">30 \u015fikeft vala kirine \u00fb 70 h\u00eaj di bin kontrola r\u00eaxistin\u00ea de ne<\/span><\/h3>\n<h3 style=\"text-align: justify;\"><span style=\"font-family: arial, helvetica, sans-serif;\">Herwiha hatiye ragihandin ku ji sercem\u00ea 100 \u015fikeft \u00fb tun\u00ealan, PKK\u00ea 30 vala kirine \u00fb 70 \u015fikeft h\u00eaj di bin kontrola r\u00eaxistin\u00ea de ne.<\/span><\/h3>\n<h3 style=\"text-align: justify;\"><span style=\"font-family: arial, helvetica, sans-serif;\">Di rojnameya H\u00fcrriyet\u00ea de hatiye ku R\u00eaxistina \u00cestixbarata Netewey\u00ee (M\u00ceT) ya Tirkiyey\u00ea \u00fb h\u00eaz\u00ean w\u00ea y\u00ean \u00e7ekdar d\u00ea tesb\u00eet bikin ka PKK\u00ea \u00e7ek\u00ean xwe dan\u00eene yan na; ev d\u00ea were pi\u015ftrastkirin, pi\u015ft\u00ee v\u00ea yek\u00ea d\u00ea gav ji bo vegera endam\u00ean r\u00eaxistin\u00ea bi r\u00eaya r\u00eaziknamey\u00ean qan\u00fbn\u00ee b\u00ean av\u00eatin.<\/span><\/h3>\n<h3 style=\"text-align: justify;\"><span style=\"font-family: arial, helvetica, sans-serif;\">Rojnamey\u00ea herwiha niv\u00eesandiye: L\u00eabel\u00ea, heta niha, tu pi\u015ftrastkirin tune ye ku endam\u00ean PKK\u00ea \u00e7ek\u00ean xwe dan\u00eene; berevaj\u00ee v\u00ea, \u00e7alakiy\u00ean r\u00eaxistina PKK\u00ea balk\u00ea\u015f in.<\/span><\/h3>\n<h3 style=\"text-align: justify;\"><span style=\"font-family: 'arial black', sans-serif; font-size: 18pt; color: #8c0808;\">Li ser erd\u00ea tu p\u00ea\u015fketineke n\u00fb ya gir\u00eeng \u00e7\u00eaneb\u00fbye<\/span><\/h3>\n<h3 style=\"text-align: justify;\"><span style=\"font-family: arial, helvetica, sans-serif;\">Di v\u00ea derbar\u00ea de j\u00ee serok\u00ea M\u00ceT\u00ea \u00cebrah\u00eem Kalin, di civ\u00eena daw\u00ee ya koma AK Partiy\u00ea de diyar kirib\u00fb ku ji bil\u00ee \u00e7ekdan\u00eena sembol\u00eek, li ser erd\u00ea tu p\u00ea\u015fketineke n\u00fb ya gir\u00eeng \u00e7\u00eaneb\u00fbye. Sedema her\u00ee gir\u00eeng a li pi\u015ft t\u00eak\u00e7\u00fbna p\u00eavajoya dan\u00eena \u00e7ekan, p\u00ea\u015fketin\u00ean li \u00ceran\u00ea ne.<\/span><\/h3>\n<h3 style=\"text-align: justify;\"><span style=\"font-family: arial, helvetica, sans-serif;\">\u00c7avd\u00ear dib\u00eajin ku nehevsengiya di navbera daxuyaniy\u00ean siyas\u00ee \u00fb rastiya meydan\u00ee de, kiriye ku mijara \u00e7ekdan\u00een\u00ea h\u00eaj wek\u00ee pirsgir\u00eakeke tij\u00ee asteng bim\u00eene. Di demek\u00ea de ku hik\u00fbmeta Tirkiyey\u00ea merc\u00ea \u00e7ekdan\u00eena temam\u00ee dat\u00eene, aliy\u00ea din z\u00eadetir behsa \u00e7areseriya demokrat\u00eek \u00fb siyas\u00ee dike, ev yek b\u00fbye sedem ku heta niha tu nex\u015fer\u00eayeke pesendkir\u00ee ji bo her du aliyan di hol\u00ea de nebe.<\/span><\/h3>\n","protected":false},"excerpt":{"rendered":"<p>Tev\u00ee ku PKK\u00ea xwe hilwe\u015fandiye \u00fb \u00e7ek av\u00eatine, l\u00eabel\u00ea h\u00eaj \u00e7alak e. Ji sercem\u00ea 100 \u015fikeft \u00fb tun\u00ealan 30 vala kirine \u00fb 70 di bin kontrola w\u00ea de ne. aliy\u00ea tirk tekez dike ku heta niha tu gav\u00ean prat\u00eek\u00ee \u00fb gi\u015ftgir ji bo \u00e7ekdan\u00eena PKK\u00ea nehatine d\u00eetin. Tu gav\u00ean prat\u00eek\u00ee \u00fb gi\u015ftgir ji bo \u00e7ekdan\u00eena [&hellip;]<\/p>\n","protected":false},"author":2,"featured_media":1052619,"comment_status":"closed","ping_status":"closed","sticky":false,"template":"","format":"standard","meta":{"footnotes":""},"categories":[29],"tags":[37],"class_list":["post-1052618","post","type-post","status-publish","format-standard","has-post-thumbnail","hentry","category-kurdistan","tag-sereke"],"blocksy_meta":[],"seo_head":"<!-- This site is optimized with the Yoast SEO plugin v27.5 - https:\/\/yoast.com\/product\/yoast-seo-wordpress\/ -->\n<title>PKKe di navbera \u00e7ekdan\u00eena sembol\u00eek \u00fb rastiya meydan\u00ee de - Darka Maz\u00ee<\/title>\n<meta name=\"robots\" content=\"index, follow, max-snippet:-1, max-image-preview:large, max-video-preview:-1\" \/>\n<link rel=\"canonical\" href=\"https:\/\/darkamazi.info\/archives\/1052618\" \/>\n<meta property=\"og:locale\" content=\"en_US\" \/>\n<meta property=\"og:type\" content=\"article\" \/>\n<meta property=\"og:title\" content=\"PKKe di navbera \u00e7ekdan\u00eena sembol\u00eek \u00fb rastiya meydan\u00ee de - Darka Maz\u00ee\" \/>\n<meta property=\"og:description\" content=\"Tev\u00ee ku PKK\u00ea xwe hilwe\u015fandiye \u00fb \u00e7ek av\u00eatine, l\u00eabel\u00ea h\u00eaj \u00e7alak e. Ji sercem\u00ea 100 \u015fikeft \u00fb tun\u00ealan 30 vala kirine \u00fb 70 di bin kontrola w\u00ea de ne. aliy\u00ea tirk tekez dike ku heta niha tu gav\u00ean prat\u00eek\u00ee \u00fb gi\u015ftgir ji bo \u00e7ekdan\u00eena PKK\u00ea nehatine d\u00eetin. Tu gav\u00ean prat\u00eek\u00ee \u00fb gi\u015ftgir ji bo \u00e7ekdan\u00eena [&hellip;]\" \/>\n<meta property=\"og:url\" content=\"https:\/\/darkamazi.info\/archives\/1052618\" \/>\n<meta property=\"og:site_name\" content=\"Darka Maz\u00ee\" \/>\n<meta property=\"article:publisher\" content=\"https:\/\/www.facebook.com\/DarMaziKurmanci\" \/>\n<meta property=\"article:published_time\" content=\"2026-04-27T16:04:57+00:00\" \/>\n<meta property=\"og:image\" content=\"https:\/\/darkamazi.info\/file\/2026\/04\/PKK-Turkey-Mit-Hurriyet-info.jpg\" \/>\n\t<meta property=\"og:image:width\" content=\"900\" \/>\n\t<meta property=\"og:image:height\" content=\"497\" \/>\n\t<meta property=\"og:image:type\" content=\"image\/jpeg\" \/>\n<meta name=\"author\" content=\"darka mazi\" \/>\n<meta name=\"twitter:card\" content=\"summary_large_image\" \/>\n<meta name=\"twitter:creator\" content=\"@DarkaMaziLatini\" \/>\n<meta name=\"twitter:site\" content=\"@DarkaMaziLatini\" \/>\n<meta name=\"twitter:label1\" content=\"Written by\" \/>\n\t<meta name=\"twitter:data1\" content=\"darka mazi\" \/>\n\t<meta name=\"twitter:label2\" content=\"Est. reading time\" \/>\n\t<meta name=\"twitter:data2\" content=\"2 minutes\" \/>\n<script type=\"application\/ld+json\" class=\"seo-schema-graph\">{\"@context\":\"https:\\\/\\\/schema.org\",\"@graph\":[{\"@type\":\"Article\",\"@id\":\"https:\\\/\\\/darkamazi.info\\\/archives\\\/1052618#article\",\"isPartOf\":{\"@id\":\"https:\\\/\\\/darkamazi.info\\\/archives\\\/1052618\"},\"author\":{\"name\":\"darka mazi\",\"@id\":\"https:\\\/\\\/darkamazi.info\\\/#\\\/schema\\\/person\\\/5ad3e24553a0567993fa8ed4bd0a776c\"},\"headline\":\"PKKe di navbera \u00e7ekdan\u00eena sembol\u00eek \u00fb rastiya meydan\u00ee de\",\"datePublished\":\"2026-04-27T16:04:57+00:00\",\"mainEntityOfPage\":{\"@id\":\"https:\\\/\\\/darkamazi.info\\\/archives\\\/1052618\"},\"wordCount\":435,\"publisher\":{\"@id\":\"https:\\\/\\\/darkamazi.info\\\/#organization\"},\"image\":{\"@id\":\"https:\\\/\\\/darkamazi.info\\\/archives\\\/1052618#primaryimage\"},\"thumbnailUrl\":\"https:\\\/\\\/darkamazi.info\\\/darka-content\\\/uploads\\\/2026\\\/04\\\/PKK-Turkey-Mit-Hurriyet-info.jpg\",\"keywords\":[\"sereke\"],\"articleSection\":[\"Kurdistan\"],\"inLanguage\":\"en-US\"},{\"@type\":\"WebPage\",\"@id\":\"https:\\\/\\\/darkamazi.info\\\/archives\\\/1052618\",\"url\":\"https:\\\/\\\/darkamazi.info\\\/archives\\\/1052618\",\"name\":\"PKKe di navbera \u00e7ekdan\u00eena sembol\u00eek \u00fb rastiya meydan\u00ee de - Darka Maz\u00ee\",\"isPartOf\":{\"@id\":\"https:\\\/\\\/darkamazi.info\\\/#website\"},\"primaryImageOfPage\":{\"@id\":\"https:\\\/\\\/darkamazi.info\\\/archives\\\/1052618#primaryimage\"},\"image\":{\"@id\":\"https:\\\/\\\/darkamazi.info\\\/archives\\\/1052618#primaryimage\"},\"thumbnailUrl\":\"https:\\\/\\\/darkamazi.info\\\/darka-content\\\/uploads\\\/2026\\\/04\\\/PKK-Turkey-Mit-Hurriyet-info.jpg\",\"datePublished\":\"2026-04-27T16:04:57+00:00\",\"breadcrumb\":{\"@id\":\"https:\\\/\\\/darkamazi.info\\\/archives\\\/1052618#breadcrumb\"},\"inLanguage\":\"en-US\",\"potentialAction\":[{\"@type\":\"ReadAction\",\"target\":[\"https:\\\/\\\/darkamazi.info\\\/archives\\\/1052618\"]}]},{\"@type\":\"ImageObject\",\"inLanguage\":\"en-US\",\"@id\":\"https:\\\/\\\/darkamazi.info\\\/archives\\\/1052618#primaryimage\",\"url\":\"https:\\\/\\\/darkamazi.info\\\/darka-content\\\/uploads\\\/2026\\\/04\\\/PKK-Turkey-Mit-Hurriyet-info.jpg\",\"contentUrl\":\"https:\\\/\\\/darkamazi.info\\\/darka-content\\\/uploads\\\/2026\\\/04\\\/PKK-Turkey-Mit-Hurriyet-info.jpg\",\"width\":900,\"height\":497,\"caption\":\"PKK-Turkey-Mit-H\u00fcrriyet-net\"},{\"@type\":\"BreadcrumbList\",\"@id\":\"https:\\\/\\\/darkamazi.info\\\/archives\\\/1052618#breadcrumb\",\"itemListElement\":[{\"@type\":\"ListItem\",\"position\":1,\"name\":\"Home\",\"item\":\"https:\\\/\\\/darkamazi.info\\\/\"},{\"@type\":\"ListItem\",\"position\":2,\"name\":\"PKKe di navbera \u00e7ekdan\u00eena sembol\u00eek \u00fb rastiya meydan\u00ee de\"}]},{\"@type\":\"WebSite\",\"@id\":\"https:\\\/\\\/darkamazi.info\\\/#website\",\"url\":\"https:\\\/\\\/darkamazi.info\\\/\",\"name\":\"Darka Maz\u00ee\",\"description\":\"P\u00eageha Zanyariy\u00ean Nebih\u00eest\u00ee\",\"publisher\":{\"@id\":\"https:\\\/\\\/darkamazi.info\\\/#organization\"},\"potentialAction\":[{\"@type\":\"SearchAction\",\"target\":{\"@type\":\"EntryPoint\",\"urlTemplate\":\"https:\\\/\\\/darkamazi.info\\\/?s={search_term_string}\"},\"query-input\":{\"@type\":\"PropertyValueSpecification\",\"valueRequired\":true,\"valueName\":\"search_term_string\"}}],\"inLanguage\":\"en-US\"},{\"@type\":\"Organization\",\"@id\":\"https:\\\/\\\/darkamazi.info\\\/#organization\",\"name\":\"Darka Maz\u00ee\",\"url\":\"https:\\\/\\\/darkamazi.info\\\/\",\"logo\":{\"@type\":\"ImageObject\",\"inLanguage\":\"en-US\",\"@id\":\"https:\\\/\\\/darkamazi.info\\\/#\\\/schema\\\/logo\\\/image\\\/\",\"url\":\"https:\\\/\\\/darkamazi.info\\\/darka-content\\\/uploads\\\/2017\\\/12\\\/darka-mazi-logo.png\",\"contentUrl\":\"https:\\\/\\\/darkamazi.info\\\/darka-content\\\/uploads\\\/2017\\\/12\\\/darka-mazi-logo.png\",\"width\":151,\"height\":75,\"caption\":\"Darka Maz\u00ee\"},\"image\":{\"@id\":\"https:\\\/\\\/darkamazi.info\\\/#\\\/schema\\\/logo\\\/image\\\/\"},\"sameAs\":[\"https:\\\/\\\/www.facebook.com\\\/DarMaziKurmanci\",\"https:\\\/\\\/x.com\\\/DarkaMaziLatini\",\"https:\\\/\\\/www.instagram.com\\\/darkamazi.kurmanci\\\/\",\"https:\\\/\\\/www.youtube.com\\\/channel\\\/UCa5HkTdmI8U1qCUFuTw8B2g\"]},{\"@type\":\"Person\",\"@id\":\"https:\\\/\\\/darkamazi.info\\\/#\\\/schema\\\/person\\\/5ad3e24553a0567993fa8ed4bd0a776c\",\"name\":\"darka mazi\",\"sameAs\":[\"https:\\\/\\\/darkamazi.info\\\/\"],\"url\":\"https:\\\/\\\/darkamazi.info\\\/archives\\\/author\\\/kurdi\"}]}<\/script>\n<!-- \/ Yoast SEO plugin. -->","seo_head_json":{"title":"PKKe di navbera \u00e7ekdan\u00eena sembol\u00eek \u00fb rastiya meydan\u00ee de - Darka Maz\u00ee","robots":{"index":"index","follow":"follow","max-snippet":"max-snippet:-1","max-image-preview":"max-image-preview:large","max-video-preview":"max-video-preview:-1"},"canonical":"https:\/\/darkamazi.info\/archives\/1052618","og_locale":"en_US","og_type":"article","og_title":"PKKe di navbera \u00e7ekdan\u00eena sembol\u00eek \u00fb rastiya meydan\u00ee de - Darka Maz\u00ee","og_description":"Tev\u00ee ku PKK\u00ea xwe hilwe\u015fandiye \u00fb \u00e7ek av\u00eatine, l\u00eabel\u00ea h\u00eaj \u00e7alak e. Ji sercem\u00ea 100 \u015fikeft \u00fb tun\u00ealan 30 vala kirine \u00fb 70 di bin kontrola w\u00ea de ne. aliy\u00ea tirk tekez dike ku heta niha tu gav\u00ean prat\u00eek\u00ee \u00fb gi\u015ftgir ji bo \u00e7ekdan\u00eena PKK\u00ea nehatine d\u00eetin. Tu gav\u00ean prat\u00eek\u00ee \u00fb gi\u015ftgir ji bo \u00e7ekdan\u00eena [&hellip;]","og_url":"https:\/\/darkamazi.info\/archives\/1052618","og_site_name":"Darka Maz\u00ee","article_publisher":"https:\/\/www.facebook.com\/DarMaziKurmanci","article_published_time":"2026-04-27T16:04:57+00:00","og_image":[{"width":900,"height":497,"url":"https:\/\/darkamazi.info\/file\/2026\/04\/PKK-Turkey-Mit-Hurriyet-info.jpg","type":"image\/jpeg"}],"author":"darka mazi","twitter_card":"summary_large_image","twitter_creator":"@DarkaMaziLatini","twitter_site":"@DarkaMaziLatini","twitter_misc":{"Written by":"darka mazi","Est. reading time":"2 minutes"},"schema":{"@context":"https:\/\/schema.org","@graph":[{"@type":"Article","@id":"https:\/\/darkamazi.info\/archives\/1052618#article","isPartOf":{"@id":"https:\/\/darkamazi.info\/archives\/1052618"},"author":{"name":"darka mazi","@id":"https:\/\/darkamazi.info\/#\/schema\/person\/5ad3e24553a0567993fa8ed4bd0a776c"},"headline":"PKKe di navbera \u00e7ekdan\u00eena sembol\u00eek \u00fb rastiya meydan\u00ee de","datePublished":"2026-04-27T16:04:57+00:00","mainEntityOfPage":{"@id":"https:\/\/darkamazi.info\/archives\/1052618"},"wordCount":435,"publisher":{"@id":"https:\/\/darkamazi.info\/#organization"},"image":{"@id":"https:\/\/darkamazi.info\/archives\/1052618#primaryimage"},"thumbnailUrl":"https:\/\/darkamazi.info\/file\/2026\/04\/PKK-Turkey-Mit-Hurriyet-info.jpg","keywords":["sereke"],"articleSection":["Kurdistan"],"inLanguage":"en-US"},{"@type":"WebPage","@id":"https:\/\/darkamazi.info\/archives\/1052618","url":"https:\/\/darkamazi.info\/archives\/1052618","name":"PKKe di navbera \u00e7ekdan\u00eena sembol\u00eek \u00fb rastiya meydan\u00ee de - Darka Maz\u00ee","isPartOf":{"@id":"https:\/\/darkamazi.info\/#website"},"primaryImageOfPage":{"@id":"https:\/\/darkamazi.info\/archives\/1052618#primaryimage"},"image":{"@id":"https:\/\/darkamazi.info\/archives\/1052618#primaryimage"},"thumbnailUrl":"https:\/\/darkamazi.info\/file\/2026\/04\/PKK-Turkey-Mit-Hurriyet-info.jpg","datePublished":"2026-04-27T16:04:57+00:00","breadcrumb":{"@id":"https:\/\/darkamazi.info\/archives\/1052618#breadcrumb"},"inLanguage":"en-US","potentialAction":[{"@type":"ReadAction","target":["https:\/\/darkamazi.info\/archives\/1052618"]}]},{"@type":"ImageObject","inLanguage":"en-US","@id":"https:\/\/darkamazi.info\/archives\/1052618#primaryimage","url":"https:\/\/darkamazi.info\/file\/2026\/04\/PKK-Turkey-Mit-Hurriyet-info.jpg","contentUrl":"https:\/\/darkamazi.info\/file\/2026\/04\/PKK-Turkey-Mit-Hurriyet-info.jpg","width":900,"height":497,"caption":"PKK-Turkey-Mit-H\u00fcrriyet-net"},{"@type":"BreadcrumbList","@id":"https:\/\/darkamazi.info\/archives\/1052618#breadcrumb","itemListElement":[{"@type":"ListItem","position":1,"name":"Home","item":"https:\/\/darkamazi.info\/"},{"@type":"ListItem","position":2,"name":"PKKe di navbera \u00e7ekdan\u00eena sembol\u00eek \u00fb rastiya meydan\u00ee de"}]},{"@type":"WebSite","@id":"https:\/\/darkamazi.info\/#website","url":"https:\/\/darkamazi.info\/","name":"Darka Maz\u00ee","description":"P\u00eageha Zanyariy\u00ean Nebih\u00eest\u00ee","publisher":{"@id":"https:\/\/darkamazi.info\/#organization"},"potentialAction":[{"@type":"SearchAction","target":{"@type":"EntryPoint","urlTemplate":"https:\/\/darkamazi.info\/?s={search_term_string}"},"query-input":{"@type":"PropertyValueSpecification","valueRequired":true,"valueName":"search_term_string"}}],"inLanguage":"en-US"},{"@type":"Organization","@id":"https:\/\/darkamazi.info\/#organization","name":"Darka Maz\u00ee","url":"https:\/\/darkamazi.info\/","logo":{"@type":"ImageObject","inLanguage":"en-US","@id":"https:\/\/darkamazi.info\/#\/schema\/logo\/image\/","url":"https:\/\/darkamazi.info\/file\/2017\/12\/darka-mazi-logo.png","contentUrl":"https:\/\/darkamazi.info\/file\/2017\/12\/darka-mazi-logo.png","width":151,"height":75,"caption":"Darka Maz\u00ee"},"image":{"@id":"https:\/\/darkamazi.info\/#\/schema\/logo\/image\/"},"sameAs":["https:\/\/www.facebook.com\/DarMaziKurmanci","https:\/\/x.com\/DarkaMaziLatini","https:\/\/www.instagram.com\/darkamazi.kurmanci\/","https:\/\/www.youtube.com\/channel\/UCa5HkTdmI8U1qCUFuTw8B2g"]},{"@type":"Person","@id":"https:\/\/darkamazi.info\/#\/schema\/person\/5ad3e24553a0567993fa8ed4bd0a776c","name":"darka mazi","sameAs":["https:\/\/darkamazi.info\/"],"url":"https:\/\/darkamazi.info\/archives\/author\/kurdi"}]}},"_links":{"self":[{"href":"https:\/\/darkamazi.info\/funavuv\/wp\/v2\/posts\/1052618","targetHints":{"allow":["GET"]}}],"collection":[{"href":"https:\/\/darkamazi.info\/funavuv\/wp\/v2\/posts"}],"about":[{"href":"https:\/\/darkamazi.info\/funavuv\/wp\/v2\/types\/post"}],"author":[{"embeddable":true,"href":"https:\/\/darkamazi.info\/funavuv\/wp\/v2\/users\/2"}],"replies":[{"embeddable":true,"href":"https:\/\/darkamazi.info\/funavuv\/wp\/v2\/comments?post=1052618"}],"version-history":[{"count":0,"href":"https:\/\/darkamazi.info\/funavuv\/wp\/v2\/posts\/1052618\/revisions"}],"wp:featuredmedia":[{"embeddable":true,"href":"https:\/\/darkamazi.info\/funavuv\/wp\/v2\/media\/1052619"}],"wp:attachment":[{"href":"https:\/\/darkamazi.info\/funavuv\/wp\/v2\/media?parent=1052618"}],"wp:term":[{"taxonomy":"category","embeddable":true,"href":"https:\/\/darkamazi.info\/funavuv\/wp\/v2\/categories?post=1052618"},{"taxonomy":"post_tag","embeddable":true,"href":"https:\/\/darkamazi.info\/funavuv\/wp\/v2\/tags?post=1052618"}],"curies":[{"name":"wp","href":"https:\/\/api.w.org\/{rel}","templated":true}]}}