{"id":1052622,"date":"2026-04-28T10:35:57","date_gmt":"2026-04-28T07:35:57","guid":{"rendered":"https:\/\/darkamazi.info\/?p=1052622"},"modified":"2026-04-28T10:40:45","modified_gmt":"2026-04-28T07:40:45","slug":"pevajoya-nu-ya-astiye-li-tirkiyeye-di-xetere-de-ye","status":"publish","type":"post","link":"https:\/\/darkamazi.info\/archives\/1052622","title":{"rendered":"P\u00eavajoya n\u00fb ya a\u015ftiy\u00ea li Tirkiyey\u00ea di xeter\u00ea de ye"},"content":{"rendered":"<h3 style=\"text-align: justify;\"><span style=\"font-family: 'arial black', sans-serif;\">C\u00eegir\u00ea Hevserok\u00ea Gi\u015ft\u00ee y\u00ea Komeleya Maf\u00ean Mirovan li ser xetera t\u00eak\u00e7\u00fbna p\u00eavajoya n\u00fb ya a\u015ftiy\u00ea li Tirkiyey\u00ea hi\u015fyar\u00ee da, herwesa ragihand ku heta niha p\u00eangav\u00ean qan\u00fbn\u00ee nehatine av\u00eatin. Hevseroka DEM Partiy\u00ea j\u00ee hik\u00fbmet bi pa\u015fxistina p\u00eavajoy\u00ea \u00fb gir\u00eadana w\u00ea bi guhertin\u00ean her\u00eam\u00ee \u00fb aloz\u00eey\u00ean \u00ceran\u00ea ve tometbar kir.<\/span><\/h3>\n<h3 style=\"text-align: justify;\"><span style=\"font-family: arial, helvetica, sans-serif;\">C\u00eegir\u00ea Hevserok\u00ea Gi\u015ft\u00ee y\u00ea Komeleya Maf\u00ean Mirovan Ercan Yilmaz ragihand: \u201cNabe ev p\u00eavajo ten\u00ea wek\u00ee mijareke ewlehiy\u00ea b\u00ea d\u00eetin. Daxuyaniy\u00ean dewlet\u00ea ji bo \u00e7aksaziy\u00ea li ser w\u00ea p\u00eavajoy\u00ea ten\u00ea di asta gotinan de mane \u00fb ne b\u00fbne gav\u00ean kiryark\u00ee, ku ev yek j\u00ee xetera vegera ji bo rew\u015fa ber\u00ea \u00fb t\u00eak\u00e7\u00fbna p\u00eavajoy\u00ea \u00e7\u00ea dike.\u201d<\/span><\/h3>\n<h3 style=\"text-align: justify;\"><span style=\"font-family: arial, helvetica, sans-serif;\">Ercan Yilmaz herwesa got: &#8220;Tev\u00ee ku raporta kom\u00eesyona parlamentoy\u00ea amade ye, l\u00ea tu p\u00eangaveke qan\u00fbn\u00ee nehatiye av\u00eatin ku ev j\u00ee cih\u00ea n\u00eegeraniy\u00ea ye. Di demek\u00ea de ku \u00e7ekdan\u00een bi rengek\u00ee kiryark\u00ee hatiye destp\u00eakirin, erk\u00ea dewlet\u00ea ye ku b\u00eay\u00ee wext winda bike qan\u00fbneke \u00e7ar\u00e7ovey\u00ee&#8217; ya gi\u015ftgir \u00fb zelal ji bo pi\u015ftgir\u00eekirina biryara \u00e7ekdan\u00eena PKK\u00ea derxe, ku hem\u00ee koman vebigire.&#8221;<\/span><\/h3>\n<h3 style=\"text-align: justify;\"><span style=\"font-family: arial, helvetica, sans-serif;\">Navbir\u00ee diyar j\u00ee kir: \u201cEm wek\u00ee Komeleya Maf\u00ean Mirovan, ji bo avakirina a\u015ftiyeke berdewam, daxwaz dikin ko girtiy\u00ean siyas\u00ee \u00fb nexwe\u015f b\u00ean azadkirin, pergala qey\u00fbman bi daw\u00ee bibe \u00fb biryar\u00ean Dadgeha Maf\u00ean Mirovan a Ewropay\u00ea b\u00ean bicihan\u00een. Herwesa div\u00ea zext\u00ean qan\u00fbn\u00ee y\u00ean li ser siyasetmedar \u00fb rojnamevanan b\u00ean rawestandin \u00fb qan\u00fbna T\u00eako\u015f\u00eena Dij\u00ee Teror\u00ea b\u00ea hilwe\u015fandin, daku ev derfeta d\u00eerok\u00ee ya bi b\u00eadengb\u00fbna \u00e7ekan re derketiye hol\u00ea bibe a\u015ftiyeke herdem\u00ee.\u201d<\/span><\/h3>\n<h3 style=\"text-align: justify;\"><span style=\"font-family: 'arial black', sans-serif; color: #8a0808;\">Hatimogullari: Hik\u00fbmet p\u00eavajoy\u00ea bi zaneb\u00fbn bi pa\u015f dixe<\/span><\/h3>\n<h3 style=\"text-align: justify;\"><span style=\"font-family: arial, helvetica, sans-serif;\">Hevseroka Partiya Wekhev\u00ee \u00fb Demokrasiya Gelan (Dem Part\u00ee) Tulay Hatimogullari j\u00ee ji aliy\u00ea din ve roja (Yek\u015fem, 26\u00ea N\u00eesana 2026\u00ea) di daxuyaniyek\u00ea de ji bo rojnameyek\u00ea ragihand: \u201cP\u00eavajoya a\u015ftiy\u00ea n\u00eaz\u00eek\u00ee astengb\u00fbn\u00ea dibe \u00fb hik\u00fbmet bi merem w\u00ea p\u00eavajoy\u00ea dir\u00eaj dike \u00fb bi pa\u015f dixe.\u201d<\/span><\/h3>\n<h3 style=\"text-align: justify;\"><span style=\"font-family: arial, helvetica, sans-serif;\">Hatimogullari herwesa got: &#8220;Beriya niha rayedar\u00ean Tirkiyey\u00ea li benda p\u00ea\u015fve\u00e7\u00fbn\u00ean Rojavay\u00ea Kurdistan\u00ea b\u00fbn, l\u00ea niha \u00e7av\u00ea wan li encam\u00ean \u015fer \u00fb aloz\u00eey\u00ean navxwey\u00ee y\u00ean \u00ceran\u00ea ye.&#8221;<\/span><\/h3>\n<h3 style=\"text-align: justify;\"><span style=\"font-family: arial, helvetica, sans-serif;\">Hevseroka DEM Partiy\u00ea h\u00eav\u00ee kir ku p\u00eavajoya a\u015ftiy\u00ea ber bi p\u00ea\u015f ve bi\u00e7e \u00fb t\u00fb\u015f\u00ee t\u00eak\u00e7\u00fbna bi temam\u00ee nebe, l\u00ea tekez kir ku diyar e Tirkiyey\u00ea stratejiya xwe bi guhertin\u00ean her\u00eam\u00ea \u00fb \u00ceran\u00ea ve gir\u00ea daye.<\/span><\/h3>\n","protected":false},"excerpt":{"rendered":"<p>C\u00eegir\u00ea Hevserok\u00ea Gi\u015ft\u00ee y\u00ea Komeleya Maf\u00ean Mirovan li ser xetera t\u00eak\u00e7\u00fbna p\u00eavajoya n\u00fb ya a\u015ftiy\u00ea li Tirkiyey\u00ea hi\u015fyar\u00ee da, herwesa ragihand ku heta niha p\u00eangav\u00ean qan\u00fbn\u00ee nehatine av\u00eatin. Hevseroka DEM Partiy\u00ea j\u00ee hik\u00fbmet bi pa\u015fxistina p\u00eavajoy\u00ea \u00fb gir\u00eadana w\u00ea bi guhertin\u00ean her\u00eam\u00ee \u00fb aloz\u00eey\u00ean \u00ceran\u00ea ve tometbar kir. C\u00eegir\u00ea Hevserok\u00ea Gi\u015ft\u00ee y\u00ea Komeleya Maf\u00ean Mirovan [&hellip;]<\/p>\n","protected":false},"author":2,"featured_media":1052625,"comment_status":"closed","ping_status":"closed","sticky":false,"template":"","format":"standard","meta":{"footnotes":""},"categories":[31],"tags":[37],"class_list":["post-1052622","post","type-post","status-publish","format-standard","has-post-thumbnail","hentry","category-rojhelata-navin","tag-sereke"],"blocksy_meta":[],"seo_head":"<!-- This site is optimized with the Yoast SEO plugin v27.5 - https:\/\/yoast.com\/product\/yoast-seo-wordpress\/ -->\n<title>P\u00eavajoya n\u00fb ya a\u015ftiy\u00ea li Tirkiyey\u00ea di xeter\u00ea de ye - Darka Maz\u00ee<\/title>\n<meta name=\"robots\" content=\"index, follow, max-snippet:-1, max-image-preview:large, max-video-preview:-1\" \/>\n<link rel=\"canonical\" href=\"https:\/\/darkamazi.info\/archives\/1052622\" \/>\n<meta property=\"og:locale\" content=\"en_US\" \/>\n<meta property=\"og:type\" content=\"article\" \/>\n<meta property=\"og:title\" content=\"P\u00eavajoya n\u00fb ya a\u015ftiy\u00ea li Tirkiyey\u00ea di xeter\u00ea de ye - Darka Maz\u00ee\" \/>\n<meta property=\"og:description\" content=\"C\u00eegir\u00ea Hevserok\u00ea Gi\u015ft\u00ee y\u00ea Komeleya Maf\u00ean Mirovan li ser xetera t\u00eak\u00e7\u00fbna p\u00eavajoya n\u00fb ya a\u015ftiy\u00ea li Tirkiyey\u00ea hi\u015fyar\u00ee da, herwesa ragihand ku heta niha p\u00eangav\u00ean qan\u00fbn\u00ee nehatine av\u00eatin. Hevseroka DEM Partiy\u00ea j\u00ee hik\u00fbmet bi pa\u015fxistina p\u00eavajoy\u00ea \u00fb gir\u00eadana w\u00ea bi guhertin\u00ean her\u00eam\u00ee \u00fb aloz\u00eey\u00ean \u00ceran\u00ea ve tometbar kir. C\u00eegir\u00ea Hevserok\u00ea Gi\u015ft\u00ee y\u00ea Komeleya Maf\u00ean Mirovan [&hellip;]\" \/>\n<meta property=\"og:url\" content=\"https:\/\/darkamazi.info\/archives\/1052622\" \/>\n<meta property=\"og:site_name\" content=\"Darka Maz\u00ee\" \/>\n<meta property=\"article:publisher\" content=\"https:\/\/www.facebook.com\/DarMaziKurmanci\" \/>\n<meta property=\"article:published_time\" content=\"2026-04-28T07:35:57+00:00\" \/>\n<meta property=\"article:modified_time\" content=\"2026-04-28T07:40:45+00:00\" \/>\n<meta property=\"og:image\" content=\"https:\/\/darkamazi.info\/file\/2026\/04\/Pevajoya-nu-ya-astiye-info-info.jpg\" \/>\n\t<meta property=\"og:image:width\" content=\"900\" \/>\n\t<meta property=\"og:image:height\" content=\"500\" \/>\n\t<meta property=\"og:image:type\" content=\"image\/jpeg\" \/>\n<meta name=\"author\" content=\"darka mazi\" \/>\n<meta name=\"twitter:card\" content=\"summary_large_image\" \/>\n<meta name=\"twitter:creator\" content=\"@DarkaMaziLatini\" \/>\n<meta name=\"twitter:site\" content=\"@DarkaMaziLatini\" \/>\n<meta name=\"twitter:label1\" content=\"Written by\" \/>\n\t<meta name=\"twitter:data1\" content=\"darka mazi\" \/>\n\t<meta name=\"twitter:label2\" content=\"Est. reading time\" \/>\n\t<meta name=\"twitter:data2\" content=\"2 minutes\" \/>\n<script type=\"application\/ld+json\" class=\"seo-schema-graph\">{\"@context\":\"https:\\\/\\\/schema.org\",\"@graph\":[{\"@type\":\"Article\",\"@id\":\"https:\\\/\\\/darkamazi.info\\\/archives\\\/1052622#article\",\"isPartOf\":{\"@id\":\"https:\\\/\\\/darkamazi.info\\\/archives\\\/1052622\"},\"author\":{\"name\":\"darka mazi\",\"@id\":\"https:\\\/\\\/darkamazi.info\\\/#\\\/schema\\\/person\\\/5ad3e24553a0567993fa8ed4bd0a776c\"},\"headline\":\"P\u00eavajoya n\u00fb ya a\u015ftiy\u00ea li Tirkiyey\u00ea di xeter\u00ea de ye\",\"datePublished\":\"2026-04-28T07:35:57+00:00\",\"dateModified\":\"2026-04-28T07:40:45+00:00\",\"mainEntityOfPage\":{\"@id\":\"https:\\\/\\\/darkamazi.info\\\/archives\\\/1052622\"},\"wordCount\":436,\"publisher\":{\"@id\":\"https:\\\/\\\/darkamazi.info\\\/#organization\"},\"image\":{\"@id\":\"https:\\\/\\\/darkamazi.info\\\/archives\\\/1052622#primaryimage\"},\"thumbnailUrl\":\"https:\\\/\\\/darkamazi.info\\\/darka-content\\\/uploads\\\/2026\\\/04\\\/Pevajoya-nu-ya-astiye-info-info.jpg\",\"keywords\":[\"sereke\"],\"articleSection\":[\"Rojhelata nav\u00een\"],\"inLanguage\":\"en-US\"},{\"@type\":\"WebPage\",\"@id\":\"https:\\\/\\\/darkamazi.info\\\/archives\\\/1052622\",\"url\":\"https:\\\/\\\/darkamazi.info\\\/archives\\\/1052622\",\"name\":\"P\u00eavajoya n\u00fb ya a\u015ftiy\u00ea li Tirkiyey\u00ea di xeter\u00ea de ye - Darka Maz\u00ee\",\"isPartOf\":{\"@id\":\"https:\\\/\\\/darkamazi.info\\\/#website\"},\"primaryImageOfPage\":{\"@id\":\"https:\\\/\\\/darkamazi.info\\\/archives\\\/1052622#primaryimage\"},\"image\":{\"@id\":\"https:\\\/\\\/darkamazi.info\\\/archives\\\/1052622#primaryimage\"},\"thumbnailUrl\":\"https:\\\/\\\/darkamazi.info\\\/darka-content\\\/uploads\\\/2026\\\/04\\\/Pevajoya-nu-ya-astiye-info-info.jpg\",\"datePublished\":\"2026-04-28T07:35:57+00:00\",\"dateModified\":\"2026-04-28T07:40:45+00:00\",\"breadcrumb\":{\"@id\":\"https:\\\/\\\/darkamazi.info\\\/archives\\\/1052622#breadcrumb\"},\"inLanguage\":\"en-US\",\"potentialAction\":[{\"@type\":\"ReadAction\",\"target\":[\"https:\\\/\\\/darkamazi.info\\\/archives\\\/1052622\"]}]},{\"@type\":\"ImageObject\",\"inLanguage\":\"en-US\",\"@id\":\"https:\\\/\\\/darkamazi.info\\\/archives\\\/1052622#primaryimage\",\"url\":\"https:\\\/\\\/darkamazi.info\\\/darka-content\\\/uploads\\\/2026\\\/04\\\/Pevajoya-nu-ya-astiye-info-info.jpg\",\"contentUrl\":\"https:\\\/\\\/darkamazi.info\\\/darka-content\\\/uploads\\\/2026\\\/04\\\/Pevajoya-nu-ya-astiye-info-info.jpg\",\"width\":900,\"height\":500,\"caption\":\"P\u00eavajoya-n\u00fb-ya-a\u015ftiy\u00ea-info-info\"},{\"@type\":\"BreadcrumbList\",\"@id\":\"https:\\\/\\\/darkamazi.info\\\/archives\\\/1052622#breadcrumb\",\"itemListElement\":[{\"@type\":\"ListItem\",\"position\":1,\"name\":\"Home\",\"item\":\"https:\\\/\\\/darkamazi.info\\\/\"},{\"@type\":\"ListItem\",\"position\":2,\"name\":\"P\u00eavajoya n\u00fb ya a\u015ftiy\u00ea li Tirkiyey\u00ea di xeter\u00ea de ye\"}]},{\"@type\":\"WebSite\",\"@id\":\"https:\\\/\\\/darkamazi.info\\\/#website\",\"url\":\"https:\\\/\\\/darkamazi.info\\\/\",\"name\":\"Darka Maz\u00ee\",\"description\":\"P\u00eageha Zanyariy\u00ean Nebih\u00eest\u00ee\",\"publisher\":{\"@id\":\"https:\\\/\\\/darkamazi.info\\\/#organization\"},\"potentialAction\":[{\"@type\":\"SearchAction\",\"target\":{\"@type\":\"EntryPoint\",\"urlTemplate\":\"https:\\\/\\\/darkamazi.info\\\/?s={search_term_string}\"},\"query-input\":{\"@type\":\"PropertyValueSpecification\",\"valueRequired\":true,\"valueName\":\"search_term_string\"}}],\"inLanguage\":\"en-US\"},{\"@type\":\"Organization\",\"@id\":\"https:\\\/\\\/darkamazi.info\\\/#organization\",\"name\":\"Darka Maz\u00ee\",\"url\":\"https:\\\/\\\/darkamazi.info\\\/\",\"logo\":{\"@type\":\"ImageObject\",\"inLanguage\":\"en-US\",\"@id\":\"https:\\\/\\\/darkamazi.info\\\/#\\\/schema\\\/logo\\\/image\\\/\",\"url\":\"https:\\\/\\\/darkamazi.info\\\/darka-content\\\/uploads\\\/2017\\\/12\\\/darka-mazi-logo.png\",\"contentUrl\":\"https:\\\/\\\/darkamazi.info\\\/darka-content\\\/uploads\\\/2017\\\/12\\\/darka-mazi-logo.png\",\"width\":151,\"height\":75,\"caption\":\"Darka Maz\u00ee\"},\"image\":{\"@id\":\"https:\\\/\\\/darkamazi.info\\\/#\\\/schema\\\/logo\\\/image\\\/\"},\"sameAs\":[\"https:\\\/\\\/www.facebook.com\\\/DarMaziKurmanci\",\"https:\\\/\\\/x.com\\\/DarkaMaziLatini\",\"https:\\\/\\\/www.instagram.com\\\/darkamazi.kurmanci\\\/\",\"https:\\\/\\\/www.youtube.com\\\/channel\\\/UCa5HkTdmI8U1qCUFuTw8B2g\"]},{\"@type\":\"Person\",\"@id\":\"https:\\\/\\\/darkamazi.info\\\/#\\\/schema\\\/person\\\/5ad3e24553a0567993fa8ed4bd0a776c\",\"name\":\"darka mazi\",\"sameAs\":[\"https:\\\/\\\/darkamazi.info\\\/\"],\"url\":\"https:\\\/\\\/darkamazi.info\\\/archives\\\/author\\\/kurdi\"}]}<\/script>\n<!-- \/ Yoast SEO plugin. -->","seo_head_json":{"title":"P\u00eavajoya n\u00fb ya a\u015ftiy\u00ea li Tirkiyey\u00ea di xeter\u00ea de ye - Darka Maz\u00ee","robots":{"index":"index","follow":"follow","max-snippet":"max-snippet:-1","max-image-preview":"max-image-preview:large","max-video-preview":"max-video-preview:-1"},"canonical":"https:\/\/darkamazi.info\/archives\/1052622","og_locale":"en_US","og_type":"article","og_title":"P\u00eavajoya n\u00fb ya a\u015ftiy\u00ea li Tirkiyey\u00ea di xeter\u00ea de ye - Darka Maz\u00ee","og_description":"C\u00eegir\u00ea Hevserok\u00ea Gi\u015ft\u00ee y\u00ea Komeleya Maf\u00ean Mirovan li ser xetera t\u00eak\u00e7\u00fbna p\u00eavajoya n\u00fb ya a\u015ftiy\u00ea li Tirkiyey\u00ea hi\u015fyar\u00ee da, herwesa ragihand ku heta niha p\u00eangav\u00ean qan\u00fbn\u00ee nehatine av\u00eatin. Hevseroka DEM Partiy\u00ea j\u00ee hik\u00fbmet bi pa\u015fxistina p\u00eavajoy\u00ea \u00fb gir\u00eadana w\u00ea bi guhertin\u00ean her\u00eam\u00ee \u00fb aloz\u00eey\u00ean \u00ceran\u00ea ve tometbar kir. C\u00eegir\u00ea Hevserok\u00ea Gi\u015ft\u00ee y\u00ea Komeleya Maf\u00ean Mirovan [&hellip;]","og_url":"https:\/\/darkamazi.info\/archives\/1052622","og_site_name":"Darka Maz\u00ee","article_publisher":"https:\/\/www.facebook.com\/DarMaziKurmanci","article_published_time":"2026-04-28T07:35:57+00:00","article_modified_time":"2026-04-28T07:40:45+00:00","og_image":[{"width":900,"height":500,"url":"https:\/\/darkamazi.info\/file\/2026\/04\/Pevajoya-nu-ya-astiye-info-info.jpg","type":"image\/jpeg"}],"author":"darka mazi","twitter_card":"summary_large_image","twitter_creator":"@DarkaMaziLatini","twitter_site":"@DarkaMaziLatini","twitter_misc":{"Written by":"darka mazi","Est. reading time":"2 minutes"},"schema":{"@context":"https:\/\/schema.org","@graph":[{"@type":"Article","@id":"https:\/\/darkamazi.info\/archives\/1052622#article","isPartOf":{"@id":"https:\/\/darkamazi.info\/archives\/1052622"},"author":{"name":"darka mazi","@id":"https:\/\/darkamazi.info\/#\/schema\/person\/5ad3e24553a0567993fa8ed4bd0a776c"},"headline":"P\u00eavajoya n\u00fb ya a\u015ftiy\u00ea li Tirkiyey\u00ea di xeter\u00ea de ye","datePublished":"2026-04-28T07:35:57+00:00","dateModified":"2026-04-28T07:40:45+00:00","mainEntityOfPage":{"@id":"https:\/\/darkamazi.info\/archives\/1052622"},"wordCount":436,"publisher":{"@id":"https:\/\/darkamazi.info\/#organization"},"image":{"@id":"https:\/\/darkamazi.info\/archives\/1052622#primaryimage"},"thumbnailUrl":"https:\/\/darkamazi.info\/file\/2026\/04\/Pevajoya-nu-ya-astiye-info-info.jpg","keywords":["sereke"],"articleSection":["Rojhelata nav\u00een"],"inLanguage":"en-US"},{"@type":"WebPage","@id":"https:\/\/darkamazi.info\/archives\/1052622","url":"https:\/\/darkamazi.info\/archives\/1052622","name":"P\u00eavajoya n\u00fb ya a\u015ftiy\u00ea li Tirkiyey\u00ea di xeter\u00ea de ye - Darka Maz\u00ee","isPartOf":{"@id":"https:\/\/darkamazi.info\/#website"},"primaryImageOfPage":{"@id":"https:\/\/darkamazi.info\/archives\/1052622#primaryimage"},"image":{"@id":"https:\/\/darkamazi.info\/archives\/1052622#primaryimage"},"thumbnailUrl":"https:\/\/darkamazi.info\/file\/2026\/04\/Pevajoya-nu-ya-astiye-info-info.jpg","datePublished":"2026-04-28T07:35:57+00:00","dateModified":"2026-04-28T07:40:45+00:00","breadcrumb":{"@id":"https:\/\/darkamazi.info\/archives\/1052622#breadcrumb"},"inLanguage":"en-US","potentialAction":[{"@type":"ReadAction","target":["https:\/\/darkamazi.info\/archives\/1052622"]}]},{"@type":"ImageObject","inLanguage":"en-US","@id":"https:\/\/darkamazi.info\/archives\/1052622#primaryimage","url":"https:\/\/darkamazi.info\/file\/2026\/04\/Pevajoya-nu-ya-astiye-info-info.jpg","contentUrl":"https:\/\/darkamazi.info\/file\/2026\/04\/Pevajoya-nu-ya-astiye-info-info.jpg","width":900,"height":500,"caption":"P\u00eavajoya-n\u00fb-ya-a\u015ftiy\u00ea-info-info"},{"@type":"BreadcrumbList","@id":"https:\/\/darkamazi.info\/archives\/1052622#breadcrumb","itemListElement":[{"@type":"ListItem","position":1,"name":"Home","item":"https:\/\/darkamazi.info\/"},{"@type":"ListItem","position":2,"name":"P\u00eavajoya n\u00fb ya a\u015ftiy\u00ea li Tirkiyey\u00ea di xeter\u00ea de ye"}]},{"@type":"WebSite","@id":"https:\/\/darkamazi.info\/#website","url":"https:\/\/darkamazi.info\/","name":"Darka Maz\u00ee","description":"P\u00eageha Zanyariy\u00ean Nebih\u00eest\u00ee","publisher":{"@id":"https:\/\/darkamazi.info\/#organization"},"potentialAction":[{"@type":"SearchAction","target":{"@type":"EntryPoint","urlTemplate":"https:\/\/darkamazi.info\/?s={search_term_string}"},"query-input":{"@type":"PropertyValueSpecification","valueRequired":true,"valueName":"search_term_string"}}],"inLanguage":"en-US"},{"@type":"Organization","@id":"https:\/\/darkamazi.info\/#organization","name":"Darka Maz\u00ee","url":"https:\/\/darkamazi.info\/","logo":{"@type":"ImageObject","inLanguage":"en-US","@id":"https:\/\/darkamazi.info\/#\/schema\/logo\/image\/","url":"https:\/\/darkamazi.info\/file\/2017\/12\/darka-mazi-logo.png","contentUrl":"https:\/\/darkamazi.info\/file\/2017\/12\/darka-mazi-logo.png","width":151,"height":75,"caption":"Darka Maz\u00ee"},"image":{"@id":"https:\/\/darkamazi.info\/#\/schema\/logo\/image\/"},"sameAs":["https:\/\/www.facebook.com\/DarMaziKurmanci","https:\/\/x.com\/DarkaMaziLatini","https:\/\/www.instagram.com\/darkamazi.kurmanci\/","https:\/\/www.youtube.com\/channel\/UCa5HkTdmI8U1qCUFuTw8B2g"]},{"@type":"Person","@id":"https:\/\/darkamazi.info\/#\/schema\/person\/5ad3e24553a0567993fa8ed4bd0a776c","name":"darka mazi","sameAs":["https:\/\/darkamazi.info\/"],"url":"https:\/\/darkamazi.info\/archives\/author\/kurdi"}]}},"_links":{"self":[{"href":"https:\/\/darkamazi.info\/funavuv\/wp\/v2\/posts\/1052622","targetHints":{"allow":["GET"]}}],"collection":[{"href":"https:\/\/darkamazi.info\/funavuv\/wp\/v2\/posts"}],"about":[{"href":"https:\/\/darkamazi.info\/funavuv\/wp\/v2\/types\/post"}],"author":[{"embeddable":true,"href":"https:\/\/darkamazi.info\/funavuv\/wp\/v2\/users\/2"}],"replies":[{"embeddable":true,"href":"https:\/\/darkamazi.info\/funavuv\/wp\/v2\/comments?post=1052622"}],"version-history":[{"count":2,"href":"https:\/\/darkamazi.info\/funavuv\/wp\/v2\/posts\/1052622\/revisions"}],"predecessor-version":[{"id":1052628,"href":"https:\/\/darkamazi.info\/funavuv\/wp\/v2\/posts\/1052622\/revisions\/1052628"}],"wp:featuredmedia":[{"embeddable":true,"href":"https:\/\/darkamazi.info\/funavuv\/wp\/v2\/media\/1052625"}],"wp:attachment":[{"href":"https:\/\/darkamazi.info\/funavuv\/wp\/v2\/media?parent=1052622"}],"wp:term":[{"taxonomy":"category","embeddable":true,"href":"https:\/\/darkamazi.info\/funavuv\/wp\/v2\/categories?post=1052622"},{"taxonomy":"post_tag","embeddable":true,"href":"https:\/\/darkamazi.info\/funavuv\/wp\/v2\/tags?post=1052622"}],"curies":[{"name":"wp","href":"https:\/\/api.w.org\/{rel}","templated":true}]}}