{"id":1052635,"date":"2026-04-28T13:49:02","date_gmt":"2026-04-28T10:49:02","guid":{"rendered":"https:\/\/darkamazi.info\/?p=1052635"},"modified":"2026-04-28T13:49:02","modified_gmt":"2026-04-28T10:49:02","slug":"bahceli-em-ne-kerkuke-u-ne-ji-musile-ji-bir-dikin","status":"publish","type":"post","link":"https:\/\/darkamazi.info\/archives\/1052635","title":{"rendered":"Bah\u00e7el\u00ee: Em ne Kerk\u00fbk\u00ea \u00fb ne j\u00ee M\u00fbsil\u00ea ji b\u00eer dikin"},"content":{"rendered":"<h3 style=\"text-align: justify;\"><span style=\"font-family: 'arial black', sans-serif;\">Serok\u00ea Partiya Tevgera Neteweperest (MHP), di civ\u00eena koma partiya xwe ya li parlamentoya Tirkiyey\u00ea de axiv\u00ee \u00fb got: &#8220;Ew d\u00ea ne Kerk\u00fbk\u00ea ne j\u00ee M\u00fbsil\u00ea ji b\u00eer bikin.&#8221;<\/span><\/h3>\n<h3 style=\"text-align: justify;\"><span style=\"font-family: arial, helvetica, sans-serif;\">Dewlet Bah\u00e7el\u00ee di axaftina xwe de behsa t\u00eakiliya Tirkiyey\u00ea ya bi Kerk\u00fbk \u00fb M\u00fbsil\u00ea re kir \u00fb got:<\/span><\/h3>\n<h3 style=\"text-align: justify;\"><span style=\"font-family: arial, helvetica, sans-serif;\">&#8220;Neteweperweriya me ten\u00ea wek\u00ee doza r\u00fbmet\u00ea ya ku di hundur\u00ea s\u00eenor\u00ean Anatolyay\u00ea de as\u00ea maye nay\u00ea d\u00eetin.&#8221;<\/span><\/h3>\n<h3 style=\"text-align: justify;\"><span style=\"font-family: arial, helvetica, sans-serif;\">Her wiha got: &#8220;Li ku der\u00ea tirkek bij\u00ee, li ku der\u00ea zarokek\u00ee tirk ji dayik bibe, li ku der\u00ea bi tirk\u00ee b\u00ea axaftin, ew der per\u00e7eyek\u00ee cografyaya b\u00eereweriya me, nex\u015feya dil\u00ea me \u00fb hi\u015fmendiya d\u00eeroka me ye.&#8221;<\/span><\/h3>\n<h3 style=\"text-align: justify;\"><span style=\"font-family: arial, helvetica, sans-serif;\">Bah\u00e7el\u00ee di be\u015fek\u00ee din \u00ea axaftina xwe de got: &#8220;Gava mirov dib\u00eaje cografyaya Peymana Netewey\u00ee (M\u00eesak-\u00ee Mill\u00ee), hesret dikeve dil\u00ea me. Di ser\u00ea van hesretan de j\u00ee Kerk\u00fbk t\u00ea, em ne Kerk\u00fbk\u00ea ne j\u00ee M\u00fbsil\u00ea ji b\u00eer dikin.&#8221;<\/span><\/h3>\n","protected":false},"excerpt":{"rendered":"<p>Serok\u00ea Partiya Tevgera Neteweperest (MHP), di civ\u00eena koma partiya xwe ya li parlamentoya Tirkiyey\u00ea de axiv\u00ee \u00fb got: &#8220;Ew d\u00ea ne Kerk\u00fbk\u00ea ne j\u00ee M\u00fbsil\u00ea ji b\u00eer bikin.&#8221; Dewlet Bah\u00e7el\u00ee di axaftina xwe de behsa t\u00eakiliya Tirkiyey\u00ea ya bi Kerk\u00fbk \u00fb M\u00fbsil\u00ea re kir \u00fb got: &#8220;Neteweperweriya me ten\u00ea wek\u00ee doza r\u00fbmet\u00ea ya ku di [&hellip;]<\/p>\n","protected":false},"author":2,"featured_media":1052636,"comment_status":"closed","ping_status":"closed","sticky":false,"template":"","format":"standard","meta":{"footnotes":""},"categories":[31],"tags":[37],"class_list":["post-1052635","post","type-post","status-publish","format-standard","has-post-thumbnail","hentry","category-rojhelata-navin","tag-sereke"],"blocksy_meta":[],"seo_head":"<!-- This site is optimized with the Yoast SEO plugin v27.5 - https:\/\/yoast.com\/product\/yoast-seo-wordpress\/ -->\n<title>Bah\u00e7el\u00ee: Em ne Kerk\u00fbk\u00ea \u00fb ne j\u00ee M\u00fbsil\u00ea ji b\u00eer dikin - Darka Maz\u00ee<\/title>\n<meta name=\"robots\" content=\"index, follow, max-snippet:-1, max-image-preview:large, max-video-preview:-1\" \/>\n<link rel=\"canonical\" href=\"https:\/\/darkamazi.info\/archives\/1052635\" \/>\n<meta property=\"og:locale\" content=\"en_US\" \/>\n<meta property=\"og:type\" content=\"article\" \/>\n<meta property=\"og:title\" content=\"Bah\u00e7el\u00ee: Em ne Kerk\u00fbk\u00ea \u00fb ne j\u00ee M\u00fbsil\u00ea ji b\u00eer dikin - Darka Maz\u00ee\" \/>\n<meta property=\"og:description\" content=\"Serok\u00ea Partiya Tevgera Neteweperest (MHP), di civ\u00eena koma partiya xwe ya li parlamentoya Tirkiyey\u00ea de axiv\u00ee \u00fb got: &#8220;Ew d\u00ea ne Kerk\u00fbk\u00ea ne j\u00ee M\u00fbsil\u00ea ji b\u00eer bikin.&#8221; Dewlet Bah\u00e7el\u00ee di axaftina xwe de behsa t\u00eakiliya Tirkiyey\u00ea ya bi Kerk\u00fbk \u00fb M\u00fbsil\u00ea re kir \u00fb got: &#8220;Neteweperweriya me ten\u00ea wek\u00ee doza r\u00fbmet\u00ea ya ku di [&hellip;]\" \/>\n<meta property=\"og:url\" content=\"https:\/\/darkamazi.info\/archives\/1052635\" \/>\n<meta property=\"og:site_name\" content=\"Darka Maz\u00ee\" \/>\n<meta property=\"article:publisher\" content=\"https:\/\/www.facebook.com\/DarMaziKurmanci\" \/>\n<meta property=\"article:published_time\" content=\"2026-04-28T10:49:02+00:00\" \/>\n<meta property=\"og:image\" content=\"https:\/\/darkamazi.info\/file\/2026\/04\/Bahceli-Kerkuk-Musil-info.jpg\" \/>\n\t<meta property=\"og:image:width\" content=\"900\" \/>\n\t<meta property=\"og:image:height\" content=\"500\" \/>\n\t<meta property=\"og:image:type\" content=\"image\/jpeg\" \/>\n<meta name=\"author\" content=\"darka mazi\" \/>\n<meta name=\"twitter:card\" content=\"summary_large_image\" \/>\n<meta name=\"twitter:creator\" content=\"@DarkaMaziLatini\" \/>\n<meta name=\"twitter:site\" content=\"@DarkaMaziLatini\" \/>\n<meta name=\"twitter:label1\" content=\"Written by\" \/>\n\t<meta name=\"twitter:data1\" content=\"darka mazi\" \/>\n\t<meta name=\"twitter:label2\" content=\"Est. reading time\" \/>\n\t<meta name=\"twitter:data2\" content=\"1 minute\" \/>\n<script type=\"application\/ld+json\" class=\"seo-schema-graph\">{\"@context\":\"https:\\\/\\\/schema.org\",\"@graph\":[{\"@type\":\"Article\",\"@id\":\"https:\\\/\\\/darkamazi.info\\\/archives\\\/1052635#article\",\"isPartOf\":{\"@id\":\"https:\\\/\\\/darkamazi.info\\\/archives\\\/1052635\"},\"author\":{\"name\":\"darka mazi\",\"@id\":\"https:\\\/\\\/darkamazi.info\\\/#\\\/schema\\\/person\\\/5ad3e24553a0567993fa8ed4bd0a776c\"},\"headline\":\"Bah\u00e7el\u00ee: Em ne Kerk\u00fbk\u00ea \u00fb ne j\u00ee M\u00fbsil\u00ea ji b\u00eer dikin\",\"datePublished\":\"2026-04-28T10:49:02+00:00\",\"mainEntityOfPage\":{\"@id\":\"https:\\\/\\\/darkamazi.info\\\/archives\\\/1052635\"},\"wordCount\":172,\"publisher\":{\"@id\":\"https:\\\/\\\/darkamazi.info\\\/#organization\"},\"image\":{\"@id\":\"https:\\\/\\\/darkamazi.info\\\/archives\\\/1052635#primaryimage\"},\"thumbnailUrl\":\"https:\\\/\\\/darkamazi.info\\\/darka-content\\\/uploads\\\/2026\\\/04\\\/Bahceli-Kerkuk-Musil-info.jpg\",\"keywords\":[\"sereke\"],\"articleSection\":[\"Rojhelata nav\u00een\"],\"inLanguage\":\"en-US\"},{\"@type\":\"WebPage\",\"@id\":\"https:\\\/\\\/darkamazi.info\\\/archives\\\/1052635\",\"url\":\"https:\\\/\\\/darkamazi.info\\\/archives\\\/1052635\",\"name\":\"Bah\u00e7el\u00ee: Em ne Kerk\u00fbk\u00ea \u00fb ne j\u00ee M\u00fbsil\u00ea ji b\u00eer dikin - Darka Maz\u00ee\",\"isPartOf\":{\"@id\":\"https:\\\/\\\/darkamazi.info\\\/#website\"},\"primaryImageOfPage\":{\"@id\":\"https:\\\/\\\/darkamazi.info\\\/archives\\\/1052635#primaryimage\"},\"image\":{\"@id\":\"https:\\\/\\\/darkamazi.info\\\/archives\\\/1052635#primaryimage\"},\"thumbnailUrl\":\"https:\\\/\\\/darkamazi.info\\\/darka-content\\\/uploads\\\/2026\\\/04\\\/Bahceli-Kerkuk-Musil-info.jpg\",\"datePublished\":\"2026-04-28T10:49:02+00:00\",\"breadcrumb\":{\"@id\":\"https:\\\/\\\/darkamazi.info\\\/archives\\\/1052635#breadcrumb\"},\"inLanguage\":\"en-US\",\"potentialAction\":[{\"@type\":\"ReadAction\",\"target\":[\"https:\\\/\\\/darkamazi.info\\\/archives\\\/1052635\"]}]},{\"@type\":\"ImageObject\",\"inLanguage\":\"en-US\",\"@id\":\"https:\\\/\\\/darkamazi.info\\\/archives\\\/1052635#primaryimage\",\"url\":\"https:\\\/\\\/darkamazi.info\\\/darka-content\\\/uploads\\\/2026\\\/04\\\/Bahceli-Kerkuk-Musil-info.jpg\",\"contentUrl\":\"https:\\\/\\\/darkamazi.info\\\/darka-content\\\/uploads\\\/2026\\\/04\\\/Bahceli-Kerkuk-Musil-info.jpg\",\"width\":900,\"height\":500,\"caption\":\"Bahceli-Kerkuk-Musil-net\"},{\"@type\":\"BreadcrumbList\",\"@id\":\"https:\\\/\\\/darkamazi.info\\\/archives\\\/1052635#breadcrumb\",\"itemListElement\":[{\"@type\":\"ListItem\",\"position\":1,\"name\":\"Home\",\"item\":\"https:\\\/\\\/darkamazi.info\\\/\"},{\"@type\":\"ListItem\",\"position\":2,\"name\":\"Bah\u00e7el\u00ee: Em ne Kerk\u00fbk\u00ea \u00fb ne j\u00ee M\u00fbsil\u00ea ji b\u00eer dikin\"}]},{\"@type\":\"WebSite\",\"@id\":\"https:\\\/\\\/darkamazi.info\\\/#website\",\"url\":\"https:\\\/\\\/darkamazi.info\\\/\",\"name\":\"Darka Maz\u00ee\",\"description\":\"P\u00eageha Zanyariy\u00ean Nebih\u00eest\u00ee\",\"publisher\":{\"@id\":\"https:\\\/\\\/darkamazi.info\\\/#organization\"},\"potentialAction\":[{\"@type\":\"SearchAction\",\"target\":{\"@type\":\"EntryPoint\",\"urlTemplate\":\"https:\\\/\\\/darkamazi.info\\\/?s={search_term_string}\"},\"query-input\":{\"@type\":\"PropertyValueSpecification\",\"valueRequired\":true,\"valueName\":\"search_term_string\"}}],\"inLanguage\":\"en-US\"},{\"@type\":\"Organization\",\"@id\":\"https:\\\/\\\/darkamazi.info\\\/#organization\",\"name\":\"Darka Maz\u00ee\",\"url\":\"https:\\\/\\\/darkamazi.info\\\/\",\"logo\":{\"@type\":\"ImageObject\",\"inLanguage\":\"en-US\",\"@id\":\"https:\\\/\\\/darkamazi.info\\\/#\\\/schema\\\/logo\\\/image\\\/\",\"url\":\"https:\\\/\\\/darkamazi.info\\\/darka-content\\\/uploads\\\/2017\\\/12\\\/darka-mazi-logo.png\",\"contentUrl\":\"https:\\\/\\\/darkamazi.info\\\/darka-content\\\/uploads\\\/2017\\\/12\\\/darka-mazi-logo.png\",\"width\":151,\"height\":75,\"caption\":\"Darka Maz\u00ee\"},\"image\":{\"@id\":\"https:\\\/\\\/darkamazi.info\\\/#\\\/schema\\\/logo\\\/image\\\/\"},\"sameAs\":[\"https:\\\/\\\/www.facebook.com\\\/DarMaziKurmanci\",\"https:\\\/\\\/x.com\\\/DarkaMaziLatini\",\"https:\\\/\\\/www.instagram.com\\\/darkamazi.kurmanci\\\/\",\"https:\\\/\\\/www.youtube.com\\\/channel\\\/UCa5HkTdmI8U1qCUFuTw8B2g\"]},{\"@type\":\"Person\",\"@id\":\"https:\\\/\\\/darkamazi.info\\\/#\\\/schema\\\/person\\\/5ad3e24553a0567993fa8ed4bd0a776c\",\"name\":\"darka mazi\",\"sameAs\":[\"https:\\\/\\\/darkamazi.info\\\/\"],\"url\":\"https:\\\/\\\/darkamazi.info\\\/archives\\\/author\\\/kurdi\"}]}<\/script>\n<!-- \/ Yoast SEO plugin. -->","seo_head_json":{"title":"Bah\u00e7el\u00ee: Em ne Kerk\u00fbk\u00ea \u00fb ne j\u00ee M\u00fbsil\u00ea ji b\u00eer dikin - Darka Maz\u00ee","robots":{"index":"index","follow":"follow","max-snippet":"max-snippet:-1","max-image-preview":"max-image-preview:large","max-video-preview":"max-video-preview:-1"},"canonical":"https:\/\/darkamazi.info\/archives\/1052635","og_locale":"en_US","og_type":"article","og_title":"Bah\u00e7el\u00ee: Em ne Kerk\u00fbk\u00ea \u00fb ne j\u00ee M\u00fbsil\u00ea ji b\u00eer dikin - Darka Maz\u00ee","og_description":"Serok\u00ea Partiya Tevgera Neteweperest (MHP), di civ\u00eena koma partiya xwe ya li parlamentoya Tirkiyey\u00ea de axiv\u00ee \u00fb got: &#8220;Ew d\u00ea ne Kerk\u00fbk\u00ea ne j\u00ee M\u00fbsil\u00ea ji b\u00eer bikin.&#8221; Dewlet Bah\u00e7el\u00ee di axaftina xwe de behsa t\u00eakiliya Tirkiyey\u00ea ya bi Kerk\u00fbk \u00fb M\u00fbsil\u00ea re kir \u00fb got: &#8220;Neteweperweriya me ten\u00ea wek\u00ee doza r\u00fbmet\u00ea ya ku di [&hellip;]","og_url":"https:\/\/darkamazi.info\/archives\/1052635","og_site_name":"Darka Maz\u00ee","article_publisher":"https:\/\/www.facebook.com\/DarMaziKurmanci","article_published_time":"2026-04-28T10:49:02+00:00","og_image":[{"width":900,"height":500,"url":"https:\/\/darkamazi.info\/file\/2026\/04\/Bahceli-Kerkuk-Musil-info.jpg","type":"image\/jpeg"}],"author":"darka mazi","twitter_card":"summary_large_image","twitter_creator":"@DarkaMaziLatini","twitter_site":"@DarkaMaziLatini","twitter_misc":{"Written by":"darka mazi","Est. reading time":"1 minute"},"schema":{"@context":"https:\/\/schema.org","@graph":[{"@type":"Article","@id":"https:\/\/darkamazi.info\/archives\/1052635#article","isPartOf":{"@id":"https:\/\/darkamazi.info\/archives\/1052635"},"author":{"name":"darka mazi","@id":"https:\/\/darkamazi.info\/#\/schema\/person\/5ad3e24553a0567993fa8ed4bd0a776c"},"headline":"Bah\u00e7el\u00ee: Em ne Kerk\u00fbk\u00ea \u00fb ne j\u00ee M\u00fbsil\u00ea ji b\u00eer dikin","datePublished":"2026-04-28T10:49:02+00:00","mainEntityOfPage":{"@id":"https:\/\/darkamazi.info\/archives\/1052635"},"wordCount":172,"publisher":{"@id":"https:\/\/darkamazi.info\/#organization"},"image":{"@id":"https:\/\/darkamazi.info\/archives\/1052635#primaryimage"},"thumbnailUrl":"https:\/\/darkamazi.info\/file\/2026\/04\/Bahceli-Kerkuk-Musil-info.jpg","keywords":["sereke"],"articleSection":["Rojhelata nav\u00een"],"inLanguage":"en-US"},{"@type":"WebPage","@id":"https:\/\/darkamazi.info\/archives\/1052635","url":"https:\/\/darkamazi.info\/archives\/1052635","name":"Bah\u00e7el\u00ee: Em ne Kerk\u00fbk\u00ea \u00fb ne j\u00ee M\u00fbsil\u00ea ji b\u00eer dikin - Darka Maz\u00ee","isPartOf":{"@id":"https:\/\/darkamazi.info\/#website"},"primaryImageOfPage":{"@id":"https:\/\/darkamazi.info\/archives\/1052635#primaryimage"},"image":{"@id":"https:\/\/darkamazi.info\/archives\/1052635#primaryimage"},"thumbnailUrl":"https:\/\/darkamazi.info\/file\/2026\/04\/Bahceli-Kerkuk-Musil-info.jpg","datePublished":"2026-04-28T10:49:02+00:00","breadcrumb":{"@id":"https:\/\/darkamazi.info\/archives\/1052635#breadcrumb"},"inLanguage":"en-US","potentialAction":[{"@type":"ReadAction","target":["https:\/\/darkamazi.info\/archives\/1052635"]}]},{"@type":"ImageObject","inLanguage":"en-US","@id":"https:\/\/darkamazi.info\/archives\/1052635#primaryimage","url":"https:\/\/darkamazi.info\/file\/2026\/04\/Bahceli-Kerkuk-Musil-info.jpg","contentUrl":"https:\/\/darkamazi.info\/file\/2026\/04\/Bahceli-Kerkuk-Musil-info.jpg","width":900,"height":500,"caption":"Bahceli-Kerkuk-Musil-net"},{"@type":"BreadcrumbList","@id":"https:\/\/darkamazi.info\/archives\/1052635#breadcrumb","itemListElement":[{"@type":"ListItem","position":1,"name":"Home","item":"https:\/\/darkamazi.info\/"},{"@type":"ListItem","position":2,"name":"Bah\u00e7el\u00ee: Em ne Kerk\u00fbk\u00ea \u00fb ne j\u00ee M\u00fbsil\u00ea ji b\u00eer dikin"}]},{"@type":"WebSite","@id":"https:\/\/darkamazi.info\/#website","url":"https:\/\/darkamazi.info\/","name":"Darka Maz\u00ee","description":"P\u00eageha Zanyariy\u00ean Nebih\u00eest\u00ee","publisher":{"@id":"https:\/\/darkamazi.info\/#organization"},"potentialAction":[{"@type":"SearchAction","target":{"@type":"EntryPoint","urlTemplate":"https:\/\/darkamazi.info\/?s={search_term_string}"},"query-input":{"@type":"PropertyValueSpecification","valueRequired":true,"valueName":"search_term_string"}}],"inLanguage":"en-US"},{"@type":"Organization","@id":"https:\/\/darkamazi.info\/#organization","name":"Darka Maz\u00ee","url":"https:\/\/darkamazi.info\/","logo":{"@type":"ImageObject","inLanguage":"en-US","@id":"https:\/\/darkamazi.info\/#\/schema\/logo\/image\/","url":"https:\/\/darkamazi.info\/file\/2017\/12\/darka-mazi-logo.png","contentUrl":"https:\/\/darkamazi.info\/file\/2017\/12\/darka-mazi-logo.png","width":151,"height":75,"caption":"Darka Maz\u00ee"},"image":{"@id":"https:\/\/darkamazi.info\/#\/schema\/logo\/image\/"},"sameAs":["https:\/\/www.facebook.com\/DarMaziKurmanci","https:\/\/x.com\/DarkaMaziLatini","https:\/\/www.instagram.com\/darkamazi.kurmanci\/","https:\/\/www.youtube.com\/channel\/UCa5HkTdmI8U1qCUFuTw8B2g"]},{"@type":"Person","@id":"https:\/\/darkamazi.info\/#\/schema\/person\/5ad3e24553a0567993fa8ed4bd0a776c","name":"darka mazi","sameAs":["https:\/\/darkamazi.info\/"],"url":"https:\/\/darkamazi.info\/archives\/author\/kurdi"}]}},"_links":{"self":[{"href":"https:\/\/darkamazi.info\/funavuv\/wp\/v2\/posts\/1052635","targetHints":{"allow":["GET"]}}],"collection":[{"href":"https:\/\/darkamazi.info\/funavuv\/wp\/v2\/posts"}],"about":[{"href":"https:\/\/darkamazi.info\/funavuv\/wp\/v2\/types\/post"}],"author":[{"embeddable":true,"href":"https:\/\/darkamazi.info\/funavuv\/wp\/v2\/users\/2"}],"replies":[{"embeddable":true,"href":"https:\/\/darkamazi.info\/funavuv\/wp\/v2\/comments?post=1052635"}],"version-history":[{"count":1,"href":"https:\/\/darkamazi.info\/funavuv\/wp\/v2\/posts\/1052635\/revisions"}],"predecessor-version":[{"id":1052637,"href":"https:\/\/darkamazi.info\/funavuv\/wp\/v2\/posts\/1052635\/revisions\/1052637"}],"wp:featuredmedia":[{"embeddable":true,"href":"https:\/\/darkamazi.info\/funavuv\/wp\/v2\/media\/1052636"}],"wp:attachment":[{"href":"https:\/\/darkamazi.info\/funavuv\/wp\/v2\/media?parent=1052635"}],"wp:term":[{"taxonomy":"category","embeddable":true,"href":"https:\/\/darkamazi.info\/funavuv\/wp\/v2\/categories?post=1052635"},{"taxonomy":"post_tag","embeddable":true,"href":"https:\/\/darkamazi.info\/funavuv\/wp\/v2\/tags?post=1052635"}],"curies":[{"name":"wp","href":"https:\/\/api.w.org\/{rel}","templated":true}]}}