{"id":1052645,"date":"2026-04-28T19:44:12","date_gmt":"2026-04-28T16:44:12","guid":{"rendered":"https:\/\/darkamazi.info\/?p=1052645"},"modified":"2026-04-28T19:44:12","modified_gmt":"2026-04-28T16:44:12","slug":"dewlet-baxceli-itiraf-bi-encamen-xiyaneta-ynke-ya-li-kerkuke-kir-li-kerkuke-rejimeke-nu-hat-damezrandin","status":"publish","type":"post","link":"https:\/\/darkamazi.info\/archives\/1052645","title":{"rendered":"Dewlet Bax\u00e7el\u00ee \u00eet\u00eeraf bi encam\u00ean xiyaneta YNK\u00ea ya li Kerk\u00fbk\u00ea kir: Li Kerk\u00fbk\u00ea rej\u00eemeke n\u00fb hat damezrandin"},"content":{"rendered":"<h3 style=\"text-align: justify;\"><span style=\"font-family: 'arial black', sans-serif;\">Encam\u00ean ney\u00een\u00ee y\u00ean b\u00fbyera 17\u00ea N\u00eesan\u00ea ya li Kerk\u00fbk\u00ea, ku par\u00eazgar\u00ee radest\u00ee par\u00eazgarek\u00ee Tirkmen hatib\u00fb kirin, ji bo Kurdan h\u00ead\u00ee h\u00ead\u00ee e\u015fkere dibin. Hevpeymaniy\u00ean ve\u015fart\u00ee y\u00ean ku Serok\u00ea YNK\u00ea Bafil Talaban\u00ee ji bo Serokkomariya Iraq\u00ea \u00fb par\u00eazgariya Kerk\u00fbk\u00ea \u00e7\u00eakirine, serdemek da destp\u00eakirin ku demografiya Kurdistan\u00ea were guhertin.<\/span><\/h3>\n<h3 style=\"text-align: justify;\">Bi taybet\u00ee radestkirina par\u00eazgariya Kerk\u00fbk\u00ea ji bo Tirkmenan b\u00fb sedema gotar\u00ean bi \u015f\u00eawaz\u00ea &#8220;Pi\u015ft\u00ee 86 salan par\u00eazgarek\u00ee Tirkmen&#8221; b\u00ean day\u00een. Kiryara yekem a par\u00eazgar di 26\u00ea N\u00eesan\u00ea de s\u00eenordarkirina desthilat\u00ean al\u00eekar\u00ean Kurd b\u00fb. N\u00ee\u015faneke din a gir\u00eeng a l\u00eestik\u00ean ku li Kerk\u00fbk\u00ea t\u00ean l\u00eestin, daxuyaniy\u00ean Dewlet Bax\u00e7el\u00ee y\u00ean li ser v\u00ea mijar\u00ea b\u00fbn.<\/h3>\n<h3 style=\"text-align: justify;\">Serok\u00ea MHP\u00ea Dewlet Bax\u00e7el\u00ee \u00eero di civ\u00eena koma parlamen\u00ee de axiv\u00ee. Bax\u00e7el\u00ee di gotara xwe de gir\u00eengiyeke mezin da ser Kerk\u00fbk\u00ea \u00fb wiha got:<\/h3>\n<h3 style=\"text-align: justify;\">&#8220;Zulma ku Tirkmen\u00ean Kerk\u00fbk\u00ea demeke dir\u00eaj e rast\u00ee w\u00ea t\u00ean, ceribandineke w\u00earanker e ku di wijdan\u00ea neteweya Tirk de hatiye kulandin. Gelek mal\u00ean Tirkmenan hatine w\u00earankirin, gelek malbat bi ko\u00e7beriy\u00ea hatine tehd\u00eetkirin, gelek dayikan rondik rijandine, gelek zarok ji tirsan leriz\u00een \u00fb gelek m\u00ear\u00ean w\u00earek bi zilm \u00fb b\u00eapariy\u00ea hatine ceribandin. Hin kes hene ku hewl dane deng\u00ea Tirkiyey\u00ea li axa Tirkmenan bibirin, heb\u00fbna w\u00ea ya d\u00eerok\u00ee tar\u00ee bikin, nasnameya w\u00ea ya netewey\u00ee qels bikin \u00fb bi l\u00eestik\u00ean siyas\u00ee \u00fb man\u00eepulasyon\u00ean demograf\u00eek welat\u00ea kevnar \u00ea Tirkan ji esl\u00ea xwe qut bikin.&#8221;<\/h3>\n<h3 style=\"text-align: justify;\">Bax\u00e7el\u00ee wiha berdewam kir: &#8220;Hilbijartina Mihemed Seman Axa, serok\u00ea Eniya Tirkmen\u00ean Iraq\u00ea wek par\u00eazgar, hinek tesel\u00ee da bir\u00een\u00ean d\u00eerok\u00ee \u00fb n\u00ee\u015fana wer\u00e7erxeke d\u00eerok\u00ee ye daku \u00eeradeya Tirkmenan d\u00eesa li Kerk\u00fbk\u00ea xuya bibe. Kerk\u00fbk be\u015fek kevnar a heb\u00fbna Tirkmenan e.&#8221; Bax\u00e7el\u00ee bal ki\u015fand ser &#8216;Sedsala Tirkan&#8217; \u00fb got:<\/h3>\n<h3 style=\"text-align: justify;\">&#8220;Dema ku Tirkiye ji belaya teror\u00ea xilas dibe, r\u00eaziknameya n\u00fb ya ku li Kerk\u00fbk\u00ea hatiye avakirin d\u00ea henaseke n\u00fb bide her\u00eam\u00ea. Armanca me Tirkiyeyeke b\u00ea teror \u00fb atmosferek\u00ee her\u00eam\u00ee ye ku a\u015ft\u00ee \u00fb birat\u00ee t\u00ea de rih\u00ean xwe belav bike. Em \u00ea ne Kerk\u00fbk\u00ea ji b\u00eer bikin, ne M\u00fbsil\u00ea ji hi\u015f\u00ea xwe derxin, ne j\u00ee xizm\u00ean xwe b\u00ea pi\u015ftgir\u00ee bih\u00ealin. Rew\u015fa hey\u00ee guheriye, ev sedsal sedsala Tirkan e. Em li k\u00ealeka hem\u00fb biray\u00ean xwe y\u00ean Tirk in; ji Kerk\u00fbk\u00ea heta Turkistana Rojhilat, ji Qerebax\u00ea heta Qibris\u00ea.&#8221;<\/h3>\n<h3 style=\"text-align: justify;\"><span style=\"font-family: 'arial black', sans-serif;\">Encam\u00ean hevpeymaniya Bax\u00e7el\u00ee-Ocalan \u00fb YNK-PKK<\/span><\/h3>\n<h3 style=\"text-align: justify;\">Derdor\u00ean Kurd\u00ee di w\u00ea baweriy\u00ea de ne ku radestkirina Kerk\u00fbk\u00ea ji aliy\u00ea Bafil Talaban\u00ee ve ji bo Tirkmenan ne ten\u00ea hevpeymaniyek siyas\u00ee ya asay\u00ee ye. Pirsgir\u00eak ne ten\u00ea li ser pi\u015ftgiriya serokkomariy\u00ea ye. Rew\u015fa ku Dewlet Bax\u00e7el\u00ee j\u00ea re dib\u00eaje &#8220;hevsengiyek n\u00fb li her\u00eam\u00ea&#8221; tam v\u00ea yek\u00ea n\u00ee\u015fan dide. Kerk\u00fbk b\u00fbye sedema rew\u015feke n\u00fb ya her\u00eam\u00ee \u00fb bandor\u00ean ney\u00een\u00ee y\u00ean v\u00ea rew\u015f\u00ea d\u00ea di p\u00ea\u015feroj\u00ea de b\u00eatir werin d\u00eetin \u00fb genge\u015fekirin.<\/h3>\n<h3 style=\"text-align: justify;\">Li vir mijara her\u00ee gir\u00eeng a ku div\u00ea mirov li ser bisekine ev e; gelo hevpeymaniya di navbera Bax\u00e7el\u00ee \u00fb Ocalan de bandorek li ser mijara Kerk\u00fbk\u00ea kiriye an na? T\u00ea zan\u00een ku Ocalan, di namey\u00ean ku di sala daw\u00ee de ji PKK\u00ea re \u015fandine de, ji wan re tel\u00eemat daye ku &#8220;n\u00eaz\u00eek\u00ee YNK\u00ea bibin.&#8221; \u00c7avkaniy\u00ean n\u00eaz\u00eek\u00ee PKK\u00ea n\u00ee\u015fan didin ku Ocalan dixebite da ku t\u00eakiliyek\u00ea di navbera YNK\u00ea \u00fb dewleta Tirkiyey\u00ea de ava bike. Li gor\u00ee \u00e7avkaniy\u00ean PKK\u00ea, Ocalan n\u00ear\u00eena xwe ji dewleta Tirkiyey\u00ea re an\u00ee ziman ku &#8220;div\u00ea pi\u015ftgir\u00ee ji YNK\u00ea re were kirin daku p\u00ea\u015f\u00ee li mezinb\u00fbna Hewl\u00ear\u00ea \u00fb avakirina nasnameya Kurd ku li wir t\u00ea tekez kirin, were girtin.&#8221;<\/h3>\n<h3 style=\"text-align: justify;\">T\u00ea zan\u00een ku dema Ocalan di sala 1999an de cara yekem \u00e7\u00fb \u00cemraliy\u00ea, w\u00ee projeyek bi nav\u00ea &#8220;Plana Hewl\u00ear\u00ea&#8221; p\u00ea\u015fk\u00ea\u015f\u00ee dewleta Tirkiyey\u00ea kirib\u00fb. Di v\u00ea projey\u00ea de, Ocalan p\u00ea\u015fniyar kirib\u00fb ku &#8220;Hewl\u00ear bi pi\u015ftgiriya ve\u015fart\u00ee ya dewleta Tirkiyey\u00ea ji Talaban\u00ee \u00fb Barzan\u00ee b\u00ea girtin \u00fb Tirkmen\u00ean li Hewl\u00ear\u00ea j\u00ee dikarin di v\u00ea yek\u00ea de pi\u015ftgiriy\u00ea bidin PKK\u00ea.&#8221;<\/h3>\n<h3 style=\"text-align: justify;\">Niha, daney\u00ean gir\u00eeng li ber \u00e7avan hene ku n\u00ee\u015fan didin &#8220;Plana Kerk\u00fbk\u00ea&#8221; li \u015f\u00fbna Plana Hewl\u00ear\u00ea hatiye bic\u00eehan\u00een. Her wek\u00ee ku Tirkiyey\u00ea bandora xwe li Rojava ava kir, niha xuya dike ku dewleta Tirkiyey\u00ea bi PKK\u00ea re hevkariy\u00ea dike daku bandora xwe li Kerk\u00fbk\u00ea xurt bike \u00fb YNK j\u00ee di v\u00ea hevpeymaniy\u00ea de cih digire.<\/h3>\n<h3 style=\"text-align: justify;\">Rew\u015fa li Kerk\u00fbk\u00ea ne ten\u00ea ji ber hevpeymaniya di navbera YNK\u00ea \u00fb rej\u00eema \u015e\u00eee ya Iraq\u00ea \u00fb \u00ceran\u00ea de ye. Bi rast\u00ee, hewldanek hevbe\u015f ji h\u00eala p\u00eanc kom\u00ean w\u00earanker; ango \u015e\u00eee, \u015fov\u00een\u00eest\u00ean Tirk, Ocalan, PKK \u00fb YNK\u00ea ve heye ku Kurdan li Kerk\u00fbk\u00ea asteng bikin. Encam\u00ean v\u00ea rew\u015fa w\u00earanker d\u00ea di serdema p\u00ea\u015f de pir zelaltir b\u00ean d\u00eetin.<\/h3>\n","protected":false},"excerpt":{"rendered":"<p>Encam\u00ean ney\u00een\u00ee y\u00ean b\u00fbyera 17\u00ea N\u00eesan\u00ea ya li Kerk\u00fbk\u00ea, ku par\u00eazgar\u00ee radest\u00ee par\u00eazgarek\u00ee Tirkmen hatib\u00fb kirin, ji bo Kurdan h\u00ead\u00ee h\u00ead\u00ee e\u015fkere dibin. Hevpeymaniy\u00ean ve\u015fart\u00ee y\u00ean ku Serok\u00ea YNK\u00ea Bafil Talaban\u00ee ji bo Serokkomariya Iraq\u00ea \u00fb par\u00eazgariya Kerk\u00fbk\u00ea \u00e7\u00eakirine, serdemek da destp\u00eakirin ku demografiya Kurdistan\u00ea were guhertin. Bi taybet\u00ee radestkirina par\u00eazgariya Kerk\u00fbk\u00ea ji bo Tirkmenan [&hellip;]<\/p>\n","protected":false},"author":2,"featured_media":1052646,"comment_status":"closed","ping_status":"closed","sticky":false,"template":"","format":"standard","meta":{"footnotes":""},"categories":[68],"tags":[37],"class_list":["post-1052645","post","type-post","status-publish","format-standard","has-post-thumbnail","hentry","category-analiz","tag-sereke"],"blocksy_meta":[],"seo_head":"<!-- This site is optimized with the Yoast SEO plugin v27.5 - https:\/\/yoast.com\/product\/yoast-seo-wordpress\/ -->\n<title>Dewlet Bax\u00e7el\u00ee \u00eet\u00eeraf bi encam\u00ean xiyaneta YNK\u00ea ya li Kerk\u00fbk\u00ea kir: Li Kerk\u00fbk\u00ea rej\u00eemeke n\u00fb hat damezrandin - Darka Maz\u00ee<\/title>\n<meta name=\"robots\" content=\"index, follow, max-snippet:-1, max-image-preview:large, max-video-preview:-1\" \/>\n<link rel=\"canonical\" href=\"https:\/\/darkamazi.info\/archives\/1052645\" \/>\n<meta property=\"og:locale\" content=\"en_US\" \/>\n<meta property=\"og:type\" content=\"article\" \/>\n<meta property=\"og:title\" content=\"Dewlet Bax\u00e7el\u00ee \u00eet\u00eeraf bi encam\u00ean xiyaneta YNK\u00ea ya li Kerk\u00fbk\u00ea kir: Li Kerk\u00fbk\u00ea rej\u00eemeke n\u00fb hat damezrandin - Darka Maz\u00ee\" \/>\n<meta property=\"og:description\" content=\"Encam\u00ean ney\u00een\u00ee y\u00ean b\u00fbyera 17\u00ea N\u00eesan\u00ea ya li Kerk\u00fbk\u00ea, ku par\u00eazgar\u00ee radest\u00ee par\u00eazgarek\u00ee Tirkmen hatib\u00fb kirin, ji bo Kurdan h\u00ead\u00ee h\u00ead\u00ee e\u015fkere dibin. Hevpeymaniy\u00ean ve\u015fart\u00ee y\u00ean ku Serok\u00ea YNK\u00ea Bafil Talaban\u00ee ji bo Serokkomariya Iraq\u00ea \u00fb par\u00eazgariya Kerk\u00fbk\u00ea \u00e7\u00eakirine, serdemek da destp\u00eakirin ku demografiya Kurdistan\u00ea were guhertin. Bi taybet\u00ee radestkirina par\u00eazgariya Kerk\u00fbk\u00ea ji bo Tirkmenan [&hellip;]\" \/>\n<meta property=\"og:url\" content=\"https:\/\/darkamazi.info\/archives\/1052645\" \/>\n<meta property=\"og:site_name\" content=\"Darka Maz\u00ee\" \/>\n<meta property=\"article:publisher\" content=\"https:\/\/www.facebook.com\/DarMaziKurmanci\" \/>\n<meta property=\"article:published_time\" content=\"2026-04-28T16:44:12+00:00\" \/>\n<meta property=\"og:image\" content=\"https:\/\/darkamazi.info\/file\/2026\/04\/bahceli-.jpg\" \/>\n\t<meta property=\"og:image:width\" content=\"900\" \/>\n\t<meta property=\"og:image:height\" content=\"497\" \/>\n\t<meta property=\"og:image:type\" content=\"image\/jpeg\" \/>\n<meta name=\"author\" content=\"darka mazi\" \/>\n<meta name=\"twitter:card\" content=\"summary_large_image\" \/>\n<meta name=\"twitter:creator\" content=\"@DarkaMaziLatini\" \/>\n<meta name=\"twitter:site\" content=\"@DarkaMaziLatini\" \/>\n<meta name=\"twitter:label1\" content=\"Written by\" \/>\n\t<meta name=\"twitter:data1\" content=\"darka mazi\" \/>\n\t<meta name=\"twitter:label2\" content=\"Est. reading time\" \/>\n\t<meta name=\"twitter:data2\" content=\"4 minutes\" \/>\n<script type=\"application\/ld+json\" class=\"seo-schema-graph\">{\"@context\":\"https:\\\/\\\/schema.org\",\"@graph\":[{\"@type\":\"Article\",\"@id\":\"https:\\\/\\\/darkamazi.info\\\/archives\\\/1052645#article\",\"isPartOf\":{\"@id\":\"https:\\\/\\\/darkamazi.info\\\/archives\\\/1052645\"},\"author\":{\"name\":\"darka mazi\",\"@id\":\"https:\\\/\\\/darkamazi.info\\\/#\\\/schema\\\/person\\\/5ad3e24553a0567993fa8ed4bd0a776c\"},\"headline\":\"Dewlet Bax\u00e7el\u00ee \u00eet\u00eeraf bi encam\u00ean xiyaneta YNK\u00ea ya li Kerk\u00fbk\u00ea kir: Li Kerk\u00fbk\u00ea rej\u00eemeke n\u00fb hat damezrandin\",\"datePublished\":\"2026-04-28T16:44:12+00:00\",\"mainEntityOfPage\":{\"@id\":\"https:\\\/\\\/darkamazi.info\\\/archives\\\/1052645\"},\"wordCount\":878,\"publisher\":{\"@id\":\"https:\\\/\\\/darkamazi.info\\\/#organization\"},\"image\":{\"@id\":\"https:\\\/\\\/darkamazi.info\\\/archives\\\/1052645#primaryimage\"},\"thumbnailUrl\":\"https:\\\/\\\/darkamazi.info\\\/darka-content\\\/uploads\\\/2026\\\/04\\\/bahceli-.jpg\",\"keywords\":[\"sereke\"],\"articleSection\":[\"Anal\u00eez\"],\"inLanguage\":\"en-US\"},{\"@type\":\"WebPage\",\"@id\":\"https:\\\/\\\/darkamazi.info\\\/archives\\\/1052645\",\"url\":\"https:\\\/\\\/darkamazi.info\\\/archives\\\/1052645\",\"name\":\"Dewlet Bax\u00e7el\u00ee \u00eet\u00eeraf bi encam\u00ean xiyaneta YNK\u00ea ya li Kerk\u00fbk\u00ea kir: Li Kerk\u00fbk\u00ea rej\u00eemeke n\u00fb hat damezrandin - Darka Maz\u00ee\",\"isPartOf\":{\"@id\":\"https:\\\/\\\/darkamazi.info\\\/#website\"},\"primaryImageOfPage\":{\"@id\":\"https:\\\/\\\/darkamazi.info\\\/archives\\\/1052645#primaryimage\"},\"image\":{\"@id\":\"https:\\\/\\\/darkamazi.info\\\/archives\\\/1052645#primaryimage\"},\"thumbnailUrl\":\"https:\\\/\\\/darkamazi.info\\\/darka-content\\\/uploads\\\/2026\\\/04\\\/bahceli-.jpg\",\"datePublished\":\"2026-04-28T16:44:12+00:00\",\"breadcrumb\":{\"@id\":\"https:\\\/\\\/darkamazi.info\\\/archives\\\/1052645#breadcrumb\"},\"inLanguage\":\"en-US\",\"potentialAction\":[{\"@type\":\"ReadAction\",\"target\":[\"https:\\\/\\\/darkamazi.info\\\/archives\\\/1052645\"]}]},{\"@type\":\"ImageObject\",\"inLanguage\":\"en-US\",\"@id\":\"https:\\\/\\\/darkamazi.info\\\/archives\\\/1052645#primaryimage\",\"url\":\"https:\\\/\\\/darkamazi.info\\\/darka-content\\\/uploads\\\/2026\\\/04\\\/bahceli-.jpg\",\"contentUrl\":\"https:\\\/\\\/darkamazi.info\\\/darka-content\\\/uploads\\\/2026\\\/04\\\/bahceli-.jpg\",\"width\":900,\"height\":497,\"caption\":\"Dewlet Bax\u00e7el\u00ee \u00eet\u00eeraf bi encam\u00ean xiyaneta YNK\u00ea ya li Kerk\u00fbk\u00ea kir: Li Kerk\u00fbk\u00ea rej\u00eemeke n\u00fb hat damezrandin\"},{\"@type\":\"BreadcrumbList\",\"@id\":\"https:\\\/\\\/darkamazi.info\\\/archives\\\/1052645#breadcrumb\",\"itemListElement\":[{\"@type\":\"ListItem\",\"position\":1,\"name\":\"Home\",\"item\":\"https:\\\/\\\/darkamazi.info\\\/\"},{\"@type\":\"ListItem\",\"position\":2,\"name\":\"Dewlet Bax\u00e7el\u00ee \u00eet\u00eeraf bi encam\u00ean xiyaneta YNK\u00ea ya li Kerk\u00fbk\u00ea kir: Li Kerk\u00fbk\u00ea rej\u00eemeke n\u00fb hat damezrandin\"}]},{\"@type\":\"WebSite\",\"@id\":\"https:\\\/\\\/darkamazi.info\\\/#website\",\"url\":\"https:\\\/\\\/darkamazi.info\\\/\",\"name\":\"Darka Maz\u00ee\",\"description\":\"P\u00eageha Zanyariy\u00ean Nebih\u00eest\u00ee\",\"publisher\":{\"@id\":\"https:\\\/\\\/darkamazi.info\\\/#organization\"},\"potentialAction\":[{\"@type\":\"SearchAction\",\"target\":{\"@type\":\"EntryPoint\",\"urlTemplate\":\"https:\\\/\\\/darkamazi.info\\\/?s={search_term_string}\"},\"query-input\":{\"@type\":\"PropertyValueSpecification\",\"valueRequired\":true,\"valueName\":\"search_term_string\"}}],\"inLanguage\":\"en-US\"},{\"@type\":\"Organization\",\"@id\":\"https:\\\/\\\/darkamazi.info\\\/#organization\",\"name\":\"Darka Maz\u00ee\",\"url\":\"https:\\\/\\\/darkamazi.info\\\/\",\"logo\":{\"@type\":\"ImageObject\",\"inLanguage\":\"en-US\",\"@id\":\"https:\\\/\\\/darkamazi.info\\\/#\\\/schema\\\/logo\\\/image\\\/\",\"url\":\"https:\\\/\\\/darkamazi.info\\\/darka-content\\\/uploads\\\/2017\\\/12\\\/darka-mazi-logo.png\",\"contentUrl\":\"https:\\\/\\\/darkamazi.info\\\/darka-content\\\/uploads\\\/2017\\\/12\\\/darka-mazi-logo.png\",\"width\":151,\"height\":75,\"caption\":\"Darka Maz\u00ee\"},\"image\":{\"@id\":\"https:\\\/\\\/darkamazi.info\\\/#\\\/schema\\\/logo\\\/image\\\/\"},\"sameAs\":[\"https:\\\/\\\/www.facebook.com\\\/DarMaziKurmanci\",\"https:\\\/\\\/x.com\\\/DarkaMaziLatini\",\"https:\\\/\\\/www.instagram.com\\\/darkamazi.kurmanci\\\/\",\"https:\\\/\\\/www.youtube.com\\\/channel\\\/UCa5HkTdmI8U1qCUFuTw8B2g\"]},{\"@type\":\"Person\",\"@id\":\"https:\\\/\\\/darkamazi.info\\\/#\\\/schema\\\/person\\\/5ad3e24553a0567993fa8ed4bd0a776c\",\"name\":\"darka mazi\",\"sameAs\":[\"https:\\\/\\\/darkamazi.info\\\/\"],\"url\":\"https:\\\/\\\/darkamazi.info\\\/archives\\\/author\\\/kurdi\"}]}<\/script>\n<!-- \/ Yoast SEO plugin. -->","seo_head_json":{"title":"Dewlet Bax\u00e7el\u00ee \u00eet\u00eeraf bi encam\u00ean xiyaneta YNK\u00ea ya li Kerk\u00fbk\u00ea kir: Li Kerk\u00fbk\u00ea rej\u00eemeke n\u00fb hat damezrandin - Darka Maz\u00ee","robots":{"index":"index","follow":"follow","max-snippet":"max-snippet:-1","max-image-preview":"max-image-preview:large","max-video-preview":"max-video-preview:-1"},"canonical":"https:\/\/darkamazi.info\/archives\/1052645","og_locale":"en_US","og_type":"article","og_title":"Dewlet Bax\u00e7el\u00ee \u00eet\u00eeraf bi encam\u00ean xiyaneta YNK\u00ea ya li Kerk\u00fbk\u00ea kir: Li Kerk\u00fbk\u00ea rej\u00eemeke n\u00fb hat damezrandin - Darka Maz\u00ee","og_description":"Encam\u00ean ney\u00een\u00ee y\u00ean b\u00fbyera 17\u00ea N\u00eesan\u00ea ya li Kerk\u00fbk\u00ea, ku par\u00eazgar\u00ee radest\u00ee par\u00eazgarek\u00ee Tirkmen hatib\u00fb kirin, ji bo Kurdan h\u00ead\u00ee h\u00ead\u00ee e\u015fkere dibin. Hevpeymaniy\u00ean ve\u015fart\u00ee y\u00ean ku Serok\u00ea YNK\u00ea Bafil Talaban\u00ee ji bo Serokkomariya Iraq\u00ea \u00fb par\u00eazgariya Kerk\u00fbk\u00ea \u00e7\u00eakirine, serdemek da destp\u00eakirin ku demografiya Kurdistan\u00ea were guhertin. Bi taybet\u00ee radestkirina par\u00eazgariya Kerk\u00fbk\u00ea ji bo Tirkmenan [&hellip;]","og_url":"https:\/\/darkamazi.info\/archives\/1052645","og_site_name":"Darka Maz\u00ee","article_publisher":"https:\/\/www.facebook.com\/DarMaziKurmanci","article_published_time":"2026-04-28T16:44:12+00:00","og_image":[{"width":900,"height":497,"url":"https:\/\/darkamazi.info\/file\/2026\/04\/bahceli-.jpg","type":"image\/jpeg"}],"author":"darka mazi","twitter_card":"summary_large_image","twitter_creator":"@DarkaMaziLatini","twitter_site":"@DarkaMaziLatini","twitter_misc":{"Written by":"darka mazi","Est. reading time":"4 minutes"},"schema":{"@context":"https:\/\/schema.org","@graph":[{"@type":"Article","@id":"https:\/\/darkamazi.info\/archives\/1052645#article","isPartOf":{"@id":"https:\/\/darkamazi.info\/archives\/1052645"},"author":{"name":"darka mazi","@id":"https:\/\/darkamazi.info\/#\/schema\/person\/5ad3e24553a0567993fa8ed4bd0a776c"},"headline":"Dewlet Bax\u00e7el\u00ee \u00eet\u00eeraf bi encam\u00ean xiyaneta YNK\u00ea ya li Kerk\u00fbk\u00ea kir: Li Kerk\u00fbk\u00ea rej\u00eemeke n\u00fb hat damezrandin","datePublished":"2026-04-28T16:44:12+00:00","mainEntityOfPage":{"@id":"https:\/\/darkamazi.info\/archives\/1052645"},"wordCount":878,"publisher":{"@id":"https:\/\/darkamazi.info\/#organization"},"image":{"@id":"https:\/\/darkamazi.info\/archives\/1052645#primaryimage"},"thumbnailUrl":"https:\/\/darkamazi.info\/file\/2026\/04\/bahceli-.jpg","keywords":["sereke"],"articleSection":["Anal\u00eez"],"inLanguage":"en-US"},{"@type":"WebPage","@id":"https:\/\/darkamazi.info\/archives\/1052645","url":"https:\/\/darkamazi.info\/archives\/1052645","name":"Dewlet Bax\u00e7el\u00ee \u00eet\u00eeraf bi encam\u00ean xiyaneta YNK\u00ea ya li Kerk\u00fbk\u00ea kir: Li Kerk\u00fbk\u00ea rej\u00eemeke n\u00fb hat damezrandin - Darka Maz\u00ee","isPartOf":{"@id":"https:\/\/darkamazi.info\/#website"},"primaryImageOfPage":{"@id":"https:\/\/darkamazi.info\/archives\/1052645#primaryimage"},"image":{"@id":"https:\/\/darkamazi.info\/archives\/1052645#primaryimage"},"thumbnailUrl":"https:\/\/darkamazi.info\/file\/2026\/04\/bahceli-.jpg","datePublished":"2026-04-28T16:44:12+00:00","breadcrumb":{"@id":"https:\/\/darkamazi.info\/archives\/1052645#breadcrumb"},"inLanguage":"en-US","potentialAction":[{"@type":"ReadAction","target":["https:\/\/darkamazi.info\/archives\/1052645"]}]},{"@type":"ImageObject","inLanguage":"en-US","@id":"https:\/\/darkamazi.info\/archives\/1052645#primaryimage","url":"https:\/\/darkamazi.info\/file\/2026\/04\/bahceli-.jpg","contentUrl":"https:\/\/darkamazi.info\/file\/2026\/04\/bahceli-.jpg","width":900,"height":497,"caption":"Dewlet Bax\u00e7el\u00ee \u00eet\u00eeraf bi encam\u00ean xiyaneta YNK\u00ea ya li Kerk\u00fbk\u00ea kir: Li Kerk\u00fbk\u00ea rej\u00eemeke n\u00fb hat damezrandin"},{"@type":"BreadcrumbList","@id":"https:\/\/darkamazi.info\/archives\/1052645#breadcrumb","itemListElement":[{"@type":"ListItem","position":1,"name":"Home","item":"https:\/\/darkamazi.info\/"},{"@type":"ListItem","position":2,"name":"Dewlet Bax\u00e7el\u00ee \u00eet\u00eeraf bi encam\u00ean xiyaneta YNK\u00ea ya li Kerk\u00fbk\u00ea kir: Li Kerk\u00fbk\u00ea rej\u00eemeke n\u00fb hat damezrandin"}]},{"@type":"WebSite","@id":"https:\/\/darkamazi.info\/#website","url":"https:\/\/darkamazi.info\/","name":"Darka Maz\u00ee","description":"P\u00eageha Zanyariy\u00ean Nebih\u00eest\u00ee","publisher":{"@id":"https:\/\/darkamazi.info\/#organization"},"potentialAction":[{"@type":"SearchAction","target":{"@type":"EntryPoint","urlTemplate":"https:\/\/darkamazi.info\/?s={search_term_string}"},"query-input":{"@type":"PropertyValueSpecification","valueRequired":true,"valueName":"search_term_string"}}],"inLanguage":"en-US"},{"@type":"Organization","@id":"https:\/\/darkamazi.info\/#organization","name":"Darka Maz\u00ee","url":"https:\/\/darkamazi.info\/","logo":{"@type":"ImageObject","inLanguage":"en-US","@id":"https:\/\/darkamazi.info\/#\/schema\/logo\/image\/","url":"https:\/\/darkamazi.info\/file\/2017\/12\/darka-mazi-logo.png","contentUrl":"https:\/\/darkamazi.info\/file\/2017\/12\/darka-mazi-logo.png","width":151,"height":75,"caption":"Darka Maz\u00ee"},"image":{"@id":"https:\/\/darkamazi.info\/#\/schema\/logo\/image\/"},"sameAs":["https:\/\/www.facebook.com\/DarMaziKurmanci","https:\/\/x.com\/DarkaMaziLatini","https:\/\/www.instagram.com\/darkamazi.kurmanci\/","https:\/\/www.youtube.com\/channel\/UCa5HkTdmI8U1qCUFuTw8B2g"]},{"@type":"Person","@id":"https:\/\/darkamazi.info\/#\/schema\/person\/5ad3e24553a0567993fa8ed4bd0a776c","name":"darka mazi","sameAs":["https:\/\/darkamazi.info\/"],"url":"https:\/\/darkamazi.info\/archives\/author\/kurdi"}]}},"_links":{"self":[{"href":"https:\/\/darkamazi.info\/funavuv\/wp\/v2\/posts\/1052645","targetHints":{"allow":["GET"]}}],"collection":[{"href":"https:\/\/darkamazi.info\/funavuv\/wp\/v2\/posts"}],"about":[{"href":"https:\/\/darkamazi.info\/funavuv\/wp\/v2\/types\/post"}],"author":[{"embeddable":true,"href":"https:\/\/darkamazi.info\/funavuv\/wp\/v2\/users\/2"}],"replies":[{"embeddable":true,"href":"https:\/\/darkamazi.info\/funavuv\/wp\/v2\/comments?post=1052645"}],"version-history":[{"count":1,"href":"https:\/\/darkamazi.info\/funavuv\/wp\/v2\/posts\/1052645\/revisions"}],"predecessor-version":[{"id":1052647,"href":"https:\/\/darkamazi.info\/funavuv\/wp\/v2\/posts\/1052645\/revisions\/1052647"}],"wp:featuredmedia":[{"embeddable":true,"href":"https:\/\/darkamazi.info\/funavuv\/wp\/v2\/media\/1052646"}],"wp:attachment":[{"href":"https:\/\/darkamazi.info\/funavuv\/wp\/v2\/media?parent=1052645"}],"wp:term":[{"taxonomy":"category","embeddable":true,"href":"https:\/\/darkamazi.info\/funavuv\/wp\/v2\/categories?post=1052645"},{"taxonomy":"post_tag","embeddable":true,"href":"https:\/\/darkamazi.info\/funavuv\/wp\/v2\/tags?post=1052645"}],"curies":[{"name":"wp","href":"https:\/\/api.w.org\/{rel}","templated":true}]}}