{"id":1052649,"date":"2026-04-29T11:06:13","date_gmt":"2026-04-29T08:06:13","guid":{"rendered":"https:\/\/darkamazi.info\/?p=1052649"},"modified":"2026-04-29T11:06:13","modified_gmt":"2026-04-29T08:06:13","slug":"hikumeta-iraqe-malbaten-sehiden-erisen-li-ser-kurdistane-de-werin-qerebukirin","status":"publish","type":"post","link":"https:\/\/darkamazi.info\/archives\/1052649","title":{"rendered":"Hik\u00fbmeta Iraq\u00ea: Malbat\u00ean \u015feh\u00eed\u00ean \u00ear\u00ee\u015f\u00ean li ser Kurdistan\u00ea d\u00ea werin qereb\u00fbkirin"},"content":{"rendered":"<h3 style=\"text-align: justify;\"><span style=\"font-family: 'arial black', sans-serif;\">Enc\u00fbmena Wez\u00eeran a Iraq\u00ea biryar da ku malbat\u00ean qurbaniy\u00ean \u00ear\u00ee\u015f\u00ean dron\u00ee y\u00ean li ser Her\u00eama Kurdistan\u00ea werin qerebukirin.<\/span><\/h3>\n<h3 style=\"text-align: justify;\"><span style=\"font-family: arial, helvetica, sans-serif;\">Enc\u00fbmena Wez\u00eeran a Iraq\u00ea duh 28\u00ea N\u00eesan\u00ea bi serokatiya Serokwez\u00eer Mihemed \u015eiya S\u00fbdan\u00ee, 17em\u00een civ\u00eena xwe ya asay\u00ee encam da. Di civ\u00een\u00ea de \u00e7end biryar\u00ean giring hatin girtin ku rasterast peywend\u00ee bi Her\u00eama Kurdistan\u00ea \u00fb aboriya Iraq\u00ea ve hene.<\/span><\/h3>\n<h3 style=\"text-align: justify;\"><span style=\"font-family: arial, helvetica, sans-serif;\">Enc\u00fbmena Wez\u00eeran biryar da ku \u015fayestey\u00ean daray\u00ee \u00fb qereb\u00fb ji bo malbat\u00ean wan kes\u00ean ku di \u00ear\u00ee\u015f\u00ean dron\u00ee y\u00ean daw\u00ee de li Her\u00eama Kurdistan\u00ea \u015feh\u00eed b\u00fbne, werin veqetandin. Ev biryar pi\u015ft\u00ee w\u00ea yek\u00ea t\u00ea ku di heyama bor\u00ee de \u00e7end\u00een \u00ear\u00ee\u015f\u00ean asman\u00ee ziyan\u00ean mezin gihandib\u00fbn welatiy\u00ean siv\u00eel.<\/span><\/h3>\n<h3 style=\"text-align: justify;\"><span style=\"font-family: 'arial black', sans-serif;\">Di 50 Roj\u00ee de, 809 \u00car\u00ee\u015f<\/span><\/h3>\n<h3 style=\"text-align: justify;\"><span style=\"font-family: arial, helvetica, sans-serif;\">Hik\u00fbmeta Her\u00eama Kurdistan\u00ea di 25\u00ea N\u00eesan\u00ea de belav kirib\u00fb, di nava 50 rojan de, 809 \u00ear\u00ee\u015f\u00ean asman\u00ee \u00fb m\u00fb\u015fek\u00ee li ser Her\u00eama Kurdistan\u00ea hatine kirin ku piraniya wan \u00ear\u00ee\u015fan Hewl\u00eara paytext kirine armanc.<\/span><\/h3>\n<h3 style=\"text-align: justify;\"><span style=\"font-family: arial, helvetica, sans-serif;\">Ev \u00ear\u00ee\u015f\u00ean ku ji 28\u00ea Sibata \u00eesal ve (bi destp\u00eakirina rage\u015fiya Amer\u00eeka \u00fb \u00cesra\u00eel\u00ea ya li hember\u00ee \u00ceran\u00ea) z\u00eade b\u00fbne, b\u00fbne sedema ziyan\u00ean giyan\u00ee \u00fb mad\u00ee y\u00ean mezin. Di van \u00ear\u00ee\u015fan de her tim mal\u00ean welatiyan, cih\u00ean gi\u015ft\u00ee \u00fb projey\u00ean kerta taybet b\u00fbne armanc.\u00a0<\/span><\/h3>\n","protected":false},"excerpt":{"rendered":"<p>Enc\u00fbmena Wez\u00eeran a Iraq\u00ea biryar da ku malbat\u00ean qurbaniy\u00ean \u00ear\u00ee\u015f\u00ean dron\u00ee y\u00ean li ser Her\u00eama Kurdistan\u00ea werin qerebukirin. Enc\u00fbmena Wez\u00eeran a Iraq\u00ea duh 28\u00ea N\u00eesan\u00ea bi serokatiya Serokwez\u00eer Mihemed \u015eiya S\u00fbdan\u00ee, 17em\u00een civ\u00eena xwe ya asay\u00ee encam da. Di civ\u00een\u00ea de \u00e7end biryar\u00ean giring hatin girtin ku rasterast peywend\u00ee bi Her\u00eama Kurdistan\u00ea \u00fb aboriya Iraq\u00ea [&hellip;]<\/p>\n","protected":false},"author":2,"featured_media":1052650,"comment_status":"closed","ping_status":"closed","sticky":false,"template":"","format":"standard","meta":{"footnotes":""},"categories":[29],"tags":[37],"class_list":["post-1052649","post","type-post","status-publish","format-standard","has-post-thumbnail","hentry","category-kurdistan","tag-sereke"],"blocksy_meta":[],"seo_head":"<!-- This site is optimized with the Yoast SEO plugin v27.5 - https:\/\/yoast.com\/product\/yoast-seo-wordpress\/ -->\n<title>Hik\u00fbmeta Iraq\u00ea: Malbat\u00ean \u015feh\u00eed\u00ean \u00ear\u00ee\u015f\u00ean li ser Kurdistan\u00ea d\u00ea werin qereb\u00fbkirin - Darka Maz\u00ee<\/title>\n<meta name=\"robots\" content=\"index, follow, max-snippet:-1, max-image-preview:large, max-video-preview:-1\" \/>\n<link rel=\"canonical\" href=\"https:\/\/darkamazi.info\/archives\/1052649\" \/>\n<meta property=\"og:locale\" content=\"en_US\" \/>\n<meta property=\"og:type\" content=\"article\" \/>\n<meta property=\"og:title\" content=\"Hik\u00fbmeta Iraq\u00ea: Malbat\u00ean \u015feh\u00eed\u00ean \u00ear\u00ee\u015f\u00ean li ser Kurdistan\u00ea d\u00ea werin qereb\u00fbkirin - Darka Maz\u00ee\" \/>\n<meta property=\"og:description\" content=\"Enc\u00fbmena Wez\u00eeran a Iraq\u00ea biryar da ku malbat\u00ean qurbaniy\u00ean \u00ear\u00ee\u015f\u00ean dron\u00ee y\u00ean li ser Her\u00eama Kurdistan\u00ea werin qerebukirin. Enc\u00fbmena Wez\u00eeran a Iraq\u00ea duh 28\u00ea N\u00eesan\u00ea bi serokatiya Serokwez\u00eer Mihemed \u015eiya S\u00fbdan\u00ee, 17em\u00een civ\u00eena xwe ya asay\u00ee encam da. Di civ\u00een\u00ea de \u00e7end biryar\u00ean giring hatin girtin ku rasterast peywend\u00ee bi Her\u00eama Kurdistan\u00ea \u00fb aboriya Iraq\u00ea [&hellip;]\" \/>\n<meta property=\"og:url\" content=\"https:\/\/darkamazi.info\/archives\/1052649\" \/>\n<meta property=\"og:site_name\" content=\"Darka Maz\u00ee\" \/>\n<meta property=\"article:publisher\" content=\"https:\/\/www.facebook.com\/DarMaziKurmanci\" \/>\n<meta property=\"article:published_time\" content=\"2026-04-29T08:06:13+00:00\" \/>\n<meta property=\"og:image\" content=\"https:\/\/darkamazi.info\/file\/2026\/04\/Hikumeta-Iraqe.jpg\" \/>\n\t<meta property=\"og:image:width\" content=\"900\" \/>\n\t<meta property=\"og:image:height\" content=\"500\" \/>\n\t<meta property=\"og:image:type\" content=\"image\/jpeg\" \/>\n<meta name=\"author\" content=\"darka mazi\" \/>\n<meta name=\"twitter:card\" content=\"summary_large_image\" \/>\n<meta name=\"twitter:creator\" content=\"@DarkaMaziLatini\" \/>\n<meta name=\"twitter:site\" content=\"@DarkaMaziLatini\" \/>\n<meta name=\"twitter:label1\" content=\"Written by\" \/>\n\t<meta name=\"twitter:data1\" content=\"darka mazi\" \/>\n\t<meta name=\"twitter:label2\" content=\"Est. reading time\" \/>\n\t<meta name=\"twitter:data2\" content=\"2 minutes\" \/>\n<script type=\"application\/ld+json\" class=\"seo-schema-graph\">{\"@context\":\"https:\\\/\\\/schema.org\",\"@graph\":[{\"@type\":\"Article\",\"@id\":\"https:\\\/\\\/darkamazi.info\\\/archives\\\/1052649#article\",\"isPartOf\":{\"@id\":\"https:\\\/\\\/darkamazi.info\\\/archives\\\/1052649\"},\"author\":{\"name\":\"darka mazi\",\"@id\":\"https:\\\/\\\/darkamazi.info\\\/#\\\/schema\\\/person\\\/5ad3e24553a0567993fa8ed4bd0a776c\"},\"headline\":\"Hik\u00fbmeta Iraq\u00ea: Malbat\u00ean \u015feh\u00eed\u00ean \u00ear\u00ee\u015f\u00ean li ser Kurdistan\u00ea d\u00ea werin qereb\u00fbkirin\",\"datePublished\":\"2026-04-29T08:06:13+00:00\",\"mainEntityOfPage\":{\"@id\":\"https:\\\/\\\/darkamazi.info\\\/archives\\\/1052649\"},\"wordCount\":249,\"publisher\":{\"@id\":\"https:\\\/\\\/darkamazi.info\\\/#organization\"},\"image\":{\"@id\":\"https:\\\/\\\/darkamazi.info\\\/archives\\\/1052649#primaryimage\"},\"thumbnailUrl\":\"https:\\\/\\\/darkamazi.info\\\/darka-content\\\/uploads\\\/2026\\\/04\\\/Hikumeta-Iraqe.jpg\",\"keywords\":[\"sereke\"],\"articleSection\":[\"Kurdistan\"],\"inLanguage\":\"en-US\"},{\"@type\":\"WebPage\",\"@id\":\"https:\\\/\\\/darkamazi.info\\\/archives\\\/1052649\",\"url\":\"https:\\\/\\\/darkamazi.info\\\/archives\\\/1052649\",\"name\":\"Hik\u00fbmeta Iraq\u00ea: Malbat\u00ean \u015feh\u00eed\u00ean \u00ear\u00ee\u015f\u00ean li ser Kurdistan\u00ea d\u00ea werin qereb\u00fbkirin - Darka Maz\u00ee\",\"isPartOf\":{\"@id\":\"https:\\\/\\\/darkamazi.info\\\/#website\"},\"primaryImageOfPage\":{\"@id\":\"https:\\\/\\\/darkamazi.info\\\/archives\\\/1052649#primaryimage\"},\"image\":{\"@id\":\"https:\\\/\\\/darkamazi.info\\\/archives\\\/1052649#primaryimage\"},\"thumbnailUrl\":\"https:\\\/\\\/darkamazi.info\\\/darka-content\\\/uploads\\\/2026\\\/04\\\/Hikumeta-Iraqe.jpg\",\"datePublished\":\"2026-04-29T08:06:13+00:00\",\"breadcrumb\":{\"@id\":\"https:\\\/\\\/darkamazi.info\\\/archives\\\/1052649#breadcrumb\"},\"inLanguage\":\"en-US\",\"potentialAction\":[{\"@type\":\"ReadAction\",\"target\":[\"https:\\\/\\\/darkamazi.info\\\/archives\\\/1052649\"]}]},{\"@type\":\"ImageObject\",\"inLanguage\":\"en-US\",\"@id\":\"https:\\\/\\\/darkamazi.info\\\/archives\\\/1052649#primaryimage\",\"url\":\"https:\\\/\\\/darkamazi.info\\\/darka-content\\\/uploads\\\/2026\\\/04\\\/Hikumeta-Iraqe.jpg\",\"contentUrl\":\"https:\\\/\\\/darkamazi.info\\\/darka-content\\\/uploads\\\/2026\\\/04\\\/Hikumeta-Iraqe.jpg\",\"width\":900,\"height\":500,\"caption\":\"Hik\u00fbmeta Iraq\u00ea\"},{\"@type\":\"BreadcrumbList\",\"@id\":\"https:\\\/\\\/darkamazi.info\\\/archives\\\/1052649#breadcrumb\",\"itemListElement\":[{\"@type\":\"ListItem\",\"position\":1,\"name\":\"Home\",\"item\":\"https:\\\/\\\/darkamazi.info\\\/\"},{\"@type\":\"ListItem\",\"position\":2,\"name\":\"Hik\u00fbmeta Iraq\u00ea: Malbat\u00ean \u015feh\u00eed\u00ean \u00ear\u00ee\u015f\u00ean li ser Kurdistan\u00ea d\u00ea werin qereb\u00fbkirin\"}]},{\"@type\":\"WebSite\",\"@id\":\"https:\\\/\\\/darkamazi.info\\\/#website\",\"url\":\"https:\\\/\\\/darkamazi.info\\\/\",\"name\":\"Darka Maz\u00ee\",\"description\":\"P\u00eageha Zanyariy\u00ean Nebih\u00eest\u00ee\",\"publisher\":{\"@id\":\"https:\\\/\\\/darkamazi.info\\\/#organization\"},\"potentialAction\":[{\"@type\":\"SearchAction\",\"target\":{\"@type\":\"EntryPoint\",\"urlTemplate\":\"https:\\\/\\\/darkamazi.info\\\/?s={search_term_string}\"},\"query-input\":{\"@type\":\"PropertyValueSpecification\",\"valueRequired\":true,\"valueName\":\"search_term_string\"}}],\"inLanguage\":\"en-US\"},{\"@type\":\"Organization\",\"@id\":\"https:\\\/\\\/darkamazi.info\\\/#organization\",\"name\":\"Darka Maz\u00ee\",\"url\":\"https:\\\/\\\/darkamazi.info\\\/\",\"logo\":{\"@type\":\"ImageObject\",\"inLanguage\":\"en-US\",\"@id\":\"https:\\\/\\\/darkamazi.info\\\/#\\\/schema\\\/logo\\\/image\\\/\",\"url\":\"https:\\\/\\\/darkamazi.info\\\/darka-content\\\/uploads\\\/2017\\\/12\\\/darka-mazi-logo.png\",\"contentUrl\":\"https:\\\/\\\/darkamazi.info\\\/darka-content\\\/uploads\\\/2017\\\/12\\\/darka-mazi-logo.png\",\"width\":151,\"height\":75,\"caption\":\"Darka Maz\u00ee\"},\"image\":{\"@id\":\"https:\\\/\\\/darkamazi.info\\\/#\\\/schema\\\/logo\\\/image\\\/\"},\"sameAs\":[\"https:\\\/\\\/www.facebook.com\\\/DarMaziKurmanci\",\"https:\\\/\\\/x.com\\\/DarkaMaziLatini\",\"https:\\\/\\\/www.instagram.com\\\/darkamazi.kurmanci\\\/\",\"https:\\\/\\\/www.youtube.com\\\/channel\\\/UCa5HkTdmI8U1qCUFuTw8B2g\"]},{\"@type\":\"Person\",\"@id\":\"https:\\\/\\\/darkamazi.info\\\/#\\\/schema\\\/person\\\/5ad3e24553a0567993fa8ed4bd0a776c\",\"name\":\"darka mazi\",\"sameAs\":[\"https:\\\/\\\/darkamazi.info\\\/\"],\"url\":\"https:\\\/\\\/darkamazi.info\\\/archives\\\/author\\\/kurdi\"}]}<\/script>\n<!-- \/ Yoast SEO plugin. -->","seo_head_json":{"title":"Hik\u00fbmeta Iraq\u00ea: Malbat\u00ean \u015feh\u00eed\u00ean \u00ear\u00ee\u015f\u00ean li ser Kurdistan\u00ea d\u00ea werin qereb\u00fbkirin - Darka Maz\u00ee","robots":{"index":"index","follow":"follow","max-snippet":"max-snippet:-1","max-image-preview":"max-image-preview:large","max-video-preview":"max-video-preview:-1"},"canonical":"https:\/\/darkamazi.info\/archives\/1052649","og_locale":"en_US","og_type":"article","og_title":"Hik\u00fbmeta Iraq\u00ea: Malbat\u00ean \u015feh\u00eed\u00ean \u00ear\u00ee\u015f\u00ean li ser Kurdistan\u00ea d\u00ea werin qereb\u00fbkirin - Darka Maz\u00ee","og_description":"Enc\u00fbmena Wez\u00eeran a Iraq\u00ea biryar da ku malbat\u00ean qurbaniy\u00ean \u00ear\u00ee\u015f\u00ean dron\u00ee y\u00ean li ser Her\u00eama Kurdistan\u00ea werin qerebukirin. Enc\u00fbmena Wez\u00eeran a Iraq\u00ea duh 28\u00ea N\u00eesan\u00ea bi serokatiya Serokwez\u00eer Mihemed \u015eiya S\u00fbdan\u00ee, 17em\u00een civ\u00eena xwe ya asay\u00ee encam da. Di civ\u00een\u00ea de \u00e7end biryar\u00ean giring hatin girtin ku rasterast peywend\u00ee bi Her\u00eama Kurdistan\u00ea \u00fb aboriya Iraq\u00ea [&hellip;]","og_url":"https:\/\/darkamazi.info\/archives\/1052649","og_site_name":"Darka Maz\u00ee","article_publisher":"https:\/\/www.facebook.com\/DarMaziKurmanci","article_published_time":"2026-04-29T08:06:13+00:00","og_image":[{"width":900,"height":500,"url":"https:\/\/darkamazi.info\/file\/2026\/04\/Hikumeta-Iraqe.jpg","type":"image\/jpeg"}],"author":"darka mazi","twitter_card":"summary_large_image","twitter_creator":"@DarkaMaziLatini","twitter_site":"@DarkaMaziLatini","twitter_misc":{"Written by":"darka mazi","Est. reading time":"2 minutes"},"schema":{"@context":"https:\/\/schema.org","@graph":[{"@type":"Article","@id":"https:\/\/darkamazi.info\/archives\/1052649#article","isPartOf":{"@id":"https:\/\/darkamazi.info\/archives\/1052649"},"author":{"name":"darka mazi","@id":"https:\/\/darkamazi.info\/#\/schema\/person\/5ad3e24553a0567993fa8ed4bd0a776c"},"headline":"Hik\u00fbmeta Iraq\u00ea: Malbat\u00ean \u015feh\u00eed\u00ean \u00ear\u00ee\u015f\u00ean li ser Kurdistan\u00ea d\u00ea werin qereb\u00fbkirin","datePublished":"2026-04-29T08:06:13+00:00","mainEntityOfPage":{"@id":"https:\/\/darkamazi.info\/archives\/1052649"},"wordCount":249,"publisher":{"@id":"https:\/\/darkamazi.info\/#organization"},"image":{"@id":"https:\/\/darkamazi.info\/archives\/1052649#primaryimage"},"thumbnailUrl":"https:\/\/darkamazi.info\/file\/2026\/04\/Hikumeta-Iraqe.jpg","keywords":["sereke"],"articleSection":["Kurdistan"],"inLanguage":"en-US"},{"@type":"WebPage","@id":"https:\/\/darkamazi.info\/archives\/1052649","url":"https:\/\/darkamazi.info\/archives\/1052649","name":"Hik\u00fbmeta Iraq\u00ea: Malbat\u00ean \u015feh\u00eed\u00ean \u00ear\u00ee\u015f\u00ean li ser Kurdistan\u00ea d\u00ea werin qereb\u00fbkirin - Darka Maz\u00ee","isPartOf":{"@id":"https:\/\/darkamazi.info\/#website"},"primaryImageOfPage":{"@id":"https:\/\/darkamazi.info\/archives\/1052649#primaryimage"},"image":{"@id":"https:\/\/darkamazi.info\/archives\/1052649#primaryimage"},"thumbnailUrl":"https:\/\/darkamazi.info\/file\/2026\/04\/Hikumeta-Iraqe.jpg","datePublished":"2026-04-29T08:06:13+00:00","breadcrumb":{"@id":"https:\/\/darkamazi.info\/archives\/1052649#breadcrumb"},"inLanguage":"en-US","potentialAction":[{"@type":"ReadAction","target":["https:\/\/darkamazi.info\/archives\/1052649"]}]},{"@type":"ImageObject","inLanguage":"en-US","@id":"https:\/\/darkamazi.info\/archives\/1052649#primaryimage","url":"https:\/\/darkamazi.info\/file\/2026\/04\/Hikumeta-Iraqe.jpg","contentUrl":"https:\/\/darkamazi.info\/file\/2026\/04\/Hikumeta-Iraqe.jpg","width":900,"height":500,"caption":"Hik\u00fbmeta Iraq\u00ea"},{"@type":"BreadcrumbList","@id":"https:\/\/darkamazi.info\/archives\/1052649#breadcrumb","itemListElement":[{"@type":"ListItem","position":1,"name":"Home","item":"https:\/\/darkamazi.info\/"},{"@type":"ListItem","position":2,"name":"Hik\u00fbmeta Iraq\u00ea: Malbat\u00ean \u015feh\u00eed\u00ean \u00ear\u00ee\u015f\u00ean li ser Kurdistan\u00ea d\u00ea werin qereb\u00fbkirin"}]},{"@type":"WebSite","@id":"https:\/\/darkamazi.info\/#website","url":"https:\/\/darkamazi.info\/","name":"Darka Maz\u00ee","description":"P\u00eageha Zanyariy\u00ean Nebih\u00eest\u00ee","publisher":{"@id":"https:\/\/darkamazi.info\/#organization"},"potentialAction":[{"@type":"SearchAction","target":{"@type":"EntryPoint","urlTemplate":"https:\/\/darkamazi.info\/?s={search_term_string}"},"query-input":{"@type":"PropertyValueSpecification","valueRequired":true,"valueName":"search_term_string"}}],"inLanguage":"en-US"},{"@type":"Organization","@id":"https:\/\/darkamazi.info\/#organization","name":"Darka Maz\u00ee","url":"https:\/\/darkamazi.info\/","logo":{"@type":"ImageObject","inLanguage":"en-US","@id":"https:\/\/darkamazi.info\/#\/schema\/logo\/image\/","url":"https:\/\/darkamazi.info\/file\/2017\/12\/darka-mazi-logo.png","contentUrl":"https:\/\/darkamazi.info\/file\/2017\/12\/darka-mazi-logo.png","width":151,"height":75,"caption":"Darka Maz\u00ee"},"image":{"@id":"https:\/\/darkamazi.info\/#\/schema\/logo\/image\/"},"sameAs":["https:\/\/www.facebook.com\/DarMaziKurmanci","https:\/\/x.com\/DarkaMaziLatini","https:\/\/www.instagram.com\/darkamazi.kurmanci\/","https:\/\/www.youtube.com\/channel\/UCa5HkTdmI8U1qCUFuTw8B2g"]},{"@type":"Person","@id":"https:\/\/darkamazi.info\/#\/schema\/person\/5ad3e24553a0567993fa8ed4bd0a776c","name":"darka mazi","sameAs":["https:\/\/darkamazi.info\/"],"url":"https:\/\/darkamazi.info\/archives\/author\/kurdi"}]}},"_links":{"self":[{"href":"https:\/\/darkamazi.info\/funavuv\/wp\/v2\/posts\/1052649","targetHints":{"allow":["GET"]}}],"collection":[{"href":"https:\/\/darkamazi.info\/funavuv\/wp\/v2\/posts"}],"about":[{"href":"https:\/\/darkamazi.info\/funavuv\/wp\/v2\/types\/post"}],"author":[{"embeddable":true,"href":"https:\/\/darkamazi.info\/funavuv\/wp\/v2\/users\/2"}],"replies":[{"embeddable":true,"href":"https:\/\/darkamazi.info\/funavuv\/wp\/v2\/comments?post=1052649"}],"version-history":[{"count":1,"href":"https:\/\/darkamazi.info\/funavuv\/wp\/v2\/posts\/1052649\/revisions"}],"predecessor-version":[{"id":1052651,"href":"https:\/\/darkamazi.info\/funavuv\/wp\/v2\/posts\/1052649\/revisions\/1052651"}],"wp:featuredmedia":[{"embeddable":true,"href":"https:\/\/darkamazi.info\/funavuv\/wp\/v2\/media\/1052650"}],"wp:attachment":[{"href":"https:\/\/darkamazi.info\/funavuv\/wp\/v2\/media?parent=1052649"}],"wp:term":[{"taxonomy":"category","embeddable":true,"href":"https:\/\/darkamazi.info\/funavuv\/wp\/v2\/categories?post=1052649"},{"taxonomy":"post_tag","embeddable":true,"href":"https:\/\/darkamazi.info\/funavuv\/wp\/v2\/tags?post=1052649"}],"curies":[{"name":"wp","href":"https:\/\/api.w.org\/{rel}","templated":true}]}}