{"id":1052652,"date":"2026-04-29T15:05:02","date_gmt":"2026-04-29T12:05:02","guid":{"rendered":"https:\/\/darkamazi.info\/?p=1052652"},"modified":"2026-04-29T15:05:02","modified_gmt":"2026-04-29T12:05:02","slug":"hsde-nasnameya-9-servanen-din-eskere-kir","status":"publish","type":"post","link":"https:\/\/darkamazi.info\/archives\/1052652","title":{"rendered":"HSD\u2019\u00ea nasnameya 9 \u015fervan\u00ean din e\u015fkere kir"},"content":{"rendered":"<h3 style=\"text-align: justify;\"><span style=\"font-family: 'arial black', sans-serif;\">H\u00eaz\u00ean S\u00fbriya Demokrat\u00eek nasnameya 9 \u015fervan\u00ean din e\u015fkere kir, ku di dem \u00fb cih\u00ean cuda de ketine ber \u00ear\u00ee\u015f\u00ean \u00e7etey\u00ean \u015eam\u00ea \u00fb ji n\u00fb ve \u015feh\u00eedb\u00fbna wan ragihand.<\/span><\/h3>\n<h3 style=\"text-align: justify;\"><span style=\"font-family: arial, helvetica, sans-serif;\">HSD\u2019\u00ea \u00eero roja \u00e7ar\u015fem\u00ee, 29\u2019\u00ea N\u00eesana 2026\u2019an, bi daxuyaniyek\u00ea nasnameya 9 \u015fervan\u00ean xwe diyar kir ku li \u00e7iley\u00ea (kan\u00fbna pa\u015f\u00een) a \u00eesal li dever\u00ean Hesek\u00ea \u00fb D\u00earezor\u00ea ketib\u00fbn ber \u00ear\u00ee\u015f\u00ean \u00e7etey\u00ean \u015eam\u00ea \u00fb giyan\u00ea xwe ji dest dab\u00fbn.<\/span><\/h3>\n<h3 style=\"text-align: justify;\"><span style=\"font-family: arial, helvetica, sans-serif;\">Di daxuyaniy\u00ea de hate gotin: &#8220;Van \u015feh\u00eedan bi xw\u00eena xwe dastan\u00ean qehremaniy\u00ea niv\u00ees\u00een \u00fb b\u00fbn mertal li dij\u00ee p\u00eelan\u00ean dijminan, ew\u00ean ku dixwestin \u00eerada gel\u00ea me \u00fb maf\u00ea w\u00ee y\u00ea jiyan\u00ea ji nav biben.&#8221;<\/span><\/h3>\n<h3 style=\"text-align: justify;\"><span style=\"font-family: 'arial black', sans-serif;\"><strong>Nav\u00ean wan bi v\u00ee reng\u00ee ne:<\/strong><\/span><\/h3>\n<ul style=\"text-align: justify;\">\n<li>\n<h3><span style=\"font-family: arial, helvetica, sans-serif;\">Muhenned Ub\u00ead.<\/span><\/h3>\n<\/li>\n<li>\n<h3><span style=\"font-family: arial, helvetica, sans-serif;\">Ehmed El\u00fb\u015f.<\/span><\/h3>\n<\/li>\n<li>\n<h3><span style=\"font-family: arial, helvetica, sans-serif;\">\u00cebrah\u00eem El His\u00ean.<\/span><\/h3>\n<\/li>\n<li>\n<h3><span style=\"font-family: arial, helvetica, sans-serif;\">\u00cemam Hem\u00ea.<\/span><\/h3>\n<\/li>\n<li>\n<h3><span style=\"font-family: arial, helvetica, sans-serif;\">Roj Os\u00ea.<\/span><\/h3>\n<\/li>\n<li>\n<h3><span style=\"font-family: arial, helvetica, sans-serif;\">Abid El Hesen.<\/span><\/h3>\n<\/li>\n<li>\n<h3><span style=\"font-family: arial, helvetica, sans-serif;\">Salih El \u00cebrah\u00eem.<\/span><\/h3>\n<\/li>\n<li>\n<h3><span style=\"font-family: arial, helvetica, sans-serif;\">Efer El Tuma.<\/span><\/h3>\n<\/li>\n<li>\n<h3><span style=\"font-family: arial, helvetica, sans-serif;\">Xidir El Necar.<\/span><\/h3>\n<\/li>\n<\/ul>\n<h3 style=\"text-align: justify;\"><span style=\"font-family: arial, helvetica, sans-serif;\">Li gor\u00ee amar\u00ean senter\u00ean vekol\u00een\u00ea li Rojavay\u00ea Kurdistan\u00ea, di \u00ear\u00ee\u015f\u00ean \u00e7etey\u00ean \u015eam\u00ea de bo ser Rojava ku li 6\u2019\u00ea \u00e7iley\u00ea dest p\u00ea kirib\u00fbn, k\u00eamtir ji 1200 kurdan \u015feh\u00eed b\u00fbne, bi hezaran hatine revandin \u00fb bi sed hezaran kes j\u00ee aware \u00fb derbeder b\u00fbne.<\/span><\/h3>\n","protected":false},"excerpt":{"rendered":"<p>H\u00eaz\u00ean S\u00fbriya Demokrat\u00eek nasnameya 9 \u015fervan\u00ean din e\u015fkere kir, ku di dem \u00fb cih\u00ean cuda de ketine ber \u00ear\u00ee\u015f\u00ean \u00e7etey\u00ean \u015eam\u00ea \u00fb ji n\u00fb ve \u015feh\u00eedb\u00fbna wan ragihand. HSD\u2019\u00ea \u00eero roja \u00e7ar\u015fem\u00ee, 29\u2019\u00ea N\u00eesana 2026\u2019an, bi daxuyaniyek\u00ea nasnameya 9 \u015fervan\u00ean xwe diyar kir ku li \u00e7iley\u00ea (kan\u00fbna pa\u015f\u00een) a \u00eesal li dever\u00ean Hesek\u00ea \u00fb D\u00earezor\u00ea [&hellip;]<\/p>\n","protected":false},"author":2,"featured_media":1052653,"comment_status":"closed","ping_status":"closed","sticky":false,"template":"","format":"standard","meta":{"footnotes":""},"categories":[29],"tags":[37],"class_list":["post-1052652","post","type-post","status-publish","format-standard","has-post-thumbnail","hentry","category-kurdistan","tag-sereke"],"blocksy_meta":[],"seo_head":"<!-- This site is optimized with the Yoast SEO plugin v27.5 - https:\/\/yoast.com\/product\/yoast-seo-wordpress\/ -->\n<title>HSD\u2019\u00ea nasnameya 9 \u015fervan\u00ean din e\u015fkere kir - Darka Maz\u00ee<\/title>\n<meta name=\"robots\" content=\"index, follow, max-snippet:-1, max-image-preview:large, max-video-preview:-1\" \/>\n<link rel=\"canonical\" href=\"https:\/\/darkamazi.info\/archives\/1052652\" \/>\n<meta property=\"og:locale\" content=\"en_US\" \/>\n<meta property=\"og:type\" content=\"article\" \/>\n<meta property=\"og:title\" content=\"HSD\u2019\u00ea nasnameya 9 \u015fervan\u00ean din e\u015fkere kir - Darka Maz\u00ee\" \/>\n<meta property=\"og:description\" content=\"H\u00eaz\u00ean S\u00fbriya Demokrat\u00eek nasnameya 9 \u015fervan\u00ean din e\u015fkere kir, ku di dem \u00fb cih\u00ean cuda de ketine ber \u00ear\u00ee\u015f\u00ean \u00e7etey\u00ean \u015eam\u00ea \u00fb ji n\u00fb ve \u015feh\u00eedb\u00fbna wan ragihand. HSD\u2019\u00ea \u00eero roja \u00e7ar\u015fem\u00ee, 29\u2019\u00ea N\u00eesana 2026\u2019an, bi daxuyaniyek\u00ea nasnameya 9 \u015fervan\u00ean xwe diyar kir ku li \u00e7iley\u00ea (kan\u00fbna pa\u015f\u00een) a \u00eesal li dever\u00ean Hesek\u00ea \u00fb D\u00earezor\u00ea [&hellip;]\" \/>\n<meta property=\"og:url\" content=\"https:\/\/darkamazi.info\/archives\/1052652\" \/>\n<meta property=\"og:site_name\" content=\"Darka Maz\u00ee\" \/>\n<meta property=\"article:publisher\" content=\"https:\/\/www.facebook.com\/DarMaziKurmanci\" \/>\n<meta property=\"article:published_time\" content=\"2026-04-29T12:05:02+00:00\" \/>\n<meta property=\"og:image\" content=\"https:\/\/darkamazi.info\/file\/2026\/04\/QSD-SDF-HSD-Rojava-info.jpg\" \/>\n\t<meta property=\"og:image:width\" content=\"900\" \/>\n\t<meta property=\"og:image:height\" content=\"500\" \/>\n\t<meta property=\"og:image:type\" content=\"image\/jpeg\" \/>\n<meta name=\"author\" content=\"darka mazi\" \/>\n<meta name=\"twitter:card\" content=\"summary_large_image\" \/>\n<meta name=\"twitter:creator\" content=\"@DarkaMaziLatini\" \/>\n<meta name=\"twitter:site\" content=\"@DarkaMaziLatini\" \/>\n<meta name=\"twitter:label1\" content=\"Written by\" \/>\n\t<meta name=\"twitter:data1\" content=\"darka mazi\" \/>\n\t<meta name=\"twitter:label2\" content=\"Est. reading time\" \/>\n\t<meta name=\"twitter:data2\" content=\"1 minute\" \/>\n<script type=\"application\/ld+json\" class=\"seo-schema-graph\">{\"@context\":\"https:\\\/\\\/schema.org\",\"@graph\":[{\"@type\":\"Article\",\"@id\":\"https:\\\/\\\/darkamazi.info\\\/archives\\\/1052652#article\",\"isPartOf\":{\"@id\":\"https:\\\/\\\/darkamazi.info\\\/archives\\\/1052652\"},\"author\":{\"name\":\"darka mazi\",\"@id\":\"https:\\\/\\\/darkamazi.info\\\/#\\\/schema\\\/person\\\/5ad3e24553a0567993fa8ed4bd0a776c\"},\"headline\":\"HSD\u2019\u00ea nasnameya 9 \u015fervan\u00ean din e\u015fkere kir\",\"datePublished\":\"2026-04-29T12:05:02+00:00\",\"mainEntityOfPage\":{\"@id\":\"https:\\\/\\\/darkamazi.info\\\/archives\\\/1052652\"},\"wordCount\":213,\"publisher\":{\"@id\":\"https:\\\/\\\/darkamazi.info\\\/#organization\"},\"image\":{\"@id\":\"https:\\\/\\\/darkamazi.info\\\/archives\\\/1052652#primaryimage\"},\"thumbnailUrl\":\"https:\\\/\\\/darkamazi.info\\\/darka-content\\\/uploads\\\/2026\\\/04\\\/QSD-SDF-HSD-Rojava-info.jpg\",\"keywords\":[\"sereke\"],\"articleSection\":[\"Kurdistan\"],\"inLanguage\":\"en-US\"},{\"@type\":\"WebPage\",\"@id\":\"https:\\\/\\\/darkamazi.info\\\/archives\\\/1052652\",\"url\":\"https:\\\/\\\/darkamazi.info\\\/archives\\\/1052652\",\"name\":\"HSD\u2019\u00ea nasnameya 9 \u015fervan\u00ean din e\u015fkere kir - Darka Maz\u00ee\",\"isPartOf\":{\"@id\":\"https:\\\/\\\/darkamazi.info\\\/#website\"},\"primaryImageOfPage\":{\"@id\":\"https:\\\/\\\/darkamazi.info\\\/archives\\\/1052652#primaryimage\"},\"image\":{\"@id\":\"https:\\\/\\\/darkamazi.info\\\/archives\\\/1052652#primaryimage\"},\"thumbnailUrl\":\"https:\\\/\\\/darkamazi.info\\\/darka-content\\\/uploads\\\/2026\\\/04\\\/QSD-SDF-HSD-Rojava-info.jpg\",\"datePublished\":\"2026-04-29T12:05:02+00:00\",\"breadcrumb\":{\"@id\":\"https:\\\/\\\/darkamazi.info\\\/archives\\\/1052652#breadcrumb\"},\"inLanguage\":\"en-US\",\"potentialAction\":[{\"@type\":\"ReadAction\",\"target\":[\"https:\\\/\\\/darkamazi.info\\\/archives\\\/1052652\"]}]},{\"@type\":\"ImageObject\",\"inLanguage\":\"en-US\",\"@id\":\"https:\\\/\\\/darkamazi.info\\\/archives\\\/1052652#primaryimage\",\"url\":\"https:\\\/\\\/darkamazi.info\\\/darka-content\\\/uploads\\\/2026\\\/04\\\/QSD-SDF-HSD-Rojava-info.jpg\",\"contentUrl\":\"https:\\\/\\\/darkamazi.info\\\/darka-content\\\/uploads\\\/2026\\\/04\\\/QSD-SDF-HSD-Rojava-info.jpg\",\"width\":900,\"height\":500,\"caption\":\"QSD-SDF-HSD-Rojava-Net\"},{\"@type\":\"BreadcrumbList\",\"@id\":\"https:\\\/\\\/darkamazi.info\\\/archives\\\/1052652#breadcrumb\",\"itemListElement\":[{\"@type\":\"ListItem\",\"position\":1,\"name\":\"Home\",\"item\":\"https:\\\/\\\/darkamazi.info\\\/\"},{\"@type\":\"ListItem\",\"position\":2,\"name\":\"HSD\u2019\u00ea nasnameya 9 \u015fervan\u00ean din e\u015fkere kir\"}]},{\"@type\":\"WebSite\",\"@id\":\"https:\\\/\\\/darkamazi.info\\\/#website\",\"url\":\"https:\\\/\\\/darkamazi.info\\\/\",\"name\":\"Darka Maz\u00ee\",\"description\":\"P\u00eageha Zanyariy\u00ean Nebih\u00eest\u00ee\",\"publisher\":{\"@id\":\"https:\\\/\\\/darkamazi.info\\\/#organization\"},\"potentialAction\":[{\"@type\":\"SearchAction\",\"target\":{\"@type\":\"EntryPoint\",\"urlTemplate\":\"https:\\\/\\\/darkamazi.info\\\/?s={search_term_string}\"},\"query-input\":{\"@type\":\"PropertyValueSpecification\",\"valueRequired\":true,\"valueName\":\"search_term_string\"}}],\"inLanguage\":\"en-US\"},{\"@type\":\"Organization\",\"@id\":\"https:\\\/\\\/darkamazi.info\\\/#organization\",\"name\":\"Darka Maz\u00ee\",\"url\":\"https:\\\/\\\/darkamazi.info\\\/\",\"logo\":{\"@type\":\"ImageObject\",\"inLanguage\":\"en-US\",\"@id\":\"https:\\\/\\\/darkamazi.info\\\/#\\\/schema\\\/logo\\\/image\\\/\",\"url\":\"https:\\\/\\\/darkamazi.info\\\/darka-content\\\/uploads\\\/2017\\\/12\\\/darka-mazi-logo.png\",\"contentUrl\":\"https:\\\/\\\/darkamazi.info\\\/darka-content\\\/uploads\\\/2017\\\/12\\\/darka-mazi-logo.png\",\"width\":151,\"height\":75,\"caption\":\"Darka Maz\u00ee\"},\"image\":{\"@id\":\"https:\\\/\\\/darkamazi.info\\\/#\\\/schema\\\/logo\\\/image\\\/\"},\"sameAs\":[\"https:\\\/\\\/www.facebook.com\\\/DarMaziKurmanci\",\"https:\\\/\\\/x.com\\\/DarkaMaziLatini\",\"https:\\\/\\\/www.instagram.com\\\/darkamazi.kurmanci\\\/\",\"https:\\\/\\\/www.youtube.com\\\/channel\\\/UCa5HkTdmI8U1qCUFuTw8B2g\"]},{\"@type\":\"Person\",\"@id\":\"https:\\\/\\\/darkamazi.info\\\/#\\\/schema\\\/person\\\/5ad3e24553a0567993fa8ed4bd0a776c\",\"name\":\"darka mazi\",\"sameAs\":[\"https:\\\/\\\/darkamazi.info\\\/\"],\"url\":\"https:\\\/\\\/darkamazi.info\\\/archives\\\/author\\\/kurdi\"}]}<\/script>\n<!-- \/ Yoast SEO plugin. -->","seo_head_json":{"title":"HSD\u2019\u00ea nasnameya 9 \u015fervan\u00ean din e\u015fkere kir - Darka Maz\u00ee","robots":{"index":"index","follow":"follow","max-snippet":"max-snippet:-1","max-image-preview":"max-image-preview:large","max-video-preview":"max-video-preview:-1"},"canonical":"https:\/\/darkamazi.info\/archives\/1052652","og_locale":"en_US","og_type":"article","og_title":"HSD\u2019\u00ea nasnameya 9 \u015fervan\u00ean din e\u015fkere kir - Darka Maz\u00ee","og_description":"H\u00eaz\u00ean S\u00fbriya Demokrat\u00eek nasnameya 9 \u015fervan\u00ean din e\u015fkere kir, ku di dem \u00fb cih\u00ean cuda de ketine ber \u00ear\u00ee\u015f\u00ean \u00e7etey\u00ean \u015eam\u00ea \u00fb ji n\u00fb ve \u015feh\u00eedb\u00fbna wan ragihand. HSD\u2019\u00ea \u00eero roja \u00e7ar\u015fem\u00ee, 29\u2019\u00ea N\u00eesana 2026\u2019an, bi daxuyaniyek\u00ea nasnameya 9 \u015fervan\u00ean xwe diyar kir ku li \u00e7iley\u00ea (kan\u00fbna pa\u015f\u00een) a \u00eesal li dever\u00ean Hesek\u00ea \u00fb D\u00earezor\u00ea [&hellip;]","og_url":"https:\/\/darkamazi.info\/archives\/1052652","og_site_name":"Darka Maz\u00ee","article_publisher":"https:\/\/www.facebook.com\/DarMaziKurmanci","article_published_time":"2026-04-29T12:05:02+00:00","og_image":[{"width":900,"height":500,"url":"https:\/\/darkamazi.info\/file\/2026\/04\/QSD-SDF-HSD-Rojava-info.jpg","type":"image\/jpeg"}],"author":"darka mazi","twitter_card":"summary_large_image","twitter_creator":"@DarkaMaziLatini","twitter_site":"@DarkaMaziLatini","twitter_misc":{"Written by":"darka mazi","Est. reading time":"1 minute"},"schema":{"@context":"https:\/\/schema.org","@graph":[{"@type":"Article","@id":"https:\/\/darkamazi.info\/archives\/1052652#article","isPartOf":{"@id":"https:\/\/darkamazi.info\/archives\/1052652"},"author":{"name":"darka mazi","@id":"https:\/\/darkamazi.info\/#\/schema\/person\/5ad3e24553a0567993fa8ed4bd0a776c"},"headline":"HSD\u2019\u00ea nasnameya 9 \u015fervan\u00ean din e\u015fkere kir","datePublished":"2026-04-29T12:05:02+00:00","mainEntityOfPage":{"@id":"https:\/\/darkamazi.info\/archives\/1052652"},"wordCount":213,"publisher":{"@id":"https:\/\/darkamazi.info\/#organization"},"image":{"@id":"https:\/\/darkamazi.info\/archives\/1052652#primaryimage"},"thumbnailUrl":"https:\/\/darkamazi.info\/file\/2026\/04\/QSD-SDF-HSD-Rojava-info.jpg","keywords":["sereke"],"articleSection":["Kurdistan"],"inLanguage":"en-US"},{"@type":"WebPage","@id":"https:\/\/darkamazi.info\/archives\/1052652","url":"https:\/\/darkamazi.info\/archives\/1052652","name":"HSD\u2019\u00ea nasnameya 9 \u015fervan\u00ean din e\u015fkere kir - Darka Maz\u00ee","isPartOf":{"@id":"https:\/\/darkamazi.info\/#website"},"primaryImageOfPage":{"@id":"https:\/\/darkamazi.info\/archives\/1052652#primaryimage"},"image":{"@id":"https:\/\/darkamazi.info\/archives\/1052652#primaryimage"},"thumbnailUrl":"https:\/\/darkamazi.info\/file\/2026\/04\/QSD-SDF-HSD-Rojava-info.jpg","datePublished":"2026-04-29T12:05:02+00:00","breadcrumb":{"@id":"https:\/\/darkamazi.info\/archives\/1052652#breadcrumb"},"inLanguage":"en-US","potentialAction":[{"@type":"ReadAction","target":["https:\/\/darkamazi.info\/archives\/1052652"]}]},{"@type":"ImageObject","inLanguage":"en-US","@id":"https:\/\/darkamazi.info\/archives\/1052652#primaryimage","url":"https:\/\/darkamazi.info\/file\/2026\/04\/QSD-SDF-HSD-Rojava-info.jpg","contentUrl":"https:\/\/darkamazi.info\/file\/2026\/04\/QSD-SDF-HSD-Rojava-info.jpg","width":900,"height":500,"caption":"QSD-SDF-HSD-Rojava-Net"},{"@type":"BreadcrumbList","@id":"https:\/\/darkamazi.info\/archives\/1052652#breadcrumb","itemListElement":[{"@type":"ListItem","position":1,"name":"Home","item":"https:\/\/darkamazi.info\/"},{"@type":"ListItem","position":2,"name":"HSD\u2019\u00ea nasnameya 9 \u015fervan\u00ean din e\u015fkere kir"}]},{"@type":"WebSite","@id":"https:\/\/darkamazi.info\/#website","url":"https:\/\/darkamazi.info\/","name":"Darka Maz\u00ee","description":"P\u00eageha Zanyariy\u00ean Nebih\u00eest\u00ee","publisher":{"@id":"https:\/\/darkamazi.info\/#organization"},"potentialAction":[{"@type":"SearchAction","target":{"@type":"EntryPoint","urlTemplate":"https:\/\/darkamazi.info\/?s={search_term_string}"},"query-input":{"@type":"PropertyValueSpecification","valueRequired":true,"valueName":"search_term_string"}}],"inLanguage":"en-US"},{"@type":"Organization","@id":"https:\/\/darkamazi.info\/#organization","name":"Darka Maz\u00ee","url":"https:\/\/darkamazi.info\/","logo":{"@type":"ImageObject","inLanguage":"en-US","@id":"https:\/\/darkamazi.info\/#\/schema\/logo\/image\/","url":"https:\/\/darkamazi.info\/file\/2017\/12\/darka-mazi-logo.png","contentUrl":"https:\/\/darkamazi.info\/file\/2017\/12\/darka-mazi-logo.png","width":151,"height":75,"caption":"Darka Maz\u00ee"},"image":{"@id":"https:\/\/darkamazi.info\/#\/schema\/logo\/image\/"},"sameAs":["https:\/\/www.facebook.com\/DarMaziKurmanci","https:\/\/x.com\/DarkaMaziLatini","https:\/\/www.instagram.com\/darkamazi.kurmanci\/","https:\/\/www.youtube.com\/channel\/UCa5HkTdmI8U1qCUFuTw8B2g"]},{"@type":"Person","@id":"https:\/\/darkamazi.info\/#\/schema\/person\/5ad3e24553a0567993fa8ed4bd0a776c","name":"darka mazi","sameAs":["https:\/\/darkamazi.info\/"],"url":"https:\/\/darkamazi.info\/archives\/author\/kurdi"}]}},"_links":{"self":[{"href":"https:\/\/darkamazi.info\/funavuv\/wp\/v2\/posts\/1052652","targetHints":{"allow":["GET"]}}],"collection":[{"href":"https:\/\/darkamazi.info\/funavuv\/wp\/v2\/posts"}],"about":[{"href":"https:\/\/darkamazi.info\/funavuv\/wp\/v2\/types\/post"}],"author":[{"embeddable":true,"href":"https:\/\/darkamazi.info\/funavuv\/wp\/v2\/users\/2"}],"replies":[{"embeddable":true,"href":"https:\/\/darkamazi.info\/funavuv\/wp\/v2\/comments?post=1052652"}],"version-history":[{"count":1,"href":"https:\/\/darkamazi.info\/funavuv\/wp\/v2\/posts\/1052652\/revisions"}],"predecessor-version":[{"id":1052654,"href":"https:\/\/darkamazi.info\/funavuv\/wp\/v2\/posts\/1052652\/revisions\/1052654"}],"wp:featuredmedia":[{"embeddable":true,"href":"https:\/\/darkamazi.info\/funavuv\/wp\/v2\/media\/1052653"}],"wp:attachment":[{"href":"https:\/\/darkamazi.info\/funavuv\/wp\/v2\/media?parent=1052652"}],"wp:term":[{"taxonomy":"category","embeddable":true,"href":"https:\/\/darkamazi.info\/funavuv\/wp\/v2\/categories?post=1052652"},{"taxonomy":"post_tag","embeddable":true,"href":"https:\/\/darkamazi.info\/funavuv\/wp\/v2\/tags?post=1052652"}],"curies":[{"name":"wp","href":"https:\/\/api.w.org\/{rel}","templated":true}]}}