{"id":1052658,"date":"2026-04-29T18:37:07","date_gmt":"2026-04-29T15:37:07","guid":{"rendered":"https:\/\/darkamazi.info\/?p=1052658"},"modified":"2026-04-29T18:37:07","modified_gmt":"2026-04-29T15:37:07","slug":"ozgur-ozel-diroka-hilbijartine-eskere-kir-heri-dereng-cotmeha-2027an","status":"publish","type":"post","link":"https:\/\/darkamazi.info\/archives\/1052658","title":{"rendered":"Ozg\u00fbr Ozel d\u00eeroka hilbijartin\u00ea e\u015fkere kir: &#8220;Her\u00ee dereng cotmeha 2027an&#8221;"},"content":{"rendered":"<h3 style=\"text-align: justify;\"><span style=\"font-family: 'arial black', sans-serif;\">Serok\u00ea Gi\u015ft\u00ee y\u00ea CHP\u00ea Ozg\u00fcr Ozel, derbar\u00ea dema hilbijartin\u00ean gi\u015ft\u00ee de daxuyaniy\u00ean balk\u00ea\u015f dan. Ozel destn\u00ee\u015fan kir ku li gor\u00ee n\u00ee\u015faney\u00ean siyas\u00ee y\u00ean li Enqerey\u00ea, hilbijartin d\u00ea her\u00ee dereng di Cotmeha sala 2027an de werin lidarxistin \u00fb partiya wan ji niha ve ketiye amadekariyan.<\/span><\/h3>\n<h3 style=\"text-align: justify;\">Ozg\u00fbr Ozel ragihand ku CHP d\u00ea di 4\u00ea Gulan\u00ea de bi ferm\u00ee dest bi kampanyaya xwe ya hilbijartin\u00ea bike. Ozel diyar kir ku ev kampanya d\u00ea bi stratejiyeke &#8220;360 piley\u00ee&#8221; were me\u015fandin \u00fb tevahiya r\u00eaxistin\u00ean partiy\u00ea d\u00ea di nav de cih bigirin. Di v\u00ea roja destp\u00eak\u00ea de, ne ten\u00ea r\u00eaxistin, l\u00ea endam\u00ean Mecl\u00eesa Partiy\u00ea (PM), Kom\u00eeteya R\u00eaveberiya Navend\u00ee (MYK) \u00fb hem\u00fb parlamenter d\u00ea li 81 par\u00eazgehan dakevin qadan.<\/h3>\n<h3 style=\"text-align: justify;\">Xebata serek\u00ee ya CHP\u00ea di v\u00ea qonax\u00ea de d\u00ea li ser t\u00eakiliya yek-bi-yek a bi welatiyan re be. Taybetmendiy\u00ean v\u00ea stratejiy\u00ea wiha ne:<\/h3>\n<h3 style=\"text-align: justify;\">Amadekar\u00ee: 186,000 berpirs\u00ean navend\u00ean dengdan\u00ea hatine diyarkirin.<\/h3>\n<h3 style=\"text-align: justify;\">Xebata Qad\u00ea: Di 4\u00ea Gulan\u00ea de 106,000 berpirs d\u00ea rasterast dest bi xebat\u00ea bikin.<\/h3>\n<h3 style=\"text-align: justify;\">T\u00eakiliya Taybet: Her berpirsek d\u00ea ji 300 hilbij\u00earan (n\u00eaz\u00eek\u00ee 200 malbatan) berpirsiyar be.<\/h3>\n<h3 style=\"text-align: justify;\">Serdan\u00ean Berdewam: Serdan\u00ean yekem di Gulan\u00ea de dest p\u00ea dikin \u00fb d\u00ea di meh\u00ean \u00celon \u00fb Cotmeh\u00ea de bi gera s\u00eayem \u00fb \u00e7arem berdewam bikin.<\/h3>\n<h3 style=\"text-align: justify;\">Serok\u00ea CHP\u00ea tekez kir ku berpirs\u00ean wan d\u00ea her meh serdana malan bikin, xwe bidin nas\u00een \u00fb proje \u00fb soz\u00ean partiy\u00ea ji bo \u00e7areserkirina pirsgir\u00eak\u00ean abor\u00ee \u00fb civak\u00ee rave bikin. Ozel got ku armanca wan ne ten\u00ea daxuyaniy\u00ean siyas\u00ee ne, l\u00ea avakirina t\u00eakiliyeke xurt a baweriy\u00ea ye daku welat\u00ee CHP\u00ea wek\u00ee \u00e7areser\u00ee bib\u00eenin.<\/h3>\n<h3 style=\"text-align: justify;\">Ozel di daxuyaniya xwe de bal ki\u015fand ser zext\u00ean dadwer\u00ee y\u00ean li ser partiya wan \u00fb diyar kir ku bi v\u00ea xebata mezin a qad\u00ea, ew \u00ea hem bersiva van zextan bidin \u00fb hem j\u00ee li her der\u00ea Tirkiyey\u00ea deng\u00ea welatiy\u00ean ku ji ber kr\u00eeza abor\u00ee dinalin, bilind bikin.<\/h3>\n","protected":false},"excerpt":{"rendered":"<p>Serok\u00ea Gi\u015ft\u00ee y\u00ea CHP\u00ea Ozg\u00fcr Ozel, derbar\u00ea dema hilbijartin\u00ean gi\u015ft\u00ee de daxuyaniy\u00ean balk\u00ea\u015f dan. Ozel destn\u00ee\u015fan kir ku li gor\u00ee n\u00ee\u015faney\u00ean siyas\u00ee y\u00ean li Enqerey\u00ea, hilbijartin d\u00ea her\u00ee dereng di Cotmeha sala 2027an de werin lidarxistin \u00fb partiya wan ji niha ve ketiye amadekariyan. Ozg\u00fbr Ozel ragihand ku CHP d\u00ea di 4\u00ea Gulan\u00ea de bi [&hellip;]<\/p>\n","protected":false},"author":2,"featured_media":1052659,"comment_status":"closed","ping_status":"closed","sticky":false,"template":"","format":"standard","meta":{"footnotes":""},"categories":[31],"tags":[37],"class_list":["post-1052658","post","type-post","status-publish","format-standard","has-post-thumbnail","hentry","category-rojhelata-navin","tag-sereke"],"blocksy_meta":[],"seo_head":"<!-- This site is optimized with the Yoast SEO plugin v27.5 - https:\/\/yoast.com\/product\/yoast-seo-wordpress\/ -->\n<title>Ozg\u00fbr Ozel d\u00eeroka hilbijartin\u00ea e\u015fkere kir: &quot;Her\u00ee dereng cotmeha 2027an&quot; - Darka Maz\u00ee<\/title>\n<meta name=\"robots\" content=\"index, follow, max-snippet:-1, max-image-preview:large, max-video-preview:-1\" \/>\n<link rel=\"canonical\" href=\"https:\/\/darkamazi.info\/archives\/1052658\" \/>\n<meta property=\"og:locale\" content=\"en_US\" \/>\n<meta property=\"og:type\" content=\"article\" \/>\n<meta property=\"og:title\" content=\"Ozg\u00fbr Ozel d\u00eeroka hilbijartin\u00ea e\u015fkere kir: &quot;Her\u00ee dereng cotmeha 2027an&quot; - Darka Maz\u00ee\" \/>\n<meta property=\"og:description\" content=\"Serok\u00ea Gi\u015ft\u00ee y\u00ea CHP\u00ea Ozg\u00fcr Ozel, derbar\u00ea dema hilbijartin\u00ean gi\u015ft\u00ee de daxuyaniy\u00ean balk\u00ea\u015f dan. Ozel destn\u00ee\u015fan kir ku li gor\u00ee n\u00ee\u015faney\u00ean siyas\u00ee y\u00ean li Enqerey\u00ea, hilbijartin d\u00ea her\u00ee dereng di Cotmeha sala 2027an de werin lidarxistin \u00fb partiya wan ji niha ve ketiye amadekariyan. Ozg\u00fbr Ozel ragihand ku CHP d\u00ea di 4\u00ea Gulan\u00ea de bi [&hellip;]\" \/>\n<meta property=\"og:url\" content=\"https:\/\/darkamazi.info\/archives\/1052658\" \/>\n<meta property=\"og:site_name\" content=\"Darka Maz\u00ee\" \/>\n<meta property=\"article:publisher\" content=\"https:\/\/www.facebook.com\/DarMaziKurmanci\" \/>\n<meta property=\"article:published_time\" content=\"2026-04-29T15:37:07+00:00\" \/>\n<meta property=\"og:image\" content=\"https:\/\/darkamazi.info\/file\/2026\/04\/ozgur-ozel.jpg\" \/>\n\t<meta property=\"og:image:width\" content=\"900\" \/>\n\t<meta property=\"og:image:height\" content=\"497\" \/>\n\t<meta property=\"og:image:type\" content=\"image\/jpeg\" \/>\n<meta name=\"author\" content=\"darka mazi\" \/>\n<meta name=\"twitter:card\" content=\"summary_large_image\" \/>\n<meta name=\"twitter:creator\" content=\"@DarkaMaziLatini\" \/>\n<meta name=\"twitter:site\" content=\"@DarkaMaziLatini\" \/>\n<meta name=\"twitter:label1\" content=\"Written by\" \/>\n\t<meta name=\"twitter:data1\" content=\"darka mazi\" \/>\n\t<meta name=\"twitter:label2\" content=\"Est. reading time\" \/>\n\t<meta name=\"twitter:data2\" content=\"2 minutes\" \/>\n<script type=\"application\/ld+json\" class=\"seo-schema-graph\">{\"@context\":\"https:\\\/\\\/schema.org\",\"@graph\":[{\"@type\":\"Article\",\"@id\":\"https:\\\/\\\/darkamazi.info\\\/archives\\\/1052658#article\",\"isPartOf\":{\"@id\":\"https:\\\/\\\/darkamazi.info\\\/archives\\\/1052658\"},\"author\":{\"name\":\"darka mazi\",\"@id\":\"https:\\\/\\\/darkamazi.info\\\/#\\\/schema\\\/person\\\/5ad3e24553a0567993fa8ed4bd0a776c\"},\"headline\":\"Ozg\u00fbr Ozel d\u00eeroka hilbijartin\u00ea e\u015fkere kir: &#8220;Her\u00ee dereng cotmeha 2027an&#8221;\",\"datePublished\":\"2026-04-29T15:37:07+00:00\",\"mainEntityOfPage\":{\"@id\":\"https:\\\/\\\/darkamazi.info\\\/archives\\\/1052658\"},\"wordCount\":334,\"publisher\":{\"@id\":\"https:\\\/\\\/darkamazi.info\\\/#organization\"},\"image\":{\"@id\":\"https:\\\/\\\/darkamazi.info\\\/archives\\\/1052658#primaryimage\"},\"thumbnailUrl\":\"https:\\\/\\\/darkamazi.info\\\/darka-content\\\/uploads\\\/2026\\\/04\\\/ozgur-ozel.jpg\",\"keywords\":[\"sereke\"],\"articleSection\":[\"Rojhelata nav\u00een\"],\"inLanguage\":\"en-US\"},{\"@type\":\"WebPage\",\"@id\":\"https:\\\/\\\/darkamazi.info\\\/archives\\\/1052658\",\"url\":\"https:\\\/\\\/darkamazi.info\\\/archives\\\/1052658\",\"name\":\"Ozg\u00fbr Ozel d\u00eeroka hilbijartin\u00ea e\u015fkere kir: \\\"Her\u00ee dereng cotmeha 2027an\\\" - Darka Maz\u00ee\",\"isPartOf\":{\"@id\":\"https:\\\/\\\/darkamazi.info\\\/#website\"},\"primaryImageOfPage\":{\"@id\":\"https:\\\/\\\/darkamazi.info\\\/archives\\\/1052658#primaryimage\"},\"image\":{\"@id\":\"https:\\\/\\\/darkamazi.info\\\/archives\\\/1052658#primaryimage\"},\"thumbnailUrl\":\"https:\\\/\\\/darkamazi.info\\\/darka-content\\\/uploads\\\/2026\\\/04\\\/ozgur-ozel.jpg\",\"datePublished\":\"2026-04-29T15:37:07+00:00\",\"breadcrumb\":{\"@id\":\"https:\\\/\\\/darkamazi.info\\\/archives\\\/1052658#breadcrumb\"},\"inLanguage\":\"en-US\",\"potentialAction\":[{\"@type\":\"ReadAction\",\"target\":[\"https:\\\/\\\/darkamazi.info\\\/archives\\\/1052658\"]}]},{\"@type\":\"ImageObject\",\"inLanguage\":\"en-US\",\"@id\":\"https:\\\/\\\/darkamazi.info\\\/archives\\\/1052658#primaryimage\",\"url\":\"https:\\\/\\\/darkamazi.info\\\/darka-content\\\/uploads\\\/2026\\\/04\\\/ozgur-ozel.jpg\",\"contentUrl\":\"https:\\\/\\\/darkamazi.info\\\/darka-content\\\/uploads\\\/2026\\\/04\\\/ozgur-ozel.jpg\",\"width\":900,\"height\":497,\"caption\":\"Ozg\u00fbr Ozel d\u00eeroka hilbijartin\u00ea e\u015fkere kir: \\\"Her\u00ee dereng cotmeha 2027an\\\"\"},{\"@type\":\"BreadcrumbList\",\"@id\":\"https:\\\/\\\/darkamazi.info\\\/archives\\\/1052658#breadcrumb\",\"itemListElement\":[{\"@type\":\"ListItem\",\"position\":1,\"name\":\"Home\",\"item\":\"https:\\\/\\\/darkamazi.info\\\/\"},{\"@type\":\"ListItem\",\"position\":2,\"name\":\"Ozg\u00fbr Ozel d\u00eeroka hilbijartin\u00ea e\u015fkere kir: &#8220;Her\u00ee dereng cotmeha 2027an&#8221;\"}]},{\"@type\":\"WebSite\",\"@id\":\"https:\\\/\\\/darkamazi.info\\\/#website\",\"url\":\"https:\\\/\\\/darkamazi.info\\\/\",\"name\":\"Darka Maz\u00ee\",\"description\":\"P\u00eageha Zanyariy\u00ean Nebih\u00eest\u00ee\",\"publisher\":{\"@id\":\"https:\\\/\\\/darkamazi.info\\\/#organization\"},\"potentialAction\":[{\"@type\":\"SearchAction\",\"target\":{\"@type\":\"EntryPoint\",\"urlTemplate\":\"https:\\\/\\\/darkamazi.info\\\/?s={search_term_string}\"},\"query-input\":{\"@type\":\"PropertyValueSpecification\",\"valueRequired\":true,\"valueName\":\"search_term_string\"}}],\"inLanguage\":\"en-US\"},{\"@type\":\"Organization\",\"@id\":\"https:\\\/\\\/darkamazi.info\\\/#organization\",\"name\":\"Darka Maz\u00ee\",\"url\":\"https:\\\/\\\/darkamazi.info\\\/\",\"logo\":{\"@type\":\"ImageObject\",\"inLanguage\":\"en-US\",\"@id\":\"https:\\\/\\\/darkamazi.info\\\/#\\\/schema\\\/logo\\\/image\\\/\",\"url\":\"https:\\\/\\\/darkamazi.info\\\/darka-content\\\/uploads\\\/2017\\\/12\\\/darka-mazi-logo.png\",\"contentUrl\":\"https:\\\/\\\/darkamazi.info\\\/darka-content\\\/uploads\\\/2017\\\/12\\\/darka-mazi-logo.png\",\"width\":151,\"height\":75,\"caption\":\"Darka Maz\u00ee\"},\"image\":{\"@id\":\"https:\\\/\\\/darkamazi.info\\\/#\\\/schema\\\/logo\\\/image\\\/\"},\"sameAs\":[\"https:\\\/\\\/www.facebook.com\\\/DarMaziKurmanci\",\"https:\\\/\\\/x.com\\\/DarkaMaziLatini\",\"https:\\\/\\\/www.instagram.com\\\/darkamazi.kurmanci\\\/\",\"https:\\\/\\\/www.youtube.com\\\/channel\\\/UCa5HkTdmI8U1qCUFuTw8B2g\"]},{\"@type\":\"Person\",\"@id\":\"https:\\\/\\\/darkamazi.info\\\/#\\\/schema\\\/person\\\/5ad3e24553a0567993fa8ed4bd0a776c\",\"name\":\"darka mazi\",\"sameAs\":[\"https:\\\/\\\/darkamazi.info\\\/\"],\"url\":\"https:\\\/\\\/darkamazi.info\\\/archives\\\/author\\\/kurdi\"}]}<\/script>\n<!-- \/ Yoast SEO plugin. -->","seo_head_json":{"title":"Ozg\u00fbr Ozel d\u00eeroka hilbijartin\u00ea e\u015fkere kir: \"Her\u00ee dereng cotmeha 2027an\" - Darka Maz\u00ee","robots":{"index":"index","follow":"follow","max-snippet":"max-snippet:-1","max-image-preview":"max-image-preview:large","max-video-preview":"max-video-preview:-1"},"canonical":"https:\/\/darkamazi.info\/archives\/1052658","og_locale":"en_US","og_type":"article","og_title":"Ozg\u00fbr Ozel d\u00eeroka hilbijartin\u00ea e\u015fkere kir: \"Her\u00ee dereng cotmeha 2027an\" - Darka Maz\u00ee","og_description":"Serok\u00ea Gi\u015ft\u00ee y\u00ea CHP\u00ea Ozg\u00fcr Ozel, derbar\u00ea dema hilbijartin\u00ean gi\u015ft\u00ee de daxuyaniy\u00ean balk\u00ea\u015f dan. Ozel destn\u00ee\u015fan kir ku li gor\u00ee n\u00ee\u015faney\u00ean siyas\u00ee y\u00ean li Enqerey\u00ea, hilbijartin d\u00ea her\u00ee dereng di Cotmeha sala 2027an de werin lidarxistin \u00fb partiya wan ji niha ve ketiye amadekariyan. Ozg\u00fbr Ozel ragihand ku CHP d\u00ea di 4\u00ea Gulan\u00ea de bi [&hellip;]","og_url":"https:\/\/darkamazi.info\/archives\/1052658","og_site_name":"Darka Maz\u00ee","article_publisher":"https:\/\/www.facebook.com\/DarMaziKurmanci","article_published_time":"2026-04-29T15:37:07+00:00","og_image":[{"width":900,"height":497,"url":"https:\/\/darkamazi.info\/file\/2026\/04\/ozgur-ozel.jpg","type":"image\/jpeg"}],"author":"darka mazi","twitter_card":"summary_large_image","twitter_creator":"@DarkaMaziLatini","twitter_site":"@DarkaMaziLatini","twitter_misc":{"Written by":"darka mazi","Est. reading time":"2 minutes"},"schema":{"@context":"https:\/\/schema.org","@graph":[{"@type":"Article","@id":"https:\/\/darkamazi.info\/archives\/1052658#article","isPartOf":{"@id":"https:\/\/darkamazi.info\/archives\/1052658"},"author":{"name":"darka mazi","@id":"https:\/\/darkamazi.info\/#\/schema\/person\/5ad3e24553a0567993fa8ed4bd0a776c"},"headline":"Ozg\u00fbr Ozel d\u00eeroka hilbijartin\u00ea e\u015fkere kir: &#8220;Her\u00ee dereng cotmeha 2027an&#8221;","datePublished":"2026-04-29T15:37:07+00:00","mainEntityOfPage":{"@id":"https:\/\/darkamazi.info\/archives\/1052658"},"wordCount":334,"publisher":{"@id":"https:\/\/darkamazi.info\/#organization"},"image":{"@id":"https:\/\/darkamazi.info\/archives\/1052658#primaryimage"},"thumbnailUrl":"https:\/\/darkamazi.info\/file\/2026\/04\/ozgur-ozel.jpg","keywords":["sereke"],"articleSection":["Rojhelata nav\u00een"],"inLanguage":"en-US"},{"@type":"WebPage","@id":"https:\/\/darkamazi.info\/archives\/1052658","url":"https:\/\/darkamazi.info\/archives\/1052658","name":"Ozg\u00fbr Ozel d\u00eeroka hilbijartin\u00ea e\u015fkere kir: \"Her\u00ee dereng cotmeha 2027an\" - Darka Maz\u00ee","isPartOf":{"@id":"https:\/\/darkamazi.info\/#website"},"primaryImageOfPage":{"@id":"https:\/\/darkamazi.info\/archives\/1052658#primaryimage"},"image":{"@id":"https:\/\/darkamazi.info\/archives\/1052658#primaryimage"},"thumbnailUrl":"https:\/\/darkamazi.info\/file\/2026\/04\/ozgur-ozel.jpg","datePublished":"2026-04-29T15:37:07+00:00","breadcrumb":{"@id":"https:\/\/darkamazi.info\/archives\/1052658#breadcrumb"},"inLanguage":"en-US","potentialAction":[{"@type":"ReadAction","target":["https:\/\/darkamazi.info\/archives\/1052658"]}]},{"@type":"ImageObject","inLanguage":"en-US","@id":"https:\/\/darkamazi.info\/archives\/1052658#primaryimage","url":"https:\/\/darkamazi.info\/file\/2026\/04\/ozgur-ozel.jpg","contentUrl":"https:\/\/darkamazi.info\/file\/2026\/04\/ozgur-ozel.jpg","width":900,"height":497,"caption":"Ozg\u00fbr Ozel d\u00eeroka hilbijartin\u00ea e\u015fkere kir: \"Her\u00ee dereng cotmeha 2027an\""},{"@type":"BreadcrumbList","@id":"https:\/\/darkamazi.info\/archives\/1052658#breadcrumb","itemListElement":[{"@type":"ListItem","position":1,"name":"Home","item":"https:\/\/darkamazi.info\/"},{"@type":"ListItem","position":2,"name":"Ozg\u00fbr Ozel d\u00eeroka hilbijartin\u00ea e\u015fkere kir: &#8220;Her\u00ee dereng cotmeha 2027an&#8221;"}]},{"@type":"WebSite","@id":"https:\/\/darkamazi.info\/#website","url":"https:\/\/darkamazi.info\/","name":"Darka Maz\u00ee","description":"P\u00eageha Zanyariy\u00ean Nebih\u00eest\u00ee","publisher":{"@id":"https:\/\/darkamazi.info\/#organization"},"potentialAction":[{"@type":"SearchAction","target":{"@type":"EntryPoint","urlTemplate":"https:\/\/darkamazi.info\/?s={search_term_string}"},"query-input":{"@type":"PropertyValueSpecification","valueRequired":true,"valueName":"search_term_string"}}],"inLanguage":"en-US"},{"@type":"Organization","@id":"https:\/\/darkamazi.info\/#organization","name":"Darka Maz\u00ee","url":"https:\/\/darkamazi.info\/","logo":{"@type":"ImageObject","inLanguage":"en-US","@id":"https:\/\/darkamazi.info\/#\/schema\/logo\/image\/","url":"https:\/\/darkamazi.info\/file\/2017\/12\/darka-mazi-logo.png","contentUrl":"https:\/\/darkamazi.info\/file\/2017\/12\/darka-mazi-logo.png","width":151,"height":75,"caption":"Darka Maz\u00ee"},"image":{"@id":"https:\/\/darkamazi.info\/#\/schema\/logo\/image\/"},"sameAs":["https:\/\/www.facebook.com\/DarMaziKurmanci","https:\/\/x.com\/DarkaMaziLatini","https:\/\/www.instagram.com\/darkamazi.kurmanci\/","https:\/\/www.youtube.com\/channel\/UCa5HkTdmI8U1qCUFuTw8B2g"]},{"@type":"Person","@id":"https:\/\/darkamazi.info\/#\/schema\/person\/5ad3e24553a0567993fa8ed4bd0a776c","name":"darka mazi","sameAs":["https:\/\/darkamazi.info\/"],"url":"https:\/\/darkamazi.info\/archives\/author\/kurdi"}]}},"_links":{"self":[{"href":"https:\/\/darkamazi.info\/funavuv\/wp\/v2\/posts\/1052658","targetHints":{"allow":["GET"]}}],"collection":[{"href":"https:\/\/darkamazi.info\/funavuv\/wp\/v2\/posts"}],"about":[{"href":"https:\/\/darkamazi.info\/funavuv\/wp\/v2\/types\/post"}],"author":[{"embeddable":true,"href":"https:\/\/darkamazi.info\/funavuv\/wp\/v2\/users\/2"}],"replies":[{"embeddable":true,"href":"https:\/\/darkamazi.info\/funavuv\/wp\/v2\/comments?post=1052658"}],"version-history":[{"count":1,"href":"https:\/\/darkamazi.info\/funavuv\/wp\/v2\/posts\/1052658\/revisions"}],"predecessor-version":[{"id":1052660,"href":"https:\/\/darkamazi.info\/funavuv\/wp\/v2\/posts\/1052658\/revisions\/1052660"}],"wp:featuredmedia":[{"embeddable":true,"href":"https:\/\/darkamazi.info\/funavuv\/wp\/v2\/media\/1052659"}],"wp:attachment":[{"href":"https:\/\/darkamazi.info\/funavuv\/wp\/v2\/media?parent=1052658"}],"wp:term":[{"taxonomy":"category","embeddable":true,"href":"https:\/\/darkamazi.info\/funavuv\/wp\/v2\/categories?post=1052658"},{"taxonomy":"post_tag","embeddable":true,"href":"https:\/\/darkamazi.info\/funavuv\/wp\/v2\/tags?post=1052658"}],"curies":[{"name":"wp","href":"https:\/\/api.w.org\/{rel}","templated":true}]}}