{"id":1052664,"date":"2026-04-29T19:00:14","date_gmt":"2026-04-29T16:00:14","guid":{"rendered":"https:\/\/darkamazi.info\/?p=1052664"},"modified":"2026-04-29T19:00:14","modified_gmt":"2026-04-29T16:00:14","slug":"erdogan-pevajo-bi-awayeki-ereni-ber-bi-pes-ve-dice","status":"publish","type":"post","link":"https:\/\/darkamazi.info\/archives\/1052664","title":{"rendered":"Erdogan: P\u00eavajo bi awayek\u00ee er\u00ean\u00ee ber bi p\u00ea\u015f ve di\u00e7e"},"content":{"rendered":"<h3 style=\"text-align: justify;\"><span style=\"font-family: 'arial black', sans-serif;\">Serokkomar\u00ea Tirkiyey\u00ea \u00fb Serok\u00ea Gi\u015ft\u00ee y\u00ea AKP\u2019\u00ea Recep Tayy\u00eep Erdogan, di civ\u00eena koma partiya xwe ya li Mecl\u00ees\u00ea de li ser ge\u015fedan\u00ean daw\u00ee y\u00ean siyas\u00ee axiv\u00ee. Erdogan bal ki\u015fand ser &#8220;p\u00eavajoya&#8221; ku di rojev\u00ea de ye \u00fb destn\u00ee\u015fan kir ku tev\u00ee hem\u00fb astengiyan, encam\u00ean er\u00ean\u00ee derdikevin hol\u00ea.<\/span><\/h3>\n<h3 style=\"text-align: justify;\">Erdogan di axaftina xwe de diyar kir ku ev prose ne n\u00fb ye \u00fb ketiye qonaxeke gir\u00eeng. Serokkomar got: &#8220;Tev\u00ee hem\u00fb sabotaj\u00ean ve\u015far\u00ee \u00fb vekir\u00ee, p\u00eavajoy\u00ea 18 meh li d\u00fb xwe hi\u015ftin. Bi er\u00eakirina rapora Kom\u00eesyon\u00ea re, niha em di qonaxeke hesastir de ne.&#8221; Erdogan her wiha an\u00ee ziman ku atmosfera hey\u00ee ya siyas\u00ee r\u00ea dide ku gav\u00ean bi biryartir werin av\u00eatin.<\/h3>\n<h3 style=\"text-align: justify;\">Erdogan bang li hem\u00fb aliyan kir ku li gor\u00ee berpirsiyariya d\u00eerok\u00ee tevbigerin \u00fb wiha berdewam kir: &#8220;Ti\u015ft\u00ean ku div\u00ea werin kirin diyar in. P\u00eavajo bi awayek\u00ee er\u00ean\u00ee p\u00ea\u015fve di\u00e7e. B\u00eaguman d\u00eerok d\u00ea nav\u00ea kes\u00ean ku pi\u015ftgir\u00ee dane v\u00ea p\u00eavajoy\u00ea tomar bike.&#8221; Erdogan tekez kir ku ew r\u00ea nadin tu gotin an prat\u00eek\u00ean ku zirar\u00ea bidin v\u00ea atmosfera er\u00ean\u00ee.\u201d<\/h3>\n<h3 style=\"text-align: justify;\">Di dawiya nirxandina xwe de, Erdogan destn\u00ee\u015fan kir ku ew \u00e7aver\u00ea ne her kes bi hestiyariyeke mezin n\u00eaz\u00eek\u00ee v\u00ea qonax\u00ea bibe. W\u00ee destn\u00ee\u015fan kir ku armanca wan parastina aramiya gi\u015ft\u00ee ye \u00fb div\u00ea tu al\u00ee nebe sedema t\u00eak\u00e7\u00fbna v\u00ea xebata ku 18 meh in bi kedeke mezin t\u00ea me\u015fandin.<\/h3>\n","protected":false},"excerpt":{"rendered":"<p>Serokkomar\u00ea Tirkiyey\u00ea \u00fb Serok\u00ea Gi\u015ft\u00ee y\u00ea AKP\u2019\u00ea Recep Tayy\u00eep Erdogan, di civ\u00eena koma partiya xwe ya li Mecl\u00ees\u00ea de li ser ge\u015fedan\u00ean daw\u00ee y\u00ean siyas\u00ee axiv\u00ee. Erdogan bal ki\u015fand ser &#8220;p\u00eavajoya&#8221; ku di rojev\u00ea de ye \u00fb destn\u00ee\u015fan kir ku tev\u00ee hem\u00fb astengiyan, encam\u00ean er\u00ean\u00ee derdikevin hol\u00ea. Erdogan di axaftina xwe de diyar kir ku [&hellip;]<\/p>\n","protected":false},"author":2,"featured_media":1052665,"comment_status":"closed","ping_status":"closed","sticky":false,"template":"","format":"standard","meta":{"footnotes":""},"categories":[31],"tags":[37],"class_list":["post-1052664","post","type-post","status-publish","format-standard","has-post-thumbnail","hentry","category-rojhelata-navin","tag-sereke"],"blocksy_meta":[],"seo_head":"<!-- This site is optimized with the Yoast SEO plugin v27.5 - https:\/\/yoast.com\/product\/yoast-seo-wordpress\/ -->\n<title>Erdogan: P\u00eavajo bi awayek\u00ee er\u00ean\u00ee ber bi p\u00ea\u015f ve di\u00e7e - Darka Maz\u00ee<\/title>\n<meta name=\"robots\" content=\"index, follow, max-snippet:-1, max-image-preview:large, max-video-preview:-1\" \/>\n<link rel=\"canonical\" href=\"https:\/\/darkamazi.info\/archives\/1052664\" \/>\n<meta property=\"og:locale\" content=\"en_US\" \/>\n<meta property=\"og:type\" content=\"article\" \/>\n<meta property=\"og:title\" content=\"Erdogan: P\u00eavajo bi awayek\u00ee er\u00ean\u00ee ber bi p\u00ea\u015f ve di\u00e7e - Darka Maz\u00ee\" \/>\n<meta property=\"og:description\" content=\"Serokkomar\u00ea Tirkiyey\u00ea \u00fb Serok\u00ea Gi\u015ft\u00ee y\u00ea AKP\u2019\u00ea Recep Tayy\u00eep Erdogan, di civ\u00eena koma partiya xwe ya li Mecl\u00ees\u00ea de li ser ge\u015fedan\u00ean daw\u00ee y\u00ean siyas\u00ee axiv\u00ee. Erdogan bal ki\u015fand ser &#8220;p\u00eavajoya&#8221; ku di rojev\u00ea de ye \u00fb destn\u00ee\u015fan kir ku tev\u00ee hem\u00fb astengiyan, encam\u00ean er\u00ean\u00ee derdikevin hol\u00ea. Erdogan di axaftina xwe de diyar kir ku [&hellip;]\" \/>\n<meta property=\"og:url\" content=\"https:\/\/darkamazi.info\/archives\/1052664\" \/>\n<meta property=\"og:site_name\" content=\"Darka Maz\u00ee\" \/>\n<meta property=\"article:publisher\" content=\"https:\/\/www.facebook.com\/DarMaziKurmanci\" \/>\n<meta property=\"article:published_time\" content=\"2026-04-29T16:00:14+00:00\" \/>\n<meta property=\"og:image\" content=\"https:\/\/darkamazi.info\/file\/2026\/04\/erdogan-1.jpg\" \/>\n\t<meta property=\"og:image:width\" content=\"900\" \/>\n\t<meta property=\"og:image:height\" content=\"497\" \/>\n\t<meta property=\"og:image:type\" content=\"image\/jpeg\" \/>\n<meta name=\"author\" content=\"darka mazi\" \/>\n<meta name=\"twitter:card\" content=\"summary_large_image\" \/>\n<meta name=\"twitter:creator\" content=\"@DarkaMaziLatini\" \/>\n<meta name=\"twitter:site\" content=\"@DarkaMaziLatini\" \/>\n<meta name=\"twitter:label1\" content=\"Written by\" \/>\n\t<meta name=\"twitter:data1\" content=\"darka mazi\" \/>\n\t<meta name=\"twitter:label2\" content=\"Est. reading time\" \/>\n\t<meta name=\"twitter:data2\" content=\"2 minutes\" \/>\n<script type=\"application\/ld+json\" class=\"seo-schema-graph\">{\"@context\":\"https:\\\/\\\/schema.org\",\"@graph\":[{\"@type\":\"Article\",\"@id\":\"https:\\\/\\\/darkamazi.info\\\/archives\\\/1052664#article\",\"isPartOf\":{\"@id\":\"https:\\\/\\\/darkamazi.info\\\/archives\\\/1052664\"},\"author\":{\"name\":\"darka mazi\",\"@id\":\"https:\\\/\\\/darkamazi.info\\\/#\\\/schema\\\/person\\\/5ad3e24553a0567993fa8ed4bd0a776c\"},\"headline\":\"Erdogan: P\u00eavajo bi awayek\u00ee er\u00ean\u00ee ber bi p\u00ea\u015f ve di\u00e7e\",\"datePublished\":\"2026-04-29T16:00:14+00:00\",\"mainEntityOfPage\":{\"@id\":\"https:\\\/\\\/darkamazi.info\\\/archives\\\/1052664\"},\"wordCount\":265,\"publisher\":{\"@id\":\"https:\\\/\\\/darkamazi.info\\\/#organization\"},\"image\":{\"@id\":\"https:\\\/\\\/darkamazi.info\\\/archives\\\/1052664#primaryimage\"},\"thumbnailUrl\":\"https:\\\/\\\/darkamazi.info\\\/darka-content\\\/uploads\\\/2026\\\/04\\\/erdogan-1.jpg\",\"keywords\":[\"sereke\"],\"articleSection\":[\"Rojhelata nav\u00een\"],\"inLanguage\":\"en-US\"},{\"@type\":\"WebPage\",\"@id\":\"https:\\\/\\\/darkamazi.info\\\/archives\\\/1052664\",\"url\":\"https:\\\/\\\/darkamazi.info\\\/archives\\\/1052664\",\"name\":\"Erdogan: P\u00eavajo bi awayek\u00ee er\u00ean\u00ee ber bi p\u00ea\u015f ve di\u00e7e - Darka Maz\u00ee\",\"isPartOf\":{\"@id\":\"https:\\\/\\\/darkamazi.info\\\/#website\"},\"primaryImageOfPage\":{\"@id\":\"https:\\\/\\\/darkamazi.info\\\/archives\\\/1052664#primaryimage\"},\"image\":{\"@id\":\"https:\\\/\\\/darkamazi.info\\\/archives\\\/1052664#primaryimage\"},\"thumbnailUrl\":\"https:\\\/\\\/darkamazi.info\\\/darka-content\\\/uploads\\\/2026\\\/04\\\/erdogan-1.jpg\",\"datePublished\":\"2026-04-29T16:00:14+00:00\",\"breadcrumb\":{\"@id\":\"https:\\\/\\\/darkamazi.info\\\/archives\\\/1052664#breadcrumb\"},\"inLanguage\":\"en-US\",\"potentialAction\":[{\"@type\":\"ReadAction\",\"target\":[\"https:\\\/\\\/darkamazi.info\\\/archives\\\/1052664\"]}]},{\"@type\":\"ImageObject\",\"inLanguage\":\"en-US\",\"@id\":\"https:\\\/\\\/darkamazi.info\\\/archives\\\/1052664#primaryimage\",\"url\":\"https:\\\/\\\/darkamazi.info\\\/darka-content\\\/uploads\\\/2026\\\/04\\\/erdogan-1.jpg\",\"contentUrl\":\"https:\\\/\\\/darkamazi.info\\\/darka-content\\\/uploads\\\/2026\\\/04\\\/erdogan-1.jpg\",\"width\":900,\"height\":497,\"caption\":\"Erdogan: P\u00eavajo bi awayek\u00ee er\u00ean\u00ee ber bi p\u00ea\u015f ve di\u00e7e\"},{\"@type\":\"BreadcrumbList\",\"@id\":\"https:\\\/\\\/darkamazi.info\\\/archives\\\/1052664#breadcrumb\",\"itemListElement\":[{\"@type\":\"ListItem\",\"position\":1,\"name\":\"Home\",\"item\":\"https:\\\/\\\/darkamazi.info\\\/\"},{\"@type\":\"ListItem\",\"position\":2,\"name\":\"Erdogan: P\u00eavajo bi awayek\u00ee er\u00ean\u00ee ber bi p\u00ea\u015f ve di\u00e7e\"}]},{\"@type\":\"WebSite\",\"@id\":\"https:\\\/\\\/darkamazi.info\\\/#website\",\"url\":\"https:\\\/\\\/darkamazi.info\\\/\",\"name\":\"Darka Maz\u00ee\",\"description\":\"P\u00eageha Zanyariy\u00ean Nebih\u00eest\u00ee\",\"publisher\":{\"@id\":\"https:\\\/\\\/darkamazi.info\\\/#organization\"},\"potentialAction\":[{\"@type\":\"SearchAction\",\"target\":{\"@type\":\"EntryPoint\",\"urlTemplate\":\"https:\\\/\\\/darkamazi.info\\\/?s={search_term_string}\"},\"query-input\":{\"@type\":\"PropertyValueSpecification\",\"valueRequired\":true,\"valueName\":\"search_term_string\"}}],\"inLanguage\":\"en-US\"},{\"@type\":\"Organization\",\"@id\":\"https:\\\/\\\/darkamazi.info\\\/#organization\",\"name\":\"Darka Maz\u00ee\",\"url\":\"https:\\\/\\\/darkamazi.info\\\/\",\"logo\":{\"@type\":\"ImageObject\",\"inLanguage\":\"en-US\",\"@id\":\"https:\\\/\\\/darkamazi.info\\\/#\\\/schema\\\/logo\\\/image\\\/\",\"url\":\"https:\\\/\\\/darkamazi.info\\\/darka-content\\\/uploads\\\/2017\\\/12\\\/darka-mazi-logo.png\",\"contentUrl\":\"https:\\\/\\\/darkamazi.info\\\/darka-content\\\/uploads\\\/2017\\\/12\\\/darka-mazi-logo.png\",\"width\":151,\"height\":75,\"caption\":\"Darka Maz\u00ee\"},\"image\":{\"@id\":\"https:\\\/\\\/darkamazi.info\\\/#\\\/schema\\\/logo\\\/image\\\/\"},\"sameAs\":[\"https:\\\/\\\/www.facebook.com\\\/DarMaziKurmanci\",\"https:\\\/\\\/x.com\\\/DarkaMaziLatini\",\"https:\\\/\\\/www.instagram.com\\\/darkamazi.kurmanci\\\/\",\"https:\\\/\\\/www.youtube.com\\\/channel\\\/UCa5HkTdmI8U1qCUFuTw8B2g\"]},{\"@type\":\"Person\",\"@id\":\"https:\\\/\\\/darkamazi.info\\\/#\\\/schema\\\/person\\\/5ad3e24553a0567993fa8ed4bd0a776c\",\"name\":\"darka mazi\",\"sameAs\":[\"https:\\\/\\\/darkamazi.info\\\/\"],\"url\":\"https:\\\/\\\/darkamazi.info\\\/archives\\\/author\\\/kurdi\"}]}<\/script>\n<!-- \/ Yoast SEO plugin. -->","seo_head_json":{"title":"Erdogan: P\u00eavajo bi awayek\u00ee er\u00ean\u00ee ber bi p\u00ea\u015f ve di\u00e7e - Darka Maz\u00ee","robots":{"index":"index","follow":"follow","max-snippet":"max-snippet:-1","max-image-preview":"max-image-preview:large","max-video-preview":"max-video-preview:-1"},"canonical":"https:\/\/darkamazi.info\/archives\/1052664","og_locale":"en_US","og_type":"article","og_title":"Erdogan: P\u00eavajo bi awayek\u00ee er\u00ean\u00ee ber bi p\u00ea\u015f ve di\u00e7e - Darka Maz\u00ee","og_description":"Serokkomar\u00ea Tirkiyey\u00ea \u00fb Serok\u00ea Gi\u015ft\u00ee y\u00ea AKP\u2019\u00ea Recep Tayy\u00eep Erdogan, di civ\u00eena koma partiya xwe ya li Mecl\u00ees\u00ea de li ser ge\u015fedan\u00ean daw\u00ee y\u00ean siyas\u00ee axiv\u00ee. Erdogan bal ki\u015fand ser &#8220;p\u00eavajoya&#8221; ku di rojev\u00ea de ye \u00fb destn\u00ee\u015fan kir ku tev\u00ee hem\u00fb astengiyan, encam\u00ean er\u00ean\u00ee derdikevin hol\u00ea. Erdogan di axaftina xwe de diyar kir ku [&hellip;]","og_url":"https:\/\/darkamazi.info\/archives\/1052664","og_site_name":"Darka Maz\u00ee","article_publisher":"https:\/\/www.facebook.com\/DarMaziKurmanci","article_published_time":"2026-04-29T16:00:14+00:00","og_image":[{"width":900,"height":497,"url":"https:\/\/darkamazi.info\/file\/2026\/04\/erdogan-1.jpg","type":"image\/jpeg"}],"author":"darka mazi","twitter_card":"summary_large_image","twitter_creator":"@DarkaMaziLatini","twitter_site":"@DarkaMaziLatini","twitter_misc":{"Written by":"darka mazi","Est. reading time":"2 minutes"},"schema":{"@context":"https:\/\/schema.org","@graph":[{"@type":"Article","@id":"https:\/\/darkamazi.info\/archives\/1052664#article","isPartOf":{"@id":"https:\/\/darkamazi.info\/archives\/1052664"},"author":{"name":"darka mazi","@id":"https:\/\/darkamazi.info\/#\/schema\/person\/5ad3e24553a0567993fa8ed4bd0a776c"},"headline":"Erdogan: P\u00eavajo bi awayek\u00ee er\u00ean\u00ee ber bi p\u00ea\u015f ve di\u00e7e","datePublished":"2026-04-29T16:00:14+00:00","mainEntityOfPage":{"@id":"https:\/\/darkamazi.info\/archives\/1052664"},"wordCount":265,"publisher":{"@id":"https:\/\/darkamazi.info\/#organization"},"image":{"@id":"https:\/\/darkamazi.info\/archives\/1052664#primaryimage"},"thumbnailUrl":"https:\/\/darkamazi.info\/file\/2026\/04\/erdogan-1.jpg","keywords":["sereke"],"articleSection":["Rojhelata nav\u00een"],"inLanguage":"en-US"},{"@type":"WebPage","@id":"https:\/\/darkamazi.info\/archives\/1052664","url":"https:\/\/darkamazi.info\/archives\/1052664","name":"Erdogan: P\u00eavajo bi awayek\u00ee er\u00ean\u00ee ber bi p\u00ea\u015f ve di\u00e7e - Darka Maz\u00ee","isPartOf":{"@id":"https:\/\/darkamazi.info\/#website"},"primaryImageOfPage":{"@id":"https:\/\/darkamazi.info\/archives\/1052664#primaryimage"},"image":{"@id":"https:\/\/darkamazi.info\/archives\/1052664#primaryimage"},"thumbnailUrl":"https:\/\/darkamazi.info\/file\/2026\/04\/erdogan-1.jpg","datePublished":"2026-04-29T16:00:14+00:00","breadcrumb":{"@id":"https:\/\/darkamazi.info\/archives\/1052664#breadcrumb"},"inLanguage":"en-US","potentialAction":[{"@type":"ReadAction","target":["https:\/\/darkamazi.info\/archives\/1052664"]}]},{"@type":"ImageObject","inLanguage":"en-US","@id":"https:\/\/darkamazi.info\/archives\/1052664#primaryimage","url":"https:\/\/darkamazi.info\/file\/2026\/04\/erdogan-1.jpg","contentUrl":"https:\/\/darkamazi.info\/file\/2026\/04\/erdogan-1.jpg","width":900,"height":497,"caption":"Erdogan: P\u00eavajo bi awayek\u00ee er\u00ean\u00ee ber bi p\u00ea\u015f ve di\u00e7e"},{"@type":"BreadcrumbList","@id":"https:\/\/darkamazi.info\/archives\/1052664#breadcrumb","itemListElement":[{"@type":"ListItem","position":1,"name":"Home","item":"https:\/\/darkamazi.info\/"},{"@type":"ListItem","position":2,"name":"Erdogan: P\u00eavajo bi awayek\u00ee er\u00ean\u00ee ber bi p\u00ea\u015f ve di\u00e7e"}]},{"@type":"WebSite","@id":"https:\/\/darkamazi.info\/#website","url":"https:\/\/darkamazi.info\/","name":"Darka Maz\u00ee","description":"P\u00eageha Zanyariy\u00ean Nebih\u00eest\u00ee","publisher":{"@id":"https:\/\/darkamazi.info\/#organization"},"potentialAction":[{"@type":"SearchAction","target":{"@type":"EntryPoint","urlTemplate":"https:\/\/darkamazi.info\/?s={search_term_string}"},"query-input":{"@type":"PropertyValueSpecification","valueRequired":true,"valueName":"search_term_string"}}],"inLanguage":"en-US"},{"@type":"Organization","@id":"https:\/\/darkamazi.info\/#organization","name":"Darka Maz\u00ee","url":"https:\/\/darkamazi.info\/","logo":{"@type":"ImageObject","inLanguage":"en-US","@id":"https:\/\/darkamazi.info\/#\/schema\/logo\/image\/","url":"https:\/\/darkamazi.info\/file\/2017\/12\/darka-mazi-logo.png","contentUrl":"https:\/\/darkamazi.info\/file\/2017\/12\/darka-mazi-logo.png","width":151,"height":75,"caption":"Darka Maz\u00ee"},"image":{"@id":"https:\/\/darkamazi.info\/#\/schema\/logo\/image\/"},"sameAs":["https:\/\/www.facebook.com\/DarMaziKurmanci","https:\/\/x.com\/DarkaMaziLatini","https:\/\/www.instagram.com\/darkamazi.kurmanci\/","https:\/\/www.youtube.com\/channel\/UCa5HkTdmI8U1qCUFuTw8B2g"]},{"@type":"Person","@id":"https:\/\/darkamazi.info\/#\/schema\/person\/5ad3e24553a0567993fa8ed4bd0a776c","name":"darka mazi","sameAs":["https:\/\/darkamazi.info\/"],"url":"https:\/\/darkamazi.info\/archives\/author\/kurdi"}]}},"_links":{"self":[{"href":"https:\/\/darkamazi.info\/funavuv\/wp\/v2\/posts\/1052664","targetHints":{"allow":["GET"]}}],"collection":[{"href":"https:\/\/darkamazi.info\/funavuv\/wp\/v2\/posts"}],"about":[{"href":"https:\/\/darkamazi.info\/funavuv\/wp\/v2\/types\/post"}],"author":[{"embeddable":true,"href":"https:\/\/darkamazi.info\/funavuv\/wp\/v2\/users\/2"}],"replies":[{"embeddable":true,"href":"https:\/\/darkamazi.info\/funavuv\/wp\/v2\/comments?post=1052664"}],"version-history":[{"count":1,"href":"https:\/\/darkamazi.info\/funavuv\/wp\/v2\/posts\/1052664\/revisions"}],"predecessor-version":[{"id":1052666,"href":"https:\/\/darkamazi.info\/funavuv\/wp\/v2\/posts\/1052664\/revisions\/1052666"}],"wp:featuredmedia":[{"embeddable":true,"href":"https:\/\/darkamazi.info\/funavuv\/wp\/v2\/media\/1052665"}],"wp:attachment":[{"href":"https:\/\/darkamazi.info\/funavuv\/wp\/v2\/media?parent=1052664"}],"wp:term":[{"taxonomy":"category","embeddable":true,"href":"https:\/\/darkamazi.info\/funavuv\/wp\/v2\/categories?post=1052664"},{"taxonomy":"post_tag","embeddable":true,"href":"https:\/\/darkamazi.info\/funavuv\/wp\/v2\/tags?post=1052664"}],"curies":[{"name":"wp","href":"https:\/\/api.w.org\/{rel}","templated":true}]}}