{"id":1052667,"date":"2026-04-30T11:18:05","date_gmt":"2026-04-30T08:18:05","guid":{"rendered":"https:\/\/darkamazi.info\/?p=1052667"},"modified":"2026-04-30T11:18:05","modified_gmt":"2026-04-30T08:18:05","slug":"numan-kurtulmus-dive-pevajoya-cekdanine-bi-biryardari-berdewam-bike","status":"publish","type":"post","link":"https:\/\/darkamazi.info\/archives\/1052667","title":{"rendered":"Numan Kurtulmu\u015f: Div\u00ea p\u00eavajoya \u00e7ekdan\u00een\u00ea bi biryardar\u00ee berdewam bike"},"content":{"rendered":"<h3 style=\"text-align: justify;\"><span style=\"font-family: 'arial black', sans-serif;\">Serok\u00ea Parlamentoya Tirkiyey\u00ea Numan Kurtulmu\u015f ragihand, p\u00eavajoya a\u015ftiy\u00ea ba\u015f bi r\u00eave di\u00e7e \u00fb ev kar \u00ead\u00ee ketiye ser r\u00eay\u00ea; lewma vegera w\u00ea n\u00een e. Kurtulmu\u015f hi\u015fyar\u00ee da ku eger ev p\u00eavajo n\u00eevco bim\u00eene, d\u00ea Tirkiye berd\u00eal \u00fb baceke gelek\u00ee giran bide.<\/span><\/h3>\n<h3 style=\"text-align: justify;\"><span style=\"font-family: arial, helvetica, sans-serif;\">Serok\u00ea Parlamentoya Tirkiyey\u00ea Numan Kurtulmu\u015f, li ser pirs\u00ean rojnamevanan derbar\u00ea ge\u015fedan\u00ean her\u00ee daw\u00ee y\u00ean &#8220;p\u00eavajoya a\u015ftiy\u00ea&#8221; de diyar kir, her ti\u015ft li gor\u00ee plana ku di raporta kom\u00eesyona parlamentoy\u00ea de hat\u00ee diyarkirin, bi r\u00eave di\u00e7e.<\/span><\/h3>\n<h3 style=\"text-align: justify;\"><span style=\"font-family: arial, helvetica, sans-serif;\">Kurtulmu\u015f destn\u00ee\u015fan kir ku div\u00ea p\u00eavajoya \u00e7ekdan\u00een\u00ea bi biryardar\u00ee berdewam bike, daku di ser\u00ea ti kes\u00ee de guman \u00e7\u00eanebe. Herwiha got: &#8220;Baweriya min ew e ku ev p\u00eavajo d\u00ea bi serkeft\u00ee bidaw\u00ee bibe. Kar \u00ead\u00ee li ser r\u00ea ye \u00fb ji niha \u00fb p\u00ea de vegera ji v\u00ea r\u00eay\u00ea n\u00een e.&#8221;<\/span><\/h3>\n<h3 style=\"text-align: justify;\"><span style=\"font-family: arial, helvetica, sans-serif;\">Serok\u00ea Parlamentoy\u00ea bal ki\u015fand ser metirsiy\u00ean n\u00eevcomay\u00eena p\u00eavajoy\u00ea \u00fb hi\u015fyar\u00ee da: &#8220;Eger ev kar n\u00eevco bim\u00eene, baca v\u00ea yek\u00ea d\u00ea gelek\u00ee giran be. Em naxwazin careke din Tirkiye baceke wiha giran a \u015fer \u00fb pev\u00e7\u00fbnan bide.&#8221;<\/span><\/h3>\n<h3 style=\"text-align: justify;\"><span style=\"font-family: arial, helvetica, sans-serif;\">Numan Kurtulmu\u015f derbar\u00ea rola Abdullah Ocalan a di v\u00ea p\u00eavajoy\u00ea de j\u00ee got: &#8220;Niyeta bir\u00eaz Ocalan giring e \u00fb ew gir\u00eaday\u00ee p\u00eavajoy\u00ea ye. Keng\u00ea p\u00eadiv\u00ee hebe, div\u00ea ew daxuyaniyan bide daku p\u00eavajo b\u00eatir zelal bibe.&#8221;<\/span><\/h3>\n<h3 style=\"text-align: justify;\"><span style=\"font-family: arial, helvetica, sans-serif;\">Ev daxuyaniy\u00ean Kurtulmu\u015f di demek\u00ea de ne ku li Parlamentoya Tirkiyey\u00ea rapor\u00ean kom\u00eesyon\u00ean peywend\u00eedar t\u00eane got\u00fbb\u00eajkirin daku zem\u00eena yasay\u00ee ji bo a\u015ftiyeke may\u00eende were amadekirin.<\/span><\/h3>\n<h3 style=\"text-align: justify;\"><span style=\"font-family: 'arial black', sans-serif; color: #8a0808;\">Wezareta Dad\u00ea: Em ji bo gav\u00ean yasay\u00ee amade ne<\/span><\/h3>\n<h3 style=\"text-align: justify;\"><span style=\"font-family: arial, helvetica, sans-serif;\">Li aliy\u00ea din, Wez\u00eer\u00ea Dad\u00ea y\u00ea Tirkiyey\u00ea Akin Gurlek j\u00ee pi\u015ftrast kir ku p\u00eavajo gih\u00ee\u015ftiye qonaxa qan\u00fbn\u00ee. Gurlek ragihand, raporta hevbe\u015f a &#8220;Kom\u00eesyona Pi\u015ftgiriya Ni\u015ftiman\u00ee, Birayet\u00ee \u00fb Demokrasiy\u00ea&#8221; gih\u00ee\u015ftiye parlamentoy\u00ea \u00fb got: &#8220;Li vir \u00eerade ya parlamentoy\u00ea ye. Em wek Wezareta Dad\u00ea, ji bo amadekirina qan\u00fbnan \u00fb ji bo aliy\u00ea tekn\u00eek\u00ee, me amadehiya xwe diyar kiriye. Dar\u00ea\u015ftina \u00e7ar\u00e7oveya qan\u00fbnan \u00fb pejirandina wan, hem\u00fb di bin berpirsyariya parlamentoy\u00ea de ye.&#8221;<\/span><\/h3>\n<h3 style=\"text-align: justify;\"><span style=\"font-family: arial, helvetica, sans-serif;\">Ev daxuyaniy\u00ean rayedar\u00ean bilind \u00ean Tirkiyey\u00ea n\u00ee\u015fan didin ku meha Gulan\u00ea d\u00ea ji bo p\u00eavajoya a\u015ftiy\u00ea bibe meheke stratej\u00eek \u00fb \u00e7av\u00ea hem\u00fb aliyan li paket\u00ean yasay\u00ee ne ku d\u00ea li parlamentoy\u00ea werin got\u00fbb\u00eajkirin.<\/span><\/h3>\n","protected":false},"excerpt":{"rendered":"<p>Serok\u00ea Parlamentoya Tirkiyey\u00ea Numan Kurtulmu\u015f ragihand, p\u00eavajoya a\u015ftiy\u00ea ba\u015f bi r\u00eave di\u00e7e \u00fb ev kar \u00ead\u00ee ketiye ser r\u00eay\u00ea; lewma vegera w\u00ea n\u00een e. Kurtulmu\u015f hi\u015fyar\u00ee da ku eger ev p\u00eavajo n\u00eevco bim\u00eene, d\u00ea Tirkiye berd\u00eal \u00fb baceke gelek\u00ee giran bide. Serok\u00ea Parlamentoya Tirkiyey\u00ea Numan Kurtulmu\u015f, li ser pirs\u00ean rojnamevanan derbar\u00ea ge\u015fedan\u00ean her\u00ee daw\u00ee y\u00ean [&hellip;]<\/p>\n","protected":false},"author":2,"featured_media":1052668,"comment_status":"closed","ping_status":"closed","sticky":false,"template":"","format":"standard","meta":{"footnotes":""},"categories":[31],"tags":[37],"class_list":["post-1052667","post","type-post","status-publish","format-standard","has-post-thumbnail","hentry","category-rojhelata-navin","tag-sereke"],"blocksy_meta":[],"seo_head":"<!-- This site is optimized with the Yoast SEO plugin v27.5 - https:\/\/yoast.com\/product\/yoast-seo-wordpress\/ -->\n<title>Numan Kurtulmu\u015f: Div\u00ea p\u00eavajoya \u00e7ekdan\u00een\u00ea bi biryardar\u00ee berdewam bike - Darka Maz\u00ee<\/title>\n<meta name=\"robots\" content=\"index, follow, max-snippet:-1, max-image-preview:large, max-video-preview:-1\" \/>\n<link rel=\"canonical\" href=\"https:\/\/darkamazi.info\/archives\/1052667\" \/>\n<meta property=\"og:locale\" content=\"en_US\" \/>\n<meta property=\"og:type\" content=\"article\" \/>\n<meta property=\"og:title\" content=\"Numan Kurtulmu\u015f: Div\u00ea p\u00eavajoya \u00e7ekdan\u00een\u00ea bi biryardar\u00ee berdewam bike - Darka Maz\u00ee\" \/>\n<meta property=\"og:description\" content=\"Serok\u00ea Parlamentoya Tirkiyey\u00ea Numan Kurtulmu\u015f ragihand, p\u00eavajoya a\u015ftiy\u00ea ba\u015f bi r\u00eave di\u00e7e \u00fb ev kar \u00ead\u00ee ketiye ser r\u00eay\u00ea; lewma vegera w\u00ea n\u00een e. Kurtulmu\u015f hi\u015fyar\u00ee da ku eger ev p\u00eavajo n\u00eevco bim\u00eene, d\u00ea Tirkiye berd\u00eal \u00fb baceke gelek\u00ee giran bide. Serok\u00ea Parlamentoya Tirkiyey\u00ea Numan Kurtulmu\u015f, li ser pirs\u00ean rojnamevanan derbar\u00ea ge\u015fedan\u00ean her\u00ee daw\u00ee y\u00ean [&hellip;]\" \/>\n<meta property=\"og:url\" content=\"https:\/\/darkamazi.info\/archives\/1052667\" \/>\n<meta property=\"og:site_name\" content=\"Darka Maz\u00ee\" \/>\n<meta property=\"article:publisher\" content=\"https:\/\/www.facebook.com\/DarMaziKurmanci\" \/>\n<meta property=\"article:published_time\" content=\"2026-04-30T08:18:05+00:00\" \/>\n<meta property=\"og:image\" content=\"https:\/\/darkamazi.info\/file\/2026\/04\/Numan-turkey-pkk-info.jpg\" \/>\n\t<meta property=\"og:image:width\" content=\"900\" \/>\n\t<meta property=\"og:image:height\" content=\"500\" \/>\n\t<meta property=\"og:image:type\" content=\"image\/jpeg\" \/>\n<meta name=\"author\" content=\"darka mazi\" \/>\n<meta name=\"twitter:card\" content=\"summary_large_image\" \/>\n<meta name=\"twitter:creator\" content=\"@DarkaMaziLatini\" \/>\n<meta name=\"twitter:site\" content=\"@DarkaMaziLatini\" \/>\n<meta name=\"twitter:label1\" content=\"Written by\" \/>\n\t<meta name=\"twitter:data1\" content=\"darka mazi\" \/>\n\t<meta name=\"twitter:label2\" content=\"Est. reading time\" \/>\n\t<meta name=\"twitter:data2\" content=\"2 minutes\" \/>\n<script type=\"application\/ld+json\" class=\"seo-schema-graph\">{\"@context\":\"https:\\\/\\\/schema.org\",\"@graph\":[{\"@type\":\"Article\",\"@id\":\"https:\\\/\\\/darkamazi.info\\\/archives\\\/1052667#article\",\"isPartOf\":{\"@id\":\"https:\\\/\\\/darkamazi.info\\\/archives\\\/1052667\"},\"author\":{\"name\":\"darka mazi\",\"@id\":\"https:\\\/\\\/darkamazi.info\\\/#\\\/schema\\\/person\\\/5ad3e24553a0567993fa8ed4bd0a776c\"},\"headline\":\"Numan Kurtulmu\u015f: Div\u00ea p\u00eavajoya \u00e7ekdan\u00een\u00ea bi biryardar\u00ee berdewam bike\",\"datePublished\":\"2026-04-30T08:18:05+00:00\",\"mainEntityOfPage\":{\"@id\":\"https:\\\/\\\/darkamazi.info\\\/archives\\\/1052667\"},\"wordCount\":411,\"publisher\":{\"@id\":\"https:\\\/\\\/darkamazi.info\\\/#organization\"},\"image\":{\"@id\":\"https:\\\/\\\/darkamazi.info\\\/archives\\\/1052667#primaryimage\"},\"thumbnailUrl\":\"https:\\\/\\\/darkamazi.info\\\/darka-content\\\/uploads\\\/2026\\\/04\\\/Numan-turkey-pkk-info.jpg\",\"keywords\":[\"sereke\"],\"articleSection\":[\"Rojhelata nav\u00een\"],\"inLanguage\":\"en-US\"},{\"@type\":\"WebPage\",\"@id\":\"https:\\\/\\\/darkamazi.info\\\/archives\\\/1052667\",\"url\":\"https:\\\/\\\/darkamazi.info\\\/archives\\\/1052667\",\"name\":\"Numan Kurtulmu\u015f: Div\u00ea p\u00eavajoya \u00e7ekdan\u00een\u00ea bi biryardar\u00ee berdewam bike - Darka Maz\u00ee\",\"isPartOf\":{\"@id\":\"https:\\\/\\\/darkamazi.info\\\/#website\"},\"primaryImageOfPage\":{\"@id\":\"https:\\\/\\\/darkamazi.info\\\/archives\\\/1052667#primaryimage\"},\"image\":{\"@id\":\"https:\\\/\\\/darkamazi.info\\\/archives\\\/1052667#primaryimage\"},\"thumbnailUrl\":\"https:\\\/\\\/darkamazi.info\\\/darka-content\\\/uploads\\\/2026\\\/04\\\/Numan-turkey-pkk-info.jpg\",\"datePublished\":\"2026-04-30T08:18:05+00:00\",\"breadcrumb\":{\"@id\":\"https:\\\/\\\/darkamazi.info\\\/archives\\\/1052667#breadcrumb\"},\"inLanguage\":\"en-US\",\"potentialAction\":[{\"@type\":\"ReadAction\",\"target\":[\"https:\\\/\\\/darkamazi.info\\\/archives\\\/1052667\"]}]},{\"@type\":\"ImageObject\",\"inLanguage\":\"en-US\",\"@id\":\"https:\\\/\\\/darkamazi.info\\\/archives\\\/1052667#primaryimage\",\"url\":\"https:\\\/\\\/darkamazi.info\\\/darka-content\\\/uploads\\\/2026\\\/04\\\/Numan-turkey-pkk-info.jpg\",\"contentUrl\":\"https:\\\/\\\/darkamazi.info\\\/darka-content\\\/uploads\\\/2026\\\/04\\\/Numan-turkey-pkk-info.jpg\",\"width\":900,\"height\":500,\"caption\":\"Numan-turkey-pkk-net\"},{\"@type\":\"BreadcrumbList\",\"@id\":\"https:\\\/\\\/darkamazi.info\\\/archives\\\/1052667#breadcrumb\",\"itemListElement\":[{\"@type\":\"ListItem\",\"position\":1,\"name\":\"Home\",\"item\":\"https:\\\/\\\/darkamazi.info\\\/\"},{\"@type\":\"ListItem\",\"position\":2,\"name\":\"Numan Kurtulmu\u015f: Div\u00ea p\u00eavajoya \u00e7ekdan\u00een\u00ea bi biryardar\u00ee berdewam bike\"}]},{\"@type\":\"WebSite\",\"@id\":\"https:\\\/\\\/darkamazi.info\\\/#website\",\"url\":\"https:\\\/\\\/darkamazi.info\\\/\",\"name\":\"Darka Maz\u00ee\",\"description\":\"P\u00eageha Zanyariy\u00ean Nebih\u00eest\u00ee\",\"publisher\":{\"@id\":\"https:\\\/\\\/darkamazi.info\\\/#organization\"},\"potentialAction\":[{\"@type\":\"SearchAction\",\"target\":{\"@type\":\"EntryPoint\",\"urlTemplate\":\"https:\\\/\\\/darkamazi.info\\\/?s={search_term_string}\"},\"query-input\":{\"@type\":\"PropertyValueSpecification\",\"valueRequired\":true,\"valueName\":\"search_term_string\"}}],\"inLanguage\":\"en-US\"},{\"@type\":\"Organization\",\"@id\":\"https:\\\/\\\/darkamazi.info\\\/#organization\",\"name\":\"Darka Maz\u00ee\",\"url\":\"https:\\\/\\\/darkamazi.info\\\/\",\"logo\":{\"@type\":\"ImageObject\",\"inLanguage\":\"en-US\",\"@id\":\"https:\\\/\\\/darkamazi.info\\\/#\\\/schema\\\/logo\\\/image\\\/\",\"url\":\"https:\\\/\\\/darkamazi.info\\\/darka-content\\\/uploads\\\/2017\\\/12\\\/darka-mazi-logo.png\",\"contentUrl\":\"https:\\\/\\\/darkamazi.info\\\/darka-content\\\/uploads\\\/2017\\\/12\\\/darka-mazi-logo.png\",\"width\":151,\"height\":75,\"caption\":\"Darka Maz\u00ee\"},\"image\":{\"@id\":\"https:\\\/\\\/darkamazi.info\\\/#\\\/schema\\\/logo\\\/image\\\/\"},\"sameAs\":[\"https:\\\/\\\/www.facebook.com\\\/DarMaziKurmanci\",\"https:\\\/\\\/x.com\\\/DarkaMaziLatini\",\"https:\\\/\\\/www.instagram.com\\\/darkamazi.kurmanci\\\/\",\"https:\\\/\\\/www.youtube.com\\\/channel\\\/UCa5HkTdmI8U1qCUFuTw8B2g\"]},{\"@type\":\"Person\",\"@id\":\"https:\\\/\\\/darkamazi.info\\\/#\\\/schema\\\/person\\\/5ad3e24553a0567993fa8ed4bd0a776c\",\"name\":\"darka mazi\",\"sameAs\":[\"https:\\\/\\\/darkamazi.info\\\/\"],\"url\":\"https:\\\/\\\/darkamazi.info\\\/archives\\\/author\\\/kurdi\"}]}<\/script>\n<!-- \/ Yoast SEO plugin. -->","seo_head_json":{"title":"Numan Kurtulmu\u015f: Div\u00ea p\u00eavajoya \u00e7ekdan\u00een\u00ea bi biryardar\u00ee berdewam bike - Darka Maz\u00ee","robots":{"index":"index","follow":"follow","max-snippet":"max-snippet:-1","max-image-preview":"max-image-preview:large","max-video-preview":"max-video-preview:-1"},"canonical":"https:\/\/darkamazi.info\/archives\/1052667","og_locale":"en_US","og_type":"article","og_title":"Numan Kurtulmu\u015f: Div\u00ea p\u00eavajoya \u00e7ekdan\u00een\u00ea bi biryardar\u00ee berdewam bike - Darka Maz\u00ee","og_description":"Serok\u00ea Parlamentoya Tirkiyey\u00ea Numan Kurtulmu\u015f ragihand, p\u00eavajoya a\u015ftiy\u00ea ba\u015f bi r\u00eave di\u00e7e \u00fb ev kar \u00ead\u00ee ketiye ser r\u00eay\u00ea; lewma vegera w\u00ea n\u00een e. Kurtulmu\u015f hi\u015fyar\u00ee da ku eger ev p\u00eavajo n\u00eevco bim\u00eene, d\u00ea Tirkiye berd\u00eal \u00fb baceke gelek\u00ee giran bide. Serok\u00ea Parlamentoya Tirkiyey\u00ea Numan Kurtulmu\u015f, li ser pirs\u00ean rojnamevanan derbar\u00ea ge\u015fedan\u00ean her\u00ee daw\u00ee y\u00ean [&hellip;]","og_url":"https:\/\/darkamazi.info\/archives\/1052667","og_site_name":"Darka Maz\u00ee","article_publisher":"https:\/\/www.facebook.com\/DarMaziKurmanci","article_published_time":"2026-04-30T08:18:05+00:00","og_image":[{"width":900,"height":500,"url":"https:\/\/darkamazi.info\/file\/2026\/04\/Numan-turkey-pkk-info.jpg","type":"image\/jpeg"}],"author":"darka mazi","twitter_card":"summary_large_image","twitter_creator":"@DarkaMaziLatini","twitter_site":"@DarkaMaziLatini","twitter_misc":{"Written by":"darka mazi","Est. reading time":"2 minutes"},"schema":{"@context":"https:\/\/schema.org","@graph":[{"@type":"Article","@id":"https:\/\/darkamazi.info\/archives\/1052667#article","isPartOf":{"@id":"https:\/\/darkamazi.info\/archives\/1052667"},"author":{"name":"darka mazi","@id":"https:\/\/darkamazi.info\/#\/schema\/person\/5ad3e24553a0567993fa8ed4bd0a776c"},"headline":"Numan Kurtulmu\u015f: Div\u00ea p\u00eavajoya \u00e7ekdan\u00een\u00ea bi biryardar\u00ee berdewam bike","datePublished":"2026-04-30T08:18:05+00:00","mainEntityOfPage":{"@id":"https:\/\/darkamazi.info\/archives\/1052667"},"wordCount":411,"publisher":{"@id":"https:\/\/darkamazi.info\/#organization"},"image":{"@id":"https:\/\/darkamazi.info\/archives\/1052667#primaryimage"},"thumbnailUrl":"https:\/\/darkamazi.info\/file\/2026\/04\/Numan-turkey-pkk-info.jpg","keywords":["sereke"],"articleSection":["Rojhelata nav\u00een"],"inLanguage":"en-US"},{"@type":"WebPage","@id":"https:\/\/darkamazi.info\/archives\/1052667","url":"https:\/\/darkamazi.info\/archives\/1052667","name":"Numan Kurtulmu\u015f: Div\u00ea p\u00eavajoya \u00e7ekdan\u00een\u00ea bi biryardar\u00ee berdewam bike - Darka Maz\u00ee","isPartOf":{"@id":"https:\/\/darkamazi.info\/#website"},"primaryImageOfPage":{"@id":"https:\/\/darkamazi.info\/archives\/1052667#primaryimage"},"image":{"@id":"https:\/\/darkamazi.info\/archives\/1052667#primaryimage"},"thumbnailUrl":"https:\/\/darkamazi.info\/file\/2026\/04\/Numan-turkey-pkk-info.jpg","datePublished":"2026-04-30T08:18:05+00:00","breadcrumb":{"@id":"https:\/\/darkamazi.info\/archives\/1052667#breadcrumb"},"inLanguage":"en-US","potentialAction":[{"@type":"ReadAction","target":["https:\/\/darkamazi.info\/archives\/1052667"]}]},{"@type":"ImageObject","inLanguage":"en-US","@id":"https:\/\/darkamazi.info\/archives\/1052667#primaryimage","url":"https:\/\/darkamazi.info\/file\/2026\/04\/Numan-turkey-pkk-info.jpg","contentUrl":"https:\/\/darkamazi.info\/file\/2026\/04\/Numan-turkey-pkk-info.jpg","width":900,"height":500,"caption":"Numan-turkey-pkk-net"},{"@type":"BreadcrumbList","@id":"https:\/\/darkamazi.info\/archives\/1052667#breadcrumb","itemListElement":[{"@type":"ListItem","position":1,"name":"Home","item":"https:\/\/darkamazi.info\/"},{"@type":"ListItem","position":2,"name":"Numan Kurtulmu\u015f: Div\u00ea p\u00eavajoya \u00e7ekdan\u00een\u00ea bi biryardar\u00ee berdewam bike"}]},{"@type":"WebSite","@id":"https:\/\/darkamazi.info\/#website","url":"https:\/\/darkamazi.info\/","name":"Darka Maz\u00ee","description":"P\u00eageha Zanyariy\u00ean Nebih\u00eest\u00ee","publisher":{"@id":"https:\/\/darkamazi.info\/#organization"},"potentialAction":[{"@type":"SearchAction","target":{"@type":"EntryPoint","urlTemplate":"https:\/\/darkamazi.info\/?s={search_term_string}"},"query-input":{"@type":"PropertyValueSpecification","valueRequired":true,"valueName":"search_term_string"}}],"inLanguage":"en-US"},{"@type":"Organization","@id":"https:\/\/darkamazi.info\/#organization","name":"Darka Maz\u00ee","url":"https:\/\/darkamazi.info\/","logo":{"@type":"ImageObject","inLanguage":"en-US","@id":"https:\/\/darkamazi.info\/#\/schema\/logo\/image\/","url":"https:\/\/darkamazi.info\/file\/2017\/12\/darka-mazi-logo.png","contentUrl":"https:\/\/darkamazi.info\/file\/2017\/12\/darka-mazi-logo.png","width":151,"height":75,"caption":"Darka Maz\u00ee"},"image":{"@id":"https:\/\/darkamazi.info\/#\/schema\/logo\/image\/"},"sameAs":["https:\/\/www.facebook.com\/DarMaziKurmanci","https:\/\/x.com\/DarkaMaziLatini","https:\/\/www.instagram.com\/darkamazi.kurmanci\/","https:\/\/www.youtube.com\/channel\/UCa5HkTdmI8U1qCUFuTw8B2g"]},{"@type":"Person","@id":"https:\/\/darkamazi.info\/#\/schema\/person\/5ad3e24553a0567993fa8ed4bd0a776c","name":"darka mazi","sameAs":["https:\/\/darkamazi.info\/"],"url":"https:\/\/darkamazi.info\/archives\/author\/kurdi"}]}},"_links":{"self":[{"href":"https:\/\/darkamazi.info\/funavuv\/wp\/v2\/posts\/1052667","targetHints":{"allow":["GET"]}}],"collection":[{"href":"https:\/\/darkamazi.info\/funavuv\/wp\/v2\/posts"}],"about":[{"href":"https:\/\/darkamazi.info\/funavuv\/wp\/v2\/types\/post"}],"author":[{"embeddable":true,"href":"https:\/\/darkamazi.info\/funavuv\/wp\/v2\/users\/2"}],"replies":[{"embeddable":true,"href":"https:\/\/darkamazi.info\/funavuv\/wp\/v2\/comments?post=1052667"}],"version-history":[{"count":1,"href":"https:\/\/darkamazi.info\/funavuv\/wp\/v2\/posts\/1052667\/revisions"}],"predecessor-version":[{"id":1052669,"href":"https:\/\/darkamazi.info\/funavuv\/wp\/v2\/posts\/1052667\/revisions\/1052669"}],"wp:featuredmedia":[{"embeddable":true,"href":"https:\/\/darkamazi.info\/funavuv\/wp\/v2\/media\/1052668"}],"wp:attachment":[{"href":"https:\/\/darkamazi.info\/funavuv\/wp\/v2\/media?parent=1052667"}],"wp:term":[{"taxonomy":"category","embeddable":true,"href":"https:\/\/darkamazi.info\/funavuv\/wp\/v2\/categories?post=1052667"},{"taxonomy":"post_tag","embeddable":true,"href":"https:\/\/darkamazi.info\/funavuv\/wp\/v2\/tags?post=1052667"}],"curies":[{"name":"wp","href":"https:\/\/api.w.org\/{rel}","templated":true}]}}