{"id":1052670,"date":"2026-04-30T13:04:38","date_gmt":"2026-04-30T10:04:38","guid":{"rendered":"https:\/\/darkamazi.info\/?p=1052670"},"modified":"2026-04-30T13:04:38","modified_gmt":"2026-04-30T10:04:38","slug":"murad-qarayilan-pevajo-ji-aliye-hikumete-ve-hatiye-cemidandin-u-em-lava-ji-wan-nakin","status":"publish","type":"post","link":"https:\/\/darkamazi.info\/archives\/1052670","title":{"rendered":"Murad Qaray\u00eelan: P\u00eavajo ji aliy\u00ea hik\u00fbmet\u00ea ve hatiye cemidandin \u00fb em lava ji wan nakin"},"content":{"rendered":"<h3 style=\"text-align: justify;\"><span style=\"font-family: 'arial black', sans-serif;\">R\u00eavebir\u00ea PKK\u2019\u00ea Murad Qaray\u00eelan radigih\u00eene ku p\u00eavajoya a\u015ftiy\u00ea ji aliy\u00ea hik\u00fbmet\u00ea ve hatiye cemidandin. Ji bo berdewamiya p\u00eavajoy\u00ea ew lava ji wan nakin \u00fb got: Dest\u00fbrneday\u00eena bi hevdtina \u015fand\u00ea bi Abdullah Ocalan re xeteriyek e li ser p\u00eavajoy\u00ea.<\/span><\/h3>\n<h3 style=\"text-align: justify;\"><span style=\"font-family: arial, helvetica, sans-serif;\">Murad Qaray\u00eelan, r\u00eavebir\u00ea payebilind\u00ea PKK\u2019\u00ea, pirs\u00ean Ajansa N\u00fb\u00e7eyan a Firat\u00ea (ANF) y\u00ean debar\u00ea p\u00eavajoya a\u015ftiy\u00ea de bersivandin.<\/span><\/h3>\n<h3 style=\"text-align: justify;\"><span style=\"font-family: arial, helvetica, sans-serif;\">Qaray\u00eelan diyar kir ku ew rastiya ku \u015fandeya partiya DEM\u2019\u00ea meheke nekariye bi Abdullah Ocalan re hevdtin\u00ea bike, bi rewa\u015fa p\u00eavajoy\u00ea ve gir\u00eaday\u00ee ye, \u00fb ev rewa\u015f ne normal e. Herwiha got: &#8220;Rastiya ku di meha N\u00eesan\u00ea de, ku ji h\u00eala hik\u00fbmet \u00fb rayedar\u00ean AKP\u2019\u00ea ve wek\u00ee meha derxistina qan\u00fbn\u00ean \u00e7areseriy\u00ea hatib\u00fb destn\u00ee\u015fankirin \u00fb her kes bi kelecan li bend\u00ea b\u00fb, l\u00eabel\u00ea bi Apo re hevdtin p\u00eak nehatin, ne ten\u00ea nenormal e, l\u00ea di heman dem\u00ea de n\u00ee\u015faneke xeteriy\u00ea ye ji bo p\u00ea\u015feroja p\u00eavajoy\u00ea.<\/span><\/h3>\n<h3 style=\"text-align: justify;\"><span style=\"font-family: 'arial black', sans-serif; font-size: 18pt; color: #8a0808;\">P\u00eavajo hatiye cemidandin\u2026 Em v\u00ea yek\u00ea dib\u00eenin.<\/span><\/h3>\n<h3 style=\"text-align: justify;\"><span style=\"font-family: arial, helvetica, sans-serif;\">Qaray\u00eelan diyar kir ku p\u00eavajo ji aliy\u00ea hik\u00fbmet\u00ea ve hatiye cemidandin \u00fb got, &#8220;Er\u00ea, ji niha ve p\u00eavajo hatiye cemidandin. Ev yek ji me re hatiye n\u00ee\u015fandan \u00fb em dib\u00eenin. Pi\u015ft\u00ee v\u00ea n\u00eeqa\u015f\u00ea, bi zelal\u00ee t\u00ea d\u00eetin ku h\u00eaz\u00ean biryardan\u00ea ji ber p\u00ea\u015fketin\u00ean her\u00eam\u00ee \u00fb her weha hin p\u00eavajoy\u00ean navxwey\u00ee, rawestandin yan pa\u015fxistina gavan guncaw d\u00eetine.&#8221;<\/span><\/h3>\n<h3 style=\"text-align: justify;\"><span style=\"font-family: 'arial black', sans-serif; font-size: 18pt; color: #8a0808;\">Eger gav\u00ean cid\u00ee werin av\u00eatin, em \u00ea b\u00eabersiv nem\u00eenin<\/span><\/h3>\n<h3 style=\"text-align: justify;\"><span style=\"font-family: arial, helvetica, sans-serif;\">Qaray\u00eelan debar\u00ea garant\u00ee \u00fb \u00e7ekdan\u00een\u00ea got: &#8220;H\u00eaz\u00ean me ne \u00e7end kom yan \u00e7end sed kes in. Em behsa bi hezaran dikin. Bin\u00earin, 30 heval\u00ean me \u00e7ek\u00ean xwe \u015fewitandin \u00fb diyar kirin ku ew amade ne ku vegerin. Gelo ew \u00e7\u00fbn cihek\u00ee? Na. Ji ber v\u00ea yek\u00ea, ji bo ewlehiy\u00ea ne\u00e7ar man ku vegerin her\u00eama me.&#8221;<\/span><\/h3>\n<h3 style=\"text-align: justify;\"><span style=\"font-family: arial, helvetica, sans-serif;\">Herwiha destn\u00ee\u015fan kir ku bi v\u00ea rewa\u015f\u00ea re, daxwazkirina dewlet\u00ea ku em hem\u00fb \u00e7ek\u00ean xwe radest bikin \u00fb hem\u00fb her\u00eaman vala bikin \u00fb pi\u015ftre ji n\u00fb ve biryar\u00ean qan\u00fbn\u00ee b\u00ean day\u00een, ev yek yar\u00eekirina bi aqil\u00ea mirovan e.<\/span><\/h3>\n<h3 style=\"text-align: justify;\"><span style=\"font-family: 'arial black', sans-serif; font-size: 18pt; color: #8a0808;\">Em \u00ea lava nekin, ev gir\u00eaday\u00ee wan e<\/span><\/h3>\n<h3 style=\"text-align: justify;\"><span style=\"font-family: arial, helvetica, sans-serif;\">Qaray\u00eelan di dawiya axaftina xwe de dib\u00eaje: Em \u00ea di v\u00ea mijar\u00ea de ji kes\u00ee lava nekin. Di her rewa\u015f\u00ea de, em b\u00ea vebijark n\u00eenin. Em bawer dikin p\u00eavajoya ku Apo p\u00ea\u015f xistiye, d\u00ea di berjewendiya Tirkiyey\u00ea \u00fb gel\u00ea me de be. Ji ber v\u00ea yek\u00ea, heke di asta dewlet\u00ea de gav\u00ean cid\u00ee werin av\u00eatin, em b\u00eabersiv nam\u00eenin.<\/span><\/h3>\n","protected":false},"excerpt":{"rendered":"<p>R\u00eavebir\u00ea PKK\u2019\u00ea Murad Qaray\u00eelan radigih\u00eene ku p\u00eavajoya a\u015ftiy\u00ea ji aliy\u00ea hik\u00fbmet\u00ea ve hatiye cemidandin. Ji bo berdewamiya p\u00eavajoy\u00ea ew lava ji wan nakin \u00fb got: Dest\u00fbrneday\u00eena bi hevdtina \u015fand\u00ea bi Abdullah Ocalan re xeteriyek e li ser p\u00eavajoy\u00ea. Murad Qaray\u00eelan, r\u00eavebir\u00ea payebilind\u00ea PKK\u2019\u00ea, pirs\u00ean Ajansa N\u00fb\u00e7eyan a Firat\u00ea (ANF) y\u00ean debar\u00ea p\u00eavajoya a\u015ftiy\u00ea de bersivandin. [&hellip;]<\/p>\n","protected":false},"author":2,"featured_media":1052671,"comment_status":"closed","ping_status":"closed","sticky":false,"template":"","format":"standard","meta":{"footnotes":""},"categories":[29],"tags":[37],"class_list":["post-1052670","post","type-post","status-publish","format-standard","has-post-thumbnail","hentry","category-kurdistan","tag-sereke"],"blocksy_meta":[],"seo_head":"<!-- This site is optimized with the Yoast SEO plugin v27.5 - https:\/\/yoast.com\/product\/yoast-seo-wordpress\/ -->\n<title>Murad Qaray\u00eelan: P\u00eavajo ji aliy\u00ea hik\u00fbmet\u00ea ve hatiye cemidandin \u00fb em lava ji wan nakin - Darka Maz\u00ee<\/title>\n<meta name=\"robots\" content=\"index, follow, max-snippet:-1, max-image-preview:large, max-video-preview:-1\" \/>\n<link rel=\"canonical\" href=\"https:\/\/darkamazi.info\/archives\/1052670\" \/>\n<meta property=\"og:locale\" content=\"en_US\" \/>\n<meta property=\"og:type\" content=\"article\" \/>\n<meta property=\"og:title\" content=\"Murad Qaray\u00eelan: P\u00eavajo ji aliy\u00ea hik\u00fbmet\u00ea ve hatiye cemidandin \u00fb em lava ji wan nakin - Darka Maz\u00ee\" \/>\n<meta property=\"og:description\" content=\"R\u00eavebir\u00ea PKK\u2019\u00ea Murad Qaray\u00eelan radigih\u00eene ku p\u00eavajoya a\u015ftiy\u00ea ji aliy\u00ea hik\u00fbmet\u00ea ve hatiye cemidandin. Ji bo berdewamiya p\u00eavajoy\u00ea ew lava ji wan nakin \u00fb got: Dest\u00fbrneday\u00eena bi hevdtina \u015fand\u00ea bi Abdullah Ocalan re xeteriyek e li ser p\u00eavajoy\u00ea. Murad Qaray\u00eelan, r\u00eavebir\u00ea payebilind\u00ea PKK\u2019\u00ea, pirs\u00ean Ajansa N\u00fb\u00e7eyan a Firat\u00ea (ANF) y\u00ean debar\u00ea p\u00eavajoya a\u015ftiy\u00ea de bersivandin. [&hellip;]\" \/>\n<meta property=\"og:url\" content=\"https:\/\/darkamazi.info\/archives\/1052670\" \/>\n<meta property=\"og:site_name\" content=\"Darka Maz\u00ee\" \/>\n<meta property=\"article:publisher\" content=\"https:\/\/www.facebook.com\/DarMaziKurmanci\" \/>\n<meta property=\"article:published_time\" content=\"2026-04-30T10:04:38+00:00\" \/>\n<meta property=\"og:image\" content=\"https:\/\/darkamazi.info\/file\/2026\/04\/Karayilan-pevajio-info.jpg\" \/>\n\t<meta property=\"og:image:width\" content=\"900\" \/>\n\t<meta property=\"og:image:height\" content=\"497\" \/>\n\t<meta property=\"og:image:type\" content=\"image\/jpeg\" \/>\n<meta name=\"author\" content=\"darka mazi\" \/>\n<meta name=\"twitter:card\" content=\"summary_large_image\" \/>\n<meta name=\"twitter:creator\" content=\"@DarkaMaziLatini\" \/>\n<meta name=\"twitter:site\" content=\"@DarkaMaziLatini\" \/>\n<meta name=\"twitter:label1\" content=\"Written by\" \/>\n\t<meta name=\"twitter:data1\" content=\"darka mazi\" \/>\n\t<meta name=\"twitter:label2\" content=\"Est. reading time\" \/>\n\t<meta name=\"twitter:data2\" content=\"2 minutes\" \/>\n<script type=\"application\/ld+json\" class=\"seo-schema-graph\">{\"@context\":\"https:\\\/\\\/schema.org\",\"@graph\":[{\"@type\":\"Article\",\"@id\":\"https:\\\/\\\/darkamazi.info\\\/archives\\\/1052670#article\",\"isPartOf\":{\"@id\":\"https:\\\/\\\/darkamazi.info\\\/archives\\\/1052670\"},\"author\":{\"name\":\"darka mazi\",\"@id\":\"https:\\\/\\\/darkamazi.info\\\/#\\\/schema\\\/person\\\/5ad3e24553a0567993fa8ed4bd0a776c\"},\"headline\":\"Murad Qaray\u00eelan: P\u00eavajo ji aliy\u00ea hik\u00fbmet\u00ea ve hatiye cemidandin \u00fb em lava ji wan nakin\",\"datePublished\":\"2026-04-30T10:04:38+00:00\",\"mainEntityOfPage\":{\"@id\":\"https:\\\/\\\/darkamazi.info\\\/archives\\\/1052670\"},\"wordCount\":455,\"publisher\":{\"@id\":\"https:\\\/\\\/darkamazi.info\\\/#organization\"},\"image\":{\"@id\":\"https:\\\/\\\/darkamazi.info\\\/archives\\\/1052670#primaryimage\"},\"thumbnailUrl\":\"https:\\\/\\\/darkamazi.info\\\/darka-content\\\/uploads\\\/2026\\\/04\\\/Karayilan-pevajio-info.jpg\",\"keywords\":[\"sereke\"],\"articleSection\":[\"Kurdistan\"],\"inLanguage\":\"en-US\"},{\"@type\":\"WebPage\",\"@id\":\"https:\\\/\\\/darkamazi.info\\\/archives\\\/1052670\",\"url\":\"https:\\\/\\\/darkamazi.info\\\/archives\\\/1052670\",\"name\":\"Murad Qaray\u00eelan: P\u00eavajo ji aliy\u00ea hik\u00fbmet\u00ea ve hatiye cemidandin \u00fb em lava ji wan nakin - Darka Maz\u00ee\",\"isPartOf\":{\"@id\":\"https:\\\/\\\/darkamazi.info\\\/#website\"},\"primaryImageOfPage\":{\"@id\":\"https:\\\/\\\/darkamazi.info\\\/archives\\\/1052670#primaryimage\"},\"image\":{\"@id\":\"https:\\\/\\\/darkamazi.info\\\/archives\\\/1052670#primaryimage\"},\"thumbnailUrl\":\"https:\\\/\\\/darkamazi.info\\\/darka-content\\\/uploads\\\/2026\\\/04\\\/Karayilan-pevajio-info.jpg\",\"datePublished\":\"2026-04-30T10:04:38+00:00\",\"breadcrumb\":{\"@id\":\"https:\\\/\\\/darkamazi.info\\\/archives\\\/1052670#breadcrumb\"},\"inLanguage\":\"en-US\",\"potentialAction\":[{\"@type\":\"ReadAction\",\"target\":[\"https:\\\/\\\/darkamazi.info\\\/archives\\\/1052670\"]}]},{\"@type\":\"ImageObject\",\"inLanguage\":\"en-US\",\"@id\":\"https:\\\/\\\/darkamazi.info\\\/archives\\\/1052670#primaryimage\",\"url\":\"https:\\\/\\\/darkamazi.info\\\/darka-content\\\/uploads\\\/2026\\\/04\\\/Karayilan-pevajio-info.jpg\",\"contentUrl\":\"https:\\\/\\\/darkamazi.info\\\/darka-content\\\/uploads\\\/2026\\\/04\\\/Karayilan-pevajio-info.jpg\",\"width\":900,\"height\":497,\"caption\":\"Karayilan-pevajio-net\"},{\"@type\":\"BreadcrumbList\",\"@id\":\"https:\\\/\\\/darkamazi.info\\\/archives\\\/1052670#breadcrumb\",\"itemListElement\":[{\"@type\":\"ListItem\",\"position\":1,\"name\":\"Home\",\"item\":\"https:\\\/\\\/darkamazi.info\\\/\"},{\"@type\":\"ListItem\",\"position\":2,\"name\":\"Murad Qaray\u00eelan: P\u00eavajo ji aliy\u00ea hik\u00fbmet\u00ea ve hatiye cemidandin \u00fb em lava ji wan nakin\"}]},{\"@type\":\"WebSite\",\"@id\":\"https:\\\/\\\/darkamazi.info\\\/#website\",\"url\":\"https:\\\/\\\/darkamazi.info\\\/\",\"name\":\"Darka Maz\u00ee\",\"description\":\"P\u00eageha Zanyariy\u00ean Nebih\u00eest\u00ee\",\"publisher\":{\"@id\":\"https:\\\/\\\/darkamazi.info\\\/#organization\"},\"potentialAction\":[{\"@type\":\"SearchAction\",\"target\":{\"@type\":\"EntryPoint\",\"urlTemplate\":\"https:\\\/\\\/darkamazi.info\\\/?s={search_term_string}\"},\"query-input\":{\"@type\":\"PropertyValueSpecification\",\"valueRequired\":true,\"valueName\":\"search_term_string\"}}],\"inLanguage\":\"en-US\"},{\"@type\":\"Organization\",\"@id\":\"https:\\\/\\\/darkamazi.info\\\/#organization\",\"name\":\"Darka Maz\u00ee\",\"url\":\"https:\\\/\\\/darkamazi.info\\\/\",\"logo\":{\"@type\":\"ImageObject\",\"inLanguage\":\"en-US\",\"@id\":\"https:\\\/\\\/darkamazi.info\\\/#\\\/schema\\\/logo\\\/image\\\/\",\"url\":\"https:\\\/\\\/darkamazi.info\\\/darka-content\\\/uploads\\\/2017\\\/12\\\/darka-mazi-logo.png\",\"contentUrl\":\"https:\\\/\\\/darkamazi.info\\\/darka-content\\\/uploads\\\/2017\\\/12\\\/darka-mazi-logo.png\",\"width\":151,\"height\":75,\"caption\":\"Darka Maz\u00ee\"},\"image\":{\"@id\":\"https:\\\/\\\/darkamazi.info\\\/#\\\/schema\\\/logo\\\/image\\\/\"},\"sameAs\":[\"https:\\\/\\\/www.facebook.com\\\/DarMaziKurmanci\",\"https:\\\/\\\/x.com\\\/DarkaMaziLatini\",\"https:\\\/\\\/www.instagram.com\\\/darkamazi.kurmanci\\\/\",\"https:\\\/\\\/www.youtube.com\\\/channel\\\/UCa5HkTdmI8U1qCUFuTw8B2g\"]},{\"@type\":\"Person\",\"@id\":\"https:\\\/\\\/darkamazi.info\\\/#\\\/schema\\\/person\\\/5ad3e24553a0567993fa8ed4bd0a776c\",\"name\":\"darka mazi\",\"sameAs\":[\"https:\\\/\\\/darkamazi.info\\\/\"],\"url\":\"https:\\\/\\\/darkamazi.info\\\/archives\\\/author\\\/kurdi\"}]}<\/script>\n<!-- \/ Yoast SEO plugin. -->","seo_head_json":{"title":"Murad Qaray\u00eelan: P\u00eavajo ji aliy\u00ea hik\u00fbmet\u00ea ve hatiye cemidandin \u00fb em lava ji wan nakin - Darka Maz\u00ee","robots":{"index":"index","follow":"follow","max-snippet":"max-snippet:-1","max-image-preview":"max-image-preview:large","max-video-preview":"max-video-preview:-1"},"canonical":"https:\/\/darkamazi.info\/archives\/1052670","og_locale":"en_US","og_type":"article","og_title":"Murad Qaray\u00eelan: P\u00eavajo ji aliy\u00ea hik\u00fbmet\u00ea ve hatiye cemidandin \u00fb em lava ji wan nakin - Darka Maz\u00ee","og_description":"R\u00eavebir\u00ea PKK\u2019\u00ea Murad Qaray\u00eelan radigih\u00eene ku p\u00eavajoya a\u015ftiy\u00ea ji aliy\u00ea hik\u00fbmet\u00ea ve hatiye cemidandin. Ji bo berdewamiya p\u00eavajoy\u00ea ew lava ji wan nakin \u00fb got: Dest\u00fbrneday\u00eena bi hevdtina \u015fand\u00ea bi Abdullah Ocalan re xeteriyek e li ser p\u00eavajoy\u00ea. Murad Qaray\u00eelan, r\u00eavebir\u00ea payebilind\u00ea PKK\u2019\u00ea, pirs\u00ean Ajansa N\u00fb\u00e7eyan a Firat\u00ea (ANF) y\u00ean debar\u00ea p\u00eavajoya a\u015ftiy\u00ea de bersivandin. [&hellip;]","og_url":"https:\/\/darkamazi.info\/archives\/1052670","og_site_name":"Darka Maz\u00ee","article_publisher":"https:\/\/www.facebook.com\/DarMaziKurmanci","article_published_time":"2026-04-30T10:04:38+00:00","og_image":[{"width":900,"height":497,"url":"https:\/\/darkamazi.info\/file\/2026\/04\/Karayilan-pevajio-info.jpg","type":"image\/jpeg"}],"author":"darka mazi","twitter_card":"summary_large_image","twitter_creator":"@DarkaMaziLatini","twitter_site":"@DarkaMaziLatini","twitter_misc":{"Written by":"darka mazi","Est. reading time":"2 minutes"},"schema":{"@context":"https:\/\/schema.org","@graph":[{"@type":"Article","@id":"https:\/\/darkamazi.info\/archives\/1052670#article","isPartOf":{"@id":"https:\/\/darkamazi.info\/archives\/1052670"},"author":{"name":"darka mazi","@id":"https:\/\/darkamazi.info\/#\/schema\/person\/5ad3e24553a0567993fa8ed4bd0a776c"},"headline":"Murad Qaray\u00eelan: P\u00eavajo ji aliy\u00ea hik\u00fbmet\u00ea ve hatiye cemidandin \u00fb em lava ji wan nakin","datePublished":"2026-04-30T10:04:38+00:00","mainEntityOfPage":{"@id":"https:\/\/darkamazi.info\/archives\/1052670"},"wordCount":455,"publisher":{"@id":"https:\/\/darkamazi.info\/#organization"},"image":{"@id":"https:\/\/darkamazi.info\/archives\/1052670#primaryimage"},"thumbnailUrl":"https:\/\/darkamazi.info\/file\/2026\/04\/Karayilan-pevajio-info.jpg","keywords":["sereke"],"articleSection":["Kurdistan"],"inLanguage":"en-US"},{"@type":"WebPage","@id":"https:\/\/darkamazi.info\/archives\/1052670","url":"https:\/\/darkamazi.info\/archives\/1052670","name":"Murad Qaray\u00eelan: P\u00eavajo ji aliy\u00ea hik\u00fbmet\u00ea ve hatiye cemidandin \u00fb em lava ji wan nakin - Darka Maz\u00ee","isPartOf":{"@id":"https:\/\/darkamazi.info\/#website"},"primaryImageOfPage":{"@id":"https:\/\/darkamazi.info\/archives\/1052670#primaryimage"},"image":{"@id":"https:\/\/darkamazi.info\/archives\/1052670#primaryimage"},"thumbnailUrl":"https:\/\/darkamazi.info\/file\/2026\/04\/Karayilan-pevajio-info.jpg","datePublished":"2026-04-30T10:04:38+00:00","breadcrumb":{"@id":"https:\/\/darkamazi.info\/archives\/1052670#breadcrumb"},"inLanguage":"en-US","potentialAction":[{"@type":"ReadAction","target":["https:\/\/darkamazi.info\/archives\/1052670"]}]},{"@type":"ImageObject","inLanguage":"en-US","@id":"https:\/\/darkamazi.info\/archives\/1052670#primaryimage","url":"https:\/\/darkamazi.info\/file\/2026\/04\/Karayilan-pevajio-info.jpg","contentUrl":"https:\/\/darkamazi.info\/file\/2026\/04\/Karayilan-pevajio-info.jpg","width":900,"height":497,"caption":"Karayilan-pevajio-net"},{"@type":"BreadcrumbList","@id":"https:\/\/darkamazi.info\/archives\/1052670#breadcrumb","itemListElement":[{"@type":"ListItem","position":1,"name":"Home","item":"https:\/\/darkamazi.info\/"},{"@type":"ListItem","position":2,"name":"Murad Qaray\u00eelan: P\u00eavajo ji aliy\u00ea hik\u00fbmet\u00ea ve hatiye cemidandin \u00fb em lava ji wan nakin"}]},{"@type":"WebSite","@id":"https:\/\/darkamazi.info\/#website","url":"https:\/\/darkamazi.info\/","name":"Darka Maz\u00ee","description":"P\u00eageha Zanyariy\u00ean Nebih\u00eest\u00ee","publisher":{"@id":"https:\/\/darkamazi.info\/#organization"},"potentialAction":[{"@type":"SearchAction","target":{"@type":"EntryPoint","urlTemplate":"https:\/\/darkamazi.info\/?s={search_term_string}"},"query-input":{"@type":"PropertyValueSpecification","valueRequired":true,"valueName":"search_term_string"}}],"inLanguage":"en-US"},{"@type":"Organization","@id":"https:\/\/darkamazi.info\/#organization","name":"Darka Maz\u00ee","url":"https:\/\/darkamazi.info\/","logo":{"@type":"ImageObject","inLanguage":"en-US","@id":"https:\/\/darkamazi.info\/#\/schema\/logo\/image\/","url":"https:\/\/darkamazi.info\/file\/2017\/12\/darka-mazi-logo.png","contentUrl":"https:\/\/darkamazi.info\/file\/2017\/12\/darka-mazi-logo.png","width":151,"height":75,"caption":"Darka Maz\u00ee"},"image":{"@id":"https:\/\/darkamazi.info\/#\/schema\/logo\/image\/"},"sameAs":["https:\/\/www.facebook.com\/DarMaziKurmanci","https:\/\/x.com\/DarkaMaziLatini","https:\/\/www.instagram.com\/darkamazi.kurmanci\/","https:\/\/www.youtube.com\/channel\/UCa5HkTdmI8U1qCUFuTw8B2g"]},{"@type":"Person","@id":"https:\/\/darkamazi.info\/#\/schema\/person\/5ad3e24553a0567993fa8ed4bd0a776c","name":"darka mazi","sameAs":["https:\/\/darkamazi.info\/"],"url":"https:\/\/darkamazi.info\/archives\/author\/kurdi"}]}},"_links":{"self":[{"href":"https:\/\/darkamazi.info\/funavuv\/wp\/v2\/posts\/1052670","targetHints":{"allow":["GET"]}}],"collection":[{"href":"https:\/\/darkamazi.info\/funavuv\/wp\/v2\/posts"}],"about":[{"href":"https:\/\/darkamazi.info\/funavuv\/wp\/v2\/types\/post"}],"author":[{"embeddable":true,"href":"https:\/\/darkamazi.info\/funavuv\/wp\/v2\/users\/2"}],"replies":[{"embeddable":true,"href":"https:\/\/darkamazi.info\/funavuv\/wp\/v2\/comments?post=1052670"}],"version-history":[{"count":1,"href":"https:\/\/darkamazi.info\/funavuv\/wp\/v2\/posts\/1052670\/revisions"}],"predecessor-version":[{"id":1052672,"href":"https:\/\/darkamazi.info\/funavuv\/wp\/v2\/posts\/1052670\/revisions\/1052672"}],"wp:featuredmedia":[{"embeddable":true,"href":"https:\/\/darkamazi.info\/funavuv\/wp\/v2\/media\/1052671"}],"wp:attachment":[{"href":"https:\/\/darkamazi.info\/funavuv\/wp\/v2\/media?parent=1052670"}],"wp:term":[{"taxonomy":"category","embeddable":true,"href":"https:\/\/darkamazi.info\/funavuv\/wp\/v2\/categories?post=1052670"},{"taxonomy":"post_tag","embeddable":true,"href":"https:\/\/darkamazi.info\/funavuv\/wp\/v2\/tags?post=1052670"}],"curies":[{"name":"wp","href":"https:\/\/api.w.org\/{rel}","templated":true}]}}