{"id":1052673,"date":"2026-04-30T13:26:48","date_gmt":"2026-04-30T10:26:48","guid":{"rendered":"https:\/\/darkamazi.info\/?p=1052673"},"modified":"2026-04-30T13:26:48","modified_gmt":"2026-04-30T10:26:48","slug":"necirvan-barzani-u-seroke-imarate-rewsa-navceye-gotubej-dikin","status":"publish","type":"post","link":"https:\/\/darkamazi.info\/archives\/1052673","title":{"rendered":"N\u00ea\u00e7\u00eervan Barzan\u00ee \u00fb Serok\u00ea \u00cemarat\u00ea rew\u015fa nav\u00e7ey\u00ea got\u00fbb\u00eaj dikin"},"content":{"rendered":"<h3 style=\"text-align: justify;\"><span style=\"font-family: 'arial black', sans-serif;\">Serok\u00ea Her\u00eama Kurdistan\u00ea N\u00ea\u00e7\u00eervan Barzan\u00ee \u00eero 30\u00ee N\u00eesan\u00ea li Eb\u00fb Dhab\u00ee ji aliy\u00ea Serok\u00ea Dewleta \u00cemarat\u00ea \u015e\u00eax Mihemed bin Zayid Al Nehyan ve hat p\u00ea\u015fwaz\u00eekirin \u00fb pi\u015ftre civiyan.<\/span><\/h3>\n<h3 style=\"text-align: justify;\"><span style=\"font-family: arial, helvetica, sans-serif;\">Li gor\u00ee daxuyaniya Serokatiya Her\u00eama Kurdistan\u00ea, &#8220;Di civ\u00een\u00ea de p\u00ea\u015fxistina t\u00eakiliy\u00ean \u00cemarat\u00ea y\u00ean bi Iraq \u00fb Her\u00eama Kurdistan\u00ea re \u00fb xurtkirina asoy\u00ean hevkariya navbera wan di hem\u00fb qadan de hatin got\u00fbb\u00eajkirin, bi awayek\u00ee ku xizmeta berjewend\u00ee \u00fb ge\u015fep\u00eadana her du aliyan bike.&#8221;<\/span><\/h3>\n<h3 style=\"text-align: justify;\"><span style=\"font-family: arial, helvetica, sans-serif;\">Hat diyarkirin ku &#8220;Her du aliyan li ser ge\u015fedan\u00ean daw\u00ee \u00fb encam\u00ean metirs\u00eedar \u00ean rew\u015fa nav\u00e7ey\u00ea ya li ser asay\u00ee\u015f \u00fb aramiya nav\u00e7ey\u00ea \u00fb navdewlet\u00ee, n\u00ear\u00een\u00ean xwe parve kirin. Di v\u00ea derbar\u00ea de tekez\u00ee li ser giringiya kar\u00ea hevbe\u015f \u00fb bih\u00eazkirina hevaheng\u00ee \u00fb hevkariya hevbe\u015f kirin, ji bo parastina aramiy\u00ea \u00fb d\u00fbrxistina metirsiyan.&#8221;<\/span><\/h3>\n<h3 style=\"text-align: justify;\"><span style=\"font-family: arial, helvetica, sans-serif;\">Her wiha \u00e7end mijar\u00ean din \u00ean cih\u00ea giring\u00eep\u00eadana her du aliyan, tewereke din a civ\u00een\u00ea b\u00fbn.<\/span><\/h3>\n","protected":false},"excerpt":{"rendered":"<p>Serok\u00ea Her\u00eama Kurdistan\u00ea N\u00ea\u00e7\u00eervan Barzan\u00ee \u00eero 30\u00ee N\u00eesan\u00ea li Eb\u00fb Dhab\u00ee ji aliy\u00ea Serok\u00ea Dewleta \u00cemarat\u00ea \u015e\u00eax Mihemed bin Zayid Al Nehyan ve hat p\u00ea\u015fwaz\u00eekirin \u00fb pi\u015ftre civiyan. Li gor\u00ee daxuyaniya Serokatiya Her\u00eama Kurdistan\u00ea, &#8220;Di civ\u00een\u00ea de p\u00ea\u015fxistina t\u00eakiliy\u00ean \u00cemarat\u00ea y\u00ean bi Iraq \u00fb Her\u00eama Kurdistan\u00ea re \u00fb xurtkirina asoy\u00ean hevkariya navbera wan di hem\u00fb [&hellip;]<\/p>\n","protected":false},"author":2,"featured_media":1052674,"comment_status":"closed","ping_status":"closed","sticky":false,"template":"","format":"standard","meta":{"footnotes":""},"categories":[29],"tags":[37],"class_list":["post-1052673","post","type-post","status-publish","format-standard","has-post-thumbnail","hentry","category-kurdistan","tag-sereke"],"blocksy_meta":[],"seo_head":"<!-- This site is optimized with the Yoast SEO plugin v27.5 - https:\/\/yoast.com\/product\/yoast-seo-wordpress\/ -->\n<title>N\u00ea\u00e7\u00eervan Barzan\u00ee \u00fb Serok\u00ea \u00cemarat\u00ea rew\u015fa nav\u00e7ey\u00ea got\u00fbb\u00eaj dikin - Darka Maz\u00ee<\/title>\n<meta name=\"robots\" content=\"index, follow, max-snippet:-1, max-image-preview:large, max-video-preview:-1\" \/>\n<link rel=\"canonical\" href=\"https:\/\/darkamazi.info\/archives\/1052673\" \/>\n<meta property=\"og:locale\" content=\"en_US\" \/>\n<meta property=\"og:type\" content=\"article\" \/>\n<meta property=\"og:title\" content=\"N\u00ea\u00e7\u00eervan Barzan\u00ee \u00fb Serok\u00ea \u00cemarat\u00ea rew\u015fa nav\u00e7ey\u00ea got\u00fbb\u00eaj dikin - Darka Maz\u00ee\" \/>\n<meta property=\"og:description\" content=\"Serok\u00ea Her\u00eama Kurdistan\u00ea N\u00ea\u00e7\u00eervan Barzan\u00ee \u00eero 30\u00ee N\u00eesan\u00ea li Eb\u00fb Dhab\u00ee ji aliy\u00ea Serok\u00ea Dewleta \u00cemarat\u00ea \u015e\u00eax Mihemed bin Zayid Al Nehyan ve hat p\u00ea\u015fwaz\u00eekirin \u00fb pi\u015ftre civiyan. Li gor\u00ee daxuyaniya Serokatiya Her\u00eama Kurdistan\u00ea, &#8220;Di civ\u00een\u00ea de p\u00ea\u015fxistina t\u00eakiliy\u00ean \u00cemarat\u00ea y\u00ean bi Iraq \u00fb Her\u00eama Kurdistan\u00ea re \u00fb xurtkirina asoy\u00ean hevkariya navbera wan di hem\u00fb [&hellip;]\" \/>\n<meta property=\"og:url\" content=\"https:\/\/darkamazi.info\/archives\/1052673\" \/>\n<meta property=\"og:site_name\" content=\"Darka Maz\u00ee\" \/>\n<meta property=\"article:publisher\" content=\"https:\/\/www.facebook.com\/DarMaziKurmanci\" \/>\n<meta property=\"article:published_time\" content=\"2026-04-30T10:26:48+00:00\" \/>\n<meta property=\"og:image\" content=\"https:\/\/darkamazi.info\/file\/2026\/04\/Necirvan-Barzani-u-Seroke-Imarate.jpg\" \/>\n\t<meta property=\"og:image:width\" content=\"900\" \/>\n\t<meta property=\"og:image:height\" content=\"500\" \/>\n\t<meta property=\"og:image:type\" content=\"image\/jpeg\" \/>\n<meta name=\"author\" content=\"darka mazi\" \/>\n<meta name=\"twitter:card\" content=\"summary_large_image\" \/>\n<meta name=\"twitter:creator\" content=\"@DarkaMaziLatini\" \/>\n<meta name=\"twitter:site\" content=\"@DarkaMaziLatini\" \/>\n<meta name=\"twitter:label1\" content=\"Written by\" \/>\n\t<meta name=\"twitter:data1\" content=\"darka mazi\" \/>\n\t<meta name=\"twitter:label2\" content=\"Est. reading time\" \/>\n\t<meta name=\"twitter:data2\" content=\"1 minute\" \/>\n<script type=\"application\/ld+json\" class=\"seo-schema-graph\">{\"@context\":\"https:\\\/\\\/schema.org\",\"@graph\":[{\"@type\":\"Article\",\"@id\":\"https:\\\/\\\/darkamazi.info\\\/archives\\\/1052673#article\",\"isPartOf\":{\"@id\":\"https:\\\/\\\/darkamazi.info\\\/archives\\\/1052673\"},\"author\":{\"name\":\"darka mazi\",\"@id\":\"https:\\\/\\\/darkamazi.info\\\/#\\\/schema\\\/person\\\/5ad3e24553a0567993fa8ed4bd0a776c\"},\"headline\":\"N\u00ea\u00e7\u00eervan Barzan\u00ee \u00fb Serok\u00ea \u00cemarat\u00ea rew\u015fa nav\u00e7ey\u00ea got\u00fbb\u00eaj dikin\",\"datePublished\":\"2026-04-30T10:26:48+00:00\",\"mainEntityOfPage\":{\"@id\":\"https:\\\/\\\/darkamazi.info\\\/archives\\\/1052673\"},\"wordCount\":176,\"publisher\":{\"@id\":\"https:\\\/\\\/darkamazi.info\\\/#organization\"},\"image\":{\"@id\":\"https:\\\/\\\/darkamazi.info\\\/archives\\\/1052673#primaryimage\"},\"thumbnailUrl\":\"https:\\\/\\\/darkamazi.info\\\/darka-content\\\/uploads\\\/2026\\\/04\\\/Necirvan-Barzani-u-Seroke-Imarate.jpg\",\"keywords\":[\"sereke\"],\"articleSection\":[\"Kurdistan\"],\"inLanguage\":\"en-US\"},{\"@type\":\"WebPage\",\"@id\":\"https:\\\/\\\/darkamazi.info\\\/archives\\\/1052673\",\"url\":\"https:\\\/\\\/darkamazi.info\\\/archives\\\/1052673\",\"name\":\"N\u00ea\u00e7\u00eervan Barzan\u00ee \u00fb Serok\u00ea \u00cemarat\u00ea rew\u015fa nav\u00e7ey\u00ea got\u00fbb\u00eaj dikin - Darka Maz\u00ee\",\"isPartOf\":{\"@id\":\"https:\\\/\\\/darkamazi.info\\\/#website\"},\"primaryImageOfPage\":{\"@id\":\"https:\\\/\\\/darkamazi.info\\\/archives\\\/1052673#primaryimage\"},\"image\":{\"@id\":\"https:\\\/\\\/darkamazi.info\\\/archives\\\/1052673#primaryimage\"},\"thumbnailUrl\":\"https:\\\/\\\/darkamazi.info\\\/darka-content\\\/uploads\\\/2026\\\/04\\\/Necirvan-Barzani-u-Seroke-Imarate.jpg\",\"datePublished\":\"2026-04-30T10:26:48+00:00\",\"breadcrumb\":{\"@id\":\"https:\\\/\\\/darkamazi.info\\\/archives\\\/1052673#breadcrumb\"},\"inLanguage\":\"en-US\",\"potentialAction\":[{\"@type\":\"ReadAction\",\"target\":[\"https:\\\/\\\/darkamazi.info\\\/archives\\\/1052673\"]}]},{\"@type\":\"ImageObject\",\"inLanguage\":\"en-US\",\"@id\":\"https:\\\/\\\/darkamazi.info\\\/archives\\\/1052673#primaryimage\",\"url\":\"https:\\\/\\\/darkamazi.info\\\/darka-content\\\/uploads\\\/2026\\\/04\\\/Necirvan-Barzani-u-Seroke-Imarate.jpg\",\"contentUrl\":\"https:\\\/\\\/darkamazi.info\\\/darka-content\\\/uploads\\\/2026\\\/04\\\/Necirvan-Barzani-u-Seroke-Imarate.jpg\",\"width\":900,\"height\":500,\"caption\":\"N\u00ea\u00e7\u00eervan-Barzan\u00ee-\u00fb-Serok\u00ea-\u00cemarat\u00ea\"},{\"@type\":\"BreadcrumbList\",\"@id\":\"https:\\\/\\\/darkamazi.info\\\/archives\\\/1052673#breadcrumb\",\"itemListElement\":[{\"@type\":\"ListItem\",\"position\":1,\"name\":\"Home\",\"item\":\"https:\\\/\\\/darkamazi.info\\\/\"},{\"@type\":\"ListItem\",\"position\":2,\"name\":\"N\u00ea\u00e7\u00eervan Barzan\u00ee \u00fb Serok\u00ea \u00cemarat\u00ea rew\u015fa nav\u00e7ey\u00ea got\u00fbb\u00eaj dikin\"}]},{\"@type\":\"WebSite\",\"@id\":\"https:\\\/\\\/darkamazi.info\\\/#website\",\"url\":\"https:\\\/\\\/darkamazi.info\\\/\",\"name\":\"Darka Maz\u00ee\",\"description\":\"P\u00eageha Zanyariy\u00ean Nebih\u00eest\u00ee\",\"publisher\":{\"@id\":\"https:\\\/\\\/darkamazi.info\\\/#organization\"},\"potentialAction\":[{\"@type\":\"SearchAction\",\"target\":{\"@type\":\"EntryPoint\",\"urlTemplate\":\"https:\\\/\\\/darkamazi.info\\\/?s={search_term_string}\"},\"query-input\":{\"@type\":\"PropertyValueSpecification\",\"valueRequired\":true,\"valueName\":\"search_term_string\"}}],\"inLanguage\":\"en-US\"},{\"@type\":\"Organization\",\"@id\":\"https:\\\/\\\/darkamazi.info\\\/#organization\",\"name\":\"Darka Maz\u00ee\",\"url\":\"https:\\\/\\\/darkamazi.info\\\/\",\"logo\":{\"@type\":\"ImageObject\",\"inLanguage\":\"en-US\",\"@id\":\"https:\\\/\\\/darkamazi.info\\\/#\\\/schema\\\/logo\\\/image\\\/\",\"url\":\"https:\\\/\\\/darkamazi.info\\\/darka-content\\\/uploads\\\/2017\\\/12\\\/darka-mazi-logo.png\",\"contentUrl\":\"https:\\\/\\\/darkamazi.info\\\/darka-content\\\/uploads\\\/2017\\\/12\\\/darka-mazi-logo.png\",\"width\":151,\"height\":75,\"caption\":\"Darka Maz\u00ee\"},\"image\":{\"@id\":\"https:\\\/\\\/darkamazi.info\\\/#\\\/schema\\\/logo\\\/image\\\/\"},\"sameAs\":[\"https:\\\/\\\/www.facebook.com\\\/DarMaziKurmanci\",\"https:\\\/\\\/x.com\\\/DarkaMaziLatini\",\"https:\\\/\\\/www.instagram.com\\\/darkamazi.kurmanci\\\/\",\"https:\\\/\\\/www.youtube.com\\\/channel\\\/UCa5HkTdmI8U1qCUFuTw8B2g\"]},{\"@type\":\"Person\",\"@id\":\"https:\\\/\\\/darkamazi.info\\\/#\\\/schema\\\/person\\\/5ad3e24553a0567993fa8ed4bd0a776c\",\"name\":\"darka mazi\",\"sameAs\":[\"https:\\\/\\\/darkamazi.info\\\/\"],\"url\":\"https:\\\/\\\/darkamazi.info\\\/archives\\\/author\\\/kurdi\"}]}<\/script>\n<!-- \/ Yoast SEO plugin. -->","seo_head_json":{"title":"N\u00ea\u00e7\u00eervan Barzan\u00ee \u00fb Serok\u00ea \u00cemarat\u00ea rew\u015fa nav\u00e7ey\u00ea got\u00fbb\u00eaj dikin - Darka Maz\u00ee","robots":{"index":"index","follow":"follow","max-snippet":"max-snippet:-1","max-image-preview":"max-image-preview:large","max-video-preview":"max-video-preview:-1"},"canonical":"https:\/\/darkamazi.info\/archives\/1052673","og_locale":"en_US","og_type":"article","og_title":"N\u00ea\u00e7\u00eervan Barzan\u00ee \u00fb Serok\u00ea \u00cemarat\u00ea rew\u015fa nav\u00e7ey\u00ea got\u00fbb\u00eaj dikin - Darka Maz\u00ee","og_description":"Serok\u00ea Her\u00eama Kurdistan\u00ea N\u00ea\u00e7\u00eervan Barzan\u00ee \u00eero 30\u00ee N\u00eesan\u00ea li Eb\u00fb Dhab\u00ee ji aliy\u00ea Serok\u00ea Dewleta \u00cemarat\u00ea \u015e\u00eax Mihemed bin Zayid Al Nehyan ve hat p\u00ea\u015fwaz\u00eekirin \u00fb pi\u015ftre civiyan. Li gor\u00ee daxuyaniya Serokatiya Her\u00eama Kurdistan\u00ea, &#8220;Di civ\u00een\u00ea de p\u00ea\u015fxistina t\u00eakiliy\u00ean \u00cemarat\u00ea y\u00ean bi Iraq \u00fb Her\u00eama Kurdistan\u00ea re \u00fb xurtkirina asoy\u00ean hevkariya navbera wan di hem\u00fb [&hellip;]","og_url":"https:\/\/darkamazi.info\/archives\/1052673","og_site_name":"Darka Maz\u00ee","article_publisher":"https:\/\/www.facebook.com\/DarMaziKurmanci","article_published_time":"2026-04-30T10:26:48+00:00","og_image":[{"width":900,"height":500,"url":"https:\/\/darkamazi.info\/file\/2026\/04\/Necirvan-Barzani-u-Seroke-Imarate.jpg","type":"image\/jpeg"}],"author":"darka mazi","twitter_card":"summary_large_image","twitter_creator":"@DarkaMaziLatini","twitter_site":"@DarkaMaziLatini","twitter_misc":{"Written by":"darka mazi","Est. reading time":"1 minute"},"schema":{"@context":"https:\/\/schema.org","@graph":[{"@type":"Article","@id":"https:\/\/darkamazi.info\/archives\/1052673#article","isPartOf":{"@id":"https:\/\/darkamazi.info\/archives\/1052673"},"author":{"name":"darka mazi","@id":"https:\/\/darkamazi.info\/#\/schema\/person\/5ad3e24553a0567993fa8ed4bd0a776c"},"headline":"N\u00ea\u00e7\u00eervan Barzan\u00ee \u00fb Serok\u00ea \u00cemarat\u00ea rew\u015fa nav\u00e7ey\u00ea got\u00fbb\u00eaj dikin","datePublished":"2026-04-30T10:26:48+00:00","mainEntityOfPage":{"@id":"https:\/\/darkamazi.info\/archives\/1052673"},"wordCount":176,"publisher":{"@id":"https:\/\/darkamazi.info\/#organization"},"image":{"@id":"https:\/\/darkamazi.info\/archives\/1052673#primaryimage"},"thumbnailUrl":"https:\/\/darkamazi.info\/file\/2026\/04\/Necirvan-Barzani-u-Seroke-Imarate.jpg","keywords":["sereke"],"articleSection":["Kurdistan"],"inLanguage":"en-US"},{"@type":"WebPage","@id":"https:\/\/darkamazi.info\/archives\/1052673","url":"https:\/\/darkamazi.info\/archives\/1052673","name":"N\u00ea\u00e7\u00eervan Barzan\u00ee \u00fb Serok\u00ea \u00cemarat\u00ea rew\u015fa nav\u00e7ey\u00ea got\u00fbb\u00eaj dikin - Darka Maz\u00ee","isPartOf":{"@id":"https:\/\/darkamazi.info\/#website"},"primaryImageOfPage":{"@id":"https:\/\/darkamazi.info\/archives\/1052673#primaryimage"},"image":{"@id":"https:\/\/darkamazi.info\/archives\/1052673#primaryimage"},"thumbnailUrl":"https:\/\/darkamazi.info\/file\/2026\/04\/Necirvan-Barzani-u-Seroke-Imarate.jpg","datePublished":"2026-04-30T10:26:48+00:00","breadcrumb":{"@id":"https:\/\/darkamazi.info\/archives\/1052673#breadcrumb"},"inLanguage":"en-US","potentialAction":[{"@type":"ReadAction","target":["https:\/\/darkamazi.info\/archives\/1052673"]}]},{"@type":"ImageObject","inLanguage":"en-US","@id":"https:\/\/darkamazi.info\/archives\/1052673#primaryimage","url":"https:\/\/darkamazi.info\/file\/2026\/04\/Necirvan-Barzani-u-Seroke-Imarate.jpg","contentUrl":"https:\/\/darkamazi.info\/file\/2026\/04\/Necirvan-Barzani-u-Seroke-Imarate.jpg","width":900,"height":500,"caption":"N\u00ea\u00e7\u00eervan-Barzan\u00ee-\u00fb-Serok\u00ea-\u00cemarat\u00ea"},{"@type":"BreadcrumbList","@id":"https:\/\/darkamazi.info\/archives\/1052673#breadcrumb","itemListElement":[{"@type":"ListItem","position":1,"name":"Home","item":"https:\/\/darkamazi.info\/"},{"@type":"ListItem","position":2,"name":"N\u00ea\u00e7\u00eervan Barzan\u00ee \u00fb Serok\u00ea \u00cemarat\u00ea rew\u015fa nav\u00e7ey\u00ea got\u00fbb\u00eaj dikin"}]},{"@type":"WebSite","@id":"https:\/\/darkamazi.info\/#website","url":"https:\/\/darkamazi.info\/","name":"Darka Maz\u00ee","description":"P\u00eageha Zanyariy\u00ean Nebih\u00eest\u00ee","publisher":{"@id":"https:\/\/darkamazi.info\/#organization"},"potentialAction":[{"@type":"SearchAction","target":{"@type":"EntryPoint","urlTemplate":"https:\/\/darkamazi.info\/?s={search_term_string}"},"query-input":{"@type":"PropertyValueSpecification","valueRequired":true,"valueName":"search_term_string"}}],"inLanguage":"en-US"},{"@type":"Organization","@id":"https:\/\/darkamazi.info\/#organization","name":"Darka Maz\u00ee","url":"https:\/\/darkamazi.info\/","logo":{"@type":"ImageObject","inLanguage":"en-US","@id":"https:\/\/darkamazi.info\/#\/schema\/logo\/image\/","url":"https:\/\/darkamazi.info\/file\/2017\/12\/darka-mazi-logo.png","contentUrl":"https:\/\/darkamazi.info\/file\/2017\/12\/darka-mazi-logo.png","width":151,"height":75,"caption":"Darka Maz\u00ee"},"image":{"@id":"https:\/\/darkamazi.info\/#\/schema\/logo\/image\/"},"sameAs":["https:\/\/www.facebook.com\/DarMaziKurmanci","https:\/\/x.com\/DarkaMaziLatini","https:\/\/www.instagram.com\/darkamazi.kurmanci\/","https:\/\/www.youtube.com\/channel\/UCa5HkTdmI8U1qCUFuTw8B2g"]},{"@type":"Person","@id":"https:\/\/darkamazi.info\/#\/schema\/person\/5ad3e24553a0567993fa8ed4bd0a776c","name":"darka mazi","sameAs":["https:\/\/darkamazi.info\/"],"url":"https:\/\/darkamazi.info\/archives\/author\/kurdi"}]}},"_links":{"self":[{"href":"https:\/\/darkamazi.info\/funavuv\/wp\/v2\/posts\/1052673","targetHints":{"allow":["GET"]}}],"collection":[{"href":"https:\/\/darkamazi.info\/funavuv\/wp\/v2\/posts"}],"about":[{"href":"https:\/\/darkamazi.info\/funavuv\/wp\/v2\/types\/post"}],"author":[{"embeddable":true,"href":"https:\/\/darkamazi.info\/funavuv\/wp\/v2\/users\/2"}],"replies":[{"embeddable":true,"href":"https:\/\/darkamazi.info\/funavuv\/wp\/v2\/comments?post=1052673"}],"version-history":[{"count":1,"href":"https:\/\/darkamazi.info\/funavuv\/wp\/v2\/posts\/1052673\/revisions"}],"predecessor-version":[{"id":1052675,"href":"https:\/\/darkamazi.info\/funavuv\/wp\/v2\/posts\/1052673\/revisions\/1052675"}],"wp:featuredmedia":[{"embeddable":true,"href":"https:\/\/darkamazi.info\/funavuv\/wp\/v2\/media\/1052674"}],"wp:attachment":[{"href":"https:\/\/darkamazi.info\/funavuv\/wp\/v2\/media?parent=1052673"}],"wp:term":[{"taxonomy":"category","embeddable":true,"href":"https:\/\/darkamazi.info\/funavuv\/wp\/v2\/categories?post=1052673"},{"taxonomy":"post_tag","embeddable":true,"href":"https:\/\/darkamazi.info\/funavuv\/wp\/v2\/tags?post=1052673"}],"curies":[{"name":"wp","href":"https:\/\/api.w.org\/{rel}","templated":true}]}}