{"id":1052676,"date":"2026-04-30T20:54:39","date_gmt":"2026-04-30T17:54:39","guid":{"rendered":"https:\/\/darkamazi.info\/?p=1052676"},"modified":"2026-04-30T20:54:39","modified_gmt":"2026-04-30T17:54:39","slug":"qirejia-mazlum-ebdi-u-ilham-ehmede","status":"publish","type":"post","link":"https:\/\/darkamazi.info\/archives\/1052676","title":{"rendered":"Qir\u00eajia Mazl\u00fbm Ebd\u00ee \u00fb \u00celham Ehmed\u00ea"},"content":{"rendered":"<h3 style=\"text-align: justify;\"><span style=\"font-family: 'arial black', sans-serif; color: #333399;\">Ho\u015feng Os\u00ee<\/span><\/h3>\n<h3 style=\"text-align: justify;\"><span style=\"font-family: 'arial black', sans-serif;\">Di daxuyaniya xwe ya her\u00ee daw\u00ee de, fermandar\u00ea bask\u00ea le\u015fker\u00ee y\u00ea PKK\u00ea Murat Karayilan (Cemal) got: Dewleta Tirk bi awayek\u00ee prat\u00eek\u00ee proseya a\u015ftiy\u00ea cemidandiye. Ev yek rast e&#8230; Ji ber ku dewleta Tirk li S\u00fbriyey\u00ea gelek destkeft\u00ee bi dest xistin, ku ya her\u00ee gir\u00eeng ev e: bi temam\u00ee jinavbirina h\u00eaz \u00fb destkeftiy\u00ean Kurdan \u00ean ku ji aliy\u00ea Amer\u00eeka \u00fb Ewropay\u00ea ve li S\u00fbriyey\u00ea dihatin pi\u015ftgir\u00eekirin. Lewre ew serkeftina ku Tirkiyey\u00ea li S\u00fbriyey\u00ea bi dest xist\u00ee, nedib\u00fb ku p\u00eak bihata heger ne ji r\u00eanima \u00fb ferman\u00ean Abdullah Ocalan bo HSD\u00ea, \u00fb c\u00eebic\u00eekirina Mazl\u00fbm Ebd\u00ee, \u00celham Ehmed \u00fb serkirdatiya PYD\u00ea \u00fb HSD\u00ea bo wan fermanan, ku ew di bingeh de ferman\u00ean \u00eest\u00eexbarata Tirkiyey\u00ea b\u00fbn.<\/span><\/h3>\n<h3 style=\"text-align: justify;\"><span style=\"font-family: 'arial black', sans-serif; font-size: 18pt; color: #8a0808;\">Mazl\u00fbm Ebd\u00ee \u00fb \u00celham Ehmed hem\u00fb xal \u00fb j\u00eader\u00ean h\u00eaza xwe winda kirin<\/span><\/h3>\n<h3 style=\"text-align: justify;\"><span style=\"font-family: arial, helvetica, sans-serif;\">Bi v\u00ee away\u00ee, Tirkiyey\u00ea dagirkirina xwe ya li S\u00fbriyey\u00ea temam kir \u00fb N\u00fbh Yilmaz (Xaz\u00ee Kenan\u00ea Tirkiyey\u00ea) wek\u00ee balyoz li \u015eam\u00ea bi cih kir, ku ew serok\u00ea rast\u00ee y\u00ea S\u00fbriyey\u00ea ye ne ku Eb\u00fb Mihemed El-Colan\u00ee. Bel\u00ea, r\u00fbxandina h\u00eaza le\u015fker\u00ee ya Kurd\u00ee \u00fb belavkirina w\u00ea, windakirina \u00e7avkaniy\u00ean enerj\u00ee \u00fb av\u00ea \u00fb hem\u00fb bingeh\u00ean dewletb\u00fbn\u00ea an her\u00eama federal, \u00fb t\u00eakbirina tora t\u00eakiliy\u00ean d\u00eeplomat\u00eek \u00fb ewlehiy\u00ea y\u00ean ku HSD\u00ea ava kirib\u00fbn; ev hem\u00fb bi x\u00eara guhdana Mazl\u00fbm Ebd\u00ee \u00fb \u00celham Ehmed\u00ea bo ferman \u00fb r\u00eanimay\u00ean Ocalan p\u00eak hatin.<\/span><\/h3>\n<h3 style=\"text-align: justify;\"><span style=\"font-family: arial, helvetica, sans-serif;\">Niha, pi\u015ft\u00ee ku Mazl\u00fbm Ebd\u00ee \u00fb \u00celham Ehmed hem\u00fb xal \u00fb j\u00eader\u00ean h\u00eaza xwe winda kirin, r\u00fbmeta xwe di nav derdor\u00ean Ewrop\u00ee \u00fb Amer\u00eek\u00ee de j\u00ee winda kirin. Gelo \u00e7i d\u00ea bih\u00eale ku Amer\u00eeka \u00fb Ewropa r\u00eaz\u00ea li van her du serkirdey\u00ean t\u00eak\u00e7\u00fby\u00ee, hejiyay\u00ee \u00fb Ocalan\u00ee bigirin, pi\u015ft\u00ee ku h\u00eaza wan a le\u015fker\u00ee di nava 48 saetan de hilwe\u015fiyay\u00ee?<\/span><\/h3>\n<h3 style=\"text-align: justify;\"><span style=\"font-family: 'arial black', sans-serif; font-size: 18pt; color: #8a0808;\">Dewlet r\u00eaz\u00ea li xwediy\u00ean projey\u00ean xeyal\u00ee, y\u00ean Ocalan\u00ee y\u00ean p\u00fb\u00e7 \u00fb ket\u00ee nagirin<\/span><\/h3>\n<h3 style=\"text-align: justify;\"><span style=\"font-family: arial, helvetica, sans-serif;\">Dewlet r\u00eaz\u00ea li w\u00ee kes\u00ee digirin ku li ser erd\u00ea xwed\u00ee h\u00eaz \u00fb abor\u00ee be, r\u00eaz\u00ea li xwediy\u00ean projey\u00ean xeyal\u00ee, y\u00ean Ocalan\u00ee y\u00ean p\u00fb\u00e7 \u00fb ket\u00ee nagirin, projey\u00ean weke entegrasyona demokrat\u00eek, neteweya demokrat\u00eek, komara demokrat\u00eek \u00fb hwd.<\/span><\/h3>\n<h3 style=\"text-align: justify;\"><span style=\"font-family: arial, helvetica, sans-serif;\">Y\u00ea ku medyaya koma Xapo\u00e7\u00ee (Ocalan\u00ee) di\u015fop\u00eene, ew d\u00ea w\u00ea daxwaz\u00ee \u00fb q\u00eejeq\u00eeja ku Xapo\u00e7\u00ee (li Qend\u00eel\u00ea \u00fb di nav DEM Partiy\u00ea de) dewam dubare dikin bib\u00eene; ango daxwaziy\u00ean ku Tirkiye qan\u00fbneke ef\u00fby\u00ea ji bo wan derx\u00eene da ku proseya tesl\u00eemb\u00fbn\u00ea h\u00easan bibe. L\u00ea bel\u00ea dewleta k\u00fbr v\u00ea yek\u00ea red dike, ji ber ku Ewropa \u00fb Amer\u00eekay\u00ea dest\u00ean xwe ji HSD\u00ea \u00fb ji Kurdan \u015f\u00fb\u015ftine. Hem\u00fb tirs\u00ean Tirkiyey\u00ea ji hol\u00ea rab\u00fbn, \u00fb ew metirsiy\u00ean ku Tirkiyey\u00ea did\u00eetin ku R\u00eaveberiya li Bakur\u00ea S\u00fbriyey\u00ea veguhere modeleke xweseriy\u00ea di nav S\u00fbriyey\u00ea de \u00fb Tirkiye bibe c\u00eeran\u00ea du r\u00eaveberiy\u00ean Kurd\u00ee li ser s\u00eenor\u00ean xwe y\u00ean ba\u015f\u00fbr hem\u00fb belav b\u00fbn.<\/span><\/h3>\n<h3 style=\"text-align: justify;\"><span style=\"font-family: 'arial black', sans-serif; font-size: 18pt; color: #8a0808;\">\u00cad\u00ee ti\u015ftek nemaye ku Tirkiye j\u00ea bitirse<\/span><\/h3>\n<h3 style=\"text-align: justify;\"><span style=\"font-family: arial, helvetica, sans-serif;\">Ji ber v\u00ea yek\u00ea, \u00ead\u00ee ti\u015ftek nemaye ku Tirkiye j\u00ea bitirse, \u00fb ev feda hem\u00fb bi x\u00eara zilam\u00ea \u00eest\u00eexbarat\u00ea Abdullah Ocalan \u00fb gef\u00ean w\u00ee li ser Mazl\u00fbm Ebd\u00ee \u00fb \u00celham Ehmed\u00ea p\u00eak hat.<\/span><\/h3>\n<h3 style=\"text-align: justify;\"><span style=\"font-family: arial, helvetica, sans-serif;\">Tirkiyey\u00ea proseya a\u015ftiy\u00ea cemidand ji ber ku w\u00ea projeya xweseriy\u00ea \u00fb dewleta netewey\u00ee ya rast\u00een li S\u00fbriyey\u00ea r\u00fbxand. Tirkiyey\u00ea ew ti\u015ft\u00ea ku j\u00ea re proseya a\u015ftiy\u00ea t\u00ea gotin cemidand ji ber ku Enqere hewcey\u00ee \u00e7eka PKK\u00ea ye li dij\u00ee ba\u015f\u00fbr\u00ea Kurdistan\u00ea \u00fb li dij\u00ee partiy\u00ean Kurdistan\u00ee y\u00ean li \u00ceran\u00ea. Tirkiyey\u00ea ew prose cemidand ji ber ku niha b\u00ea\u00e7ekkirina PKK\u00ea xizmeta berjewendiy\u00ean stratej\u00eek \u00ean Tirkiyey\u00ea li Iraq \u00fb \u00ceran\u00ea nake. B\u00ea\u00e7ekkirina v\u00ea kom\u00ea, hincet\u00ean destwerdana Tirkiyey\u00ea li ba\u015f\u00fbr\u00ea Kurdistan\u00ea \u00fb di Rojhilata Kurdistan\u00ea de ji hol\u00ea radike.<\/span><\/h3>\n<h3 style=\"text-align: justify;\"><span style=\"font-family: 'arial black', sans-serif; font-size: 18pt; color: #8a0808;\">Tirkiyey\u00ea Abdullah Ocalan wek\u00ee kaxez\u00ea t\u00fbwalet\u00ea bi kar an\u00ee, \u00fb Ocalan j\u00ee peyay\u00ean xwe y\u00ean di nav Kurd\u00ean S\u00fbriyey\u00ea de bi her\u00ee p\u00ees\u00ee \u00fb serser\u00eetiy\u00ea bi kar an\u00een<\/span><\/h3>\n<h3 style=\"text-align: justify;\"><span style=\"font-family: arial, helvetica, sans-serif;\">Ew t\u00eak\u00e7\u00fbn \u00fb tesl\u00eemb\u00fbna ku Ocalan li ser HSD\u00ea ferz kiriye, \u00fb guhdana Mazl\u00fbm Ebd\u00ee \u00fb \u00celham Ehmed\u00ea bo gef\u00ean w\u00ee; min ber\u00ea j\u00ee wek\u00ee karesateke h\u00een tal Tir \u00fb dijwartir ji t\u00eak\u00e7\u00fbna 1975an \u00fb hilwe\u015f\u00eena \u015eore\u015fa Kurdistan\u00ea ya pi\u015ft\u00ee \u00eemzekirina Peymana Cezay\u00eer\u00ea wesif kirib\u00fb.<\/span><\/h3>\n<h3 style=\"text-align: justify;\"><span style=\"font-family: arial, helvetica, sans-serif;\">Bi kurtas\u00ee: Tirkiyey\u00ea Abdullah Ocalan wek\u00ee kaxez\u00ea t\u00fbwalet\u00ea bi kar an\u00ee, \u00fb Ocalan j\u00ee peyay\u00ean xwe y\u00ean di nav Kurd\u00ean S\u00fbriyey\u00ea de bi her\u00ee p\u00ees\u00ee \u00fb serser\u00eetiy\u00ea bi kar an\u00een. Bi v\u00ee away\u00ee, em dikarin bi zelal\u00ee amaj\u00ea bidin hem\u00fb (jeneral\u00ean qir\u00eaja siyas\u00ee \u00fb le\u015fker\u00ee) di nav Kurd\u00ean S\u00fbriyey\u00ea de, y\u00ean ku bi koray\u00ee li pey serk\u00ea\u015fiya Ocalan di\u00e7in.<\/span><\/h3>\n","protected":false},"excerpt":{"rendered":"<p>Ho\u015feng Os\u00ee Di daxuyaniya xwe ya her\u00ee daw\u00ee de, fermandar\u00ea bask\u00ea le\u015fker\u00ee y\u00ea PKK\u00ea Murat Karayilan (Cemal) got: Dewleta Tirk bi awayek\u00ee prat\u00eek\u00ee proseya a\u015ftiy\u00ea cemidandiye. Ev yek rast e&#8230; Ji ber ku dewleta Tirk li S\u00fbriyey\u00ea gelek destkeft\u00ee bi dest xistin, ku ya her\u00ee gir\u00eeng ev e: bi temam\u00ee jinavbirina h\u00eaz \u00fb destkeftiy\u00ean Kurdan [&hellip;]<\/p>\n","protected":false},"author":2,"featured_media":1052677,"comment_status":"closed","ping_status":"closed","sticky":false,"template":"","format":"standard","meta":{"footnotes":""},"categories":[28],"tags":[37],"class_list":["post-1052676","post","type-post","status-publish","format-standard","has-post-thumbnail","hentry","category-nerin","tag-sereke"],"blocksy_meta":[],"seo_head":"<!-- This site is optimized with the Yoast SEO plugin v27.5 - https:\/\/yoast.com\/product\/yoast-seo-wordpress\/ -->\n<title>Qir\u00eajia Mazl\u00fbm Ebd\u00ee \u00fb \u00celham Ehmed\u00ea - Darka Maz\u00ee<\/title>\n<meta name=\"robots\" content=\"index, follow, max-snippet:-1, max-image-preview:large, max-video-preview:-1\" \/>\n<link rel=\"canonical\" href=\"https:\/\/darkamazi.info\/archives\/1052676\" \/>\n<meta property=\"og:locale\" content=\"en_US\" \/>\n<meta property=\"og:type\" content=\"article\" \/>\n<meta property=\"og:title\" content=\"Qir\u00eajia Mazl\u00fbm Ebd\u00ee \u00fb \u00celham Ehmed\u00ea - Darka Maz\u00ee\" \/>\n<meta property=\"og:description\" content=\"Ho\u015feng Os\u00ee Di daxuyaniya xwe ya her\u00ee daw\u00ee de, fermandar\u00ea bask\u00ea le\u015fker\u00ee y\u00ea PKK\u00ea Murat Karayilan (Cemal) got: Dewleta Tirk bi awayek\u00ee prat\u00eek\u00ee proseya a\u015ftiy\u00ea cemidandiye. Ev yek rast e&#8230; Ji ber ku dewleta Tirk li S\u00fbriyey\u00ea gelek destkeft\u00ee bi dest xistin, ku ya her\u00ee gir\u00eeng ev e: bi temam\u00ee jinavbirina h\u00eaz \u00fb destkeftiy\u00ean Kurdan [&hellip;]\" \/>\n<meta property=\"og:url\" content=\"https:\/\/darkamazi.info\/archives\/1052676\" \/>\n<meta property=\"og:site_name\" content=\"Darka Maz\u00ee\" \/>\n<meta property=\"article:publisher\" content=\"https:\/\/www.facebook.com\/DarMaziKurmanci\" \/>\n<meta property=\"article:published_time\" content=\"2026-04-30T17:54:39+00:00\" \/>\n<meta property=\"og:image\" content=\"https:\/\/darkamazi.info\/file\/2026\/04\/Ocalan-Mazloum-abdi-Ilham-Ahmad-info.jpg\" \/>\n\t<meta property=\"og:image:width\" content=\"900\" \/>\n\t<meta property=\"og:image:height\" content=\"500\" \/>\n\t<meta property=\"og:image:type\" content=\"image\/jpeg\" \/>\n<meta name=\"author\" content=\"darka mazi\" \/>\n<meta name=\"twitter:card\" content=\"summary_large_image\" \/>\n<meta name=\"twitter:creator\" content=\"@DarkaMaziLatini\" \/>\n<meta name=\"twitter:site\" content=\"@DarkaMaziLatini\" \/>\n<meta name=\"twitter:label1\" content=\"Written by\" \/>\n\t<meta name=\"twitter:data1\" content=\"darka mazi\" \/>\n\t<meta name=\"twitter:label2\" content=\"Est. reading time\" \/>\n\t<meta name=\"twitter:data2\" content=\"4 minutes\" \/>\n<script type=\"application\/ld+json\" class=\"seo-schema-graph\">{\"@context\":\"https:\\\/\\\/schema.org\",\"@graph\":[{\"@type\":\"Article\",\"@id\":\"https:\\\/\\\/darkamazi.info\\\/archives\\\/1052676#article\",\"isPartOf\":{\"@id\":\"https:\\\/\\\/darkamazi.info\\\/archives\\\/1052676\"},\"author\":{\"name\":\"darka mazi\",\"@id\":\"https:\\\/\\\/darkamazi.info\\\/#\\\/schema\\\/person\\\/5ad3e24553a0567993fa8ed4bd0a776c\"},\"headline\":\"Qir\u00eajia Mazl\u00fbm Ebd\u00ee \u00fb \u00celham Ehmed\u00ea\",\"datePublished\":\"2026-04-30T17:54:39+00:00\",\"mainEntityOfPage\":{\"@id\":\"https:\\\/\\\/darkamazi.info\\\/archives\\\/1052676\"},\"wordCount\":815,\"publisher\":{\"@id\":\"https:\\\/\\\/darkamazi.info\\\/#organization\"},\"image\":{\"@id\":\"https:\\\/\\\/darkamazi.info\\\/archives\\\/1052676#primaryimage\"},\"thumbnailUrl\":\"https:\\\/\\\/darkamazi.info\\\/darka-content\\\/uploads\\\/2026\\\/04\\\/Ocalan-Mazloum-abdi-Ilham-Ahmad-info.jpg\",\"keywords\":[\"sereke\"],\"articleSection\":[\"Ner\u00een\"],\"inLanguage\":\"en-US\"},{\"@type\":\"WebPage\",\"@id\":\"https:\\\/\\\/darkamazi.info\\\/archives\\\/1052676\",\"url\":\"https:\\\/\\\/darkamazi.info\\\/archives\\\/1052676\",\"name\":\"Qir\u00eajia Mazl\u00fbm Ebd\u00ee \u00fb \u00celham Ehmed\u00ea - Darka Maz\u00ee\",\"isPartOf\":{\"@id\":\"https:\\\/\\\/darkamazi.info\\\/#website\"},\"primaryImageOfPage\":{\"@id\":\"https:\\\/\\\/darkamazi.info\\\/archives\\\/1052676#primaryimage\"},\"image\":{\"@id\":\"https:\\\/\\\/darkamazi.info\\\/archives\\\/1052676#primaryimage\"},\"thumbnailUrl\":\"https:\\\/\\\/darkamazi.info\\\/darka-content\\\/uploads\\\/2026\\\/04\\\/Ocalan-Mazloum-abdi-Ilham-Ahmad-info.jpg\",\"datePublished\":\"2026-04-30T17:54:39+00:00\",\"breadcrumb\":{\"@id\":\"https:\\\/\\\/darkamazi.info\\\/archives\\\/1052676#breadcrumb\"},\"inLanguage\":\"en-US\",\"potentialAction\":[{\"@type\":\"ReadAction\",\"target\":[\"https:\\\/\\\/darkamazi.info\\\/archives\\\/1052676\"]}]},{\"@type\":\"ImageObject\",\"inLanguage\":\"en-US\",\"@id\":\"https:\\\/\\\/darkamazi.info\\\/archives\\\/1052676#primaryimage\",\"url\":\"https:\\\/\\\/darkamazi.info\\\/darka-content\\\/uploads\\\/2026\\\/04\\\/Ocalan-Mazloum-abdi-Ilham-Ahmad-info.jpg\",\"contentUrl\":\"https:\\\/\\\/darkamazi.info\\\/darka-content\\\/uploads\\\/2026\\\/04\\\/Ocalan-Mazloum-abdi-Ilham-Ahmad-info.jpg\",\"width\":900,\"height\":500,\"caption\":\"Ocalan-Mazloum-abdi-Ilham-Ahmad-Net\"},{\"@type\":\"BreadcrumbList\",\"@id\":\"https:\\\/\\\/darkamazi.info\\\/archives\\\/1052676#breadcrumb\",\"itemListElement\":[{\"@type\":\"ListItem\",\"position\":1,\"name\":\"Home\",\"item\":\"https:\\\/\\\/darkamazi.info\\\/\"},{\"@type\":\"ListItem\",\"position\":2,\"name\":\"Qir\u00eajia Mazl\u00fbm Ebd\u00ee \u00fb \u00celham Ehmed\u00ea\"}]},{\"@type\":\"WebSite\",\"@id\":\"https:\\\/\\\/darkamazi.info\\\/#website\",\"url\":\"https:\\\/\\\/darkamazi.info\\\/\",\"name\":\"Darka Maz\u00ee\",\"description\":\"P\u00eageha Zanyariy\u00ean Nebih\u00eest\u00ee\",\"publisher\":{\"@id\":\"https:\\\/\\\/darkamazi.info\\\/#organization\"},\"potentialAction\":[{\"@type\":\"SearchAction\",\"target\":{\"@type\":\"EntryPoint\",\"urlTemplate\":\"https:\\\/\\\/darkamazi.info\\\/?s={search_term_string}\"},\"query-input\":{\"@type\":\"PropertyValueSpecification\",\"valueRequired\":true,\"valueName\":\"search_term_string\"}}],\"inLanguage\":\"en-US\"},{\"@type\":\"Organization\",\"@id\":\"https:\\\/\\\/darkamazi.info\\\/#organization\",\"name\":\"Darka Maz\u00ee\",\"url\":\"https:\\\/\\\/darkamazi.info\\\/\",\"logo\":{\"@type\":\"ImageObject\",\"inLanguage\":\"en-US\",\"@id\":\"https:\\\/\\\/darkamazi.info\\\/#\\\/schema\\\/logo\\\/image\\\/\",\"url\":\"https:\\\/\\\/darkamazi.info\\\/darka-content\\\/uploads\\\/2017\\\/12\\\/darka-mazi-logo.png\",\"contentUrl\":\"https:\\\/\\\/darkamazi.info\\\/darka-content\\\/uploads\\\/2017\\\/12\\\/darka-mazi-logo.png\",\"width\":151,\"height\":75,\"caption\":\"Darka Maz\u00ee\"},\"image\":{\"@id\":\"https:\\\/\\\/darkamazi.info\\\/#\\\/schema\\\/logo\\\/image\\\/\"},\"sameAs\":[\"https:\\\/\\\/www.facebook.com\\\/DarMaziKurmanci\",\"https:\\\/\\\/x.com\\\/DarkaMaziLatini\",\"https:\\\/\\\/www.instagram.com\\\/darkamazi.kurmanci\\\/\",\"https:\\\/\\\/www.youtube.com\\\/channel\\\/UCa5HkTdmI8U1qCUFuTw8B2g\"]},{\"@type\":\"Person\",\"@id\":\"https:\\\/\\\/darkamazi.info\\\/#\\\/schema\\\/person\\\/5ad3e24553a0567993fa8ed4bd0a776c\",\"name\":\"darka mazi\",\"sameAs\":[\"https:\\\/\\\/darkamazi.info\\\/\"],\"url\":\"https:\\\/\\\/darkamazi.info\\\/archives\\\/author\\\/kurdi\"}]}<\/script>\n<!-- \/ Yoast SEO plugin. -->","seo_head_json":{"title":"Qir\u00eajia Mazl\u00fbm Ebd\u00ee \u00fb \u00celham Ehmed\u00ea - Darka Maz\u00ee","robots":{"index":"index","follow":"follow","max-snippet":"max-snippet:-1","max-image-preview":"max-image-preview:large","max-video-preview":"max-video-preview:-1"},"canonical":"https:\/\/darkamazi.info\/archives\/1052676","og_locale":"en_US","og_type":"article","og_title":"Qir\u00eajia Mazl\u00fbm Ebd\u00ee \u00fb \u00celham Ehmed\u00ea - Darka Maz\u00ee","og_description":"Ho\u015feng Os\u00ee Di daxuyaniya xwe ya her\u00ee daw\u00ee de, fermandar\u00ea bask\u00ea le\u015fker\u00ee y\u00ea PKK\u00ea Murat Karayilan (Cemal) got: Dewleta Tirk bi awayek\u00ee prat\u00eek\u00ee proseya a\u015ftiy\u00ea cemidandiye. Ev yek rast e&#8230; Ji ber ku dewleta Tirk li S\u00fbriyey\u00ea gelek destkeft\u00ee bi dest xistin, ku ya her\u00ee gir\u00eeng ev e: bi temam\u00ee jinavbirina h\u00eaz \u00fb destkeftiy\u00ean Kurdan [&hellip;]","og_url":"https:\/\/darkamazi.info\/archives\/1052676","og_site_name":"Darka Maz\u00ee","article_publisher":"https:\/\/www.facebook.com\/DarMaziKurmanci","article_published_time":"2026-04-30T17:54:39+00:00","og_image":[{"width":900,"height":500,"url":"https:\/\/darkamazi.info\/file\/2026\/04\/Ocalan-Mazloum-abdi-Ilham-Ahmad-info.jpg","type":"image\/jpeg"}],"author":"darka mazi","twitter_card":"summary_large_image","twitter_creator":"@DarkaMaziLatini","twitter_site":"@DarkaMaziLatini","twitter_misc":{"Written by":"darka mazi","Est. reading time":"4 minutes"},"schema":{"@context":"https:\/\/schema.org","@graph":[{"@type":"Article","@id":"https:\/\/darkamazi.info\/archives\/1052676#article","isPartOf":{"@id":"https:\/\/darkamazi.info\/archives\/1052676"},"author":{"name":"darka mazi","@id":"https:\/\/darkamazi.info\/#\/schema\/person\/5ad3e24553a0567993fa8ed4bd0a776c"},"headline":"Qir\u00eajia Mazl\u00fbm Ebd\u00ee \u00fb \u00celham Ehmed\u00ea","datePublished":"2026-04-30T17:54:39+00:00","mainEntityOfPage":{"@id":"https:\/\/darkamazi.info\/archives\/1052676"},"wordCount":815,"publisher":{"@id":"https:\/\/darkamazi.info\/#organization"},"image":{"@id":"https:\/\/darkamazi.info\/archives\/1052676#primaryimage"},"thumbnailUrl":"https:\/\/darkamazi.info\/file\/2026\/04\/Ocalan-Mazloum-abdi-Ilham-Ahmad-info.jpg","keywords":["sereke"],"articleSection":["Ner\u00een"],"inLanguage":"en-US"},{"@type":"WebPage","@id":"https:\/\/darkamazi.info\/archives\/1052676","url":"https:\/\/darkamazi.info\/archives\/1052676","name":"Qir\u00eajia Mazl\u00fbm Ebd\u00ee \u00fb \u00celham Ehmed\u00ea - Darka Maz\u00ee","isPartOf":{"@id":"https:\/\/darkamazi.info\/#website"},"primaryImageOfPage":{"@id":"https:\/\/darkamazi.info\/archives\/1052676#primaryimage"},"image":{"@id":"https:\/\/darkamazi.info\/archives\/1052676#primaryimage"},"thumbnailUrl":"https:\/\/darkamazi.info\/file\/2026\/04\/Ocalan-Mazloum-abdi-Ilham-Ahmad-info.jpg","datePublished":"2026-04-30T17:54:39+00:00","breadcrumb":{"@id":"https:\/\/darkamazi.info\/archives\/1052676#breadcrumb"},"inLanguage":"en-US","potentialAction":[{"@type":"ReadAction","target":["https:\/\/darkamazi.info\/archives\/1052676"]}]},{"@type":"ImageObject","inLanguage":"en-US","@id":"https:\/\/darkamazi.info\/archives\/1052676#primaryimage","url":"https:\/\/darkamazi.info\/file\/2026\/04\/Ocalan-Mazloum-abdi-Ilham-Ahmad-info.jpg","contentUrl":"https:\/\/darkamazi.info\/file\/2026\/04\/Ocalan-Mazloum-abdi-Ilham-Ahmad-info.jpg","width":900,"height":500,"caption":"Ocalan-Mazloum-abdi-Ilham-Ahmad-Net"},{"@type":"BreadcrumbList","@id":"https:\/\/darkamazi.info\/archives\/1052676#breadcrumb","itemListElement":[{"@type":"ListItem","position":1,"name":"Home","item":"https:\/\/darkamazi.info\/"},{"@type":"ListItem","position":2,"name":"Qir\u00eajia Mazl\u00fbm Ebd\u00ee \u00fb \u00celham Ehmed\u00ea"}]},{"@type":"WebSite","@id":"https:\/\/darkamazi.info\/#website","url":"https:\/\/darkamazi.info\/","name":"Darka Maz\u00ee","description":"P\u00eageha Zanyariy\u00ean Nebih\u00eest\u00ee","publisher":{"@id":"https:\/\/darkamazi.info\/#organization"},"potentialAction":[{"@type":"SearchAction","target":{"@type":"EntryPoint","urlTemplate":"https:\/\/darkamazi.info\/?s={search_term_string}"},"query-input":{"@type":"PropertyValueSpecification","valueRequired":true,"valueName":"search_term_string"}}],"inLanguage":"en-US"},{"@type":"Organization","@id":"https:\/\/darkamazi.info\/#organization","name":"Darka Maz\u00ee","url":"https:\/\/darkamazi.info\/","logo":{"@type":"ImageObject","inLanguage":"en-US","@id":"https:\/\/darkamazi.info\/#\/schema\/logo\/image\/","url":"https:\/\/darkamazi.info\/file\/2017\/12\/darka-mazi-logo.png","contentUrl":"https:\/\/darkamazi.info\/file\/2017\/12\/darka-mazi-logo.png","width":151,"height":75,"caption":"Darka Maz\u00ee"},"image":{"@id":"https:\/\/darkamazi.info\/#\/schema\/logo\/image\/"},"sameAs":["https:\/\/www.facebook.com\/DarMaziKurmanci","https:\/\/x.com\/DarkaMaziLatini","https:\/\/www.instagram.com\/darkamazi.kurmanci\/","https:\/\/www.youtube.com\/channel\/UCa5HkTdmI8U1qCUFuTw8B2g"]},{"@type":"Person","@id":"https:\/\/darkamazi.info\/#\/schema\/person\/5ad3e24553a0567993fa8ed4bd0a776c","name":"darka mazi","sameAs":["https:\/\/darkamazi.info\/"],"url":"https:\/\/darkamazi.info\/archives\/author\/kurdi"}]}},"_links":{"self":[{"href":"https:\/\/darkamazi.info\/funavuv\/wp\/v2\/posts\/1052676","targetHints":{"allow":["GET"]}}],"collection":[{"href":"https:\/\/darkamazi.info\/funavuv\/wp\/v2\/posts"}],"about":[{"href":"https:\/\/darkamazi.info\/funavuv\/wp\/v2\/types\/post"}],"author":[{"embeddable":true,"href":"https:\/\/darkamazi.info\/funavuv\/wp\/v2\/users\/2"}],"replies":[{"embeddable":true,"href":"https:\/\/darkamazi.info\/funavuv\/wp\/v2\/comments?post=1052676"}],"version-history":[{"count":1,"href":"https:\/\/darkamazi.info\/funavuv\/wp\/v2\/posts\/1052676\/revisions"}],"predecessor-version":[{"id":1052678,"href":"https:\/\/darkamazi.info\/funavuv\/wp\/v2\/posts\/1052676\/revisions\/1052678"}],"wp:featuredmedia":[{"embeddable":true,"href":"https:\/\/darkamazi.info\/funavuv\/wp\/v2\/media\/1052677"}],"wp:attachment":[{"href":"https:\/\/darkamazi.info\/funavuv\/wp\/v2\/media?parent=1052676"}],"wp:term":[{"taxonomy":"category","embeddable":true,"href":"https:\/\/darkamazi.info\/funavuv\/wp\/v2\/categories?post=1052676"},{"taxonomy":"post_tag","embeddable":true,"href":"https:\/\/darkamazi.info\/funavuv\/wp\/v2\/tags?post=1052676"}],"curies":[{"name":"wp","href":"https:\/\/api.w.org\/{rel}","templated":true}]}}