{"id":1052679,"date":"2026-05-02T13:32:12","date_gmt":"2026-05-02T10:32:12","guid":{"rendered":"https:\/\/darkamazi.info\/?p=1052679"},"modified":"2026-05-02T13:32:12","modified_gmt":"2026-05-02T10:32:12","slug":"civineke-bilind-li-hewlere-eli-zeydi-u-serok-barzani-civiyan","status":"publish","type":"post","link":"https:\/\/darkamazi.info\/archives\/1052679","title":{"rendered":"Civ\u00eeneke bilind li Hewl\u00ear\u00ea: El\u00ee Zeyd\u00ee \u00fb Serok Barzan\u00ee civiyan"},"content":{"rendered":"<h3 style=\"text-align: justify;\"><span style=\"font-family: 'arial black', sans-serif;\">Serokwez\u00eer\u00ea raspart\u00ee y\u00ea Iraq\u00ea, El\u00ee Falih Zeyd\u00ee, di \u00e7ar\u00e7oveya hewldan\u00ean ji bo p\u00eakan\u00eena kab\u00eeneya n\u00fb ya hik\u00fbmet\u00ea de, \u00eero 2\u00ea Gulana 2026an bi serdaneke ferm\u00ee gih\u00ee\u015ft Paytexta Her\u00eama Kurdistan\u00ea \u00fb bi Serok Mes\u00fbd Barzan\u00ee re civiya.<\/span><\/h3>\n<h3 style=\"text-align: justify;\">El\u00ee Zeyd\u00ee di dema gih\u00ee\u015ftina xwe ya Firokxaneya Navdewlet\u00ee ya Hewl\u00ear\u00ea de, ji aliy\u00ea Serokwez\u00eer\u00ea Her\u00eama Kurdistan\u00ea Mesr\u00fbr Barzan\u00ee ve bi meras\u00eemeke ferm\u00ee hat p\u00ea\u015fwaz\u00eekirin. Di v\u00ea serdan\u00ea de \u015fandeke bilind a \u00c7ar\u00e7oveya Hevahengiy\u00ea (Itar el-Tans\u00eeq\u00ee) ligel Zeyd\u00ee ye ku kesayet\u00ean wek\u00ee Falih Feyad (Serok\u00ea He\u015fda \u015eeib\u00ee) \u00fb Muhs\u00een Mendelaw\u00ee di nav de cih digirin.<\/h3>\n<h3 style=\"text-align: justify;\">Pi\u015ft\u00ee meras\u00eem\u00ea, El\u00ee Zeyd\u00ee ji aliy\u00ea Serok Mes\u00fbd Barzan\u00ee ve hat p\u00ea\u015fwaz\u00eekirin. Di civ\u00een\u00ea de mijar\u00ean stratej\u00eek \u00ean wek\u00ee:<\/h3>\n<h3 style=\"text-align: justify;\">Diyarkirina wez\u00eer\u00ean kab\u00eeneya n\u00fb ya Iraq\u00ea.<\/h3>\n<h3 style=\"text-align: justify;\">Hevahengiya ji bo avakirina hik\u00fbmeta n\u00fb ya Her\u00eama Kurdistan\u00ea.<\/h3>\n<h3 style=\"text-align: justify;\">\u00c7areserkirina pirs\u00ean hilawist\u00ee \u00fb bih\u00eazkirina peywendiy\u00ean di navbera Hewl\u00ear \u00fb Bexday\u00ea de hatin got\u00fbb\u00eajkirin.<\/h3>\n<h3 style=\"text-align: justify;\">T\u00ea \u00e7aver\u00eakirin ku Zeyd\u00ee pi\u015ft\u00ee v\u00ea civ\u00een\u00ea, bi cuda ligel Serok\u00ea Her\u00eama Kurdistan\u00ea N\u00ea\u00e7\u00eervan Barzan\u00ee \u00fb Serokwez\u00eer Mesr\u00fbr Barzan\u00ee j\u00ee bicive.<\/h3>\n<h3 style=\"text-align: justify;\">El\u00ee Zeyd\u00ee ku di 27\u00ea N\u00eesan\u00ea de ji aliy\u00ea \u00c7ar\u00e7oveya Hevahengiy\u00ea ve wek\u00ee berbij\u00ear\u00ea ferm\u00ee hatib\u00fb n\u00ee\u015fandan, niha di p\u00ea\u015fbirka dem\u00ea de ye. Li gor\u00ee dest\u00fbra Iraq\u00ea:<\/h3>\n<h3 style=\"text-align: justify;\">Dema Gi\u015ft\u00ee: 30 roj ji bo p\u00ea\u015fk\u00ea\u015fkirina kab\u00eeney\u00ea.<\/h3>\n<h3 style=\"text-align: justify;\">Dema May\u00ee: Ten\u00ea 25 roj li p\u00ea\u015fiya Zeyd\u00ee mane daku l\u00eesteya wez\u00eer\u00ean xwe bibe parlamen\u00ea \u00fb deng\u00ea p\u00eabaweriy\u00ea wergire.<\/h3>\n<h3 style=\"text-align: justify;\">Ev serdana Hewl\u00ear\u00ea wek\u00ee gaveke diyarker t\u00ea d\u00eetin daku hik\u00fbmeteke bi pi\u015ftgiriya hem\u00fb aliy\u00ean siyas\u00ee \u00fb p\u00eakhatey\u00ean Iraq\u00ea were avakirin.<\/h3>\n","protected":false},"excerpt":{"rendered":"<p>Serokwez\u00eer\u00ea raspart\u00ee y\u00ea Iraq\u00ea, El\u00ee Falih Zeyd\u00ee, di \u00e7ar\u00e7oveya hewldan\u00ean ji bo p\u00eakan\u00eena kab\u00eeneya n\u00fb ya hik\u00fbmet\u00ea de, \u00eero 2\u00ea Gulana 2026an bi serdaneke ferm\u00ee gih\u00ee\u015ft Paytexta Her\u00eama Kurdistan\u00ea \u00fb bi Serok Mes\u00fbd Barzan\u00ee re civiya. El\u00ee Zeyd\u00ee di dema gih\u00ee\u015ftina xwe ya Firokxaneya Navdewlet\u00ee ya Hewl\u00ear\u00ea de, ji aliy\u00ea Serokwez\u00eer\u00ea Her\u00eama Kurdistan\u00ea Mesr\u00fbr Barzan\u00ee [&hellip;]<\/p>\n","protected":false},"author":2,"featured_media":1052680,"comment_status":"closed","ping_status":"closed","sticky":false,"template":"","format":"standard","meta":{"footnotes":""},"categories":[29],"tags":[37],"class_list":["post-1052679","post","type-post","status-publish","format-standard","has-post-thumbnail","hentry","category-kurdistan","tag-sereke"],"blocksy_meta":[],"seo_head":"<!-- This site is optimized with the Yoast SEO plugin v27.5 - https:\/\/yoast.com\/product\/yoast-seo-wordpress\/ -->\n<title>Civ\u00eeneke bilind li Hewl\u00ear\u00ea: El\u00ee Zeyd\u00ee \u00fb Serok Barzan\u00ee civiyan - Darka Maz\u00ee<\/title>\n<meta name=\"robots\" content=\"index, follow, max-snippet:-1, max-image-preview:large, max-video-preview:-1\" \/>\n<link rel=\"canonical\" href=\"https:\/\/darkamazi.info\/archives\/1052679\" \/>\n<meta property=\"og:locale\" content=\"en_US\" \/>\n<meta property=\"og:type\" content=\"article\" \/>\n<meta property=\"og:title\" content=\"Civ\u00eeneke bilind li Hewl\u00ear\u00ea: El\u00ee Zeyd\u00ee \u00fb Serok Barzan\u00ee civiyan - Darka Maz\u00ee\" \/>\n<meta property=\"og:description\" content=\"Serokwez\u00eer\u00ea raspart\u00ee y\u00ea Iraq\u00ea, El\u00ee Falih Zeyd\u00ee, di \u00e7ar\u00e7oveya hewldan\u00ean ji bo p\u00eakan\u00eena kab\u00eeneya n\u00fb ya hik\u00fbmet\u00ea de, \u00eero 2\u00ea Gulana 2026an bi serdaneke ferm\u00ee gih\u00ee\u015ft Paytexta Her\u00eama Kurdistan\u00ea \u00fb bi Serok Mes\u00fbd Barzan\u00ee re civiya. El\u00ee Zeyd\u00ee di dema gih\u00ee\u015ftina xwe ya Firokxaneya Navdewlet\u00ee ya Hewl\u00ear\u00ea de, ji aliy\u00ea Serokwez\u00eer\u00ea Her\u00eama Kurdistan\u00ea Mesr\u00fbr Barzan\u00ee [&hellip;]\" \/>\n<meta property=\"og:url\" content=\"https:\/\/darkamazi.info\/archives\/1052679\" \/>\n<meta property=\"og:site_name\" content=\"Darka Maz\u00ee\" \/>\n<meta property=\"article:publisher\" content=\"https:\/\/www.facebook.com\/DarMaziKurmanci\" \/>\n<meta property=\"article:published_time\" content=\"2026-05-02T10:32:12+00:00\" \/>\n<meta property=\"og:image\" content=\"https:\/\/darkamazi.info\/file\/2026\/05\/serok-barzani.jpg\" \/>\n\t<meta property=\"og:image:width\" content=\"900\" \/>\n\t<meta property=\"og:image:height\" content=\"497\" \/>\n\t<meta property=\"og:image:type\" content=\"image\/jpeg\" \/>\n<meta name=\"author\" content=\"darka mazi\" \/>\n<meta name=\"twitter:card\" content=\"summary_large_image\" \/>\n<meta name=\"twitter:creator\" content=\"@DarkaMaziLatini\" \/>\n<meta name=\"twitter:site\" content=\"@DarkaMaziLatini\" \/>\n<meta name=\"twitter:label1\" content=\"Written by\" \/>\n\t<meta name=\"twitter:data1\" content=\"darka mazi\" \/>\n\t<meta name=\"twitter:label2\" content=\"Est. reading time\" \/>\n\t<meta name=\"twitter:data2\" content=\"2 minutes\" \/>\n<script type=\"application\/ld+json\" class=\"seo-schema-graph\">{\"@context\":\"https:\\\/\\\/schema.org\",\"@graph\":[{\"@type\":\"Article\",\"@id\":\"https:\\\/\\\/darkamazi.info\\\/archives\\\/1052679#article\",\"isPartOf\":{\"@id\":\"https:\\\/\\\/darkamazi.info\\\/archives\\\/1052679\"},\"author\":{\"name\":\"darka mazi\",\"@id\":\"https:\\\/\\\/darkamazi.info\\\/#\\\/schema\\\/person\\\/5ad3e24553a0567993fa8ed4bd0a776c\"},\"headline\":\"Civ\u00eeneke bilind li Hewl\u00ear\u00ea: El\u00ee Zeyd\u00ee \u00fb Serok Barzan\u00ee civiyan\",\"datePublished\":\"2026-05-02T10:32:12+00:00\",\"mainEntityOfPage\":{\"@id\":\"https:\\\/\\\/darkamazi.info\\\/archives\\\/1052679\"},\"wordCount\":305,\"publisher\":{\"@id\":\"https:\\\/\\\/darkamazi.info\\\/#organization\"},\"image\":{\"@id\":\"https:\\\/\\\/darkamazi.info\\\/archives\\\/1052679#primaryimage\"},\"thumbnailUrl\":\"https:\\\/\\\/darkamazi.info\\\/darka-content\\\/uploads\\\/2026\\\/05\\\/serok-barzani.jpg\",\"keywords\":[\"sereke\"],\"articleSection\":[\"Kurdistan\"],\"inLanguage\":\"en-US\"},{\"@type\":\"WebPage\",\"@id\":\"https:\\\/\\\/darkamazi.info\\\/archives\\\/1052679\",\"url\":\"https:\\\/\\\/darkamazi.info\\\/archives\\\/1052679\",\"name\":\"Civ\u00eeneke bilind li Hewl\u00ear\u00ea: El\u00ee Zeyd\u00ee \u00fb Serok Barzan\u00ee civiyan - Darka Maz\u00ee\",\"isPartOf\":{\"@id\":\"https:\\\/\\\/darkamazi.info\\\/#website\"},\"primaryImageOfPage\":{\"@id\":\"https:\\\/\\\/darkamazi.info\\\/archives\\\/1052679#primaryimage\"},\"image\":{\"@id\":\"https:\\\/\\\/darkamazi.info\\\/archives\\\/1052679#primaryimage\"},\"thumbnailUrl\":\"https:\\\/\\\/darkamazi.info\\\/darka-content\\\/uploads\\\/2026\\\/05\\\/serok-barzani.jpg\",\"datePublished\":\"2026-05-02T10:32:12+00:00\",\"breadcrumb\":{\"@id\":\"https:\\\/\\\/darkamazi.info\\\/archives\\\/1052679#breadcrumb\"},\"inLanguage\":\"en-US\",\"potentialAction\":[{\"@type\":\"ReadAction\",\"target\":[\"https:\\\/\\\/darkamazi.info\\\/archives\\\/1052679\"]}]},{\"@type\":\"ImageObject\",\"inLanguage\":\"en-US\",\"@id\":\"https:\\\/\\\/darkamazi.info\\\/archives\\\/1052679#primaryimage\",\"url\":\"https:\\\/\\\/darkamazi.info\\\/darka-content\\\/uploads\\\/2026\\\/05\\\/serok-barzani.jpg\",\"contentUrl\":\"https:\\\/\\\/darkamazi.info\\\/darka-content\\\/uploads\\\/2026\\\/05\\\/serok-barzani.jpg\",\"width\":900,\"height\":497,\"caption\":\"Civ\u00eeneke bilind li Hewl\u00ear\u00ea: El\u00ee Zeyd\u00ee \u00fb Serok Barzan\u00ee civiyan\"},{\"@type\":\"BreadcrumbList\",\"@id\":\"https:\\\/\\\/darkamazi.info\\\/archives\\\/1052679#breadcrumb\",\"itemListElement\":[{\"@type\":\"ListItem\",\"position\":1,\"name\":\"Home\",\"item\":\"https:\\\/\\\/darkamazi.info\\\/\"},{\"@type\":\"ListItem\",\"position\":2,\"name\":\"Civ\u00eeneke bilind li Hewl\u00ear\u00ea: El\u00ee Zeyd\u00ee \u00fb Serok Barzan\u00ee civiyan\"}]},{\"@type\":\"WebSite\",\"@id\":\"https:\\\/\\\/darkamazi.info\\\/#website\",\"url\":\"https:\\\/\\\/darkamazi.info\\\/\",\"name\":\"Darka Maz\u00ee\",\"description\":\"P\u00eageha Zanyariy\u00ean Nebih\u00eest\u00ee\",\"publisher\":{\"@id\":\"https:\\\/\\\/darkamazi.info\\\/#organization\"},\"potentialAction\":[{\"@type\":\"SearchAction\",\"target\":{\"@type\":\"EntryPoint\",\"urlTemplate\":\"https:\\\/\\\/darkamazi.info\\\/?s={search_term_string}\"},\"query-input\":{\"@type\":\"PropertyValueSpecification\",\"valueRequired\":true,\"valueName\":\"search_term_string\"}}],\"inLanguage\":\"en-US\"},{\"@type\":\"Organization\",\"@id\":\"https:\\\/\\\/darkamazi.info\\\/#organization\",\"name\":\"Darka Maz\u00ee\",\"url\":\"https:\\\/\\\/darkamazi.info\\\/\",\"logo\":{\"@type\":\"ImageObject\",\"inLanguage\":\"en-US\",\"@id\":\"https:\\\/\\\/darkamazi.info\\\/#\\\/schema\\\/logo\\\/image\\\/\",\"url\":\"https:\\\/\\\/darkamazi.info\\\/darka-content\\\/uploads\\\/2017\\\/12\\\/darka-mazi-logo.png\",\"contentUrl\":\"https:\\\/\\\/darkamazi.info\\\/darka-content\\\/uploads\\\/2017\\\/12\\\/darka-mazi-logo.png\",\"width\":151,\"height\":75,\"caption\":\"Darka Maz\u00ee\"},\"image\":{\"@id\":\"https:\\\/\\\/darkamazi.info\\\/#\\\/schema\\\/logo\\\/image\\\/\"},\"sameAs\":[\"https:\\\/\\\/www.facebook.com\\\/DarMaziKurmanci\",\"https:\\\/\\\/x.com\\\/DarkaMaziLatini\",\"https:\\\/\\\/www.instagram.com\\\/darkamazi.kurmanci\\\/\",\"https:\\\/\\\/www.youtube.com\\\/channel\\\/UCa5HkTdmI8U1qCUFuTw8B2g\"]},{\"@type\":\"Person\",\"@id\":\"https:\\\/\\\/darkamazi.info\\\/#\\\/schema\\\/person\\\/5ad3e24553a0567993fa8ed4bd0a776c\",\"name\":\"darka mazi\",\"sameAs\":[\"https:\\\/\\\/darkamazi.info\\\/\"],\"url\":\"https:\\\/\\\/darkamazi.info\\\/archives\\\/author\\\/kurdi\"}]}<\/script>\n<!-- \/ Yoast SEO plugin. -->","seo_head_json":{"title":"Civ\u00eeneke bilind li Hewl\u00ear\u00ea: El\u00ee Zeyd\u00ee \u00fb Serok Barzan\u00ee civiyan - Darka Maz\u00ee","robots":{"index":"index","follow":"follow","max-snippet":"max-snippet:-1","max-image-preview":"max-image-preview:large","max-video-preview":"max-video-preview:-1"},"canonical":"https:\/\/darkamazi.info\/archives\/1052679","og_locale":"en_US","og_type":"article","og_title":"Civ\u00eeneke bilind li Hewl\u00ear\u00ea: El\u00ee Zeyd\u00ee \u00fb Serok Barzan\u00ee civiyan - Darka Maz\u00ee","og_description":"Serokwez\u00eer\u00ea raspart\u00ee y\u00ea Iraq\u00ea, El\u00ee Falih Zeyd\u00ee, di \u00e7ar\u00e7oveya hewldan\u00ean ji bo p\u00eakan\u00eena kab\u00eeneya n\u00fb ya hik\u00fbmet\u00ea de, \u00eero 2\u00ea Gulana 2026an bi serdaneke ferm\u00ee gih\u00ee\u015ft Paytexta Her\u00eama Kurdistan\u00ea \u00fb bi Serok Mes\u00fbd Barzan\u00ee re civiya. El\u00ee Zeyd\u00ee di dema gih\u00ee\u015ftina xwe ya Firokxaneya Navdewlet\u00ee ya Hewl\u00ear\u00ea de, ji aliy\u00ea Serokwez\u00eer\u00ea Her\u00eama Kurdistan\u00ea Mesr\u00fbr Barzan\u00ee [&hellip;]","og_url":"https:\/\/darkamazi.info\/archives\/1052679","og_site_name":"Darka Maz\u00ee","article_publisher":"https:\/\/www.facebook.com\/DarMaziKurmanci","article_published_time":"2026-05-02T10:32:12+00:00","og_image":[{"width":900,"height":497,"url":"https:\/\/darkamazi.info\/file\/2026\/05\/serok-barzani.jpg","type":"image\/jpeg"}],"author":"darka mazi","twitter_card":"summary_large_image","twitter_creator":"@DarkaMaziLatini","twitter_site":"@DarkaMaziLatini","twitter_misc":{"Written by":"darka mazi","Est. reading time":"2 minutes"},"schema":{"@context":"https:\/\/schema.org","@graph":[{"@type":"Article","@id":"https:\/\/darkamazi.info\/archives\/1052679#article","isPartOf":{"@id":"https:\/\/darkamazi.info\/archives\/1052679"},"author":{"name":"darka mazi","@id":"https:\/\/darkamazi.info\/#\/schema\/person\/5ad3e24553a0567993fa8ed4bd0a776c"},"headline":"Civ\u00eeneke bilind li Hewl\u00ear\u00ea: El\u00ee Zeyd\u00ee \u00fb Serok Barzan\u00ee civiyan","datePublished":"2026-05-02T10:32:12+00:00","mainEntityOfPage":{"@id":"https:\/\/darkamazi.info\/archives\/1052679"},"wordCount":305,"publisher":{"@id":"https:\/\/darkamazi.info\/#organization"},"image":{"@id":"https:\/\/darkamazi.info\/archives\/1052679#primaryimage"},"thumbnailUrl":"https:\/\/darkamazi.info\/file\/2026\/05\/serok-barzani.jpg","keywords":["sereke"],"articleSection":["Kurdistan"],"inLanguage":"en-US"},{"@type":"WebPage","@id":"https:\/\/darkamazi.info\/archives\/1052679","url":"https:\/\/darkamazi.info\/archives\/1052679","name":"Civ\u00eeneke bilind li Hewl\u00ear\u00ea: El\u00ee Zeyd\u00ee \u00fb Serok Barzan\u00ee civiyan - Darka Maz\u00ee","isPartOf":{"@id":"https:\/\/darkamazi.info\/#website"},"primaryImageOfPage":{"@id":"https:\/\/darkamazi.info\/archives\/1052679#primaryimage"},"image":{"@id":"https:\/\/darkamazi.info\/archives\/1052679#primaryimage"},"thumbnailUrl":"https:\/\/darkamazi.info\/file\/2026\/05\/serok-barzani.jpg","datePublished":"2026-05-02T10:32:12+00:00","breadcrumb":{"@id":"https:\/\/darkamazi.info\/archives\/1052679#breadcrumb"},"inLanguage":"en-US","potentialAction":[{"@type":"ReadAction","target":["https:\/\/darkamazi.info\/archives\/1052679"]}]},{"@type":"ImageObject","inLanguage":"en-US","@id":"https:\/\/darkamazi.info\/archives\/1052679#primaryimage","url":"https:\/\/darkamazi.info\/file\/2026\/05\/serok-barzani.jpg","contentUrl":"https:\/\/darkamazi.info\/file\/2026\/05\/serok-barzani.jpg","width":900,"height":497,"caption":"Civ\u00eeneke bilind li Hewl\u00ear\u00ea: El\u00ee Zeyd\u00ee \u00fb Serok Barzan\u00ee civiyan"},{"@type":"BreadcrumbList","@id":"https:\/\/darkamazi.info\/archives\/1052679#breadcrumb","itemListElement":[{"@type":"ListItem","position":1,"name":"Home","item":"https:\/\/darkamazi.info\/"},{"@type":"ListItem","position":2,"name":"Civ\u00eeneke bilind li Hewl\u00ear\u00ea: El\u00ee Zeyd\u00ee \u00fb Serok Barzan\u00ee civiyan"}]},{"@type":"WebSite","@id":"https:\/\/darkamazi.info\/#website","url":"https:\/\/darkamazi.info\/","name":"Darka Maz\u00ee","description":"P\u00eageha Zanyariy\u00ean Nebih\u00eest\u00ee","publisher":{"@id":"https:\/\/darkamazi.info\/#organization"},"potentialAction":[{"@type":"SearchAction","target":{"@type":"EntryPoint","urlTemplate":"https:\/\/darkamazi.info\/?s={search_term_string}"},"query-input":{"@type":"PropertyValueSpecification","valueRequired":true,"valueName":"search_term_string"}}],"inLanguage":"en-US"},{"@type":"Organization","@id":"https:\/\/darkamazi.info\/#organization","name":"Darka Maz\u00ee","url":"https:\/\/darkamazi.info\/","logo":{"@type":"ImageObject","inLanguage":"en-US","@id":"https:\/\/darkamazi.info\/#\/schema\/logo\/image\/","url":"https:\/\/darkamazi.info\/file\/2017\/12\/darka-mazi-logo.png","contentUrl":"https:\/\/darkamazi.info\/file\/2017\/12\/darka-mazi-logo.png","width":151,"height":75,"caption":"Darka Maz\u00ee"},"image":{"@id":"https:\/\/darkamazi.info\/#\/schema\/logo\/image\/"},"sameAs":["https:\/\/www.facebook.com\/DarMaziKurmanci","https:\/\/x.com\/DarkaMaziLatini","https:\/\/www.instagram.com\/darkamazi.kurmanci\/","https:\/\/www.youtube.com\/channel\/UCa5HkTdmI8U1qCUFuTw8B2g"]},{"@type":"Person","@id":"https:\/\/darkamazi.info\/#\/schema\/person\/5ad3e24553a0567993fa8ed4bd0a776c","name":"darka mazi","sameAs":["https:\/\/darkamazi.info\/"],"url":"https:\/\/darkamazi.info\/archives\/author\/kurdi"}]}},"_links":{"self":[{"href":"https:\/\/darkamazi.info\/funavuv\/wp\/v2\/posts\/1052679","targetHints":{"allow":["GET"]}}],"collection":[{"href":"https:\/\/darkamazi.info\/funavuv\/wp\/v2\/posts"}],"about":[{"href":"https:\/\/darkamazi.info\/funavuv\/wp\/v2\/types\/post"}],"author":[{"embeddable":true,"href":"https:\/\/darkamazi.info\/funavuv\/wp\/v2\/users\/2"}],"replies":[{"embeddable":true,"href":"https:\/\/darkamazi.info\/funavuv\/wp\/v2\/comments?post=1052679"}],"version-history":[{"count":1,"href":"https:\/\/darkamazi.info\/funavuv\/wp\/v2\/posts\/1052679\/revisions"}],"predecessor-version":[{"id":1052681,"href":"https:\/\/darkamazi.info\/funavuv\/wp\/v2\/posts\/1052679\/revisions\/1052681"}],"wp:featuredmedia":[{"embeddable":true,"href":"https:\/\/darkamazi.info\/funavuv\/wp\/v2\/media\/1052680"}],"wp:attachment":[{"href":"https:\/\/darkamazi.info\/funavuv\/wp\/v2\/media?parent=1052679"}],"wp:term":[{"taxonomy":"category","embeddable":true,"href":"https:\/\/darkamazi.info\/funavuv\/wp\/v2\/categories?post=1052679"},{"taxonomy":"post_tag","embeddable":true,"href":"https:\/\/darkamazi.info\/funavuv\/wp\/v2\/tags?post=1052679"}],"curies":[{"name":"wp","href":"https:\/\/api.w.org\/{rel}","templated":true}]}}