{"id":1052682,"date":"2026-05-02T14:04:55","date_gmt":"2026-05-02T11:04:55","guid":{"rendered":"https:\/\/darkamazi.info\/?p=1052682"},"modified":"2026-05-02T14:04:55","modified_gmt":"2026-05-02T11:04:55","slug":"civina-kritik-a-li-imraliye-dewlet-bi-nexsereyeke-li-ser-maseye-ye","status":"publish","type":"post","link":"https:\/\/darkamazi.info\/archives\/1052682","title":{"rendered":"Civ\u00eena kr\u00eet\u00eek a li \u00cemraliy\u00ea: Dewlet bi nex\u015fer\u00eayek\u00ea li ser masey\u00ea ye"},"content":{"rendered":"<h3 style=\"text-align: justify;\"><span style=\"font-family: 'arial black', sans-serif;\">Li gor\u00ee agahiy\u00ean ku ji \u00e7avkaniy\u00ean parlamentoy\u00ea \u00fb rojnameya Nefes\u00ea hatine wergirtin, di 27\u2019\u00ea Adar\u00ea de li \u00cemraliy\u00ea hevd\u00eetineke gelek\u00ee kr\u00eet\u00eek p\u00eak hatiye. Ev civ\u00eena ku di navbera Abdullah Ocalan \u00fb \u015fandeyeke bilind a ewlehiy\u00ea ya dewlet\u00ea de \u00e7\u00eab\u00fbye, n\u00eaz\u00ee 5 saetan dom kiriye. T\u00ea diyarkirin ku ev hevd\u00eetin ne t\u00eakiliyek asay\u00ee ya r\u00fbt\u00een e; berevaj\u00ee w\u00ea, &#8220;dewlet&#8221; bi hem\u00fb giran\u00ee \u00fb bi nex\u015fer\u00eayek\u00ea li ser masey\u00ea r\u00fbni\u015ftiye.<\/span><\/h3>\n<h3 style=\"text-align: justify;\">Di nava kul\u00ees\u00ean Partiya DEM\u00ea de t\u00ea axavtin ku di w\u00ea civ\u00een\u00ea de li ser &#8220;heyamek 10 rojan&#8221; lihevkirinek p\u00eak hatiye. Kes\u00ean ku \u00eed\u00eea dikin p\u00eavajo rawestiyaye, bal\u00ea dik\u015f\u00eenin ser v\u00ea xal\u00ea. Mijara her\u00ee sereke ya n\u00eeqa\u015fan statuya Ocalan e. Partiya DEM\u00ea destn\u00ee\u015fan dike ku ev mijar ne ten\u00ea tekn\u00eek\u00ee ye; n\u00eeqa\u015f li ser w\u00ea yek\u00ea ye ku gelo d\u00ea \u015fert \u00fb merc\u00ean hey\u00ee y\u00ean li \u00cemraliy\u00ea berdewam bikin yan d\u00ea modelek n\u00fb \u00fb cuda ji bo p\u00eavajoy\u00ea were me\u015fandin.<\/h3>\n<h3 style=\"text-align: justify;\">Xaleke din a gir\u00eeng a n\u00eeqa\u015fan, n\u00eaz\u00eekatiya hik\u00fbmet\u00ea ya derbar\u00ea endam\u00ean r\u00eaxistin\u00ea de ye. Dewlet dixwaze di r\u00eaziknamey\u00ean yasay\u00ee de &#8220;kategor\u00eezekirin\u00ea&#8221; bike; ango ji bo kes\u00ean \u00e7ek bikar nean\u00eene, kes\u00ean be\u015fdar\u00ee \u00e7alakiyan b\u00fbne \u00fb kadroy\u00ean bir\u00eavebir, qan\u00fbn\u00ean cuda werin sepandin. L\u00ea bel\u00ea, Abdullah Ocalan ev p\u00ea\u015fniyara &#8220;par\u00e7ekirin\u00ea&#8221; bi e\u015fkere red kiriye. Li gor\u00ee \u00e7avkaniy\u00ean Partiya DEM\u00ea, daxwaz ew e ku heke qan\u00fbnek derkeve, div\u00ea her kes\u00ee (y\u00ean di bin l\u00eapirs\u00een\u00ea de ne \u00fb y\u00ean bi bultena sor t\u00eane l\u00eager\u00een j\u00ee t\u00ea de) bi awayek\u00ee gi\u015ft\u00ee bigire nav xwe.<\/h3>\n<h3 style=\"text-align: justify;\">Her \u00e7end di navbera daxuyaniy\u00ean Qend\u00eel, DEM \u00fb \u00cemraliy\u00ea de carinan cudah\u00ee \u00fb nakok\u00ee hebin j\u00ee, agah\u00ee n\u00ee\u015fan didin ku p\u00eavajo bi temam\u00ee ne\u015fikest\u00ee ye. Li gor\u00ee nirxandinan, her du al\u00ee j\u00ee h\u00eaj der\u00ee li ser hev negirtine. Di rojev\u00ea de amadekariya serdaneke n\u00fb ya ji bo \u00cemraliy\u00ea heye \u00fb ev yek n\u00ee\u015fan dide ku diyalog di astek\u00ea de berdewam dike.<\/h3>\n<h3 style=\"text-align: justify;\">Di v\u00ea navber\u00ea de, &#8220;Kom\u00eesyona Hevgirtina Netewey\u00ee, Birat\u00ee \u00fb Demokrasiy\u00ea&#8221; ya ku di 17\u2019\u00ea Sibat\u00ea de li parlamentoy\u00ea hatib\u00fb avakirin, rapora xwe temam kiriye. Tev\u00ee ku dihat h\u00eav\u00eekirin di meha N\u00eesan\u00ea de gav\u00ean qan\u00fbn\u00ee werin av\u00eatin, ev yek ji bo meha Gulan\u00ea hat pa\u015fxistin. \u00c7av\u00ean raya gi\u015ft\u00ee niha li ser daxuyaniy\u00ean ferm\u00ee \u00fb gav\u00ean ku d\u00ea di roj\u00ean p\u00ea\u015f de ji aliy\u00ea dewlet \u00fb aliy\u00ean siyas\u00ee ve werin av\u00eatin e.<\/h3>\n","protected":false},"excerpt":{"rendered":"<p>Li gor\u00ee agahiy\u00ean ku ji \u00e7avkaniy\u00ean parlamentoy\u00ea \u00fb rojnameya Nefes\u00ea hatine wergirtin, di 27\u2019\u00ea Adar\u00ea de li \u00cemraliy\u00ea hevd\u00eetineke gelek\u00ee kr\u00eet\u00eek p\u00eak hatiye. Ev civ\u00eena ku di navbera Abdullah Ocalan \u00fb \u015fandeyeke bilind a ewlehiy\u00ea ya dewlet\u00ea de \u00e7\u00eab\u00fbye, n\u00eaz\u00ee 5 saetan dom kiriye. T\u00ea diyarkirin ku ev hevd\u00eetin ne t\u00eakiliyek asay\u00ee ya r\u00fbt\u00een e; [&hellip;]<\/p>\n","protected":false},"author":2,"featured_media":1052683,"comment_status":"closed","ping_status":"closed","sticky":false,"template":"","format":"standard","meta":{"footnotes":""},"categories":[29],"tags":[37],"class_list":["post-1052682","post","type-post","status-publish","format-standard","has-post-thumbnail","hentry","category-kurdistan","tag-sereke"],"blocksy_meta":[],"seo_head":"<!-- This site is optimized with the Yoast SEO plugin v27.5 - https:\/\/yoast.com\/product\/yoast-seo-wordpress\/ -->\n<title>Civ\u00eena kr\u00eet\u00eek a li \u00cemraliy\u00ea: Dewlet bi nex\u015fer\u00eayek\u00ea li ser masey\u00ea ye - Darka Maz\u00ee<\/title>\n<meta name=\"robots\" content=\"index, follow, max-snippet:-1, max-image-preview:large, max-video-preview:-1\" \/>\n<link rel=\"canonical\" href=\"https:\/\/darkamazi.info\/archives\/1052682\" \/>\n<meta property=\"og:locale\" content=\"en_US\" \/>\n<meta property=\"og:type\" content=\"article\" \/>\n<meta property=\"og:title\" content=\"Civ\u00eena kr\u00eet\u00eek a li \u00cemraliy\u00ea: Dewlet bi nex\u015fer\u00eayek\u00ea li ser masey\u00ea ye - Darka Maz\u00ee\" \/>\n<meta property=\"og:description\" content=\"Li gor\u00ee agahiy\u00ean ku ji \u00e7avkaniy\u00ean parlamentoy\u00ea \u00fb rojnameya Nefes\u00ea hatine wergirtin, di 27\u2019\u00ea Adar\u00ea de li \u00cemraliy\u00ea hevd\u00eetineke gelek\u00ee kr\u00eet\u00eek p\u00eak hatiye. Ev civ\u00eena ku di navbera Abdullah Ocalan \u00fb \u015fandeyeke bilind a ewlehiy\u00ea ya dewlet\u00ea de \u00e7\u00eab\u00fbye, n\u00eaz\u00ee 5 saetan dom kiriye. T\u00ea diyarkirin ku ev hevd\u00eetin ne t\u00eakiliyek asay\u00ee ya r\u00fbt\u00een e; [&hellip;]\" \/>\n<meta property=\"og:url\" content=\"https:\/\/darkamazi.info\/archives\/1052682\" \/>\n<meta property=\"og:site_name\" content=\"Darka Maz\u00ee\" \/>\n<meta property=\"article:publisher\" content=\"https:\/\/www.facebook.com\/DarMaziKurmanci\" \/>\n<meta property=\"article:published_time\" content=\"2026-05-02T11:04:55+00:00\" \/>\n<meta property=\"og:image\" content=\"https:\/\/darkamazi.info\/file\/2026\/05\/Dr-Serbest-Net.jpg\" \/>\n\t<meta property=\"og:image:width\" content=\"900\" \/>\n\t<meta property=\"og:image:height\" content=\"500\" \/>\n\t<meta property=\"og:image:type\" content=\"image\/jpeg\" \/>\n<meta name=\"author\" content=\"darka mazi\" \/>\n<meta name=\"twitter:card\" content=\"summary_large_image\" \/>\n<meta name=\"twitter:creator\" content=\"@DarkaMaziLatini\" \/>\n<meta name=\"twitter:site\" content=\"@DarkaMaziLatini\" \/>\n<meta name=\"twitter:label1\" content=\"Written by\" \/>\n\t<meta name=\"twitter:data1\" content=\"darka mazi\" \/>\n\t<meta name=\"twitter:label2\" content=\"Est. reading time\" \/>\n\t<meta name=\"twitter:data2\" content=\"2 minutes\" \/>\n<script type=\"application\/ld+json\" class=\"seo-schema-graph\">{\"@context\":\"https:\\\/\\\/schema.org\",\"@graph\":[{\"@type\":\"Article\",\"@id\":\"https:\\\/\\\/darkamazi.info\\\/archives\\\/1052682#article\",\"isPartOf\":{\"@id\":\"https:\\\/\\\/darkamazi.info\\\/archives\\\/1052682\"},\"author\":{\"name\":\"darka mazi\",\"@id\":\"https:\\\/\\\/darkamazi.info\\\/#\\\/schema\\\/person\\\/5ad3e24553a0567993fa8ed4bd0a776c\"},\"headline\":\"Civ\u00eena kr\u00eet\u00eek a li \u00cemraliy\u00ea: Dewlet bi nex\u015fer\u00eayek\u00ea li ser masey\u00ea ye\",\"datePublished\":\"2026-05-02T11:04:55+00:00\",\"mainEntityOfPage\":{\"@id\":\"https:\\\/\\\/darkamazi.info\\\/archives\\\/1052682\"},\"wordCount\":456,\"publisher\":{\"@id\":\"https:\\\/\\\/darkamazi.info\\\/#organization\"},\"image\":{\"@id\":\"https:\\\/\\\/darkamazi.info\\\/archives\\\/1052682#primaryimage\"},\"thumbnailUrl\":\"https:\\\/\\\/darkamazi.info\\\/darka-content\\\/uploads\\\/2026\\\/05\\\/Dr-Serbest-Net.jpg\",\"keywords\":[\"sereke\"],\"articleSection\":[\"Kurdistan\"],\"inLanguage\":\"en-US\"},{\"@type\":\"WebPage\",\"@id\":\"https:\\\/\\\/darkamazi.info\\\/archives\\\/1052682\",\"url\":\"https:\\\/\\\/darkamazi.info\\\/archives\\\/1052682\",\"name\":\"Civ\u00eena kr\u00eet\u00eek a li \u00cemraliy\u00ea: Dewlet bi nex\u015fer\u00eayek\u00ea li ser masey\u00ea ye - Darka Maz\u00ee\",\"isPartOf\":{\"@id\":\"https:\\\/\\\/darkamazi.info\\\/#website\"},\"primaryImageOfPage\":{\"@id\":\"https:\\\/\\\/darkamazi.info\\\/archives\\\/1052682#primaryimage\"},\"image\":{\"@id\":\"https:\\\/\\\/darkamazi.info\\\/archives\\\/1052682#primaryimage\"},\"thumbnailUrl\":\"https:\\\/\\\/darkamazi.info\\\/darka-content\\\/uploads\\\/2026\\\/05\\\/Dr-Serbest-Net.jpg\",\"datePublished\":\"2026-05-02T11:04:55+00:00\",\"breadcrumb\":{\"@id\":\"https:\\\/\\\/darkamazi.info\\\/archives\\\/1052682#breadcrumb\"},\"inLanguage\":\"en-US\",\"potentialAction\":[{\"@type\":\"ReadAction\",\"target\":[\"https:\\\/\\\/darkamazi.info\\\/archives\\\/1052682\"]}]},{\"@type\":\"ImageObject\",\"inLanguage\":\"en-US\",\"@id\":\"https:\\\/\\\/darkamazi.info\\\/archives\\\/1052682#primaryimage\",\"url\":\"https:\\\/\\\/darkamazi.info\\\/darka-content\\\/uploads\\\/2026\\\/05\\\/Dr-Serbest-Net.jpg\",\"contentUrl\":\"https:\\\/\\\/darkamazi.info\\\/darka-content\\\/uploads\\\/2026\\\/05\\\/Dr-Serbest-Net.jpg\",\"width\":900,\"height\":500,\"caption\":\"Civ\u00eena kr\u00eet\u00eek a li \u00cemraliy\u00ea: Dewlet bi nex\u015fer\u00eayek\u00ea li ser masey\u00ea ye\"},{\"@type\":\"BreadcrumbList\",\"@id\":\"https:\\\/\\\/darkamazi.info\\\/archives\\\/1052682#breadcrumb\",\"itemListElement\":[{\"@type\":\"ListItem\",\"position\":1,\"name\":\"Home\",\"item\":\"https:\\\/\\\/darkamazi.info\\\/\"},{\"@type\":\"ListItem\",\"position\":2,\"name\":\"Civ\u00eena kr\u00eet\u00eek a li \u00cemraliy\u00ea: Dewlet bi nex\u015fer\u00eayek\u00ea li ser masey\u00ea ye\"}]},{\"@type\":\"WebSite\",\"@id\":\"https:\\\/\\\/darkamazi.info\\\/#website\",\"url\":\"https:\\\/\\\/darkamazi.info\\\/\",\"name\":\"Darka Maz\u00ee\",\"description\":\"P\u00eageha Zanyariy\u00ean Nebih\u00eest\u00ee\",\"publisher\":{\"@id\":\"https:\\\/\\\/darkamazi.info\\\/#organization\"},\"potentialAction\":[{\"@type\":\"SearchAction\",\"target\":{\"@type\":\"EntryPoint\",\"urlTemplate\":\"https:\\\/\\\/darkamazi.info\\\/?s={search_term_string}\"},\"query-input\":{\"@type\":\"PropertyValueSpecification\",\"valueRequired\":true,\"valueName\":\"search_term_string\"}}],\"inLanguage\":\"en-US\"},{\"@type\":\"Organization\",\"@id\":\"https:\\\/\\\/darkamazi.info\\\/#organization\",\"name\":\"Darka Maz\u00ee\",\"url\":\"https:\\\/\\\/darkamazi.info\\\/\",\"logo\":{\"@type\":\"ImageObject\",\"inLanguage\":\"en-US\",\"@id\":\"https:\\\/\\\/darkamazi.info\\\/#\\\/schema\\\/logo\\\/image\\\/\",\"url\":\"https:\\\/\\\/darkamazi.info\\\/darka-content\\\/uploads\\\/2017\\\/12\\\/darka-mazi-logo.png\",\"contentUrl\":\"https:\\\/\\\/darkamazi.info\\\/darka-content\\\/uploads\\\/2017\\\/12\\\/darka-mazi-logo.png\",\"width\":151,\"height\":75,\"caption\":\"Darka Maz\u00ee\"},\"image\":{\"@id\":\"https:\\\/\\\/darkamazi.info\\\/#\\\/schema\\\/logo\\\/image\\\/\"},\"sameAs\":[\"https:\\\/\\\/www.facebook.com\\\/DarMaziKurmanci\",\"https:\\\/\\\/x.com\\\/DarkaMaziLatini\",\"https:\\\/\\\/www.instagram.com\\\/darkamazi.kurmanci\\\/\",\"https:\\\/\\\/www.youtube.com\\\/channel\\\/UCa5HkTdmI8U1qCUFuTw8B2g\"]},{\"@type\":\"Person\",\"@id\":\"https:\\\/\\\/darkamazi.info\\\/#\\\/schema\\\/person\\\/5ad3e24553a0567993fa8ed4bd0a776c\",\"name\":\"darka mazi\",\"sameAs\":[\"https:\\\/\\\/darkamazi.info\\\/\"],\"url\":\"https:\\\/\\\/darkamazi.info\\\/archives\\\/author\\\/kurdi\"}]}<\/script>\n<!-- \/ Yoast SEO plugin. -->","seo_head_json":{"title":"Civ\u00eena kr\u00eet\u00eek a li \u00cemraliy\u00ea: Dewlet bi nex\u015fer\u00eayek\u00ea li ser masey\u00ea ye - Darka Maz\u00ee","robots":{"index":"index","follow":"follow","max-snippet":"max-snippet:-1","max-image-preview":"max-image-preview:large","max-video-preview":"max-video-preview:-1"},"canonical":"https:\/\/darkamazi.info\/archives\/1052682","og_locale":"en_US","og_type":"article","og_title":"Civ\u00eena kr\u00eet\u00eek a li \u00cemraliy\u00ea: Dewlet bi nex\u015fer\u00eayek\u00ea li ser masey\u00ea ye - Darka Maz\u00ee","og_description":"Li gor\u00ee agahiy\u00ean ku ji \u00e7avkaniy\u00ean parlamentoy\u00ea \u00fb rojnameya Nefes\u00ea hatine wergirtin, di 27\u2019\u00ea Adar\u00ea de li \u00cemraliy\u00ea hevd\u00eetineke gelek\u00ee kr\u00eet\u00eek p\u00eak hatiye. Ev civ\u00eena ku di navbera Abdullah Ocalan \u00fb \u015fandeyeke bilind a ewlehiy\u00ea ya dewlet\u00ea de \u00e7\u00eab\u00fbye, n\u00eaz\u00ee 5 saetan dom kiriye. T\u00ea diyarkirin ku ev hevd\u00eetin ne t\u00eakiliyek asay\u00ee ya r\u00fbt\u00een e; [&hellip;]","og_url":"https:\/\/darkamazi.info\/archives\/1052682","og_site_name":"Darka Maz\u00ee","article_publisher":"https:\/\/www.facebook.com\/DarMaziKurmanci","article_published_time":"2026-05-02T11:04:55+00:00","og_image":[{"width":900,"height":500,"url":"https:\/\/darkamazi.info\/file\/2026\/05\/Dr-Serbest-Net.jpg","type":"image\/jpeg"}],"author":"darka mazi","twitter_card":"summary_large_image","twitter_creator":"@DarkaMaziLatini","twitter_site":"@DarkaMaziLatini","twitter_misc":{"Written by":"darka mazi","Est. reading time":"2 minutes"},"schema":{"@context":"https:\/\/schema.org","@graph":[{"@type":"Article","@id":"https:\/\/darkamazi.info\/archives\/1052682#article","isPartOf":{"@id":"https:\/\/darkamazi.info\/archives\/1052682"},"author":{"name":"darka mazi","@id":"https:\/\/darkamazi.info\/#\/schema\/person\/5ad3e24553a0567993fa8ed4bd0a776c"},"headline":"Civ\u00eena kr\u00eet\u00eek a li \u00cemraliy\u00ea: Dewlet bi nex\u015fer\u00eayek\u00ea li ser masey\u00ea ye","datePublished":"2026-05-02T11:04:55+00:00","mainEntityOfPage":{"@id":"https:\/\/darkamazi.info\/archives\/1052682"},"wordCount":456,"publisher":{"@id":"https:\/\/darkamazi.info\/#organization"},"image":{"@id":"https:\/\/darkamazi.info\/archives\/1052682#primaryimage"},"thumbnailUrl":"https:\/\/darkamazi.info\/file\/2026\/05\/Dr-Serbest-Net.jpg","keywords":["sereke"],"articleSection":["Kurdistan"],"inLanguage":"en-US"},{"@type":"WebPage","@id":"https:\/\/darkamazi.info\/archives\/1052682","url":"https:\/\/darkamazi.info\/archives\/1052682","name":"Civ\u00eena kr\u00eet\u00eek a li \u00cemraliy\u00ea: Dewlet bi nex\u015fer\u00eayek\u00ea li ser masey\u00ea ye - Darka Maz\u00ee","isPartOf":{"@id":"https:\/\/darkamazi.info\/#website"},"primaryImageOfPage":{"@id":"https:\/\/darkamazi.info\/archives\/1052682#primaryimage"},"image":{"@id":"https:\/\/darkamazi.info\/archives\/1052682#primaryimage"},"thumbnailUrl":"https:\/\/darkamazi.info\/file\/2026\/05\/Dr-Serbest-Net.jpg","datePublished":"2026-05-02T11:04:55+00:00","breadcrumb":{"@id":"https:\/\/darkamazi.info\/archives\/1052682#breadcrumb"},"inLanguage":"en-US","potentialAction":[{"@type":"ReadAction","target":["https:\/\/darkamazi.info\/archives\/1052682"]}]},{"@type":"ImageObject","inLanguage":"en-US","@id":"https:\/\/darkamazi.info\/archives\/1052682#primaryimage","url":"https:\/\/darkamazi.info\/file\/2026\/05\/Dr-Serbest-Net.jpg","contentUrl":"https:\/\/darkamazi.info\/file\/2026\/05\/Dr-Serbest-Net.jpg","width":900,"height":500,"caption":"Civ\u00eena kr\u00eet\u00eek a li \u00cemraliy\u00ea: Dewlet bi nex\u015fer\u00eayek\u00ea li ser masey\u00ea ye"},{"@type":"BreadcrumbList","@id":"https:\/\/darkamazi.info\/archives\/1052682#breadcrumb","itemListElement":[{"@type":"ListItem","position":1,"name":"Home","item":"https:\/\/darkamazi.info\/"},{"@type":"ListItem","position":2,"name":"Civ\u00eena kr\u00eet\u00eek a li \u00cemraliy\u00ea: Dewlet bi nex\u015fer\u00eayek\u00ea li ser masey\u00ea ye"}]},{"@type":"WebSite","@id":"https:\/\/darkamazi.info\/#website","url":"https:\/\/darkamazi.info\/","name":"Darka Maz\u00ee","description":"P\u00eageha Zanyariy\u00ean Nebih\u00eest\u00ee","publisher":{"@id":"https:\/\/darkamazi.info\/#organization"},"potentialAction":[{"@type":"SearchAction","target":{"@type":"EntryPoint","urlTemplate":"https:\/\/darkamazi.info\/?s={search_term_string}"},"query-input":{"@type":"PropertyValueSpecification","valueRequired":true,"valueName":"search_term_string"}}],"inLanguage":"en-US"},{"@type":"Organization","@id":"https:\/\/darkamazi.info\/#organization","name":"Darka Maz\u00ee","url":"https:\/\/darkamazi.info\/","logo":{"@type":"ImageObject","inLanguage":"en-US","@id":"https:\/\/darkamazi.info\/#\/schema\/logo\/image\/","url":"https:\/\/darkamazi.info\/file\/2017\/12\/darka-mazi-logo.png","contentUrl":"https:\/\/darkamazi.info\/file\/2017\/12\/darka-mazi-logo.png","width":151,"height":75,"caption":"Darka Maz\u00ee"},"image":{"@id":"https:\/\/darkamazi.info\/#\/schema\/logo\/image\/"},"sameAs":["https:\/\/www.facebook.com\/DarMaziKurmanci","https:\/\/x.com\/DarkaMaziLatini","https:\/\/www.instagram.com\/darkamazi.kurmanci\/","https:\/\/www.youtube.com\/channel\/UCa5HkTdmI8U1qCUFuTw8B2g"]},{"@type":"Person","@id":"https:\/\/darkamazi.info\/#\/schema\/person\/5ad3e24553a0567993fa8ed4bd0a776c","name":"darka mazi","sameAs":["https:\/\/darkamazi.info\/"],"url":"https:\/\/darkamazi.info\/archives\/author\/kurdi"}]}},"_links":{"self":[{"href":"https:\/\/darkamazi.info\/funavuv\/wp\/v2\/posts\/1052682","targetHints":{"allow":["GET"]}}],"collection":[{"href":"https:\/\/darkamazi.info\/funavuv\/wp\/v2\/posts"}],"about":[{"href":"https:\/\/darkamazi.info\/funavuv\/wp\/v2\/types\/post"}],"author":[{"embeddable":true,"href":"https:\/\/darkamazi.info\/funavuv\/wp\/v2\/users\/2"}],"replies":[{"embeddable":true,"href":"https:\/\/darkamazi.info\/funavuv\/wp\/v2\/comments?post=1052682"}],"version-history":[{"count":1,"href":"https:\/\/darkamazi.info\/funavuv\/wp\/v2\/posts\/1052682\/revisions"}],"predecessor-version":[{"id":1052684,"href":"https:\/\/darkamazi.info\/funavuv\/wp\/v2\/posts\/1052682\/revisions\/1052684"}],"wp:featuredmedia":[{"embeddable":true,"href":"https:\/\/darkamazi.info\/funavuv\/wp\/v2\/media\/1052683"}],"wp:attachment":[{"href":"https:\/\/darkamazi.info\/funavuv\/wp\/v2\/media?parent=1052682"}],"wp:term":[{"taxonomy":"category","embeddable":true,"href":"https:\/\/darkamazi.info\/funavuv\/wp\/v2\/categories?post=1052682"},{"taxonomy":"post_tag","embeddable":true,"href":"https:\/\/darkamazi.info\/funavuv\/wp\/v2\/tags?post=1052682"}],"curies":[{"name":"wp","href":"https:\/\/api.w.org\/{rel}","templated":true}]}}